{"id":14284,"date":"2020-10-21T09:21:31","date_gmt":"2020-10-21T08:21:31","guid":{"rendered":"https:\/\/www.agradocosmetic.com\/?p=14284"},"modified":"2023-11-18T16:58:53","modified_gmt":"2023-11-18T16:58:53","slug":"como-combatir-el-maskne","status":"publish","type":"post","link":"https:\/\/agradocosmetic.com\/en\/como-combatir-el-maskne\/","title":{"rendered":"How to combat maskne"},"content":{"rendered":"<p>Maskn\u00e9 has come into our lives. What we needed! Now the pimples are more difficult to control, because with the mask the pores become clogged and more oil accumulates in the chin area and around the mouth. Optimal conditions for the appearance of blackheads and pimples, a total bluff! Since things are going to take a long time, we have decided to stand up to them! We give you some tips to combat maskn\u00e9 and share with your friends how phenomenal your skin is. \ud83d\ude09 Take note!<\/p>\r\n\r\n\r\n\r\n<ol class=\"wp-block-list\">\r\n<li>Change your mask frequently, even if it seems obvious! Many bacteria accumulate and, from rubbing against your skin, you will cause new pimples. If you do not use surgical ones, opt for soft cotton fabrics that are respectful of your skin.<\/li>\r\n<li>Clean your face with <a href=\"\/en\/?p=4132\" target=\"_blank\" rel=\"noreferrer noopener\" aria-label=\"undefined (opens in a new tab)\">Hypoallergenic Micellar Water<\/a> every time you get home. It is important to be very strict with facial hygiene always, but especially now, especially in the mask area.<\/li>\r\n<li>Exfoliates and purifies. A mask or deeper cleansing treatment once a week will help keep your skin free of oil and residue. There are many options in perfumeries, in addition to <a href=\"https:\/\/www.enfemenino.com\/tratamientos\/mascarillas-caseras-para-una-piel-perfecta-s1927239.html#af_intertitre_19\" target=\"_blank\" rel=\"noreferrer noopener\" aria-label=\"undefined (opens in a new tab)\">very cheap and simple home tricks<\/a>.<\/li>\r\n<li>Avoid makeup to avoid clogging pores. Imagine what happens to your skin with makeup and localized heat. It is the perfect opportunity to let your skin rest while preventing maskne.<\/li>\r\n<li>Enhance your look, bet everything on your eyes! It&#039;s time to practice eyeliner and apply several coats of mascara. If it&#039;s the only thing we wear, we wear it well! \ud83d\ude01<\/li>\r\n<\/ol>\r\n\r\n\r\n\r\n<p>As you can see, fighting maskne is not that complicated, you just have to maximize hygiene and take some precautions. We hope to forget about the mask soon, but in the meantime, let&#039;s pamper our skin! If you also have any tricks to deal with pimples, we are looking forward to reading them!<\/p>\r\n\r\n\r\n\r\n<p>&nbsp;<\/p>","protected":false},"excerpt":{"rendered":"<p>El maskn\u00e9 ha llegado a nuestras vida. \u00a1Lo que nos faltaba! Ahora los granitos son m\u00e1s dif\u00edciles de controlar, y es que con la mascarilla los poros se obstruyen y se acumula m\u00e1s grasa en la zona de la barbilla y alrededor de la boca. Unas condiciones \u00f3ptimas para la aparici\u00f3n de puntos negros y [&hellip;]<\/p>\n","protected":false},"author":9,"featured_media":21350,"comment_status":"open","ping_status":"closed","sticky":false,"template":"","format":"standard","meta":{"footnotes":"","_wp_rev_ctl_limit":""},"categories":[149,1],"tags":[],"class_list":["post-14284","post","type-post","status-publish","format-standard","has-post-thumbnail","hentry","category-corporal","category-todos"],"yoast_head":"<!-- This site is optimized with the Yoast SEO plugin v27.4 - https:\/\/yoast.com\/product\/yoast-seo-wordpress\/ -->\n<title>C\u00f3mo combatir el maskn\u00e9 - Agrado Cosmetic Blog<\/title>\n<meta name=\"description\" content=\"La aparici\u00f3n de granitos en la zona de la mascarilla es una nueva afecci\u00f3n de la piel muy frecuente. \u00a1Te ense\u00f1amos c\u00f3mo combartir el maskn\u00e9!\" \/>\n<meta name=\"robots\" content=\"index, follow, max-snippet:-1, max-image-preview:large, max-video-preview:-1\" \/>\n<link rel=\"canonical\" href=\"https:\/\/agradocosmetic.com\/en\/como-combatir-el-maskne\/\" \/>\n<meta property=\"og:locale\" content=\"en_GB\" \/>\n<meta property=\"og:type\" content=\"article\" \/>\n<meta property=\"og:title\" content=\"C\u00f3mo combatir el maskn\u00e9 - Agrado Cosmetic Blog\" \/>\n<meta property=\"og:description\" content=\"La aparici\u00f3n de granitos en la zona de la mascarilla es una nueva afecci\u00f3n de la piel muy frecuente. \u00a1Te ense\u00f1amos c\u00f3mo combartir el maskn\u00e9!\" \/>\n<meta property=\"og:url\" content=\"https:\/\/agradocosmetic.com\/en\/como-combatir-el-maskne\/\" \/>\n<meta property=\"og:site_name\" content=\"Agrado\" \/>\n<meta property=\"article:published_time\" content=\"2020-10-21T08:21:31+00:00\" \/>\n<meta property=\"article:modified_time\" content=\"2023-11-18T16:58:53+00:00\" \/>\n<meta property=\"og:image\" content=\"https:\/\/agradocosmetic.com\/wp-content\/uploads\/2020\/10\/como-combatir-el-maskne-agrado.jpg\" \/>\n\t<meta property=\"og:image:width\" content=\"1200\" \/>\n\t<meta property=\"og:image:height\" content=\"800\" \/>\n\t<meta property=\"og:image:type\" content=\"image\/jpeg\" \/>\n<meta name=\"author\" content=\"agradocosmetic\" \/>\n<meta name=\"twitter:card\" content=\"summary_large_image\" \/>\n<meta name=\"twitter:label1\" content=\"Written by\" \/>\n\t<meta name=\"twitter:data1\" content=\"agradocosmetic\" \/>\n\t<meta name=\"twitter:label2\" content=\"Estimated reading time\" \/>\n\t<meta name=\"twitter:data2\" content=\"2 minutes\" \/>\n<script type=\"application\/ld+json\" class=\"yoast-schema-graph\">{\"@context\":\"https:\\\/\\\/schema.org\",\"@graph\":[{\"@type\":\"Article\",\"@id\":\"https:\\\/\\\/agradocosmetic.com\\\/como-combatir-el-maskne\\\/#article\",\"isPartOf\":{\"@id\":\"https:\\\/\\\/agradocosmetic.com\\\/como-combatir-el-maskne\\\/\"},\"author\":{\"name\":\"agradocosmetic\",\"@id\":\"https:\\\/\\\/agradocosmetic.com\\\/#\\\/schema\\\/person\\\/732e8d396022e25f9340196f83d6789d\"},\"headline\":\"C\u00f3mo combatir el maskn\u00e9\",\"datePublished\":\"2020-10-21T08:21:31+00:00\",\"dateModified\":\"2023-11-18T16:58:53+00:00\",\"mainEntityOfPage\":{\"@id\":\"https:\\\/\\\/agradocosmetic.com\\\/como-combatir-el-maskne\\\/\"},\"wordCount\":342,\"commentCount\":0,\"publisher\":{\"@id\":\"https:\\\/\\\/agradocosmetic.com\\\/#organization\"},\"image\":{\"@id\":\"https:\\\/\\\/agradocosmetic.com\\\/como-combatir-el-maskne\\\/#primaryimage\"},\"thumbnailUrl\":\"https:\\\/\\\/agradocosmetic.com\\\/wp-content\\\/uploads\\\/2020\\\/10\\\/como-combatir-el-maskne-agrado.jpg\",\"articleSection\":[\"Corporal\",\"Todos\"],\"inLanguage\":\"en-GB\",\"potentialAction\":[{\"@type\":\"CommentAction\",\"name\":\"Comment\",\"target\":[\"https:\\\/\\\/agradocosmetic.com\\\/como-combatir-el-maskne\\\/#respond\"]}]},{\"@type\":\"WebPage\",\"@id\":\"https:\\\/\\\/agradocosmetic.com\\\/como-combatir-el-maskne\\\/\",\"url\":\"https:\\\/\\\/agradocosmetic.com\\\/como-combatir-el-maskne\\\/\",\"name\":\"C\u00f3mo combatir el maskn\u00e9 - Agrado Cosmetic Blog\",\"isPartOf\":{\"@id\":\"https:\\\/\\\/agradocosmetic.com\\\/#website\"},\"primaryImageOfPage\":{\"@id\":\"https:\\\/\\\/agradocosmetic.com\\\/como-combatir-el-maskne\\\/#primaryimage\"},\"image\":{\"@id\":\"https:\\\/\\\/agradocosmetic.com\\\/como-combatir-el-maskne\\\/#primaryimage\"},\"thumbnailUrl\":\"https:\\\/\\\/agradocosmetic.com\\\/wp-content\\\/uploads\\\/2020\\\/10\\\/como-combatir-el-maskne-agrado.jpg\",\"datePublished\":\"2020-10-21T08:21:31+00:00\",\"dateModified\":\"2023-11-18T16:58:53+00:00\",\"description\":\"La aparici\u00f3n de granitos en la zona de la mascarilla es una nueva afecci\u00f3n de la piel muy frecuente. \u00a1Te ense\u00f1amos c\u00f3mo combartir el maskn\u00e9!\",\"breadcrumb\":{\"@id\":\"https:\\\/\\\/agradocosmetic.com\\\/como-combatir-el-maskne\\\/#breadcrumb\"},\"inLanguage\":\"en-GB\",\"potentialAction\":[{\"@type\":\"ReadAction\",\"target\":[\"https:\\\/\\\/agradocosmetic.com\\\/como-combatir-el-maskne\\\/\"]}]},{\"@type\":\"ImageObject\",\"inLanguage\":\"en-GB\",\"@id\":\"https:\\\/\\\/agradocosmetic.com\\\/como-combatir-el-maskne\\\/#primaryimage\",\"url\":\"https:\\\/\\\/agradocosmetic.com\\\/wp-content\\\/uploads\\\/2020\\\/10\\\/como-combatir-el-maskne-agrado.jpg\",\"contentUrl\":\"https:\\\/\\\/agradocosmetic.com\\\/wp-content\\\/uploads\\\/2020\\\/10\\\/como-combatir-el-maskne-agrado.jpg\",\"width\":1200,\"height\":800},{\"@type\":\"BreadcrumbList\",\"@id\":\"https:\\\/\\\/agradocosmetic.com\\\/como-combatir-el-maskne\\\/#breadcrumb\",\"itemListElement\":[{\"@type\":\"ListItem\",\"position\":1,\"name\":\"Portada\",\"item\":\"https:\\\/\\\/agradocosmetic.com\\\/\"},{\"@type\":\"ListItem\",\"position\":2,\"name\":\"C\u00f3mo combatir el maskn\u00e9\"}]},{\"@type\":\"WebSite\",\"@id\":\"https:\\\/\\\/agradocosmetic.com\\\/#website\",\"url\":\"https:\\\/\\\/agradocosmetic.com\\\/\",\"name\":\"Agrado\",\"description\":\"Cosmetic\",\"publisher\":{\"@id\":\"https:\\\/\\\/agradocosmetic.com\\\/#organization\"},\"potentialAction\":[{\"@type\":\"SearchAction\",\"target\":{\"@type\":\"EntryPoint\",\"urlTemplate\":\"https:\\\/\\\/agradocosmetic.com\\\/?s={search_term_string}\"},\"query-input\":{\"@type\":\"PropertyValueSpecification\",\"valueRequired\":true,\"valueName\":\"search_term_string\"}}],\"inLanguage\":\"en-GB\"},{\"@type\":\"Organization\",\"@id\":\"https:\\\/\\\/agradocosmetic.com\\\/#organization\",\"name\":\"Agrado\",\"url\":\"https:\\\/\\\/agradocosmetic.com\\\/\",\"logo\":{\"@type\":\"ImageObject\",\"inLanguage\":\"en-GB\",\"@id\":\"https:\\\/\\\/agradocosmetic.com\\\/#\\\/schema\\\/logo\\\/image\\\/\",\"url\":\"https:\\\/\\\/agradocosmetic.com\\\/wp-content\\\/uploads\\\/2023\\\/07\\\/LOGO-AGRADO-WEB-01.png\",\"contentUrl\":\"https:\\\/\\\/agradocosmetic.com\\\/wp-content\\\/uploads\\\/2023\\\/07\\\/LOGO-AGRADO-WEB-01.png\",\"width\":1632,\"height\":300,\"caption\":\"Agrado\"},\"image\":{\"@id\":\"https:\\\/\\\/agradocosmetic.com\\\/#\\\/schema\\\/logo\\\/image\\\/\"}},{\"@type\":\"Person\",\"@id\":\"https:\\\/\\\/agradocosmetic.com\\\/#\\\/schema\\\/person\\\/732e8d396022e25f9340196f83d6789d\",\"name\":\"agradocosmetic\",\"image\":{\"@type\":\"ImageObject\",\"inLanguage\":\"en-GB\",\"@id\":\"https:\\\/\\\/secure.gravatar.com\\\/avatar\\\/c6003e45301182b7e125463fcbec403b1980909c12edf09098526b9a15e779c0?s=96&d=mm&r=g\",\"url\":\"https:\\\/\\\/secure.gravatar.com\\\/avatar\\\/c6003e45301182b7e125463fcbec403b1980909c12edf09098526b9a15e779c0?s=96&d=mm&r=g\",\"contentUrl\":\"https:\\\/\\\/secure.gravatar.com\\\/avatar\\\/c6003e45301182b7e125463fcbec403b1980909c12edf09098526b9a15e779c0?s=96&d=mm&r=g\",\"caption\":\"agradocosmetic\"}}]}<\/script>\n<!-- \/ Yoast SEO plugin. -->","yoast_head_json":{"title":"C\u00f3mo combatir el maskn\u00e9 - Agrado Cosmetic Blog","description":"La aparici\u00f3n de granitos en la zona de la mascarilla es una nueva afecci\u00f3n de la piel muy frecuente. \u00a1Te ense\u00f1amos c\u00f3mo combartir el maskn\u00e9!","robots":{"index":"index","follow":"follow","max-snippet":"max-snippet:-1","max-image-preview":"max-image-preview:large","max-video-preview":"max-video-preview:-1"},"canonical":"https:\/\/agradocosmetic.com\/en\/como-combatir-el-maskne\/","og_locale":"en_GB","og_type":"article","og_title":"C\u00f3mo combatir el maskn\u00e9 - Agrado Cosmetic Blog","og_description":"La aparici\u00f3n de granitos en la zona de la mascarilla es una nueva afecci\u00f3n de la piel muy frecuente. \u00a1Te ense\u00f1amos c\u00f3mo combartir el maskn\u00e9!","og_url":"https:\/\/agradocosmetic.com\/en\/como-combatir-el-maskne\/","og_site_name":"Agrado","article_published_time":"2020-10-21T08:21:31+00:00","article_modified_time":"2023-11-18T16:58:53+00:00","og_image":[{"width":1200,"height":800,"url":"https:\/\/agradocosmetic.com\/wp-content\/uploads\/2020\/10\/como-combatir-el-maskne-agrado.jpg","type":"image\/jpeg"}],"author":"agradocosmetic","twitter_card":"summary_large_image","twitter_misc":{"Written by":"agradocosmetic","Estimated reading time":"2 minutes"},"schema":{"@context":"https:\/\/schema.org","@graph":[{"@type":"Article","@id":"https:\/\/agradocosmetic.com\/como-combatir-el-maskne\/#article","isPartOf":{"@id":"https:\/\/agradocosmetic.com\/como-combatir-el-maskne\/"},"author":{"name":"agradocosmetic","@id":"https:\/\/agradocosmetic.com\/#\/schema\/person\/732e8d396022e25f9340196f83d6789d"},"headline":"C\u00f3mo combatir el maskn\u00e9","datePublished":"2020-10-21T08:21:31+00:00","dateModified":"2023-11-18T16:58:53+00:00","mainEntityOfPage":{"@id":"https:\/\/agradocosmetic.com\/como-combatir-el-maskne\/"},"wordCount":342,"commentCount":0,"publisher":{"@id":"https:\/\/agradocosmetic.com\/#organization"},"image":{"@id":"https:\/\/agradocosmetic.com\/como-combatir-el-maskne\/#primaryimage"},"thumbnailUrl":"https:\/\/agradocosmetic.com\/wp-content\/uploads\/2020\/10\/como-combatir-el-maskne-agrado.jpg","articleSection":["Corporal","Todos"],"inLanguage":"en-GB","potentialAction":[{"@type":"CommentAction","name":"Comment","target":["https:\/\/agradocosmetic.com\/como-combatir-el-maskne\/#respond"]}]},{"@type":"WebPage","@id":"https:\/\/agradocosmetic.com\/como-combatir-el-maskne\/","url":"https:\/\/agradocosmetic.com\/como-combatir-el-maskne\/","name":"C\u00f3mo combatir el maskn\u00e9 - Agrado Cosmetic Blog","isPartOf":{"@id":"https:\/\/agradocosmetic.com\/#website"},"primaryImageOfPage":{"@id":"https:\/\/agradocosmetic.com\/como-combatir-el-maskne\/#primaryimage"},"image":{"@id":"https:\/\/agradocosmetic.com\/como-combatir-el-maskne\/#primaryimage"},"thumbnailUrl":"https:\/\/agradocosmetic.com\/wp-content\/uploads\/2020\/10\/como-combatir-el-maskne-agrado.jpg","datePublished":"2020-10-21T08:21:31+00:00","dateModified":"2023-11-18T16:58:53+00:00","description":"La aparici\u00f3n de granitos en la zona de la mascarilla es una nueva afecci\u00f3n de la piel muy frecuente. \u00a1Te ense\u00f1amos c\u00f3mo combartir el maskn\u00e9!","breadcrumb":{"@id":"https:\/\/agradocosmetic.com\/como-combatir-el-maskne\/#breadcrumb"},"inLanguage":"en-GB","potentialAction":[{"@type":"ReadAction","target":["https:\/\/agradocosmetic.com\/como-combatir-el-maskne\/"]}]},{"@type":"ImageObject","inLanguage":"en-GB","@id":"https:\/\/agradocosmetic.com\/como-combatir-el-maskne\/#primaryimage","url":"https:\/\/agradocosmetic.com\/wp-content\/uploads\/2020\/10\/como-combatir-el-maskne-agrado.jpg","contentUrl":"https:\/\/agradocosmetic.com\/wp-content\/uploads\/2020\/10\/como-combatir-el-maskne-agrado.jpg","width":1200,"height":800},{"@type":"BreadcrumbList","@id":"https:\/\/agradocosmetic.com\/como-combatir-el-maskne\/#breadcrumb","itemListElement":[{"@type":"ListItem","position":1,"name":"Portada","item":"https:\/\/agradocosmetic.com\/"},{"@type":"ListItem","position":2,"name":"C\u00f3mo combatir el maskn\u00e9"}]},{"@type":"WebSite","@id":"https:\/\/agradocosmetic.com\/#website","url":"https:\/\/agradocosmetic.com\/","name":"Liking","description":"cosmetic","publisher":{"@id":"https:\/\/agradocosmetic.com\/#organization"},"potentialAction":[{"@type":"SearchAction","target":{"@type":"EntryPoint","urlTemplate":"https:\/\/agradocosmetic.com\/?s={search_term_string}"},"query-input":{"@type":"PropertyValueSpecification","valueRequired":true,"valueName":"search_term_string"}}],"inLanguage":"en-GB"},{"@type":"Organization","@id":"https:\/\/agradocosmetic.com\/#organization","name":"Liking","url":"https:\/\/agradocosmetic.com\/","logo":{"@type":"ImageObject","inLanguage":"en-GB","@id":"https:\/\/agradocosmetic.com\/#\/schema\/logo\/image\/","url":"https:\/\/agradocosmetic.com\/wp-content\/uploads\/2023\/07\/LOGO-AGRADO-WEB-01.png","contentUrl":"https:\/\/agradocosmetic.com\/wp-content\/uploads\/2023\/07\/LOGO-AGRADO-WEB-01.png","width":1632,"height":300,"caption":"Agrado"},"image":{"@id":"https:\/\/agradocosmetic.com\/#\/schema\/logo\/image\/"}},{"@type":"Person","@id":"https:\/\/agradocosmetic.com\/#\/schema\/person\/732e8d396022e25f9340196f83d6789d","name":"agradocosmetic","image":{"@type":"ImageObject","inLanguage":"en-GB","@id":"https:\/\/secure.gravatar.com\/avatar\/c6003e45301182b7e125463fcbec403b1980909c12edf09098526b9a15e779c0?s=96&d=mm&r=g","url":"https:\/\/secure.gravatar.com\/avatar\/c6003e45301182b7e125463fcbec403b1980909c12edf09098526b9a15e779c0?s=96&d=mm&r=g","contentUrl":"https:\/\/secure.gravatar.com\/avatar\/c6003e45301182b7e125463fcbec403b1980909c12edf09098526b9a15e779c0?s=96&d=mm&r=g","caption":"agradocosmetic"}}]}},"_links":{"self":[{"href":"https:\/\/agradocosmetic.com\/en\/wp-json\/wp\/v2\/posts\/14284","targetHints":{"allow":["GET"]}}],"collection":[{"href":"https:\/\/agradocosmetic.com\/en\/wp-json\/wp\/v2\/posts"}],"about":[{"href":"https:\/\/agradocosmetic.com\/en\/wp-json\/wp\/v2\/types\/post"}],"author":[{"embeddable":true,"href":"https:\/\/agradocosmetic.com\/en\/wp-json\/wp\/v2\/users\/9"}],"replies":[{"embeddable":true,"href":"https:\/\/agradocosmetic.com\/en\/wp-json\/wp\/v2\/comments?post=14284"}],"version-history":[{"count":1,"href":"https:\/\/agradocosmetic.com\/en\/wp-json\/wp\/v2\/posts\/14284\/revisions"}],"predecessor-version":[{"id":21351,"href":"https:\/\/agradocosmetic.com\/en\/wp-json\/wp\/v2\/posts\/14284\/revisions\/21351"}],"wp:featuredmedia":[{"embeddable":true,"href":"https:\/\/agradocosmetic.com\/en\/wp-json\/wp\/v2\/media\/21350"}],"wp:attachment":[{"href":"https:\/\/agradocosmetic.com\/en\/wp-json\/wp\/v2\/media?parent=14284"}],"wp:term":[{"taxonomy":"category","embeddable":true,"href":"https:\/\/agradocosmetic.com\/en\/wp-json\/wp\/v2\/categories?post=14284"},{"taxonomy":"post_tag","embeddable":true,"href":"https:\/\/agradocosmetic.com\/en\/wp-json\/wp\/v2\/tags?post=14284"}],"curies":[{"name":"wp","href":"https:\/\/api.w.org\/{rel}","templated":true}]}}