{"id":15226,"date":"2020-11-05T14:06:24","date_gmt":"2020-11-05T13:06:24","guid":{"rendered":"https:\/\/www.agradocosmetic.com\/?p=15226"},"modified":"2023-11-18T16:58:53","modified_gmt":"2023-11-18T16:58:53","slug":"cabello-seco-la-mejor-rutina","status":"publish","type":"post","link":"https:\/\/agradocosmetic.com\/en\/cabello-seco-la-mejor-rutina\/","title":{"rendered":"Dry hair, the best routine!"},"content":{"rendered":"<p>Do you feel like your hair is getting duller? It is very common that with dyes, daily stress and exposure to heat, our hair becomes brittle and very dry. If this is your case, you should know that dry hair needs specific care. Achieving healthy, soft hair is very easy if you follow a proper routine.<\/p>\r\n\r\n\r\n\r\n<p>Give life to your dry hair with these tips!<\/p>\r\n\r\n\r\n\r\n<h2 class=\"wp-block-heading\">Avoid daily washing<\/h2>\r\n\r\n\r\n\r\n<p>If your dry hair needs to recover, it is important that you space out the washes. If you wash it every day, you will be eliminating its natural oil or sebum, and you will cause even more dryness. In fact, the good thing about hair that tends to dry is that it stays clean with a couple of washes a week. Go for a specific shampoo for damaged and fragile hair. He <a href=\"\/en\/?p=9982\" target=\"_blank\" rel=\"noreferrer noopener\">AGRADO Professional Nutrition Shampoo<\/a> with\u00a0<strong>wheat protein\u00a0<\/strong>hydrates the roots, giving shine and vitality to the hair. Furthermore, his contribution of\u00a0<strong>keratin<\/strong>\u00a0increases resistance to breakage and strengthens it.<\/p>\r\n\r\n\r\n\r\n<h2 class=\"wp-block-heading\">Put an oil in your life<\/h2>\r\n\r\n\r\n\r\n<p>He <a href=\"\/en\/?p=734\" target=\"_blank\" rel=\"noreferrer noopener\">AGRADO Intense Shine Hair Oil<\/a> It will be your best ally to hydrate and protect your dry hair daily. In addition, it helps prevent frizz without weighing it down or leaving residue, something that always worries those of us who have this type of hair. It can be used on both damp and wet hair, so you don&#039;t need to wash it to apply it. To add extra care, you can also use it before washing.<\/p>\r\n\r\n\r\n\r\n<h2 class=\"wp-block-heading\">Don&#039;t forget the mask<\/h2>\r\n\r\n\r\n\r\n<p>This is a fundamental step after each wash. Apply the <a href=\"\/en\/?p=719\" target=\"_blank\" rel=\"noreferrer noopener\">AGRADO Nourishing Mask<\/a> on damp hair from roots to ends with a light massage. Leave it on for 2 or 3 minutes and rinse. We recommend brushing directly after application, as it will facilitate the elimination of tangles and hair breakage. If you also need extra nutrition, a key tip is to apply it all over your hair, cover it with transparent film and leave it on overnight. Do this once a month and you will be amazed by the results!<\/p>\r\n\r\n\r\n\r\n<h2 class=\"wp-block-heading\">Cut to the healthy<\/h2>\r\n\r\n\r\n\r\n<p>If your hair is dry, you&#039;ve probably noticed that you tend to get split ends relatively quickly. This is because they tend to be more fragile, and leaving it long becomes an odyssey. Go for small cuts every so often, this way you will keep it healthy and strong, and it will also look much prettier.<\/p>\r\n\r\n\r\n\r\n<p>We hope that these tips for dry hair help you and that you can look great from now on. Don&#039;t hesitate to write to us if we have left something out. we read you in <a href=\"http:\/\/instagram.com\/agradocosmetic\" target=\"_blank\" rel=\"noreferrer noopener\">instagram<\/a> and <a href=\"https:\/\/www.facebook.com\/agradocosmetic\" target=\"_blank\" rel=\"noreferrer noopener\">Facebook<\/a>! \u263a\ufe0f<\/p>","protected":false},"excerpt":{"rendered":"<p>\u00bfSientes que tu pelo est\u00e1 cada vez m\u00e1s apagado? Es muy frecuente que con los tintes, estr\u00e9s del d\u00eda a d\u00eda y la exposici\u00f3n al calor, nuestro pelo se muestre quebradizo y muy seco. Si es tu caso, debes saber que el cabello seco necesita cuidados espec\u00edficos. Lograr una melena sana y suave es muy [&hellip;]<\/p>\n","protected":false},"author":9,"featured_media":21348,"comment_status":"open","ping_status":"closed","sticky":false,"template":"","format":"standard","meta":{"footnotes":"","_wp_rev_ctl_limit":""},"categories":[128,1],"tags":[333,245,334,129,307,219,335],"class_list":["post-15226","post","type-post","status-publish","format-standard","has-post-thumbnail","hentry","category-capilar","category-todos","tag-beauty","tag-cabello","tag-cabello-seco","tag-capilar","tag-consejos","tag-tips","tag-tratamiento-capilar"],"yoast_head":"<!-- This site is optimized with the Yoast SEO plugin v27.4 - https:\/\/yoast.com\/product\/yoast-seo-wordpress\/ -->\n<title>Cabello seco, \u00a1la mejor rutina! - Agrado<\/title>\n<meta name=\"description\" content=\"Tu cabello seco necesita una rutina espec\u00edfica. Sigue nuestros consejos para recuperar tu melena y lucir pelazo desde ya.\" \/>\n<meta name=\"robots\" content=\"index, follow, max-snippet:-1, max-image-preview:large, max-video-preview:-1\" \/>\n<link rel=\"canonical\" href=\"https:\/\/agradocosmetic.com\/en\/cabello-seco-la-mejor-rutina\/\" \/>\n<meta property=\"og:locale\" content=\"en_GB\" \/>\n<meta property=\"og:type\" content=\"article\" \/>\n<meta property=\"og:title\" content=\"Cabello seco, \u00a1la mejor rutina! - Agrado\" \/>\n<meta property=\"og:description\" content=\"Tu cabello seco necesita una rutina espec\u00edfica. Sigue nuestros consejos para recuperar tu melena y lucir pelazo desde ya.\" \/>\n<meta property=\"og:url\" content=\"https:\/\/agradocosmetic.com\/en\/cabello-seco-la-mejor-rutina\/\" \/>\n<meta property=\"og:site_name\" content=\"Agrado\" \/>\n<meta property=\"article:published_time\" content=\"2020-11-05T13:06:24+00:00\" \/>\n<meta property=\"article:modified_time\" content=\"2023-11-18T16:58:53+00:00\" \/>\n<meta property=\"og:image\" content=\"https:\/\/agradocosmetic.com\/wp-content\/uploads\/2020\/11\/cabello-seco-agrado.jpg\" \/>\n\t<meta property=\"og:image:width\" content=\"1200\" \/>\n\t<meta property=\"og:image:height\" content=\"800\" \/>\n\t<meta property=\"og:image:type\" content=\"image\/jpeg\" \/>\n<meta name=\"author\" content=\"agradocosmetic\" \/>\n<meta name=\"twitter:card\" content=\"summary_large_image\" \/>\n<meta name=\"twitter:label1\" content=\"Written by\" \/>\n\t<meta name=\"twitter:data1\" content=\"agradocosmetic\" \/>\n\t<meta name=\"twitter:label2\" content=\"Estimated reading time\" \/>\n\t<meta name=\"twitter:data2\" content=\"2 minutes\" \/>\n<script type=\"application\/ld+json\" class=\"yoast-schema-graph\">{\"@context\":\"https:\\\/\\\/schema.org\",\"@graph\":[{\"@type\":\"Article\",\"@id\":\"https:\\\/\\\/agradocosmetic.com\\\/cabello-seco-la-mejor-rutina\\\/#article\",\"isPartOf\":{\"@id\":\"https:\\\/\\\/agradocosmetic.com\\\/cabello-seco-la-mejor-rutina\\\/\"},\"author\":{\"name\":\"agradocosmetic\",\"@id\":\"https:\\\/\\\/agradocosmetic.com\\\/#\\\/schema\\\/person\\\/732e8d396022e25f9340196f83d6789d\"},\"headline\":\"Cabello seco, \u00a1la mejor rutina!\",\"datePublished\":\"2020-11-05T13:06:24+00:00\",\"dateModified\":\"2023-11-18T16:58:53+00:00\",\"mainEntityOfPage\":{\"@id\":\"https:\\\/\\\/agradocosmetic.com\\\/cabello-seco-la-mejor-rutina\\\/\"},\"wordCount\":481,\"commentCount\":0,\"publisher\":{\"@id\":\"https:\\\/\\\/agradocosmetic.com\\\/#organization\"},\"image\":{\"@id\":\"https:\\\/\\\/agradocosmetic.com\\\/cabello-seco-la-mejor-rutina\\\/#primaryimage\"},\"thumbnailUrl\":\"https:\\\/\\\/agradocosmetic.com\\\/wp-content\\\/uploads\\\/2020\\\/11\\\/cabello-seco-agrado.jpg\",\"keywords\":[\"beauty\",\"cabello\",\"cabello seco\",\"capilar\",\"consejos\",\"tips\",\"tratamiento capilar\"],\"articleSection\":[\"Capilar\",\"Todos\"],\"inLanguage\":\"en-GB\",\"potentialAction\":[{\"@type\":\"CommentAction\",\"name\":\"Comment\",\"target\":[\"https:\\\/\\\/agradocosmetic.com\\\/cabello-seco-la-mejor-rutina\\\/#respond\"]}]},{\"@type\":\"WebPage\",\"@id\":\"https:\\\/\\\/agradocosmetic.com\\\/cabello-seco-la-mejor-rutina\\\/\",\"url\":\"https:\\\/\\\/agradocosmetic.com\\\/cabello-seco-la-mejor-rutina\\\/\",\"name\":\"Cabello seco, \u00a1la mejor rutina! - Agrado\",\"isPartOf\":{\"@id\":\"https:\\\/\\\/agradocosmetic.com\\\/#website\"},\"primaryImageOfPage\":{\"@id\":\"https:\\\/\\\/agradocosmetic.com\\\/cabello-seco-la-mejor-rutina\\\/#primaryimage\"},\"image\":{\"@id\":\"https:\\\/\\\/agradocosmetic.com\\\/cabello-seco-la-mejor-rutina\\\/#primaryimage\"},\"thumbnailUrl\":\"https:\\\/\\\/agradocosmetic.com\\\/wp-content\\\/uploads\\\/2020\\\/11\\\/cabello-seco-agrado.jpg\",\"datePublished\":\"2020-11-05T13:06:24+00:00\",\"dateModified\":\"2023-11-18T16:58:53+00:00\",\"description\":\"Tu cabello seco necesita una rutina espec\u00edfica. Sigue nuestros consejos para recuperar tu melena y lucir pelazo desde ya.\",\"breadcrumb\":{\"@id\":\"https:\\\/\\\/agradocosmetic.com\\\/cabello-seco-la-mejor-rutina\\\/#breadcrumb\"},\"inLanguage\":\"en-GB\",\"potentialAction\":[{\"@type\":\"ReadAction\",\"target\":[\"https:\\\/\\\/agradocosmetic.com\\\/cabello-seco-la-mejor-rutina\\\/\"]}]},{\"@type\":\"ImageObject\",\"inLanguage\":\"en-GB\",\"@id\":\"https:\\\/\\\/agradocosmetic.com\\\/cabello-seco-la-mejor-rutina\\\/#primaryimage\",\"url\":\"https:\\\/\\\/agradocosmetic.com\\\/wp-content\\\/uploads\\\/2020\\\/11\\\/cabello-seco-agrado.jpg\",\"contentUrl\":\"https:\\\/\\\/agradocosmetic.com\\\/wp-content\\\/uploads\\\/2020\\\/11\\\/cabello-seco-agrado.jpg\",\"width\":1200,\"height\":800},{\"@type\":\"BreadcrumbList\",\"@id\":\"https:\\\/\\\/agradocosmetic.com\\\/cabello-seco-la-mejor-rutina\\\/#breadcrumb\",\"itemListElement\":[{\"@type\":\"ListItem\",\"position\":1,\"name\":\"Portada\",\"item\":\"https:\\\/\\\/agradocosmetic.com\\\/\"},{\"@type\":\"ListItem\",\"position\":2,\"name\":\"Cabello seco, \u00a1la mejor rutina!\"}]},{\"@type\":\"WebSite\",\"@id\":\"https:\\\/\\\/agradocosmetic.com\\\/#website\",\"url\":\"https:\\\/\\\/agradocosmetic.com\\\/\",\"name\":\"Agrado\",\"description\":\"Cosmetic\",\"publisher\":{\"@id\":\"https:\\\/\\\/agradocosmetic.com\\\/#organization\"},\"potentialAction\":[{\"@type\":\"SearchAction\",\"target\":{\"@type\":\"EntryPoint\",\"urlTemplate\":\"https:\\\/\\\/agradocosmetic.com\\\/?s={search_term_string}\"},\"query-input\":{\"@type\":\"PropertyValueSpecification\",\"valueRequired\":true,\"valueName\":\"search_term_string\"}}],\"inLanguage\":\"en-GB\"},{\"@type\":\"Organization\",\"@id\":\"https:\\\/\\\/agradocosmetic.com\\\/#organization\",\"name\":\"Agrado\",\"url\":\"https:\\\/\\\/agradocosmetic.com\\\/\",\"logo\":{\"@type\":\"ImageObject\",\"inLanguage\":\"en-GB\",\"@id\":\"https:\\\/\\\/agradocosmetic.com\\\/#\\\/schema\\\/logo\\\/image\\\/\",\"url\":\"https:\\\/\\\/agradocosmetic.com\\\/wp-content\\\/uploads\\\/2023\\\/07\\\/LOGO-AGRADO-WEB-01.png\",\"contentUrl\":\"https:\\\/\\\/agradocosmetic.com\\\/wp-content\\\/uploads\\\/2023\\\/07\\\/LOGO-AGRADO-WEB-01.png\",\"width\":1632,\"height\":300,\"caption\":\"Agrado\"},\"image\":{\"@id\":\"https:\\\/\\\/agradocosmetic.com\\\/#\\\/schema\\\/logo\\\/image\\\/\"}},{\"@type\":\"Person\",\"@id\":\"https:\\\/\\\/agradocosmetic.com\\\/#\\\/schema\\\/person\\\/732e8d396022e25f9340196f83d6789d\",\"name\":\"agradocosmetic\",\"image\":{\"@type\":\"ImageObject\",\"inLanguage\":\"en-GB\",\"@id\":\"https:\\\/\\\/secure.gravatar.com\\\/avatar\\\/c6003e45301182b7e125463fcbec403b1980909c12edf09098526b9a15e779c0?s=96&d=mm&r=g\",\"url\":\"https:\\\/\\\/secure.gravatar.com\\\/avatar\\\/c6003e45301182b7e125463fcbec403b1980909c12edf09098526b9a15e779c0?s=96&d=mm&r=g\",\"contentUrl\":\"https:\\\/\\\/secure.gravatar.com\\\/avatar\\\/c6003e45301182b7e125463fcbec403b1980909c12edf09098526b9a15e779c0?s=96&d=mm&r=g\",\"caption\":\"agradocosmetic\"}}]}<\/script>\n<!-- \/ Yoast SEO plugin. -->","yoast_head_json":{"title":"Cabello seco, \u00a1la mejor rutina! - Agrado","description":"Tu cabello seco necesita una rutina espec\u00edfica. Sigue nuestros consejos para recuperar tu melena y lucir pelazo desde ya.","robots":{"index":"index","follow":"follow","max-snippet":"max-snippet:-1","max-image-preview":"max-image-preview:large","max-video-preview":"max-video-preview:-1"},"canonical":"https:\/\/agradocosmetic.com\/en\/cabello-seco-la-mejor-rutina\/","og_locale":"en_GB","og_type":"article","og_title":"Cabello seco, \u00a1la mejor rutina! - Agrado","og_description":"Tu cabello seco necesita una rutina espec\u00edfica. Sigue nuestros consejos para recuperar tu melena y lucir pelazo desde ya.","og_url":"https:\/\/agradocosmetic.com\/en\/cabello-seco-la-mejor-rutina\/","og_site_name":"Agrado","article_published_time":"2020-11-05T13:06:24+00:00","article_modified_time":"2023-11-18T16:58:53+00:00","og_image":[{"width":1200,"height":800,"url":"https:\/\/agradocosmetic.com\/wp-content\/uploads\/2020\/11\/cabello-seco-agrado.jpg","type":"image\/jpeg"}],"author":"agradocosmetic","twitter_card":"summary_large_image","twitter_misc":{"Written by":"agradocosmetic","Estimated reading time":"2 minutes"},"schema":{"@context":"https:\/\/schema.org","@graph":[{"@type":"Article","@id":"https:\/\/agradocosmetic.com\/cabello-seco-la-mejor-rutina\/#article","isPartOf":{"@id":"https:\/\/agradocosmetic.com\/cabello-seco-la-mejor-rutina\/"},"author":{"name":"agradocosmetic","@id":"https:\/\/agradocosmetic.com\/#\/schema\/person\/732e8d396022e25f9340196f83d6789d"},"headline":"Cabello seco, \u00a1la mejor rutina!","datePublished":"2020-11-05T13:06:24+00:00","dateModified":"2023-11-18T16:58:53+00:00","mainEntityOfPage":{"@id":"https:\/\/agradocosmetic.com\/cabello-seco-la-mejor-rutina\/"},"wordCount":481,"commentCount":0,"publisher":{"@id":"https:\/\/agradocosmetic.com\/#organization"},"image":{"@id":"https:\/\/agradocosmetic.com\/cabello-seco-la-mejor-rutina\/#primaryimage"},"thumbnailUrl":"https:\/\/agradocosmetic.com\/wp-content\/uploads\/2020\/11\/cabello-seco-agrado.jpg","keywords":["beauty","cabello","cabello seco","capilar","consejos","tips","tratamiento capilar"],"articleSection":["Capilar","Todos"],"inLanguage":"en-GB","potentialAction":[{"@type":"CommentAction","name":"Comment","target":["https:\/\/agradocosmetic.com\/cabello-seco-la-mejor-rutina\/#respond"]}]},{"@type":"WebPage","@id":"https:\/\/agradocosmetic.com\/cabello-seco-la-mejor-rutina\/","url":"https:\/\/agradocosmetic.com\/cabello-seco-la-mejor-rutina\/","name":"Cabello seco, \u00a1la mejor rutina! - Agrado","isPartOf":{"@id":"https:\/\/agradocosmetic.com\/#website"},"primaryImageOfPage":{"@id":"https:\/\/agradocosmetic.com\/cabello-seco-la-mejor-rutina\/#primaryimage"},"image":{"@id":"https:\/\/agradocosmetic.com\/cabello-seco-la-mejor-rutina\/#primaryimage"},"thumbnailUrl":"https:\/\/agradocosmetic.com\/wp-content\/uploads\/2020\/11\/cabello-seco-agrado.jpg","datePublished":"2020-11-05T13:06:24+00:00","dateModified":"2023-11-18T16:58:53+00:00","description":"Tu cabello seco necesita una rutina espec\u00edfica. Sigue nuestros consejos para recuperar tu melena y lucir pelazo desde ya.","breadcrumb":{"@id":"https:\/\/agradocosmetic.com\/cabello-seco-la-mejor-rutina\/#breadcrumb"},"inLanguage":"en-GB","potentialAction":[{"@type":"ReadAction","target":["https:\/\/agradocosmetic.com\/cabello-seco-la-mejor-rutina\/"]}]},{"@type":"ImageObject","inLanguage":"en-GB","@id":"https:\/\/agradocosmetic.com\/cabello-seco-la-mejor-rutina\/#primaryimage","url":"https:\/\/agradocosmetic.com\/wp-content\/uploads\/2020\/11\/cabello-seco-agrado.jpg","contentUrl":"https:\/\/agradocosmetic.com\/wp-content\/uploads\/2020\/11\/cabello-seco-agrado.jpg","width":1200,"height":800},{"@type":"BreadcrumbList","@id":"https:\/\/agradocosmetic.com\/cabello-seco-la-mejor-rutina\/#breadcrumb","itemListElement":[{"@type":"ListItem","position":1,"name":"Portada","item":"https:\/\/agradocosmetic.com\/"},{"@type":"ListItem","position":2,"name":"Cabello seco, \u00a1la mejor rutina!"}]},{"@type":"WebSite","@id":"https:\/\/agradocosmetic.com\/#website","url":"https:\/\/agradocosmetic.com\/","name":"Liking","description":"cosmetic","publisher":{"@id":"https:\/\/agradocosmetic.com\/#organization"},"potentialAction":[{"@type":"SearchAction","target":{"@type":"EntryPoint","urlTemplate":"https:\/\/agradocosmetic.com\/?s={search_term_string}"},"query-input":{"@type":"PropertyValueSpecification","valueRequired":true,"valueName":"search_term_string"}}],"inLanguage":"en-GB"},{"@type":"Organization","@id":"https:\/\/agradocosmetic.com\/#organization","name":"Liking","url":"https:\/\/agradocosmetic.com\/","logo":{"@type":"ImageObject","inLanguage":"en-GB","@id":"https:\/\/agradocosmetic.com\/#\/schema\/logo\/image\/","url":"https:\/\/agradocosmetic.com\/wp-content\/uploads\/2023\/07\/LOGO-AGRADO-WEB-01.png","contentUrl":"https:\/\/agradocosmetic.com\/wp-content\/uploads\/2023\/07\/LOGO-AGRADO-WEB-01.png","width":1632,"height":300,"caption":"Agrado"},"image":{"@id":"https:\/\/agradocosmetic.com\/#\/schema\/logo\/image\/"}},{"@type":"Person","@id":"https:\/\/agradocosmetic.com\/#\/schema\/person\/732e8d396022e25f9340196f83d6789d","name":"agradocosmetic","image":{"@type":"ImageObject","inLanguage":"en-GB","@id":"https:\/\/secure.gravatar.com\/avatar\/c6003e45301182b7e125463fcbec403b1980909c12edf09098526b9a15e779c0?s=96&d=mm&r=g","url":"https:\/\/secure.gravatar.com\/avatar\/c6003e45301182b7e125463fcbec403b1980909c12edf09098526b9a15e779c0?s=96&d=mm&r=g","contentUrl":"https:\/\/secure.gravatar.com\/avatar\/c6003e45301182b7e125463fcbec403b1980909c12edf09098526b9a15e779c0?s=96&d=mm&r=g","caption":"agradocosmetic"}}]}},"_links":{"self":[{"href":"https:\/\/agradocosmetic.com\/en\/wp-json\/wp\/v2\/posts\/15226","targetHints":{"allow":["GET"]}}],"collection":[{"href":"https:\/\/agradocosmetic.com\/en\/wp-json\/wp\/v2\/posts"}],"about":[{"href":"https:\/\/agradocosmetic.com\/en\/wp-json\/wp\/v2\/types\/post"}],"author":[{"embeddable":true,"href":"https:\/\/agradocosmetic.com\/en\/wp-json\/wp\/v2\/users\/9"}],"replies":[{"embeddable":true,"href":"https:\/\/agradocosmetic.com\/en\/wp-json\/wp\/v2\/comments?post=15226"}],"version-history":[{"count":1,"href":"https:\/\/agradocosmetic.com\/en\/wp-json\/wp\/v2\/posts\/15226\/revisions"}],"predecessor-version":[{"id":21349,"href":"https:\/\/agradocosmetic.com\/en\/wp-json\/wp\/v2\/posts\/15226\/revisions\/21349"}],"wp:featuredmedia":[{"embeddable":true,"href":"https:\/\/agradocosmetic.com\/en\/wp-json\/wp\/v2\/media\/21348"}],"wp:attachment":[{"href":"https:\/\/agradocosmetic.com\/en\/wp-json\/wp\/v2\/media?parent=15226"}],"wp:term":[{"taxonomy":"category","embeddable":true,"href":"https:\/\/agradocosmetic.com\/en\/wp-json\/wp\/v2\/categories?post=15226"},{"taxonomy":"post_tag","embeddable":true,"href":"https:\/\/agradocosmetic.com\/en\/wp-json\/wp\/v2\/tags?post=15226"}],"curies":[{"name":"wp","href":"https:\/\/api.w.org\/{rel}","templated":true}]}}