{"id":18569,"date":"2021-07-22T16:11:27","date_gmt":"2021-07-22T15:11:27","guid":{"rendered":"https:\/\/www.agradocosmetic.com\/?p=18569"},"modified":"2023-11-18T16:58:52","modified_gmt":"2023-11-18T16:58:52","slug":"como-protegerte-del-sol-durante-el-embarazo","status":"publish","type":"post","link":"https:\/\/agradocosmetic.com\/en\/como-protegerte-del-sol-durante-el-embarazo\/","title":{"rendered":"How to protect yourself from the sun during pregnancy"},"content":{"rendered":"<p>Since a woman becomes pregnant, her Google searches and consultations with other moms are endless, it is inevitable to be eager for information at this stage, especially if it is your first baby. <strong>How to protect yourself from the sun during pregnancy <\/strong>It is one of the most Googled. The body undergoes many changes and processes that we do not fully understand, which is why it is important to inform ourselves well and consult with professionals whenever necessary. Our skin usually suffers hormonal changes during this exciting stage, which is why we must take care of it and protect it more than ever. Today we answer the most common questions about the sun and pregnancy and give you some useful tips!<\/p>\r\n\r\n\r\n\r\n<p><strong>1. Enjoy the benefits of the sun with caution. <\/strong>During pregnancy, women have more sensitive skin and, of course, we must prevent long exposures, the strongest hours of radiation and apply and reapply. <a href=\"\/en\/?linea=solares\" target=\"_blank\" rel=\"noreferrer noopener\">sunscreen SPF 50+<\/a> broad spectrum. But it is also interesting to know that the sun helps synthesize vitamin D, and this helps strengthen bones by contributing to the correct absorption of calcium, and this is beneficial for both the mother and the baby, in the process of growth and development. .<\/p>\r\n\r\n\r\n\r\n<p><strong>2. Be careful with stains! <\/strong>Protecting yourself from the sun during pregnancy is vital to prevent so-called chloasmas, known as &quot;the mask of pregnancy&quot;, which can appear on your face if you do not use high facial sun protection, not only in summer, but every day. The upper lip and neck area are usually the most affected. Avoid them with the Facial Sun Mist SPF50+, which allows you to reapply it during the day and always carry it with you.<\/p>\r\n\r\n\r\n\r\n<p><strong>3. The hat will be your great ally. <\/strong>You will avoid possible sunstroke and you will also prevent the appearance of stains. A perfect two in one! In addition to completing your pregnancy looks with an elegant touch. Protecting yourself from the sun during pregnancy in style is possible!<\/p>\r\n\r\n\r\n\r\n<p><strong>4. Hydrate yourself from the inside.<\/strong> Always carry a bottle of water with you and eat plenty of fruits and vegetables. With the sun and high temperatures. We can lose fluids and suffer dehydration and low blood pressure. Balance your body, take care of your diet and hydration in summer more than ever during pregnancy.<\/p>\r\n\r\n\r\n\r\n<p><strong>5. Moisturize your skin a lot. Especially after the sun. <\/strong>A <a href=\"\/en\/?p=3570\" target=\"_blank\" rel=\"noreferrer noopener\">aloe vera gel like the one from Agrado<\/a>, will help you calm, soothe and provide extra hydration to your skin, with Aloe Vera extract 100% and Glycerin.<\/p>\r\n\r\n\r\n\r\n<p>As we told you, protecting yourself from the sun during pregnancy is essential, but it is very simple if you take these precautions. And enjoy tummy time and summer poses!<\/p>\r\n\r\n\r\n\r\n<p>&nbsp;<\/p>","protected":false},"excerpt":{"rendered":"<p>Desde que una mujer se queda embarazada, sus b\u00fasquedas en Google y consultas con otras mamis son infinitas, es irremediable estar ansiosas de informaci\u00f3n en esta etapa, sobre todo si es tu primer beb\u00e9. C\u00f3mo protegerte del sol durante el embarazo es de las m\u00e1s googleadas. El cuerpo sufre muchos cambios y procesos que no [&hellip;]<\/p>\n","protected":false},"author":9,"featured_media":21320,"comment_status":"open","ping_status":"closed","sticky":false,"template":"","format":"standard","meta":{"footnotes":"","_wp_rev_ctl_limit":""},"categories":[116,1],"tags":[],"class_list":["post-18569","post","type-post","status-publish","format-standard","has-post-thumbnail","hentry","category-solar","category-todos"],"yoast_head":"<!-- This site is optimized with the Yoast SEO plugin v27.4 - https:\/\/yoast.com\/product\/yoast-seo-wordpress\/ -->\n<title>C\u00f3mo protegerte del sol durante el embarazo - Agrado<\/title>\n<meta name=\"description\" content=\"\u00a1Resolvemos las dudas m\u00e1s frecuentes sobre el sol y el embarazo! Aprende a protegerte del sol durante el embarazo y toma nota de estos tips.\" \/>\n<meta name=\"robots\" content=\"index, follow, max-snippet:-1, max-image-preview:large, max-video-preview:-1\" \/>\n<link rel=\"canonical\" href=\"https:\/\/agradocosmetic.com\/en\/como-protegerte-del-sol-durante-el-embarazo\/\" \/>\n<meta property=\"og:locale\" content=\"en_GB\" \/>\n<meta property=\"og:type\" content=\"article\" \/>\n<meta property=\"og:title\" content=\"C\u00f3mo protegerte del sol durante el embarazo - Agrado\" \/>\n<meta property=\"og:description\" content=\"\u00a1Resolvemos las dudas m\u00e1s frecuentes sobre el sol y el embarazo! Aprende a protegerte del sol durante el embarazo y toma nota de estos tips.\" \/>\n<meta property=\"og:url\" content=\"https:\/\/agradocosmetic.com\/en\/como-protegerte-del-sol-durante-el-embarazo\/\" \/>\n<meta property=\"og:site_name\" content=\"Agrado\" \/>\n<meta property=\"article:published_time\" content=\"2021-07-22T15:11:27+00:00\" \/>\n<meta property=\"article:modified_time\" content=\"2023-11-18T16:58:52+00:00\" \/>\n<meta property=\"og:image\" content=\"https:\/\/agradocosmetic.com\/wp-content\/uploads\/2021\/07\/protegerse-embarazo-sol-verano-agrado.jpg\" \/>\n\t<meta property=\"og:image:width\" content=\"1200\" \/>\n\t<meta property=\"og:image:height\" content=\"800\" \/>\n\t<meta property=\"og:image:type\" content=\"image\/jpeg\" \/>\n<meta name=\"author\" content=\"agradocosmetic\" \/>\n<meta name=\"twitter:card\" content=\"summary_large_image\" \/>\n<meta name=\"twitter:label1\" content=\"Written by\" \/>\n\t<meta name=\"twitter:data1\" content=\"agradocosmetic\" \/>\n\t<meta name=\"twitter:label2\" content=\"Estimated reading time\" \/>\n\t<meta name=\"twitter:data2\" content=\"2 minutes\" \/>\n<script type=\"application\/ld+json\" class=\"yoast-schema-graph\">{\"@context\":\"https:\\\/\\\/schema.org\",\"@graph\":[{\"@type\":\"Article\",\"@id\":\"https:\\\/\\\/agradocosmetic.com\\\/como-protegerte-del-sol-durante-el-embarazo\\\/#article\",\"isPartOf\":{\"@id\":\"https:\\\/\\\/agradocosmetic.com\\\/como-protegerte-del-sol-durante-el-embarazo\\\/\"},\"author\":{\"name\":\"agradocosmetic\",\"@id\":\"https:\\\/\\\/agradocosmetic.com\\\/#\\\/schema\\\/person\\\/732e8d396022e25f9340196f83d6789d\"},\"headline\":\"C\u00f3mo protegerte del sol durante el embarazo\",\"datePublished\":\"2021-07-22T15:11:27+00:00\",\"dateModified\":\"2023-11-18T16:58:52+00:00\",\"mainEntityOfPage\":{\"@id\":\"https:\\\/\\\/agradocosmetic.com\\\/como-protegerte-del-sol-durante-el-embarazo\\\/\"},\"wordCount\":476,\"commentCount\":0,\"publisher\":{\"@id\":\"https:\\\/\\\/agradocosmetic.com\\\/#organization\"},\"image\":{\"@id\":\"https:\\\/\\\/agradocosmetic.com\\\/como-protegerte-del-sol-durante-el-embarazo\\\/#primaryimage\"},\"thumbnailUrl\":\"https:\\\/\\\/agradocosmetic.com\\\/wp-content\\\/uploads\\\/2021\\\/07\\\/protegerse-embarazo-sol-verano-agrado.jpg\",\"articleSection\":[\"Solar\",\"Todos\"],\"inLanguage\":\"en-GB\",\"potentialAction\":[{\"@type\":\"CommentAction\",\"name\":\"Comment\",\"target\":[\"https:\\\/\\\/agradocosmetic.com\\\/como-protegerte-del-sol-durante-el-embarazo\\\/#respond\"]}]},{\"@type\":\"WebPage\",\"@id\":\"https:\\\/\\\/agradocosmetic.com\\\/como-protegerte-del-sol-durante-el-embarazo\\\/\",\"url\":\"https:\\\/\\\/agradocosmetic.com\\\/como-protegerte-del-sol-durante-el-embarazo\\\/\",\"name\":\"C\u00f3mo protegerte del sol durante el embarazo - Agrado\",\"isPartOf\":{\"@id\":\"https:\\\/\\\/agradocosmetic.com\\\/#website\"},\"primaryImageOfPage\":{\"@id\":\"https:\\\/\\\/agradocosmetic.com\\\/como-protegerte-del-sol-durante-el-embarazo\\\/#primaryimage\"},\"image\":{\"@id\":\"https:\\\/\\\/agradocosmetic.com\\\/como-protegerte-del-sol-durante-el-embarazo\\\/#primaryimage\"},\"thumbnailUrl\":\"https:\\\/\\\/agradocosmetic.com\\\/wp-content\\\/uploads\\\/2021\\\/07\\\/protegerse-embarazo-sol-verano-agrado.jpg\",\"datePublished\":\"2021-07-22T15:11:27+00:00\",\"dateModified\":\"2023-11-18T16:58:52+00:00\",\"description\":\"\u00a1Resolvemos las dudas m\u00e1s frecuentes sobre el sol y el embarazo! Aprende a protegerte del sol durante el embarazo y toma nota de estos tips.\",\"breadcrumb\":{\"@id\":\"https:\\\/\\\/agradocosmetic.com\\\/como-protegerte-del-sol-durante-el-embarazo\\\/#breadcrumb\"},\"inLanguage\":\"en-GB\",\"potentialAction\":[{\"@type\":\"ReadAction\",\"target\":[\"https:\\\/\\\/agradocosmetic.com\\\/como-protegerte-del-sol-durante-el-embarazo\\\/\"]}]},{\"@type\":\"ImageObject\",\"inLanguage\":\"en-GB\",\"@id\":\"https:\\\/\\\/agradocosmetic.com\\\/como-protegerte-del-sol-durante-el-embarazo\\\/#primaryimage\",\"url\":\"https:\\\/\\\/agradocosmetic.com\\\/wp-content\\\/uploads\\\/2021\\\/07\\\/protegerse-embarazo-sol-verano-agrado.jpg\",\"contentUrl\":\"https:\\\/\\\/agradocosmetic.com\\\/wp-content\\\/uploads\\\/2021\\\/07\\\/protegerse-embarazo-sol-verano-agrado.jpg\",\"width\":1200,\"height\":800},{\"@type\":\"BreadcrumbList\",\"@id\":\"https:\\\/\\\/agradocosmetic.com\\\/como-protegerte-del-sol-durante-el-embarazo\\\/#breadcrumb\",\"itemListElement\":[{\"@type\":\"ListItem\",\"position\":1,\"name\":\"Portada\",\"item\":\"https:\\\/\\\/agradocosmetic.com\\\/\"},{\"@type\":\"ListItem\",\"position\":2,\"name\":\"C\u00f3mo protegerte del sol durante el embarazo\"}]},{\"@type\":\"WebSite\",\"@id\":\"https:\\\/\\\/agradocosmetic.com\\\/#website\",\"url\":\"https:\\\/\\\/agradocosmetic.com\\\/\",\"name\":\"Agrado\",\"description\":\"Cosmetic\",\"publisher\":{\"@id\":\"https:\\\/\\\/agradocosmetic.com\\\/#organization\"},\"potentialAction\":[{\"@type\":\"SearchAction\",\"target\":{\"@type\":\"EntryPoint\",\"urlTemplate\":\"https:\\\/\\\/agradocosmetic.com\\\/?s={search_term_string}\"},\"query-input\":{\"@type\":\"PropertyValueSpecification\",\"valueRequired\":true,\"valueName\":\"search_term_string\"}}],\"inLanguage\":\"en-GB\"},{\"@type\":\"Organization\",\"@id\":\"https:\\\/\\\/agradocosmetic.com\\\/#organization\",\"name\":\"Agrado\",\"url\":\"https:\\\/\\\/agradocosmetic.com\\\/\",\"logo\":{\"@type\":\"ImageObject\",\"inLanguage\":\"en-GB\",\"@id\":\"https:\\\/\\\/agradocosmetic.com\\\/#\\\/schema\\\/logo\\\/image\\\/\",\"url\":\"https:\\\/\\\/agradocosmetic.com\\\/wp-content\\\/uploads\\\/2023\\\/07\\\/LOGO-AGRADO-WEB-01.png\",\"contentUrl\":\"https:\\\/\\\/agradocosmetic.com\\\/wp-content\\\/uploads\\\/2023\\\/07\\\/LOGO-AGRADO-WEB-01.png\",\"width\":1632,\"height\":300,\"caption\":\"Agrado\"},\"image\":{\"@id\":\"https:\\\/\\\/agradocosmetic.com\\\/#\\\/schema\\\/logo\\\/image\\\/\"}},{\"@type\":\"Person\",\"@id\":\"https:\\\/\\\/agradocosmetic.com\\\/#\\\/schema\\\/person\\\/732e8d396022e25f9340196f83d6789d\",\"name\":\"agradocosmetic\",\"image\":{\"@type\":\"ImageObject\",\"inLanguage\":\"en-GB\",\"@id\":\"https:\\\/\\\/secure.gravatar.com\\\/avatar\\\/c6003e45301182b7e125463fcbec403b1980909c12edf09098526b9a15e779c0?s=96&d=mm&r=g\",\"url\":\"https:\\\/\\\/secure.gravatar.com\\\/avatar\\\/c6003e45301182b7e125463fcbec403b1980909c12edf09098526b9a15e779c0?s=96&d=mm&r=g\",\"contentUrl\":\"https:\\\/\\\/secure.gravatar.com\\\/avatar\\\/c6003e45301182b7e125463fcbec403b1980909c12edf09098526b9a15e779c0?s=96&d=mm&r=g\",\"caption\":\"agradocosmetic\"}}]}<\/script>\n<!-- \/ Yoast SEO plugin. -->","yoast_head_json":{"title":"C\u00f3mo protegerte del sol durante el embarazo - Agrado","description":"\u00a1Resolvemos las dudas m\u00e1s frecuentes sobre el sol y el embarazo! Aprende a protegerte del sol durante el embarazo y toma nota de estos tips.","robots":{"index":"index","follow":"follow","max-snippet":"max-snippet:-1","max-image-preview":"max-image-preview:large","max-video-preview":"max-video-preview:-1"},"canonical":"https:\/\/agradocosmetic.com\/en\/como-protegerte-del-sol-durante-el-embarazo\/","og_locale":"en_GB","og_type":"article","og_title":"C\u00f3mo protegerte del sol durante el embarazo - Agrado","og_description":"\u00a1Resolvemos las dudas m\u00e1s frecuentes sobre el sol y el embarazo! Aprende a protegerte del sol durante el embarazo y toma nota de estos tips.","og_url":"https:\/\/agradocosmetic.com\/en\/como-protegerte-del-sol-durante-el-embarazo\/","og_site_name":"Agrado","article_published_time":"2021-07-22T15:11:27+00:00","article_modified_time":"2023-11-18T16:58:52+00:00","og_image":[{"width":1200,"height":800,"url":"https:\/\/agradocosmetic.com\/wp-content\/uploads\/2021\/07\/protegerse-embarazo-sol-verano-agrado.jpg","type":"image\/jpeg"}],"author":"agradocosmetic","twitter_card":"summary_large_image","twitter_misc":{"Written by":"agradocosmetic","Estimated reading time":"2 minutes"},"schema":{"@context":"https:\/\/schema.org","@graph":[{"@type":"Article","@id":"https:\/\/agradocosmetic.com\/como-protegerte-del-sol-durante-el-embarazo\/#article","isPartOf":{"@id":"https:\/\/agradocosmetic.com\/como-protegerte-del-sol-durante-el-embarazo\/"},"author":{"name":"agradocosmetic","@id":"https:\/\/agradocosmetic.com\/#\/schema\/person\/732e8d396022e25f9340196f83d6789d"},"headline":"C\u00f3mo protegerte del sol durante el embarazo","datePublished":"2021-07-22T15:11:27+00:00","dateModified":"2023-11-18T16:58:52+00:00","mainEntityOfPage":{"@id":"https:\/\/agradocosmetic.com\/como-protegerte-del-sol-durante-el-embarazo\/"},"wordCount":476,"commentCount":0,"publisher":{"@id":"https:\/\/agradocosmetic.com\/#organization"},"image":{"@id":"https:\/\/agradocosmetic.com\/como-protegerte-del-sol-durante-el-embarazo\/#primaryimage"},"thumbnailUrl":"https:\/\/agradocosmetic.com\/wp-content\/uploads\/2021\/07\/protegerse-embarazo-sol-verano-agrado.jpg","articleSection":["Solar","Todos"],"inLanguage":"en-GB","potentialAction":[{"@type":"CommentAction","name":"Comment","target":["https:\/\/agradocosmetic.com\/como-protegerte-del-sol-durante-el-embarazo\/#respond"]}]},{"@type":"WebPage","@id":"https:\/\/agradocosmetic.com\/como-protegerte-del-sol-durante-el-embarazo\/","url":"https:\/\/agradocosmetic.com\/como-protegerte-del-sol-durante-el-embarazo\/","name":"C\u00f3mo protegerte del sol durante el embarazo - Agrado","isPartOf":{"@id":"https:\/\/agradocosmetic.com\/#website"},"primaryImageOfPage":{"@id":"https:\/\/agradocosmetic.com\/como-protegerte-del-sol-durante-el-embarazo\/#primaryimage"},"image":{"@id":"https:\/\/agradocosmetic.com\/como-protegerte-del-sol-durante-el-embarazo\/#primaryimage"},"thumbnailUrl":"https:\/\/agradocosmetic.com\/wp-content\/uploads\/2021\/07\/protegerse-embarazo-sol-verano-agrado.jpg","datePublished":"2021-07-22T15:11:27+00:00","dateModified":"2023-11-18T16:58:52+00:00","description":"\u00a1Resolvemos las dudas m\u00e1s frecuentes sobre el sol y el embarazo! Aprende a protegerte del sol durante el embarazo y toma nota de estos tips.","breadcrumb":{"@id":"https:\/\/agradocosmetic.com\/como-protegerte-del-sol-durante-el-embarazo\/#breadcrumb"},"inLanguage":"en-GB","potentialAction":[{"@type":"ReadAction","target":["https:\/\/agradocosmetic.com\/como-protegerte-del-sol-durante-el-embarazo\/"]}]},{"@type":"ImageObject","inLanguage":"en-GB","@id":"https:\/\/agradocosmetic.com\/como-protegerte-del-sol-durante-el-embarazo\/#primaryimage","url":"https:\/\/agradocosmetic.com\/wp-content\/uploads\/2021\/07\/protegerse-embarazo-sol-verano-agrado.jpg","contentUrl":"https:\/\/agradocosmetic.com\/wp-content\/uploads\/2021\/07\/protegerse-embarazo-sol-verano-agrado.jpg","width":1200,"height":800},{"@type":"BreadcrumbList","@id":"https:\/\/agradocosmetic.com\/como-protegerte-del-sol-durante-el-embarazo\/#breadcrumb","itemListElement":[{"@type":"ListItem","position":1,"name":"Portada","item":"https:\/\/agradocosmetic.com\/"},{"@type":"ListItem","position":2,"name":"C\u00f3mo protegerte del sol durante el embarazo"}]},{"@type":"WebSite","@id":"https:\/\/agradocosmetic.com\/#website","url":"https:\/\/agradocosmetic.com\/","name":"Liking","description":"cosmetic","publisher":{"@id":"https:\/\/agradocosmetic.com\/#organization"},"potentialAction":[{"@type":"SearchAction","target":{"@type":"EntryPoint","urlTemplate":"https:\/\/agradocosmetic.com\/?s={search_term_string}"},"query-input":{"@type":"PropertyValueSpecification","valueRequired":true,"valueName":"search_term_string"}}],"inLanguage":"en-GB"},{"@type":"Organization","@id":"https:\/\/agradocosmetic.com\/#organization","name":"Liking","url":"https:\/\/agradocosmetic.com\/","logo":{"@type":"ImageObject","inLanguage":"en-GB","@id":"https:\/\/agradocosmetic.com\/#\/schema\/logo\/image\/","url":"https:\/\/agradocosmetic.com\/wp-content\/uploads\/2023\/07\/LOGO-AGRADO-WEB-01.png","contentUrl":"https:\/\/agradocosmetic.com\/wp-content\/uploads\/2023\/07\/LOGO-AGRADO-WEB-01.png","width":1632,"height":300,"caption":"Agrado"},"image":{"@id":"https:\/\/agradocosmetic.com\/#\/schema\/logo\/image\/"}},{"@type":"Person","@id":"https:\/\/agradocosmetic.com\/#\/schema\/person\/732e8d396022e25f9340196f83d6789d","name":"agradocosmetic","image":{"@type":"ImageObject","inLanguage":"en-GB","@id":"https:\/\/secure.gravatar.com\/avatar\/c6003e45301182b7e125463fcbec403b1980909c12edf09098526b9a15e779c0?s=96&d=mm&r=g","url":"https:\/\/secure.gravatar.com\/avatar\/c6003e45301182b7e125463fcbec403b1980909c12edf09098526b9a15e779c0?s=96&d=mm&r=g","contentUrl":"https:\/\/secure.gravatar.com\/avatar\/c6003e45301182b7e125463fcbec403b1980909c12edf09098526b9a15e779c0?s=96&d=mm&r=g","caption":"agradocosmetic"}}]}},"_links":{"self":[{"href":"https:\/\/agradocosmetic.com\/en\/wp-json\/wp\/v2\/posts\/18569","targetHints":{"allow":["GET"]}}],"collection":[{"href":"https:\/\/agradocosmetic.com\/en\/wp-json\/wp\/v2\/posts"}],"about":[{"href":"https:\/\/agradocosmetic.com\/en\/wp-json\/wp\/v2\/types\/post"}],"author":[{"embeddable":true,"href":"https:\/\/agradocosmetic.com\/en\/wp-json\/wp\/v2\/users\/9"}],"replies":[{"embeddable":true,"href":"https:\/\/agradocosmetic.com\/en\/wp-json\/wp\/v2\/comments?post=18569"}],"version-history":[{"count":1,"href":"https:\/\/agradocosmetic.com\/en\/wp-json\/wp\/v2\/posts\/18569\/revisions"}],"predecessor-version":[{"id":21321,"href":"https:\/\/agradocosmetic.com\/en\/wp-json\/wp\/v2\/posts\/18569\/revisions\/21321"}],"wp:featuredmedia":[{"embeddable":true,"href":"https:\/\/agradocosmetic.com\/en\/wp-json\/wp\/v2\/media\/21320"}],"wp:attachment":[{"href":"https:\/\/agradocosmetic.com\/en\/wp-json\/wp\/v2\/media?parent=18569"}],"wp:term":[{"taxonomy":"category","embeddable":true,"href":"https:\/\/agradocosmetic.com\/en\/wp-json\/wp\/v2\/categories?post=18569"},{"taxonomy":"post_tag","embeddable":true,"href":"https:\/\/agradocosmetic.com\/en\/wp-json\/wp\/v2\/tags?post=18569"}],"curies":[{"name":"wp","href":"https:\/\/api.w.org\/{rel}","templated":true}]}}