{"id":18954,"date":"2021-10-13T11:18:41","date_gmt":"2021-10-13T10:18:41","guid":{"rendered":"https:\/\/www.agradocosmetic.com\/?p=18954"},"modified":"2023-11-18T16:58:52","modified_gmt":"2023-11-18T16:58:52","slug":"3-mascarillas-para-recuperar-tu-pelo-tras-el-verano","status":"publish","type":"post","link":"https:\/\/agradocosmetic.com\/en\/3-mascarillas-para-recuperar-tu-pelo-tras-el-verano\/","title":{"rendered":"3 masks to recover your hair after the summer"},"content":{"rendered":"<p>We are already in the middle of autumn and it seems that summer is very far away, but surely your hair is still suffering the ravages of the sun, salt or chlorine, and is crying out for a rescue. If you&#039;re not in the mood to cut corners... don&#039;t worry, it&#039;s not necessary! With a good care routine and choosing the perfect mask according to your needs, you will be able to recover the healthy hair you want. Today we recommend the 3 perfect masks to recover your hair after the summer, keep reading and choose the most suitable one for you!<\/p>\r\n\r\n\r\n\r\n<p>Mask Repair<\/p>\r\n\r\n\r\n\r\n<p>The<a href=\"https:\/\/agradocosmetic.com\/en\/producto\/mascarilla-reparadora\/\" target=\"_blank\" rel=\"noreferrer noopener\"> <strong>Agrado Repair Hair Mask<\/strong><\/a> It is indicated for damaged and dull hair, devitalized after two long months of summer. Its silk proteins <strong>They help repair the fiber cuticle, giving your hair the softness and vitality it needs.<\/strong> It also contains collagen that nourishes and gives elasticity, obtaining hair with a dazzling shine.<\/p>\r\n\r\n\r\n\r\n<p>Nutrition Mask<\/p>\r\n\r\n\r\n\r\n<p>If your hair is dry, brittle and lifeless, your winning horse will be <strong><a href=\"https:\/\/agradocosmetic.com\/en\/producto\/mascarilla-nutritiva\/\" target=\"_blank\" rel=\"noreferrer noopener\">Agrado Nutrition Hair Mask<\/a><\/strong>. It contains wheat germ that deeply hydrates the roots, providing shine and vitality to the hair. It is also perfect for protecting your hair from future damage, since its keratin content increases resistance to breakage and strengthens it. <strong>Softens, nourishes, repairs and protects<\/strong> Perfect to get your hair back after the summer!<\/p>\r\n\r\n\r\n\r\n<p>Colortherapy Mask<\/p>\r\n\r\n\r\n\r\n<p>Things change when we talk about dyed or highlighted hair, in this case it is essential to maintain a routine both during and after the summer. The <a href=\"https:\/\/agradocosmetic.com\/en\/linea\/colorterapia\/\" target=\"_blank\" rel=\"noreferrer noopener\">Agrado Colortherapy line<\/a> It is perfect to help you with your homework, and its <strong><a href=\"https:\/\/agradocosmetic.com\/en\/producto\/mascarilla-colorterapia\/\" target=\"_blank\" rel=\"noreferrer noopener\">Colortherapy hair mask<\/a><\/strong> will put the finishing touch on it. Contains Provitamin B5 (Panthenol) that hydrates and <strong>strengthens the hair follicle, seals the hair and protects it from humidity and natural agents<\/strong>. Thus, with its daily use you will be able to soften your hair, fill it with shine and <strong>keep the color as the first day<\/strong>.<\/p>\r\n\r\n\r\n\r\n<p>Choose the one that best suits your needs and apply it after each wash to damp hair and let it act for 2-3 minutes before rinsing. You can also apply it and leave it on for 2 hours to get a deeper action once a month. Now that you have the tools to recover your hair after the summer, don&#039;t hesitate to put it into practice!<\/p>","protected":false},"excerpt":{"rendered":"<p>Ya estamos en pleno oto\u00f1o y parece que el verano queda muy lejos, pero seguro que tu pelo a\u00fan est\u00e1 sufriendo los estragos del sol, la sal o el cloro, y pide a gritos un rescate. Si no est\u00e1s por la labor de cortar por lo sano\u2026 tranquila, \u00a1no es necesario! Con una buena rutina [&hellip;]<\/p>\n","protected":false},"author":9,"featured_media":21307,"comment_status":"open","ping_status":"closed","sticky":false,"template":"","format":"standard","meta":{"footnotes":"","_wp_rev_ctl_limit":""},"categories":[128,1],"tags":[],"class_list":["post-18954","post","type-post","status-publish","format-standard","has-post-thumbnail","hentry","category-capilar","category-todos"],"yoast_head":"<!-- This site is optimized with the Yoast SEO plugin v27.4 - https:\/\/yoast.com\/product\/yoast-seo-wordpress\/ -->\n<title>3 mascarillas para recuperar el pelo tras el verano | Agrado Cosmetic<\/title>\n<meta name=\"description\" content=\"\u00bfSabes c\u00f3mo recuperar el pelo tras el verano de sol, sal y cloro? \u00a1Te recomendamos el mejor tratamiento seg\u00fan tus necesidades!\" \/>\n<meta name=\"robots\" content=\"index, follow, max-snippet:-1, max-image-preview:large, max-video-preview:-1\" \/>\n<link rel=\"canonical\" href=\"https:\/\/agradocosmetic.com\/en\/3-mascarillas-para-recuperar-tu-pelo-tras-el-verano\/\" \/>\n<meta property=\"og:locale\" content=\"en_GB\" \/>\n<meta property=\"og:type\" content=\"article\" \/>\n<meta property=\"og:title\" content=\"3 mascarillas para recuperar el pelo tras el verano | Agrado Cosmetic\" \/>\n<meta property=\"og:description\" content=\"\u00bfSabes c\u00f3mo recuperar el pelo tras el verano de sol, sal y cloro? \u00a1Te recomendamos el mejor tratamiento seg\u00fan tus necesidades!\" \/>\n<meta property=\"og:url\" content=\"https:\/\/agradocosmetic.com\/en\/3-mascarillas-para-recuperar-tu-pelo-tras-el-verano\/\" \/>\n<meta property=\"og:site_name\" content=\"Agrado\" \/>\n<meta property=\"article:published_time\" content=\"2021-10-13T10:18:41+00:00\" \/>\n<meta property=\"article:modified_time\" content=\"2023-11-18T16:58:52+00:00\" \/>\n<meta property=\"og:image\" content=\"https:\/\/agradocosmetic.com\/wp-content\/uploads\/2021\/10\/mascarilla-profesional-agrado.jpg\" \/>\n\t<meta property=\"og:image:width\" content=\"1200\" \/>\n\t<meta property=\"og:image:height\" content=\"800\" \/>\n\t<meta property=\"og:image:type\" content=\"image\/jpeg\" \/>\n<meta name=\"author\" content=\"agradocosmetic\" \/>\n<meta name=\"twitter:card\" content=\"summary_large_image\" \/>\n<meta name=\"twitter:label1\" content=\"Written by\" \/>\n\t<meta name=\"twitter:data1\" content=\"agradocosmetic\" \/>\n\t<meta name=\"twitter:label2\" content=\"Estimated reading time\" \/>\n\t<meta name=\"twitter:data2\" content=\"2 minutes\" \/>\n<script type=\"application\/ld+json\" class=\"yoast-schema-graph\">{\"@context\":\"https:\\\/\\\/schema.org\",\"@graph\":[{\"@type\":\"Article\",\"@id\":\"https:\\\/\\\/agradocosmetic.com\\\/3-mascarillas-para-recuperar-tu-pelo-tras-el-verano\\\/#article\",\"isPartOf\":{\"@id\":\"https:\\\/\\\/agradocosmetic.com\\\/3-mascarillas-para-recuperar-tu-pelo-tras-el-verano\\\/\"},\"author\":{\"name\":\"agradocosmetic\",\"@id\":\"https:\\\/\\\/agradocosmetic.com\\\/#\\\/schema\\\/person\\\/732e8d396022e25f9340196f83d6789d\"},\"headline\":\"3 mascarillas para recuperar tu pelo tras el verano\",\"datePublished\":\"2021-10-13T10:18:41+00:00\",\"dateModified\":\"2023-11-18T16:58:52+00:00\",\"mainEntityOfPage\":{\"@id\":\"https:\\\/\\\/agradocosmetic.com\\\/3-mascarillas-para-recuperar-tu-pelo-tras-el-verano\\\/\"},\"wordCount\":432,\"commentCount\":0,\"publisher\":{\"@id\":\"https:\\\/\\\/agradocosmetic.com\\\/#organization\"},\"image\":{\"@id\":\"https:\\\/\\\/agradocosmetic.com\\\/3-mascarillas-para-recuperar-tu-pelo-tras-el-verano\\\/#primaryimage\"},\"thumbnailUrl\":\"https:\\\/\\\/agradocosmetic.com\\\/wp-content\\\/uploads\\\/2021\\\/10\\\/mascarilla-profesional-agrado.jpg\",\"articleSection\":[\"Capilar\",\"Todos\"],\"inLanguage\":\"en-GB\",\"potentialAction\":[{\"@type\":\"CommentAction\",\"name\":\"Comment\",\"target\":[\"https:\\\/\\\/agradocosmetic.com\\\/3-mascarillas-para-recuperar-tu-pelo-tras-el-verano\\\/#respond\"]}]},{\"@type\":\"WebPage\",\"@id\":\"https:\\\/\\\/agradocosmetic.com\\\/3-mascarillas-para-recuperar-tu-pelo-tras-el-verano\\\/\",\"url\":\"https:\\\/\\\/agradocosmetic.com\\\/3-mascarillas-para-recuperar-tu-pelo-tras-el-verano\\\/\",\"name\":\"3 mascarillas para recuperar el pelo tras el verano | Agrado Cosmetic\",\"isPartOf\":{\"@id\":\"https:\\\/\\\/agradocosmetic.com\\\/#website\"},\"primaryImageOfPage\":{\"@id\":\"https:\\\/\\\/agradocosmetic.com\\\/3-mascarillas-para-recuperar-tu-pelo-tras-el-verano\\\/#primaryimage\"},\"image\":{\"@id\":\"https:\\\/\\\/agradocosmetic.com\\\/3-mascarillas-para-recuperar-tu-pelo-tras-el-verano\\\/#primaryimage\"},\"thumbnailUrl\":\"https:\\\/\\\/agradocosmetic.com\\\/wp-content\\\/uploads\\\/2021\\\/10\\\/mascarilla-profesional-agrado.jpg\",\"datePublished\":\"2021-10-13T10:18:41+00:00\",\"dateModified\":\"2023-11-18T16:58:52+00:00\",\"description\":\"\u00bfSabes c\u00f3mo recuperar el pelo tras el verano de sol, sal y cloro? \u00a1Te recomendamos el mejor tratamiento seg\u00fan tus necesidades!\",\"breadcrumb\":{\"@id\":\"https:\\\/\\\/agradocosmetic.com\\\/3-mascarillas-para-recuperar-tu-pelo-tras-el-verano\\\/#breadcrumb\"},\"inLanguage\":\"en-GB\",\"potentialAction\":[{\"@type\":\"ReadAction\",\"target\":[\"https:\\\/\\\/agradocosmetic.com\\\/3-mascarillas-para-recuperar-tu-pelo-tras-el-verano\\\/\"]}]},{\"@type\":\"ImageObject\",\"inLanguage\":\"en-GB\",\"@id\":\"https:\\\/\\\/agradocosmetic.com\\\/3-mascarillas-para-recuperar-tu-pelo-tras-el-verano\\\/#primaryimage\",\"url\":\"https:\\\/\\\/agradocosmetic.com\\\/wp-content\\\/uploads\\\/2021\\\/10\\\/mascarilla-profesional-agrado.jpg\",\"contentUrl\":\"https:\\\/\\\/agradocosmetic.com\\\/wp-content\\\/uploads\\\/2021\\\/10\\\/mascarilla-profesional-agrado.jpg\",\"width\":1200,\"height\":800},{\"@type\":\"BreadcrumbList\",\"@id\":\"https:\\\/\\\/agradocosmetic.com\\\/3-mascarillas-para-recuperar-tu-pelo-tras-el-verano\\\/#breadcrumb\",\"itemListElement\":[{\"@type\":\"ListItem\",\"position\":1,\"name\":\"Portada\",\"item\":\"https:\\\/\\\/agradocosmetic.com\\\/\"},{\"@type\":\"ListItem\",\"position\":2,\"name\":\"3 mascarillas para recuperar tu pelo tras el verano\"}]},{\"@type\":\"WebSite\",\"@id\":\"https:\\\/\\\/agradocosmetic.com\\\/#website\",\"url\":\"https:\\\/\\\/agradocosmetic.com\\\/\",\"name\":\"Agrado\",\"description\":\"Cosmetic\",\"publisher\":{\"@id\":\"https:\\\/\\\/agradocosmetic.com\\\/#organization\"},\"potentialAction\":[{\"@type\":\"SearchAction\",\"target\":{\"@type\":\"EntryPoint\",\"urlTemplate\":\"https:\\\/\\\/agradocosmetic.com\\\/?s={search_term_string}\"},\"query-input\":{\"@type\":\"PropertyValueSpecification\",\"valueRequired\":true,\"valueName\":\"search_term_string\"}}],\"inLanguage\":\"en-GB\"},{\"@type\":\"Organization\",\"@id\":\"https:\\\/\\\/agradocosmetic.com\\\/#organization\",\"name\":\"Agrado\",\"url\":\"https:\\\/\\\/agradocosmetic.com\\\/\",\"logo\":{\"@type\":\"ImageObject\",\"inLanguage\":\"en-GB\",\"@id\":\"https:\\\/\\\/agradocosmetic.com\\\/#\\\/schema\\\/logo\\\/image\\\/\",\"url\":\"https:\\\/\\\/agradocosmetic.com\\\/wp-content\\\/uploads\\\/2023\\\/07\\\/LOGO-AGRADO-WEB-01.png\",\"contentUrl\":\"https:\\\/\\\/agradocosmetic.com\\\/wp-content\\\/uploads\\\/2023\\\/07\\\/LOGO-AGRADO-WEB-01.png\",\"width\":1632,\"height\":300,\"caption\":\"Agrado\"},\"image\":{\"@id\":\"https:\\\/\\\/agradocosmetic.com\\\/#\\\/schema\\\/logo\\\/image\\\/\"}},{\"@type\":\"Person\",\"@id\":\"https:\\\/\\\/agradocosmetic.com\\\/#\\\/schema\\\/person\\\/732e8d396022e25f9340196f83d6789d\",\"name\":\"agradocosmetic\",\"image\":{\"@type\":\"ImageObject\",\"inLanguage\":\"en-GB\",\"@id\":\"https:\\\/\\\/secure.gravatar.com\\\/avatar\\\/c6003e45301182b7e125463fcbec403b1980909c12edf09098526b9a15e779c0?s=96&d=mm&r=g\",\"url\":\"https:\\\/\\\/secure.gravatar.com\\\/avatar\\\/c6003e45301182b7e125463fcbec403b1980909c12edf09098526b9a15e779c0?s=96&d=mm&r=g\",\"contentUrl\":\"https:\\\/\\\/secure.gravatar.com\\\/avatar\\\/c6003e45301182b7e125463fcbec403b1980909c12edf09098526b9a15e779c0?s=96&d=mm&r=g\",\"caption\":\"agradocosmetic\"}}]}<\/script>\n<!-- \/ Yoast SEO plugin. -->","yoast_head_json":{"title":"3 mascarillas para recuperar el pelo tras el verano | Agrado Cosmetic","description":"\u00bfSabes c\u00f3mo recuperar el pelo tras el verano de sol, sal y cloro? \u00a1Te recomendamos el mejor tratamiento seg\u00fan tus necesidades!","robots":{"index":"index","follow":"follow","max-snippet":"max-snippet:-1","max-image-preview":"max-image-preview:large","max-video-preview":"max-video-preview:-1"},"canonical":"https:\/\/agradocosmetic.com\/en\/3-mascarillas-para-recuperar-tu-pelo-tras-el-verano\/","og_locale":"en_GB","og_type":"article","og_title":"3 mascarillas para recuperar el pelo tras el verano | Agrado Cosmetic","og_description":"\u00bfSabes c\u00f3mo recuperar el pelo tras el verano de sol, sal y cloro? \u00a1Te recomendamos el mejor tratamiento seg\u00fan tus necesidades!","og_url":"https:\/\/agradocosmetic.com\/en\/3-mascarillas-para-recuperar-tu-pelo-tras-el-verano\/","og_site_name":"Agrado","article_published_time":"2021-10-13T10:18:41+00:00","article_modified_time":"2023-11-18T16:58:52+00:00","og_image":[{"width":1200,"height":800,"url":"https:\/\/agradocosmetic.com\/wp-content\/uploads\/2021\/10\/mascarilla-profesional-agrado.jpg","type":"image\/jpeg"}],"author":"agradocosmetic","twitter_card":"summary_large_image","twitter_misc":{"Written by":"agradocosmetic","Estimated reading time":"2 minutes"},"schema":{"@context":"https:\/\/schema.org","@graph":[{"@type":"Article","@id":"https:\/\/agradocosmetic.com\/3-mascarillas-para-recuperar-tu-pelo-tras-el-verano\/#article","isPartOf":{"@id":"https:\/\/agradocosmetic.com\/3-mascarillas-para-recuperar-tu-pelo-tras-el-verano\/"},"author":{"name":"agradocosmetic","@id":"https:\/\/agradocosmetic.com\/#\/schema\/person\/732e8d396022e25f9340196f83d6789d"},"headline":"3 mascarillas para recuperar tu pelo tras el verano","datePublished":"2021-10-13T10:18:41+00:00","dateModified":"2023-11-18T16:58:52+00:00","mainEntityOfPage":{"@id":"https:\/\/agradocosmetic.com\/3-mascarillas-para-recuperar-tu-pelo-tras-el-verano\/"},"wordCount":432,"commentCount":0,"publisher":{"@id":"https:\/\/agradocosmetic.com\/#organization"},"image":{"@id":"https:\/\/agradocosmetic.com\/3-mascarillas-para-recuperar-tu-pelo-tras-el-verano\/#primaryimage"},"thumbnailUrl":"https:\/\/agradocosmetic.com\/wp-content\/uploads\/2021\/10\/mascarilla-profesional-agrado.jpg","articleSection":["Capilar","Todos"],"inLanguage":"en-GB","potentialAction":[{"@type":"CommentAction","name":"Comment","target":["https:\/\/agradocosmetic.com\/3-mascarillas-para-recuperar-tu-pelo-tras-el-verano\/#respond"]}]},{"@type":"WebPage","@id":"https:\/\/agradocosmetic.com\/3-mascarillas-para-recuperar-tu-pelo-tras-el-verano\/","url":"https:\/\/agradocosmetic.com\/3-mascarillas-para-recuperar-tu-pelo-tras-el-verano\/","name":"3 mascarillas para recuperar el pelo tras el verano | Agrado Cosmetic","isPartOf":{"@id":"https:\/\/agradocosmetic.com\/#website"},"primaryImageOfPage":{"@id":"https:\/\/agradocosmetic.com\/3-mascarillas-para-recuperar-tu-pelo-tras-el-verano\/#primaryimage"},"image":{"@id":"https:\/\/agradocosmetic.com\/3-mascarillas-para-recuperar-tu-pelo-tras-el-verano\/#primaryimage"},"thumbnailUrl":"https:\/\/agradocosmetic.com\/wp-content\/uploads\/2021\/10\/mascarilla-profesional-agrado.jpg","datePublished":"2021-10-13T10:18:41+00:00","dateModified":"2023-11-18T16:58:52+00:00","description":"\u00bfSabes c\u00f3mo recuperar el pelo tras el verano de sol, sal y cloro? \u00a1Te recomendamos el mejor tratamiento seg\u00fan tus necesidades!","breadcrumb":{"@id":"https:\/\/agradocosmetic.com\/3-mascarillas-para-recuperar-tu-pelo-tras-el-verano\/#breadcrumb"},"inLanguage":"en-GB","potentialAction":[{"@type":"ReadAction","target":["https:\/\/agradocosmetic.com\/3-mascarillas-para-recuperar-tu-pelo-tras-el-verano\/"]}]},{"@type":"ImageObject","inLanguage":"en-GB","@id":"https:\/\/agradocosmetic.com\/3-mascarillas-para-recuperar-tu-pelo-tras-el-verano\/#primaryimage","url":"https:\/\/agradocosmetic.com\/wp-content\/uploads\/2021\/10\/mascarilla-profesional-agrado.jpg","contentUrl":"https:\/\/agradocosmetic.com\/wp-content\/uploads\/2021\/10\/mascarilla-profesional-agrado.jpg","width":1200,"height":800},{"@type":"BreadcrumbList","@id":"https:\/\/agradocosmetic.com\/3-mascarillas-para-recuperar-tu-pelo-tras-el-verano\/#breadcrumb","itemListElement":[{"@type":"ListItem","position":1,"name":"Portada","item":"https:\/\/agradocosmetic.com\/"},{"@type":"ListItem","position":2,"name":"3 mascarillas para recuperar tu pelo tras el verano"}]},{"@type":"WebSite","@id":"https:\/\/agradocosmetic.com\/#website","url":"https:\/\/agradocosmetic.com\/","name":"Liking","description":"cosmetic","publisher":{"@id":"https:\/\/agradocosmetic.com\/#organization"},"potentialAction":[{"@type":"SearchAction","target":{"@type":"EntryPoint","urlTemplate":"https:\/\/agradocosmetic.com\/?s={search_term_string}"},"query-input":{"@type":"PropertyValueSpecification","valueRequired":true,"valueName":"search_term_string"}}],"inLanguage":"en-GB"},{"@type":"Organization","@id":"https:\/\/agradocosmetic.com\/#organization","name":"Liking","url":"https:\/\/agradocosmetic.com\/","logo":{"@type":"ImageObject","inLanguage":"en-GB","@id":"https:\/\/agradocosmetic.com\/#\/schema\/logo\/image\/","url":"https:\/\/agradocosmetic.com\/wp-content\/uploads\/2023\/07\/LOGO-AGRADO-WEB-01.png","contentUrl":"https:\/\/agradocosmetic.com\/wp-content\/uploads\/2023\/07\/LOGO-AGRADO-WEB-01.png","width":1632,"height":300,"caption":"Agrado"},"image":{"@id":"https:\/\/agradocosmetic.com\/#\/schema\/logo\/image\/"}},{"@type":"Person","@id":"https:\/\/agradocosmetic.com\/#\/schema\/person\/732e8d396022e25f9340196f83d6789d","name":"agradocosmetic","image":{"@type":"ImageObject","inLanguage":"en-GB","@id":"https:\/\/secure.gravatar.com\/avatar\/c6003e45301182b7e125463fcbec403b1980909c12edf09098526b9a15e779c0?s=96&d=mm&r=g","url":"https:\/\/secure.gravatar.com\/avatar\/c6003e45301182b7e125463fcbec403b1980909c12edf09098526b9a15e779c0?s=96&d=mm&r=g","contentUrl":"https:\/\/secure.gravatar.com\/avatar\/c6003e45301182b7e125463fcbec403b1980909c12edf09098526b9a15e779c0?s=96&d=mm&r=g","caption":"agradocosmetic"}}]}},"_links":{"self":[{"href":"https:\/\/agradocosmetic.com\/en\/wp-json\/wp\/v2\/posts\/18954","targetHints":{"allow":["GET"]}}],"collection":[{"href":"https:\/\/agradocosmetic.com\/en\/wp-json\/wp\/v2\/posts"}],"about":[{"href":"https:\/\/agradocosmetic.com\/en\/wp-json\/wp\/v2\/types\/post"}],"author":[{"embeddable":true,"href":"https:\/\/agradocosmetic.com\/en\/wp-json\/wp\/v2\/users\/9"}],"replies":[{"embeddable":true,"href":"https:\/\/agradocosmetic.com\/en\/wp-json\/wp\/v2\/comments?post=18954"}],"version-history":[{"count":1,"href":"https:\/\/agradocosmetic.com\/en\/wp-json\/wp\/v2\/posts\/18954\/revisions"}],"predecessor-version":[{"id":21308,"href":"https:\/\/agradocosmetic.com\/en\/wp-json\/wp\/v2\/posts\/18954\/revisions\/21308"}],"wp:featuredmedia":[{"embeddable":true,"href":"https:\/\/agradocosmetic.com\/en\/wp-json\/wp\/v2\/media\/21307"}],"wp:attachment":[{"href":"https:\/\/agradocosmetic.com\/en\/wp-json\/wp\/v2\/media?parent=18954"}],"wp:term":[{"taxonomy":"category","embeddable":true,"href":"https:\/\/agradocosmetic.com\/en\/wp-json\/wp\/v2\/categories?post=18954"},{"taxonomy":"post_tag","embeddable":true,"href":"https:\/\/agradocosmetic.com\/en\/wp-json\/wp\/v2\/tags?post=18954"}],"curies":[{"name":"wp","href":"https:\/\/api.w.org\/{rel}","templated":true}]}}