{"id":19289,"date":"2022-01-12T09:20:29","date_gmt":"2022-01-12T08:20:29","guid":{"rendered":"https:\/\/www.agradocosmetic.com\/?p=19289"},"modified":"2023-11-18T16:58:51","modified_gmt":"2023-11-18T16:58:51","slug":"dime-como-eres-y-te-dire-cual-es-tu-gel-de-bano","status":"publish","type":"post","link":"https:\/\/agradocosmetic.com\/en\/dime-como-eres-y-te-dire-cual-es-tu-gel-de-bano\/","title":{"rendered":"Tell me what you are like and I will tell you what your shower gel is"},"content":{"rendered":"<p>Shower time is essential in our daily lives, although sometimes we underestimate it.<strong> It is not only about cleansing and body hygiene, but also about relaxation and care for our skin.<\/strong>. Spending that moment relaxing and connecting with ourselves will help us start or end the day calmly and well-being. And to do this, we need a shower gel adapted to our tastes and needs, which helps us obtain a complete experience.<\/p>\r\n\r\n\r\n\r\n<p>At Agrado Cosmetic we have been experts in skin care for years, and that is why we have a wide range to cover different skin needs and tastes. We know that sometimes the choice can be difficult, that is why in this post we help you discover <strong>what is the perfect shower gel for you<\/strong> with a fun test. Ready?<\/p>\r\n\r\n\r\n\r\n<ol class=\"wp-block-list\">\r\n<li>\u00a0When it comes to a body wash, the first thing you should take into account is your skin type:<\/li>\r\n<\/ol>\r\n\r\n\r\n\r\n<p>A. Dry skin<br \/>B. Sensitive skin<br \/>C. Combination skin<br \/>D. Normal skin<\/p>\r\n\r\n\r\n\r\n<ol class=\"wp-block-list\" start=\"2\">\r\n<li>What are you looking for in a body wash apart from deep cleaning?<\/li>\r\n<\/ol>\r\n\r\n\r\n\r\n<p>A. Hydration<br \/>B. Protection for my skin <br \/>C. Extra softness<br \/>D. A good perfume<\/p>\r\n\r\n\r\n\r\n<ol class=\"wp-block-list\" start=\"3\">\r\n<li>How much time do you dedicate to your showers?<\/li>\r\n<\/ol>\r\n\r\n\r\n\r\n<p>A. Express shower, in 5 minutes I&#039;m ready<br \/>B. I take my time, but I don&#039;t spend more than 15 minutes<br \/>C. Bubble bath (with candles included)<br \/>D. Home spa. My moment of relaxation!<\/p>\r\n\r\n\r\n\r\n<ol class=\"wp-block-list\" start=\"4\">\r\n<li>What aromas do you like in a shower gel?<\/li>\r\n<\/ol>\r\n\r\n\r\n\r\n<p>A. Soft and delicate<br \/>B. Fresh and revitalizing<br \/>C. Citrus and refreshing<br \/>D. Sweet and powerful<\/p>\r\n\r\n\r\n\r\n\r\n\r\n<h5 class=\"wp-block-heading\"><strong>MAJORITY OF A:<\/strong><\/h5>\r\n\r\n\r\n\r\n<p><em><a href=\"https:\/\/agradocosmetic.com\/en\/producto\/gel-bano-ducha-rosa-mosqueta-2\/\" target=\"_blank\" rel=\"noreferrer noopener\">Rosehip bath and shower gel<\/a><\/em><\/p>\r\n\r\n\r\n\r\n<p>This gel keeps your skin perfectly hydrated and gives it a surprising dose of vitality. It enters through smell, passes through touch and, best of all, stays on your skin through deep nutrition. It&#039;s just what you need!\u00a0<\/p>\r\n\r\n\r\n\r\n<h5 class=\"wp-block-heading\"><strong>MAJORITY OF B:<\/strong><\/h5>\r\n\r\n\r\n\r\n<p><em><a href=\"https:\/\/agradocosmetic.com\/en\/producto\/gel-micelar-bano-ducha-pieles-atopicas\/\" target=\"_blank\" rel=\"noreferrer noopener\">Bath and shower gel for atopic skin<\/a><\/em><\/p>\r\n\r\n\r\n\r\n<p>Formulated for the daily hygiene of sensitive and atopic skin, this shower gel is addictive. Its micellar formula does not contain soap and has been dermatologically tested to leave the skin extremely soft without damaging it. So delicate the whole family can use it!<\/p>\r\n\r\n\r\n\r\n<h5 class=\"wp-block-heading\"><strong>MAJORITY OF C:<\/strong><\/h5>\r\n\r\n\r\n\r\n<p><em><a href=\"https:\/\/agradocosmetic.com\/en\/producto\/gel-de-bano-y-ducha-mediterraneo\/\" target=\"_blank\" rel=\"noreferrer noopener\">Mediterranean bath and shower gel<\/a><\/em><\/p>\r\n\r\n\r\n\r\n<p>With its citrus aromas, typical of the Mediterranean, this shower gel is crowned as the perfect choice to enter the privacy of your shower. A trick? Let it act on the skin for a few minutes while massaging it to enhance its effects. Extra hydration so that your skin is super soft, revitalized and renewed. Irresistible!<\/p>\r\n\r\n\r\n\r\n<h5 class=\"wp-block-heading\"><strong>MAJORITY OF D:<\/strong><\/h5>\r\n\r\n\r\n\r\n<p><em><a href=\"https:\/\/agradocosmetic.com\/en\/producto\/gel-de-bano-y-ducha-oriental\/\" target=\"_blank\" rel=\"noreferrer noopener\">Oriental bath and shower gel<\/a><\/em><\/p>\r\n\r\n\r\n\r\n<p>Within the new AGRADO World Gels line, the Oriental Bath and Shower Gel takes you to Asia with its delicious cherry blossom smell, the perfect combination of peace and seduction. If you are looking for a deep, moisturizing cleansing that leaves a very rich aroma on your skin, this is your winning formula.\u00a0<\/p>\r\n\r\n\r\n\r\n<p>Now that you know which is the perfect shower gel for you, don&#039;t hesitate any longer and<strong> Pamper your skin in the best way with AGRADO COSMETIC.<\/strong><\/p>","protected":false},"excerpt":{"rendered":"<p>El momento de la ducha es imprescindible en nuestra vida cotidiana, aunque a veces lo subestimemos. No solo se trata de limpieza e higiene corporal, sino tambi\u00e9n de relax y cuidado para nuestra piel. Destinar ese momento a relajarnos y conectar con nosotros mismos nos ayudar\u00e1 a iniciar o terminar el d\u00eda con calma y [&hellip;]<\/p>\n","protected":false},"author":9,"featured_media":21296,"comment_status":"open","ping_status":"closed","sticky":false,"template":"","format":"standard","meta":{"footnotes":"","_wp_rev_ctl_limit":""},"categories":[149,117,1],"tags":[126,375,289,360,376,377,378,205],"class_list":["post-19289","post","type-post","status-publish","format-standard","has-post-thumbnail","hentry","category-corporal","category-higiene","category-todos","tag-agrado","tag-cuidado-corporal","tag-cuidado-de-la-piel","tag-gel-de-bano","tag-gel-de-ducha","tag-gel-para-pieles-atopicas","tag-gel-para-pieles-sensibles","tag-hidratacion"],"yoast_head":"<!-- This site is optimized with the Yoast SEO plugin v27.4 - https:\/\/yoast.com\/product\/yoast-seo-wordpress\/ -->\n<title>Dime c\u00f3mo eres y te dir\u00e9 cu\u00e1l es tu gel de ba\u00f1o - Agrado Cosmetic<\/title>\n<meta name=\"description\" content=\"\u00bfQuieres saber cu\u00e1l es el gel de ba\u00f1o perfecto para ti y tu piel? \u00a1Desc\u00fabrelo ahora con nuestro divertido test!\" \/>\n<meta name=\"robots\" content=\"index, follow, max-snippet:-1, max-image-preview:large, max-video-preview:-1\" \/>\n<link rel=\"canonical\" href=\"https:\/\/agradocosmetic.com\/en\/dime-como-eres-y-te-dire-cual-es-tu-gel-de-bano\/\" \/>\n<meta property=\"og:locale\" content=\"en_GB\" \/>\n<meta property=\"og:type\" content=\"article\" \/>\n<meta property=\"og:title\" content=\"Dime c\u00f3mo eres y te dir\u00e9 cu\u00e1l es tu gel de ba\u00f1o - Agrado Cosmetic\" \/>\n<meta property=\"og:description\" content=\"\u00bfQuieres saber cu\u00e1l es el gel de ba\u00f1o perfecto para ti y tu piel? \u00a1Desc\u00fabrelo ahora con nuestro divertido test!\" \/>\n<meta property=\"og:url\" content=\"https:\/\/agradocosmetic.com\/en\/dime-como-eres-y-te-dire-cual-es-tu-gel-de-bano\/\" \/>\n<meta property=\"og:site_name\" content=\"Agrado\" \/>\n<meta property=\"article:published_time\" content=\"2022-01-12T08:20:29+00:00\" \/>\n<meta property=\"article:modified_time\" content=\"2023-11-18T16:58:51+00:00\" \/>\n<meta property=\"og:image\" content=\"https:\/\/agradocosmetic.com\/wp-content\/uploads\/2022\/01\/gel-de-bano-agrado.jpg\" \/>\n\t<meta property=\"og:image:width\" content=\"1200\" \/>\n\t<meta property=\"og:image:height\" content=\"800\" \/>\n\t<meta property=\"og:image:type\" content=\"image\/jpeg\" \/>\n<meta name=\"author\" content=\"agradocosmetic\" \/>\n<meta name=\"twitter:card\" content=\"summary_large_image\" \/>\n<meta name=\"twitter:label1\" content=\"Written by\" \/>\n\t<meta name=\"twitter:data1\" content=\"agradocosmetic\" \/>\n\t<meta name=\"twitter:label2\" content=\"Estimated reading time\" \/>\n\t<meta name=\"twitter:data2\" content=\"3 minutes\" \/>\n<script type=\"application\/ld+json\" class=\"yoast-schema-graph\">{\"@context\":\"https:\\\/\\\/schema.org\",\"@graph\":[{\"@type\":\"Article\",\"@id\":\"https:\\\/\\\/agradocosmetic.com\\\/fr\\\/dime-como-eres-y-te-dire-cual-es-tu-gel-de-bano\\\/#article\",\"isPartOf\":{\"@id\":\"https:\\\/\\\/agradocosmetic.com\\\/fr\\\/dime-como-eres-y-te-dire-cual-es-tu-gel-de-bano\\\/\"},\"author\":{\"name\":\"agradocosmetic\",\"@id\":\"https:\\\/\\\/agradocosmetic.com\\\/#\\\/schema\\\/person\\\/732e8d396022e25f9340196f83d6789d\"},\"headline\":\"Dime c\u00f3mo eres y te dir\u00e9 cu\u00e1l es tu gel de ba\u00f1o\",\"datePublished\":\"2022-01-12T08:20:29+00:00\",\"dateModified\":\"2023-11-18T16:58:51+00:00\",\"mainEntityOfPage\":{\"@id\":\"https:\\\/\\\/agradocosmetic.com\\\/fr\\\/dime-como-eres-y-te-dire-cual-es-tu-gel-de-bano\\\/\"},\"wordCount\":589,\"commentCount\":0,\"publisher\":{\"@id\":\"https:\\\/\\\/agradocosmetic.com\\\/#organization\"},\"image\":{\"@id\":\"https:\\\/\\\/agradocosmetic.com\\\/fr\\\/dime-como-eres-y-te-dire-cual-es-tu-gel-de-bano\\\/#primaryimage\"},\"thumbnailUrl\":\"https:\\\/\\\/agradocosmetic.com\\\/wp-content\\\/uploads\\\/2022\\\/01\\\/gel-de-bano-agrado.jpg\",\"keywords\":[\"agrado\",\"cuidado corporal\",\"cuidado de la piel\",\"gel de ba\u00f1o\",\"gel de ducha\",\"gel para pieles at\u00f3picas\",\"gel para pieles sensibles\",\"hidrataci\u00f3n\"],\"articleSection\":[\"Corporal\",\"Higiene\",\"Todos\"],\"inLanguage\":\"en-GB\",\"potentialAction\":[{\"@type\":\"CommentAction\",\"name\":\"Comment\",\"target\":[\"https:\\\/\\\/agradocosmetic.com\\\/fr\\\/dime-como-eres-y-te-dire-cual-es-tu-gel-de-bano\\\/#respond\"]}]},{\"@type\":\"WebPage\",\"@id\":\"https:\\\/\\\/agradocosmetic.com\\\/fr\\\/dime-como-eres-y-te-dire-cual-es-tu-gel-de-bano\\\/\",\"url\":\"https:\\\/\\\/agradocosmetic.com\\\/fr\\\/dime-como-eres-y-te-dire-cual-es-tu-gel-de-bano\\\/\",\"name\":\"Dime c\u00f3mo eres y te dir\u00e9 cu\u00e1l es tu gel de ba\u00f1o - Agrado Cosmetic\",\"isPartOf\":{\"@id\":\"https:\\\/\\\/agradocosmetic.com\\\/#website\"},\"primaryImageOfPage\":{\"@id\":\"https:\\\/\\\/agradocosmetic.com\\\/fr\\\/dime-como-eres-y-te-dire-cual-es-tu-gel-de-bano\\\/#primaryimage\"},\"image\":{\"@id\":\"https:\\\/\\\/agradocosmetic.com\\\/fr\\\/dime-como-eres-y-te-dire-cual-es-tu-gel-de-bano\\\/#primaryimage\"},\"thumbnailUrl\":\"https:\\\/\\\/agradocosmetic.com\\\/wp-content\\\/uploads\\\/2022\\\/01\\\/gel-de-bano-agrado.jpg\",\"datePublished\":\"2022-01-12T08:20:29+00:00\",\"dateModified\":\"2023-11-18T16:58:51+00:00\",\"description\":\"\u00bfQuieres saber cu\u00e1l es el gel de ba\u00f1o perfecto para ti y tu piel? \u00a1Desc\u00fabrelo ahora con nuestro divertido test!\",\"breadcrumb\":{\"@id\":\"https:\\\/\\\/agradocosmetic.com\\\/fr\\\/dime-como-eres-y-te-dire-cual-es-tu-gel-de-bano\\\/#breadcrumb\"},\"inLanguage\":\"en-GB\",\"potentialAction\":[{\"@type\":\"ReadAction\",\"target\":[\"https:\\\/\\\/agradocosmetic.com\\\/fr\\\/dime-como-eres-y-te-dire-cual-es-tu-gel-de-bano\\\/\"]}]},{\"@type\":\"ImageObject\",\"inLanguage\":\"en-GB\",\"@id\":\"https:\\\/\\\/agradocosmetic.com\\\/fr\\\/dime-como-eres-y-te-dire-cual-es-tu-gel-de-bano\\\/#primaryimage\",\"url\":\"https:\\\/\\\/agradocosmetic.com\\\/wp-content\\\/uploads\\\/2022\\\/01\\\/gel-de-bano-agrado.jpg\",\"contentUrl\":\"https:\\\/\\\/agradocosmetic.com\\\/wp-content\\\/uploads\\\/2022\\\/01\\\/gel-de-bano-agrado.jpg\",\"width\":1200,\"height\":800},{\"@type\":\"BreadcrumbList\",\"@id\":\"https:\\\/\\\/agradocosmetic.com\\\/fr\\\/dime-como-eres-y-te-dire-cual-es-tu-gel-de-bano\\\/#breadcrumb\",\"itemListElement\":[{\"@type\":\"ListItem\",\"position\":1,\"name\":\"Portada\",\"item\":\"https:\\\/\\\/agradocosmetic.com\\\/\"},{\"@type\":\"ListItem\",\"position\":2,\"name\":\"Dime c\u00f3mo eres y te dir\u00e9 cu\u00e1l es tu gel de ba\u00f1o\"}]},{\"@type\":\"WebSite\",\"@id\":\"https:\\\/\\\/agradocosmetic.com\\\/#website\",\"url\":\"https:\\\/\\\/agradocosmetic.com\\\/\",\"name\":\"Agrado\",\"description\":\"Cosmetic\",\"publisher\":{\"@id\":\"https:\\\/\\\/agradocosmetic.com\\\/#organization\"},\"potentialAction\":[{\"@type\":\"SearchAction\",\"target\":{\"@type\":\"EntryPoint\",\"urlTemplate\":\"https:\\\/\\\/agradocosmetic.com\\\/?s={search_term_string}\"},\"query-input\":{\"@type\":\"PropertyValueSpecification\",\"valueRequired\":true,\"valueName\":\"search_term_string\"}}],\"inLanguage\":\"en-GB\"},{\"@type\":\"Organization\",\"@id\":\"https:\\\/\\\/agradocosmetic.com\\\/#organization\",\"name\":\"Agrado\",\"url\":\"https:\\\/\\\/agradocosmetic.com\\\/\",\"logo\":{\"@type\":\"ImageObject\",\"inLanguage\":\"en-GB\",\"@id\":\"https:\\\/\\\/agradocosmetic.com\\\/#\\\/schema\\\/logo\\\/image\\\/\",\"url\":\"https:\\\/\\\/agradocosmetic.com\\\/wp-content\\\/uploads\\\/2023\\\/07\\\/LOGO-AGRADO-WEB-01.png\",\"contentUrl\":\"https:\\\/\\\/agradocosmetic.com\\\/wp-content\\\/uploads\\\/2023\\\/07\\\/LOGO-AGRADO-WEB-01.png\",\"width\":1632,\"height\":300,\"caption\":\"Agrado\"},\"image\":{\"@id\":\"https:\\\/\\\/agradocosmetic.com\\\/#\\\/schema\\\/logo\\\/image\\\/\"}},{\"@type\":\"Person\",\"@id\":\"https:\\\/\\\/agradocosmetic.com\\\/#\\\/schema\\\/person\\\/732e8d396022e25f9340196f83d6789d\",\"name\":\"agradocosmetic\",\"image\":{\"@type\":\"ImageObject\",\"inLanguage\":\"en-GB\",\"@id\":\"https:\\\/\\\/secure.gravatar.com\\\/avatar\\\/c6003e45301182b7e125463fcbec403b1980909c12edf09098526b9a15e779c0?s=96&d=mm&r=g\",\"url\":\"https:\\\/\\\/secure.gravatar.com\\\/avatar\\\/c6003e45301182b7e125463fcbec403b1980909c12edf09098526b9a15e779c0?s=96&d=mm&r=g\",\"contentUrl\":\"https:\\\/\\\/secure.gravatar.com\\\/avatar\\\/c6003e45301182b7e125463fcbec403b1980909c12edf09098526b9a15e779c0?s=96&d=mm&r=g\",\"caption\":\"agradocosmetic\"}}]}<\/script>\n<!-- \/ Yoast SEO plugin. -->","yoast_head_json":{"title":"Dime c\u00f3mo eres y te dir\u00e9 cu\u00e1l es tu gel de ba\u00f1o - Agrado Cosmetic","description":"\u00bfQuieres saber cu\u00e1l es el gel de ba\u00f1o perfecto para ti y tu piel? \u00a1Desc\u00fabrelo ahora con nuestro divertido test!","robots":{"index":"index","follow":"follow","max-snippet":"max-snippet:-1","max-image-preview":"max-image-preview:large","max-video-preview":"max-video-preview:-1"},"canonical":"https:\/\/agradocosmetic.com\/en\/dime-como-eres-y-te-dire-cual-es-tu-gel-de-bano\/","og_locale":"en_GB","og_type":"article","og_title":"Dime c\u00f3mo eres y te dir\u00e9 cu\u00e1l es tu gel de ba\u00f1o - Agrado Cosmetic","og_description":"\u00bfQuieres saber cu\u00e1l es el gel de ba\u00f1o perfecto para ti y tu piel? \u00a1Desc\u00fabrelo ahora con nuestro divertido test!","og_url":"https:\/\/agradocosmetic.com\/en\/dime-como-eres-y-te-dire-cual-es-tu-gel-de-bano\/","og_site_name":"Agrado","article_published_time":"2022-01-12T08:20:29+00:00","article_modified_time":"2023-11-18T16:58:51+00:00","og_image":[{"width":1200,"height":800,"url":"https:\/\/agradocosmetic.com\/wp-content\/uploads\/2022\/01\/gel-de-bano-agrado.jpg","type":"image\/jpeg"}],"author":"agradocosmetic","twitter_card":"summary_large_image","twitter_misc":{"Written by":"agradocosmetic","Estimated reading time":"3 minutes"},"schema":{"@context":"https:\/\/schema.org","@graph":[{"@type":"Article","@id":"https:\/\/agradocosmetic.com\/fr\/dime-como-eres-y-te-dire-cual-es-tu-gel-de-bano\/#article","isPartOf":{"@id":"https:\/\/agradocosmetic.com\/fr\/dime-como-eres-y-te-dire-cual-es-tu-gel-de-bano\/"},"author":{"name":"agradocosmetic","@id":"https:\/\/agradocosmetic.com\/#\/schema\/person\/732e8d396022e25f9340196f83d6789d"},"headline":"Dime c\u00f3mo eres y te dir\u00e9 cu\u00e1l es tu gel de ba\u00f1o","datePublished":"2022-01-12T08:20:29+00:00","dateModified":"2023-11-18T16:58:51+00:00","mainEntityOfPage":{"@id":"https:\/\/agradocosmetic.com\/fr\/dime-como-eres-y-te-dire-cual-es-tu-gel-de-bano\/"},"wordCount":589,"commentCount":0,"publisher":{"@id":"https:\/\/agradocosmetic.com\/#organization"},"image":{"@id":"https:\/\/agradocosmetic.com\/fr\/dime-como-eres-y-te-dire-cual-es-tu-gel-de-bano\/#primaryimage"},"thumbnailUrl":"https:\/\/agradocosmetic.com\/wp-content\/uploads\/2022\/01\/gel-de-bano-agrado.jpg","keywords":["agrado","cuidado corporal","cuidado de la piel","gel de ba\u00f1o","gel de ducha","gel para pieles at\u00f3picas","gel para pieles sensibles","hidrataci\u00f3n"],"articleSection":["Corporal","Higiene","Todos"],"inLanguage":"en-GB","potentialAction":[{"@type":"CommentAction","name":"Comment","target":["https:\/\/agradocosmetic.com\/fr\/dime-como-eres-y-te-dire-cual-es-tu-gel-de-bano\/#respond"]}]},{"@type":"WebPage","@id":"https:\/\/agradocosmetic.com\/fr\/dime-como-eres-y-te-dire-cual-es-tu-gel-de-bano\/","url":"https:\/\/agradocosmetic.com\/fr\/dime-como-eres-y-te-dire-cual-es-tu-gel-de-bano\/","name":"Dime c\u00f3mo eres y te dir\u00e9 cu\u00e1l es tu gel de ba\u00f1o - Agrado Cosmetic","isPartOf":{"@id":"https:\/\/agradocosmetic.com\/#website"},"primaryImageOfPage":{"@id":"https:\/\/agradocosmetic.com\/fr\/dime-como-eres-y-te-dire-cual-es-tu-gel-de-bano\/#primaryimage"},"image":{"@id":"https:\/\/agradocosmetic.com\/fr\/dime-como-eres-y-te-dire-cual-es-tu-gel-de-bano\/#primaryimage"},"thumbnailUrl":"https:\/\/agradocosmetic.com\/wp-content\/uploads\/2022\/01\/gel-de-bano-agrado.jpg","datePublished":"2022-01-12T08:20:29+00:00","dateModified":"2023-11-18T16:58:51+00:00","description":"\u00bfQuieres saber cu\u00e1l es el gel de ba\u00f1o perfecto para ti y tu piel? \u00a1Desc\u00fabrelo ahora con nuestro divertido test!","breadcrumb":{"@id":"https:\/\/agradocosmetic.com\/fr\/dime-como-eres-y-te-dire-cual-es-tu-gel-de-bano\/#breadcrumb"},"inLanguage":"en-GB","potentialAction":[{"@type":"ReadAction","target":["https:\/\/agradocosmetic.com\/fr\/dime-como-eres-y-te-dire-cual-es-tu-gel-de-bano\/"]}]},{"@type":"ImageObject","inLanguage":"en-GB","@id":"https:\/\/agradocosmetic.com\/fr\/dime-como-eres-y-te-dire-cual-es-tu-gel-de-bano\/#primaryimage","url":"https:\/\/agradocosmetic.com\/wp-content\/uploads\/2022\/01\/gel-de-bano-agrado.jpg","contentUrl":"https:\/\/agradocosmetic.com\/wp-content\/uploads\/2022\/01\/gel-de-bano-agrado.jpg","width":1200,"height":800},{"@type":"BreadcrumbList","@id":"https:\/\/agradocosmetic.com\/fr\/dime-como-eres-y-te-dire-cual-es-tu-gel-de-bano\/#breadcrumb","itemListElement":[{"@type":"ListItem","position":1,"name":"Portada","item":"https:\/\/agradocosmetic.com\/"},{"@type":"ListItem","position":2,"name":"Dime c\u00f3mo eres y te dir\u00e9 cu\u00e1l es tu gel de ba\u00f1o"}]},{"@type":"WebSite","@id":"https:\/\/agradocosmetic.com\/#website","url":"https:\/\/agradocosmetic.com\/","name":"Liking","description":"cosmetic","publisher":{"@id":"https:\/\/agradocosmetic.com\/#organization"},"potentialAction":[{"@type":"SearchAction","target":{"@type":"EntryPoint","urlTemplate":"https:\/\/agradocosmetic.com\/?s={search_term_string}"},"query-input":{"@type":"PropertyValueSpecification","valueRequired":true,"valueName":"search_term_string"}}],"inLanguage":"en-GB"},{"@type":"Organization","@id":"https:\/\/agradocosmetic.com\/#organization","name":"Liking","url":"https:\/\/agradocosmetic.com\/","logo":{"@type":"ImageObject","inLanguage":"en-GB","@id":"https:\/\/agradocosmetic.com\/#\/schema\/logo\/image\/","url":"https:\/\/agradocosmetic.com\/wp-content\/uploads\/2023\/07\/LOGO-AGRADO-WEB-01.png","contentUrl":"https:\/\/agradocosmetic.com\/wp-content\/uploads\/2023\/07\/LOGO-AGRADO-WEB-01.png","width":1632,"height":300,"caption":"Agrado"},"image":{"@id":"https:\/\/agradocosmetic.com\/#\/schema\/logo\/image\/"}},{"@type":"Person","@id":"https:\/\/agradocosmetic.com\/#\/schema\/person\/732e8d396022e25f9340196f83d6789d","name":"agradocosmetic","image":{"@type":"ImageObject","inLanguage":"en-GB","@id":"https:\/\/secure.gravatar.com\/avatar\/c6003e45301182b7e125463fcbec403b1980909c12edf09098526b9a15e779c0?s=96&d=mm&r=g","url":"https:\/\/secure.gravatar.com\/avatar\/c6003e45301182b7e125463fcbec403b1980909c12edf09098526b9a15e779c0?s=96&d=mm&r=g","contentUrl":"https:\/\/secure.gravatar.com\/avatar\/c6003e45301182b7e125463fcbec403b1980909c12edf09098526b9a15e779c0?s=96&d=mm&r=g","caption":"agradocosmetic"}}]}},"_links":{"self":[{"href":"https:\/\/agradocosmetic.com\/en\/wp-json\/wp\/v2\/posts\/19289","targetHints":{"allow":["GET"]}}],"collection":[{"href":"https:\/\/agradocosmetic.com\/en\/wp-json\/wp\/v2\/posts"}],"about":[{"href":"https:\/\/agradocosmetic.com\/en\/wp-json\/wp\/v2\/types\/post"}],"author":[{"embeddable":true,"href":"https:\/\/agradocosmetic.com\/en\/wp-json\/wp\/v2\/users\/9"}],"replies":[{"embeddable":true,"href":"https:\/\/agradocosmetic.com\/en\/wp-json\/wp\/v2\/comments?post=19289"}],"version-history":[{"count":1,"href":"https:\/\/agradocosmetic.com\/en\/wp-json\/wp\/v2\/posts\/19289\/revisions"}],"predecessor-version":[{"id":21297,"href":"https:\/\/agradocosmetic.com\/en\/wp-json\/wp\/v2\/posts\/19289\/revisions\/21297"}],"wp:featuredmedia":[{"embeddable":true,"href":"https:\/\/agradocosmetic.com\/en\/wp-json\/wp\/v2\/media\/21296"}],"wp:attachment":[{"href":"https:\/\/agradocosmetic.com\/en\/wp-json\/wp\/v2\/media?parent=19289"}],"wp:term":[{"taxonomy":"category","embeddable":true,"href":"https:\/\/agradocosmetic.com\/en\/wp-json\/wp\/v2\/categories?post=19289"},{"taxonomy":"post_tag","embeddable":true,"href":"https:\/\/agradocosmetic.com\/en\/wp-json\/wp\/v2\/tags?post=19289"}],"curies":[{"name":"wp","href":"https:\/\/api.w.org\/{rel}","templated":true}]}}