{"id":19792,"date":"2022-06-22T12:29:29","date_gmt":"2022-06-22T11:29:29","guid":{"rendered":"https:\/\/www.agradocosmetic.com\/?p=19792"},"modified":"2023-11-18T16:58:50","modified_gmt":"2023-11-18T16:58:50","slug":"la-importancia-de-usar-aftersun","status":"publish","type":"post","link":"https:\/\/agradocosmetic.com\/en\/la-importancia-de-usar-aftersun\/","title":{"rendered":"The importance of using Aftersun"},"content":{"rendered":"<p>We are all experts in sun protection, we are even aware of using it throughout the year. However, sometimes we forget the last step of the ritual: using Aftersun after sunbathing. We explain what this super product is for and recommend the best ones to hydrate your skin and prolong that beautiful and healthy tan that we all want. Take note!<\/p>\r\n\r\n\r\n\r\n<p>First of all, you have to know that <strong>Aftersun is not the same as a moisturizing cream<\/strong>, since it does not have the same properties or fulfill the same functions. This product refreshes our skin, hydrates and rebuilds it after sun exposure and, in addition, maintains the tanned tone for much longer. Come on, he has it all!<\/p>\r\n\r\n\r\n\r\n<p>As you well know, UV radiation causes water loss in our skin and, as a consequence, tightness and burning. <strong>Using aftersun we get the skin to recover its hydration, reduce inflammation and repair itself from the oxidative damage of the sun.<\/strong> If you have not done so yet, we encourage you to try the <a href=\"https:\/\/agradocosmetic.com\/en\/producto\/after-sun-locion-hidrocalmante-aerosol\/\">After Sun Hydro-Calming Lotion by AGRADO<\/a>, an emulsion with a calming effect in spray format. With a light and quickly absorbed texture, it is ideal to apply after sun exposure, since its formula with a refreshing effect helps relieve irritation and stinging. The perfect ally to protect and soothe the skin!<\/p>\r\n\r\n\r\n\r\n<p>On the other hand, it is worth noting that<strong> Aftersuns are a real skin refresher, since they can reduce body temperature by up to 3 degrees.<\/strong>, which after sun exposure is usually very high. He <a href=\"https:\/\/agradocosmetic.com\/en\/producto\/after-sun-hidragel-aloe-vera\/\">AGRADO Aloe Vera Gel Aftersun<\/a> It is a quickly absorbed hydragel that soothes the skin after the sun. Thanks to its composition, with natural 100% aloe vera extract and glycerin, you will notice immediate relief, feeling the freshness and hydration that your skin needs after a sunbath. The best tip? Store it in the refrigerator and the effect will be even more refreshing.\u00a0<\/p>\r\n\r\n\r\n\r\n<p>Finally, do you know how to apply it correctly? It is very simple. <strong>After sunbathing, with clean skin after a warm shower, apply aftersun all over your body and face.<\/strong>. Its formula will be absorbed quickly, leaving you with a very pleasant sensation of freshness. You should apply it every day after sun exposure, but if you also want to prolong your golden tone, don&#039;t leave it on the shelf. The aftersun contains pigments that dye the surface layer, activating the protective melanin and prolonging the golden effect for two more weeks. So now you know, keep using it after the holidays so that your skin stays much brighter and tanned.\u00a0<\/p>\r\n\r\n\r\n\r\n<p>If you still didn&#039;t give enough importance to Afersun, now you have no excuse. <strong>Apply it after sun exposure and show off a healthy and beautiful tan with Agrado Cosmetic!<\/strong><\/p>","protected":false},"excerpt":{"rendered":"<p>Ya somos todas unas expertas en protecci\u00f3n solar, incluso estamos concienciadas de utilizarla durante todo el a\u00f1o. Sin embargo, a veces se nos olvida el \u00faltimo paso del ritual: usar Aftersun tras el ba\u00f1o de sol. Te explicamos para qu\u00e9 sirve este s\u00faper producto y te recomendamos los mejores para hidratar tu piel y prolongar [&hellip;]<\/p>\n","protected":false},"author":9,"featured_media":21273,"comment_status":"open","ping_status":"closed","sticky":false,"template":"","format":"standard","meta":{"footnotes":"","_wp_rev_ctl_limit":""},"categories":[116,1],"tags":[271,409,289,205,317,410,229,411],"class_list":["post-19792","post","type-post","status-publish","format-standard","has-post-thumbnail","hentry","category-solar","category-todos","tag-aftersun","tag-bronceado-saludable","tag-cuidado-de-la-piel","tag-hidratacion","tag-proteccion-solar","tag-protector-solar","tag-solares","tag-usar-aftersun"],"yoast_head":"<!-- This site is optimized with the Yoast SEO plugin v27.4 - https:\/\/yoast.com\/product\/yoast-seo-wordpress\/ -->\n<title>La importancia de usar Aftersun - Agrado<\/title>\n<meta name=\"description\" content=\"Calmar nuestra piel con aftersun tras la exposici\u00f3n solar es muy importante para protegerla. \u00bfSabes por qu\u00e9? \u00a1Te contamos lo contamos aqu\u00ed!\" \/>\n<meta name=\"robots\" content=\"index, follow, max-snippet:-1, max-image-preview:large, max-video-preview:-1\" \/>\n<link rel=\"canonical\" href=\"https:\/\/agradocosmetic.com\/en\/la-importancia-de-usar-aftersun\/\" \/>\n<meta property=\"og:locale\" content=\"en_GB\" \/>\n<meta property=\"og:type\" content=\"article\" \/>\n<meta property=\"og:title\" content=\"La importancia de usar Aftersun - Agrado\" \/>\n<meta property=\"og:description\" content=\"Calmar nuestra piel con aftersun tras la exposici\u00f3n solar es muy importante para protegerla. \u00bfSabes por qu\u00e9? \u00a1Te contamos lo contamos aqu\u00ed!\" \/>\n<meta property=\"og:url\" content=\"https:\/\/agradocosmetic.com\/en\/la-importancia-de-usar-aftersun\/\" \/>\n<meta property=\"og:site_name\" content=\"Agrado\" \/>\n<meta property=\"article:published_time\" content=\"2022-06-22T11:29:29+00:00\" \/>\n<meta property=\"article:modified_time\" content=\"2023-11-18T16:58:50+00:00\" \/>\n<meta property=\"og:image\" content=\"https:\/\/agradocosmetic.com\/wp-content\/uploads\/2022\/06\/aftersun-agrado.jpg\" \/>\n\t<meta property=\"og:image:width\" content=\"1200\" \/>\n\t<meta property=\"og:image:height\" content=\"800\" \/>\n\t<meta property=\"og:image:type\" content=\"image\/jpeg\" \/>\n<meta name=\"author\" content=\"agradocosmetic\" \/>\n<meta name=\"twitter:card\" content=\"summary_large_image\" \/>\n<meta name=\"twitter:label1\" content=\"Written by\" \/>\n\t<meta name=\"twitter:data1\" content=\"agradocosmetic\" \/>\n\t<meta name=\"twitter:label2\" content=\"Estimated reading time\" \/>\n\t<meta name=\"twitter:data2\" content=\"3 minutes\" \/>\n<script type=\"application\/ld+json\" class=\"yoast-schema-graph\">{\"@context\":\"https:\\\/\\\/schema.org\",\"@graph\":[{\"@type\":\"Article\",\"@id\":\"https:\\\/\\\/agradocosmetic.com\\\/la-importancia-de-usar-aftersun\\\/#article\",\"isPartOf\":{\"@id\":\"https:\\\/\\\/agradocosmetic.com\\\/la-importancia-de-usar-aftersun\\\/\"},\"author\":{\"name\":\"agradocosmetic\",\"@id\":\"https:\\\/\\\/agradocosmetic.com\\\/#\\\/schema\\\/person\\\/732e8d396022e25f9340196f83d6789d\"},\"headline\":\"La importancia de usar Aftersun\",\"datePublished\":\"2022-06-22T11:29:29+00:00\",\"dateModified\":\"2023-11-18T16:58:50+00:00\",\"mainEntityOfPage\":{\"@id\":\"https:\\\/\\\/agradocosmetic.com\\\/la-importancia-de-usar-aftersun\\\/\"},\"wordCount\":519,\"commentCount\":0,\"publisher\":{\"@id\":\"https:\\\/\\\/agradocosmetic.com\\\/#organization\"},\"image\":{\"@id\":\"https:\\\/\\\/agradocosmetic.com\\\/la-importancia-de-usar-aftersun\\\/#primaryimage\"},\"thumbnailUrl\":\"https:\\\/\\\/agradocosmetic.com\\\/wp-content\\\/uploads\\\/2022\\\/06\\\/aftersun-agrado.jpg\",\"keywords\":[\"aftersun\",\"bronceado saludable\",\"cuidado de la piel\",\"hidrataci\u00f3n\",\"proteccion solar\",\"protector solar\",\"solares\",\"usar aftersun\"],\"articleSection\":[\"Solar\",\"Todos\"],\"inLanguage\":\"en-GB\",\"potentialAction\":[{\"@type\":\"CommentAction\",\"name\":\"Comment\",\"target\":[\"https:\\\/\\\/agradocosmetic.com\\\/la-importancia-de-usar-aftersun\\\/#respond\"]}]},{\"@type\":\"WebPage\",\"@id\":\"https:\\\/\\\/agradocosmetic.com\\\/la-importancia-de-usar-aftersun\\\/\",\"url\":\"https:\\\/\\\/agradocosmetic.com\\\/la-importancia-de-usar-aftersun\\\/\",\"name\":\"La importancia de usar Aftersun - Agrado\",\"isPartOf\":{\"@id\":\"https:\\\/\\\/agradocosmetic.com\\\/#website\"},\"primaryImageOfPage\":{\"@id\":\"https:\\\/\\\/agradocosmetic.com\\\/la-importancia-de-usar-aftersun\\\/#primaryimage\"},\"image\":{\"@id\":\"https:\\\/\\\/agradocosmetic.com\\\/la-importancia-de-usar-aftersun\\\/#primaryimage\"},\"thumbnailUrl\":\"https:\\\/\\\/agradocosmetic.com\\\/wp-content\\\/uploads\\\/2022\\\/06\\\/aftersun-agrado.jpg\",\"datePublished\":\"2022-06-22T11:29:29+00:00\",\"dateModified\":\"2023-11-18T16:58:50+00:00\",\"description\":\"Calmar nuestra piel con aftersun tras la exposici\u00f3n solar es muy importante para protegerla. \u00bfSabes por qu\u00e9? \u00a1Te contamos lo contamos aqu\u00ed!\",\"breadcrumb\":{\"@id\":\"https:\\\/\\\/agradocosmetic.com\\\/la-importancia-de-usar-aftersun\\\/#breadcrumb\"},\"inLanguage\":\"en-GB\",\"potentialAction\":[{\"@type\":\"ReadAction\",\"target\":[\"https:\\\/\\\/agradocosmetic.com\\\/la-importancia-de-usar-aftersun\\\/\"]}]},{\"@type\":\"ImageObject\",\"inLanguage\":\"en-GB\",\"@id\":\"https:\\\/\\\/agradocosmetic.com\\\/la-importancia-de-usar-aftersun\\\/#primaryimage\",\"url\":\"https:\\\/\\\/agradocosmetic.com\\\/wp-content\\\/uploads\\\/2022\\\/06\\\/aftersun-agrado.jpg\",\"contentUrl\":\"https:\\\/\\\/agradocosmetic.com\\\/wp-content\\\/uploads\\\/2022\\\/06\\\/aftersun-agrado.jpg\",\"width\":1200,\"height\":800},{\"@type\":\"BreadcrumbList\",\"@id\":\"https:\\\/\\\/agradocosmetic.com\\\/la-importancia-de-usar-aftersun\\\/#breadcrumb\",\"itemListElement\":[{\"@type\":\"ListItem\",\"position\":1,\"name\":\"Portada\",\"item\":\"https:\\\/\\\/agradocosmetic.com\\\/\"},{\"@type\":\"ListItem\",\"position\":2,\"name\":\"La importancia de usar Aftersun\"}]},{\"@type\":\"WebSite\",\"@id\":\"https:\\\/\\\/agradocosmetic.com\\\/#website\",\"url\":\"https:\\\/\\\/agradocosmetic.com\\\/\",\"name\":\"Agrado\",\"description\":\"Cosmetic\",\"publisher\":{\"@id\":\"https:\\\/\\\/agradocosmetic.com\\\/#organization\"},\"potentialAction\":[{\"@type\":\"SearchAction\",\"target\":{\"@type\":\"EntryPoint\",\"urlTemplate\":\"https:\\\/\\\/agradocosmetic.com\\\/?s={search_term_string}\"},\"query-input\":{\"@type\":\"PropertyValueSpecification\",\"valueRequired\":true,\"valueName\":\"search_term_string\"}}],\"inLanguage\":\"en-GB\"},{\"@type\":\"Organization\",\"@id\":\"https:\\\/\\\/agradocosmetic.com\\\/#organization\",\"name\":\"Agrado\",\"url\":\"https:\\\/\\\/agradocosmetic.com\\\/\",\"logo\":{\"@type\":\"ImageObject\",\"inLanguage\":\"en-GB\",\"@id\":\"https:\\\/\\\/agradocosmetic.com\\\/#\\\/schema\\\/logo\\\/image\\\/\",\"url\":\"https:\\\/\\\/agradocosmetic.com\\\/wp-content\\\/uploads\\\/2023\\\/07\\\/LOGO-AGRADO-WEB-01.png\",\"contentUrl\":\"https:\\\/\\\/agradocosmetic.com\\\/wp-content\\\/uploads\\\/2023\\\/07\\\/LOGO-AGRADO-WEB-01.png\",\"width\":1632,\"height\":300,\"caption\":\"Agrado\"},\"image\":{\"@id\":\"https:\\\/\\\/agradocosmetic.com\\\/#\\\/schema\\\/logo\\\/image\\\/\"}},{\"@type\":\"Person\",\"@id\":\"https:\\\/\\\/agradocosmetic.com\\\/#\\\/schema\\\/person\\\/732e8d396022e25f9340196f83d6789d\",\"name\":\"agradocosmetic\",\"image\":{\"@type\":\"ImageObject\",\"inLanguage\":\"en-GB\",\"@id\":\"https:\\\/\\\/secure.gravatar.com\\\/avatar\\\/c6003e45301182b7e125463fcbec403b1980909c12edf09098526b9a15e779c0?s=96&d=mm&r=g\",\"url\":\"https:\\\/\\\/secure.gravatar.com\\\/avatar\\\/c6003e45301182b7e125463fcbec403b1980909c12edf09098526b9a15e779c0?s=96&d=mm&r=g\",\"contentUrl\":\"https:\\\/\\\/secure.gravatar.com\\\/avatar\\\/c6003e45301182b7e125463fcbec403b1980909c12edf09098526b9a15e779c0?s=96&d=mm&r=g\",\"caption\":\"agradocosmetic\"}}]}<\/script>\n<!-- \/ Yoast SEO plugin. -->","yoast_head_json":{"title":"La importancia de usar Aftersun - Agrado","description":"Calmar nuestra piel con aftersun tras la exposici\u00f3n solar es muy importante para protegerla. \u00bfSabes por qu\u00e9? \u00a1Te contamos lo contamos aqu\u00ed!","robots":{"index":"index","follow":"follow","max-snippet":"max-snippet:-1","max-image-preview":"max-image-preview:large","max-video-preview":"max-video-preview:-1"},"canonical":"https:\/\/agradocosmetic.com\/en\/la-importancia-de-usar-aftersun\/","og_locale":"en_GB","og_type":"article","og_title":"La importancia de usar Aftersun - Agrado","og_description":"Calmar nuestra piel con aftersun tras la exposici\u00f3n solar es muy importante para protegerla. \u00bfSabes por qu\u00e9? \u00a1Te contamos lo contamos aqu\u00ed!","og_url":"https:\/\/agradocosmetic.com\/en\/la-importancia-de-usar-aftersun\/","og_site_name":"Agrado","article_published_time":"2022-06-22T11:29:29+00:00","article_modified_time":"2023-11-18T16:58:50+00:00","og_image":[{"width":1200,"height":800,"url":"https:\/\/agradocosmetic.com\/wp-content\/uploads\/2022\/06\/aftersun-agrado.jpg","type":"image\/jpeg"}],"author":"agradocosmetic","twitter_card":"summary_large_image","twitter_misc":{"Written by":"agradocosmetic","Estimated reading time":"3 minutes"},"schema":{"@context":"https:\/\/schema.org","@graph":[{"@type":"Article","@id":"https:\/\/agradocosmetic.com\/la-importancia-de-usar-aftersun\/#article","isPartOf":{"@id":"https:\/\/agradocosmetic.com\/la-importancia-de-usar-aftersun\/"},"author":{"name":"agradocosmetic","@id":"https:\/\/agradocosmetic.com\/#\/schema\/person\/732e8d396022e25f9340196f83d6789d"},"headline":"La importancia de usar Aftersun","datePublished":"2022-06-22T11:29:29+00:00","dateModified":"2023-11-18T16:58:50+00:00","mainEntityOfPage":{"@id":"https:\/\/agradocosmetic.com\/la-importancia-de-usar-aftersun\/"},"wordCount":519,"commentCount":0,"publisher":{"@id":"https:\/\/agradocosmetic.com\/#organization"},"image":{"@id":"https:\/\/agradocosmetic.com\/la-importancia-de-usar-aftersun\/#primaryimage"},"thumbnailUrl":"https:\/\/agradocosmetic.com\/wp-content\/uploads\/2022\/06\/aftersun-agrado.jpg","keywords":["aftersun","bronceado saludable","cuidado de la piel","hidrataci\u00f3n","proteccion solar","protector solar","solares","usar aftersun"],"articleSection":["Solar","Todos"],"inLanguage":"en-GB","potentialAction":[{"@type":"CommentAction","name":"Comment","target":["https:\/\/agradocosmetic.com\/la-importancia-de-usar-aftersun\/#respond"]}]},{"@type":"WebPage","@id":"https:\/\/agradocosmetic.com\/la-importancia-de-usar-aftersun\/","url":"https:\/\/agradocosmetic.com\/la-importancia-de-usar-aftersun\/","name":"La importancia de usar Aftersun - Agrado","isPartOf":{"@id":"https:\/\/agradocosmetic.com\/#website"},"primaryImageOfPage":{"@id":"https:\/\/agradocosmetic.com\/la-importancia-de-usar-aftersun\/#primaryimage"},"image":{"@id":"https:\/\/agradocosmetic.com\/la-importancia-de-usar-aftersun\/#primaryimage"},"thumbnailUrl":"https:\/\/agradocosmetic.com\/wp-content\/uploads\/2022\/06\/aftersun-agrado.jpg","datePublished":"2022-06-22T11:29:29+00:00","dateModified":"2023-11-18T16:58:50+00:00","description":"Calmar nuestra piel con aftersun tras la exposici\u00f3n solar es muy importante para protegerla. \u00bfSabes por qu\u00e9? \u00a1Te contamos lo contamos aqu\u00ed!","breadcrumb":{"@id":"https:\/\/agradocosmetic.com\/la-importancia-de-usar-aftersun\/#breadcrumb"},"inLanguage":"en-GB","potentialAction":[{"@type":"ReadAction","target":["https:\/\/agradocosmetic.com\/la-importancia-de-usar-aftersun\/"]}]},{"@type":"ImageObject","inLanguage":"en-GB","@id":"https:\/\/agradocosmetic.com\/la-importancia-de-usar-aftersun\/#primaryimage","url":"https:\/\/agradocosmetic.com\/wp-content\/uploads\/2022\/06\/aftersun-agrado.jpg","contentUrl":"https:\/\/agradocosmetic.com\/wp-content\/uploads\/2022\/06\/aftersun-agrado.jpg","width":1200,"height":800},{"@type":"BreadcrumbList","@id":"https:\/\/agradocosmetic.com\/la-importancia-de-usar-aftersun\/#breadcrumb","itemListElement":[{"@type":"ListItem","position":1,"name":"Portada","item":"https:\/\/agradocosmetic.com\/"},{"@type":"ListItem","position":2,"name":"La importancia de usar Aftersun"}]},{"@type":"WebSite","@id":"https:\/\/agradocosmetic.com\/#website","url":"https:\/\/agradocosmetic.com\/","name":"Liking","description":"cosmetic","publisher":{"@id":"https:\/\/agradocosmetic.com\/#organization"},"potentialAction":[{"@type":"SearchAction","target":{"@type":"EntryPoint","urlTemplate":"https:\/\/agradocosmetic.com\/?s={search_term_string}"},"query-input":{"@type":"PropertyValueSpecification","valueRequired":true,"valueName":"search_term_string"}}],"inLanguage":"en-GB"},{"@type":"Organization","@id":"https:\/\/agradocosmetic.com\/#organization","name":"Liking","url":"https:\/\/agradocosmetic.com\/","logo":{"@type":"ImageObject","inLanguage":"en-GB","@id":"https:\/\/agradocosmetic.com\/#\/schema\/logo\/image\/","url":"https:\/\/agradocosmetic.com\/wp-content\/uploads\/2023\/07\/LOGO-AGRADO-WEB-01.png","contentUrl":"https:\/\/agradocosmetic.com\/wp-content\/uploads\/2023\/07\/LOGO-AGRADO-WEB-01.png","width":1632,"height":300,"caption":"Agrado"},"image":{"@id":"https:\/\/agradocosmetic.com\/#\/schema\/logo\/image\/"}},{"@type":"Person","@id":"https:\/\/agradocosmetic.com\/#\/schema\/person\/732e8d396022e25f9340196f83d6789d","name":"agradocosmetic","image":{"@type":"ImageObject","inLanguage":"en-GB","@id":"https:\/\/secure.gravatar.com\/avatar\/c6003e45301182b7e125463fcbec403b1980909c12edf09098526b9a15e779c0?s=96&d=mm&r=g","url":"https:\/\/secure.gravatar.com\/avatar\/c6003e45301182b7e125463fcbec403b1980909c12edf09098526b9a15e779c0?s=96&d=mm&r=g","contentUrl":"https:\/\/secure.gravatar.com\/avatar\/c6003e45301182b7e125463fcbec403b1980909c12edf09098526b9a15e779c0?s=96&d=mm&r=g","caption":"agradocosmetic"}}]}},"_links":{"self":[{"href":"https:\/\/agradocosmetic.com\/en\/wp-json\/wp\/v2\/posts\/19792","targetHints":{"allow":["GET"]}}],"collection":[{"href":"https:\/\/agradocosmetic.com\/en\/wp-json\/wp\/v2\/posts"}],"about":[{"href":"https:\/\/agradocosmetic.com\/en\/wp-json\/wp\/v2\/types\/post"}],"author":[{"embeddable":true,"href":"https:\/\/agradocosmetic.com\/en\/wp-json\/wp\/v2\/users\/9"}],"replies":[{"embeddable":true,"href":"https:\/\/agradocosmetic.com\/en\/wp-json\/wp\/v2\/comments?post=19792"}],"version-history":[{"count":1,"href":"https:\/\/agradocosmetic.com\/en\/wp-json\/wp\/v2\/posts\/19792\/revisions"}],"predecessor-version":[{"id":21274,"href":"https:\/\/agradocosmetic.com\/en\/wp-json\/wp\/v2\/posts\/19792\/revisions\/21274"}],"wp:featuredmedia":[{"embeddable":true,"href":"https:\/\/agradocosmetic.com\/en\/wp-json\/wp\/v2\/media\/21273"}],"wp:attachment":[{"href":"https:\/\/agradocosmetic.com\/en\/wp-json\/wp\/v2\/media?parent=19792"}],"wp:term":[{"taxonomy":"category","embeddable":true,"href":"https:\/\/agradocosmetic.com\/en\/wp-json\/wp\/v2\/categories?post=19792"},{"taxonomy":"post_tag","embeddable":true,"href":"https:\/\/agradocosmetic.com\/en\/wp-json\/wp\/v2\/tags?post=19792"}],"curies":[{"name":"wp","href":"https:\/\/api.w.org\/{rel}","templated":true}]}}