{"id":19856,"date":"2022-07-21T11:13:10","date_gmt":"2022-07-21T10:13:10","guid":{"rendered":"https:\/\/www.agradocosmetic.com\/?p=19856"},"modified":"2023-11-18T16:58:50","modified_gmt":"2023-11-18T16:58:50","slug":"mousse-facial-solar-el-producto-que-necesitas-en-tu-neceser-este-verano","status":"publish","type":"post","link":"https:\/\/agradocosmetic.com\/en\/mousse-facial-solar-el-producto-que-necesitas-en-tu-neceser-este-verano\/","title":{"rendered":"Solar Facial Mousse: the product you need in your summer toiletry bag"},"content":{"rendered":"<p>Using sunscreen is mandatory throughout the year, but in the summer season special emphasis must be placed, since the sun&#039;s radiation is much more powerful and harmful. Dermatologists advise protecting the skin with photoprotectors not only to avoid short-term problems, such as burns, but also to avoid them in the future, such as the appearance of dreaded skin spots or the development of diseases. To face the sun, <strong>We present to you the Solar Facial Mousse, the star product that cannot be missing from your toiletry bag this summer.<\/strong>. Find out!<\/p>\r\n\r\n\r\n\r\n<p>Summer is for having fun: taking long walks on the beach, organizing a getaway and enjoying a cocktail at your favorite beach bar. And one more year, the <a href=\"https:\/\/agradocosmetic.com\/en\/producto\/mousse-facial-solar-spf50\/\">AGRADO Solar Facial Mousse<\/a> accompanies you in all your plans. Because protecting our face from the sun is not an option if we want to keep spots and premature aging at bay. This new format breaks into a cream, with a pleasant, non-sticky texture, and a smell that transports us to an idyllic Caribbean beach. <strong>Its SPF 50+ makes it the perfect ally for all skin types, even the most sensitive.<\/strong>. In addition, its formulation provides a large dose of anti-aging hydration and repairing effects on the skin. Oh and we almost forgot, it&#039;s waterproof! What more could you ask for? \ud83d\ude09<\/p>\r\n\r\n\r\n\r\n<p>On the other hand, it should be noted that choosing a good sunscreen is as important as knowing how to apply it correctly. The Solar Facial Mousse has no mystery! Shake it well before use and press the diffuser, keeping the container upright in your hand. <strong>Deposit an amount equivalent to half a walnut and spread it over the entire face with a gentle massage.<\/strong>. Covers the entire surface exposed to the sun evenly, avoiding the eyes and lips. Remember to apply it 20 minutes before sun exposure and most importantly\u2026 Continue doing it afterwards! Every hour and a half or two hours, use the Solar Facial Mousse again to maintain the level of protection effectively. Your skin will thank you!\u00a0<\/p>\r\n\r\n\r\n\r\n<p>You already know everything that AGRADO Facial Mousse can do for your skin. Always carry it in your summer toiletry bag and enjoy all your plans with <a href=\"https:\/\/agradocosmetic.com\/en\/\" target=\"_blank\" rel=\"noreferrer noopener\">Agrado Cosmetic<\/a>!<\/p>","protected":false},"excerpt":{"rendered":"<p>Usar protector solar es obligatorio durante todo el a\u00f1o, pero en la temporada estival hay que hacer especial hincapi\u00e9, ya que, la radiaci\u00f3n del sol es mucho m\u00e1s potente y da\u00f1ina. Los dermat\u00f3logos aconsejan proteger la piel con fotoprotectores no solo para evitar problemas a corto plazo, como las quemaduras, sino tambi\u00e9n para evitarlos en [&hellip;]<\/p>\n","protected":false},"author":9,"featured_media":21269,"comment_status":"open","ping_status":"closed","sticky":false,"template":"","format":"standard","meta":{"footnotes":"","_wp_rev_ctl_limit":""},"categories":[116,1],"tags":[289,413,414,415,229],"class_list":["post-19856","post","type-post","status-publish","format-standard","has-post-thumbnail","hentry","category-solar","category-todos","tag-cuidado-de-la-piel","tag-fotoprotector-facial","tag-mousse-facial-solar","tag-protector-solar-facial","tag-solares"],"yoast_head":"<!-- This site is optimized with the Yoast SEO plugin v27.4 - https:\/\/yoast.com\/product\/yoast-seo-wordpress\/ -->\n<title>Mousse Facial Solar: el producto que necesitas en tu neceser de verano - Agrado<\/title>\n<meta name=\"description\" content=\"Cuando descubres la Mousse Facial Solar, \u00a1nada se le iguala! Ll\u00e9vala contigo en tu neceser y protege tu piel del sol est\u00e9s d\u00f3nde est\u00e9s.\" \/>\n<meta name=\"robots\" content=\"index, follow, max-snippet:-1, max-image-preview:large, max-video-preview:-1\" \/>\n<link rel=\"canonical\" href=\"https:\/\/agradocosmetic.com\/en\/mousse-facial-solar-el-producto-que-necesitas-en-tu-neceser-este-verano\/\" \/>\n<meta property=\"og:locale\" content=\"en_GB\" \/>\n<meta property=\"og:type\" content=\"article\" \/>\n<meta property=\"og:title\" content=\"Mousse Facial Solar: el producto que necesitas en tu neceser de verano - Agrado\" \/>\n<meta property=\"og:description\" content=\"Cuando descubres la Mousse Facial Solar, \u00a1nada se le iguala! Ll\u00e9vala contigo en tu neceser y protege tu piel del sol est\u00e9s d\u00f3nde est\u00e9s.\" \/>\n<meta property=\"og:url\" content=\"https:\/\/agradocosmetic.com\/en\/mousse-facial-solar-el-producto-que-necesitas-en-tu-neceser-este-verano\/\" \/>\n<meta property=\"og:site_name\" content=\"Agrado\" \/>\n<meta property=\"article:published_time\" content=\"2022-07-21T10:13:10+00:00\" \/>\n<meta property=\"article:modified_time\" content=\"2023-11-18T16:58:50+00:00\" \/>\n<meta property=\"og:image\" content=\"https:\/\/agradocosmetic.com\/wp-content\/uploads\/2022\/07\/Mousse-Facial-Solar-agrado.jpg\" \/>\n\t<meta property=\"og:image:width\" content=\"1200\" \/>\n\t<meta property=\"og:image:height\" content=\"800\" \/>\n\t<meta property=\"og:image:type\" content=\"image\/jpeg\" \/>\n<meta name=\"author\" content=\"agradocosmetic\" \/>\n<meta name=\"twitter:card\" content=\"summary_large_image\" \/>\n<meta name=\"twitter:label1\" content=\"Written by\" \/>\n\t<meta name=\"twitter:data1\" content=\"agradocosmetic\" \/>\n\t<meta name=\"twitter:label2\" content=\"Estimated reading time\" \/>\n\t<meta name=\"twitter:data2\" content=\"2 minutes\" \/>\n<script type=\"application\/ld+json\" class=\"yoast-schema-graph\">{\"@context\":\"https:\\\/\\\/schema.org\",\"@graph\":[{\"@type\":\"Article\",\"@id\":\"https:\\\/\\\/agradocosmetic.com\\\/mousse-facial-solar-el-producto-que-necesitas-en-tu-neceser-este-verano\\\/#article\",\"isPartOf\":{\"@id\":\"https:\\\/\\\/agradocosmetic.com\\\/mousse-facial-solar-el-producto-que-necesitas-en-tu-neceser-este-verano\\\/\"},\"author\":{\"name\":\"agradocosmetic\",\"@id\":\"https:\\\/\\\/agradocosmetic.com\\\/#\\\/schema\\\/person\\\/732e8d396022e25f9340196f83d6789d\"},\"headline\":\"Mousse Facial Solar: el producto que necesitas en tu neceser de verano\",\"datePublished\":\"2022-07-21T10:13:10+00:00\",\"dateModified\":\"2023-11-18T16:58:50+00:00\",\"mainEntityOfPage\":{\"@id\":\"https:\\\/\\\/agradocosmetic.com\\\/mousse-facial-solar-el-producto-que-necesitas-en-tu-neceser-este-verano\\\/\"},\"wordCount\":421,\"commentCount\":0,\"publisher\":{\"@id\":\"https:\\\/\\\/agradocosmetic.com\\\/#organization\"},\"image\":{\"@id\":\"https:\\\/\\\/agradocosmetic.com\\\/mousse-facial-solar-el-producto-que-necesitas-en-tu-neceser-este-verano\\\/#primaryimage\"},\"thumbnailUrl\":\"https:\\\/\\\/agradocosmetic.com\\\/wp-content\\\/uploads\\\/2022\\\/07\\\/Mousse-Facial-Solar-agrado.jpg\",\"keywords\":[\"cuidado de la piel\",\"fotoprotector facial\",\"mousse facial solar\",\"protector solar facial\",\"solares\"],\"articleSection\":[\"Solar\",\"Todos\"],\"inLanguage\":\"en-GB\",\"potentialAction\":[{\"@type\":\"CommentAction\",\"name\":\"Comment\",\"target\":[\"https:\\\/\\\/agradocosmetic.com\\\/mousse-facial-solar-el-producto-que-necesitas-en-tu-neceser-este-verano\\\/#respond\"]}]},{\"@type\":\"WebPage\",\"@id\":\"https:\\\/\\\/agradocosmetic.com\\\/mousse-facial-solar-el-producto-que-necesitas-en-tu-neceser-este-verano\\\/\",\"url\":\"https:\\\/\\\/agradocosmetic.com\\\/mousse-facial-solar-el-producto-que-necesitas-en-tu-neceser-este-verano\\\/\",\"name\":\"Mousse Facial Solar: el producto que necesitas en tu neceser de verano - Agrado\",\"isPartOf\":{\"@id\":\"https:\\\/\\\/agradocosmetic.com\\\/#website\"},\"primaryImageOfPage\":{\"@id\":\"https:\\\/\\\/agradocosmetic.com\\\/mousse-facial-solar-el-producto-que-necesitas-en-tu-neceser-este-verano\\\/#primaryimage\"},\"image\":{\"@id\":\"https:\\\/\\\/agradocosmetic.com\\\/mousse-facial-solar-el-producto-que-necesitas-en-tu-neceser-este-verano\\\/#primaryimage\"},\"thumbnailUrl\":\"https:\\\/\\\/agradocosmetic.com\\\/wp-content\\\/uploads\\\/2022\\\/07\\\/Mousse-Facial-Solar-agrado.jpg\",\"datePublished\":\"2022-07-21T10:13:10+00:00\",\"dateModified\":\"2023-11-18T16:58:50+00:00\",\"description\":\"Cuando descubres la Mousse Facial Solar, \u00a1nada se le iguala! Ll\u00e9vala contigo en tu neceser y protege tu piel del sol est\u00e9s d\u00f3nde est\u00e9s.\",\"breadcrumb\":{\"@id\":\"https:\\\/\\\/agradocosmetic.com\\\/mousse-facial-solar-el-producto-que-necesitas-en-tu-neceser-este-verano\\\/#breadcrumb\"},\"inLanguage\":\"en-GB\",\"potentialAction\":[{\"@type\":\"ReadAction\",\"target\":[\"https:\\\/\\\/agradocosmetic.com\\\/mousse-facial-solar-el-producto-que-necesitas-en-tu-neceser-este-verano\\\/\"]}]},{\"@type\":\"ImageObject\",\"inLanguage\":\"en-GB\",\"@id\":\"https:\\\/\\\/agradocosmetic.com\\\/mousse-facial-solar-el-producto-que-necesitas-en-tu-neceser-este-verano\\\/#primaryimage\",\"url\":\"https:\\\/\\\/agradocosmetic.com\\\/wp-content\\\/uploads\\\/2022\\\/07\\\/Mousse-Facial-Solar-agrado.jpg\",\"contentUrl\":\"https:\\\/\\\/agradocosmetic.com\\\/wp-content\\\/uploads\\\/2022\\\/07\\\/Mousse-Facial-Solar-agrado.jpg\",\"width\":1200,\"height\":800},{\"@type\":\"BreadcrumbList\",\"@id\":\"https:\\\/\\\/agradocosmetic.com\\\/mousse-facial-solar-el-producto-que-necesitas-en-tu-neceser-este-verano\\\/#breadcrumb\",\"itemListElement\":[{\"@type\":\"ListItem\",\"position\":1,\"name\":\"Portada\",\"item\":\"https:\\\/\\\/agradocosmetic.com\\\/\"},{\"@type\":\"ListItem\",\"position\":2,\"name\":\"Mousse Facial Solar: el producto que necesitas en tu neceser de verano\"}]},{\"@type\":\"WebSite\",\"@id\":\"https:\\\/\\\/agradocosmetic.com\\\/#website\",\"url\":\"https:\\\/\\\/agradocosmetic.com\\\/\",\"name\":\"Agrado\",\"description\":\"Cosmetic\",\"publisher\":{\"@id\":\"https:\\\/\\\/agradocosmetic.com\\\/#organization\"},\"potentialAction\":[{\"@type\":\"SearchAction\",\"target\":{\"@type\":\"EntryPoint\",\"urlTemplate\":\"https:\\\/\\\/agradocosmetic.com\\\/?s={search_term_string}\"},\"query-input\":{\"@type\":\"PropertyValueSpecification\",\"valueRequired\":true,\"valueName\":\"search_term_string\"}}],\"inLanguage\":\"en-GB\"},{\"@type\":\"Organization\",\"@id\":\"https:\\\/\\\/agradocosmetic.com\\\/#organization\",\"name\":\"Agrado\",\"url\":\"https:\\\/\\\/agradocosmetic.com\\\/\",\"logo\":{\"@type\":\"ImageObject\",\"inLanguage\":\"en-GB\",\"@id\":\"https:\\\/\\\/agradocosmetic.com\\\/#\\\/schema\\\/logo\\\/image\\\/\",\"url\":\"https:\\\/\\\/agradocosmetic.com\\\/wp-content\\\/uploads\\\/2023\\\/07\\\/LOGO-AGRADO-WEB-01.png\",\"contentUrl\":\"https:\\\/\\\/agradocosmetic.com\\\/wp-content\\\/uploads\\\/2023\\\/07\\\/LOGO-AGRADO-WEB-01.png\",\"width\":1632,\"height\":300,\"caption\":\"Agrado\"},\"image\":{\"@id\":\"https:\\\/\\\/agradocosmetic.com\\\/#\\\/schema\\\/logo\\\/image\\\/\"}},{\"@type\":\"Person\",\"@id\":\"https:\\\/\\\/agradocosmetic.com\\\/#\\\/schema\\\/person\\\/732e8d396022e25f9340196f83d6789d\",\"name\":\"agradocosmetic\",\"image\":{\"@type\":\"ImageObject\",\"inLanguage\":\"en-GB\",\"@id\":\"https:\\\/\\\/secure.gravatar.com\\\/avatar\\\/c6003e45301182b7e125463fcbec403b1980909c12edf09098526b9a15e779c0?s=96&d=mm&r=g\",\"url\":\"https:\\\/\\\/secure.gravatar.com\\\/avatar\\\/c6003e45301182b7e125463fcbec403b1980909c12edf09098526b9a15e779c0?s=96&d=mm&r=g\",\"contentUrl\":\"https:\\\/\\\/secure.gravatar.com\\\/avatar\\\/c6003e45301182b7e125463fcbec403b1980909c12edf09098526b9a15e779c0?s=96&d=mm&r=g\",\"caption\":\"agradocosmetic\"}}]}<\/script>\n<!-- \/ Yoast SEO plugin. -->","yoast_head_json":{"title":"Mousse Facial Solar: el producto que necesitas en tu neceser de verano - Agrado","description":"Cuando descubres la Mousse Facial Solar, \u00a1nada se le iguala! Ll\u00e9vala contigo en tu neceser y protege tu piel del sol est\u00e9s d\u00f3nde est\u00e9s.","robots":{"index":"index","follow":"follow","max-snippet":"max-snippet:-1","max-image-preview":"max-image-preview:large","max-video-preview":"max-video-preview:-1"},"canonical":"https:\/\/agradocosmetic.com\/en\/mousse-facial-solar-el-producto-que-necesitas-en-tu-neceser-este-verano\/","og_locale":"en_GB","og_type":"article","og_title":"Mousse Facial Solar: el producto que necesitas en tu neceser de verano - Agrado","og_description":"Cuando descubres la Mousse Facial Solar, \u00a1nada se le iguala! Ll\u00e9vala contigo en tu neceser y protege tu piel del sol est\u00e9s d\u00f3nde est\u00e9s.","og_url":"https:\/\/agradocosmetic.com\/en\/mousse-facial-solar-el-producto-que-necesitas-en-tu-neceser-este-verano\/","og_site_name":"Agrado","article_published_time":"2022-07-21T10:13:10+00:00","article_modified_time":"2023-11-18T16:58:50+00:00","og_image":[{"width":1200,"height":800,"url":"https:\/\/agradocosmetic.com\/wp-content\/uploads\/2022\/07\/Mousse-Facial-Solar-agrado.jpg","type":"image\/jpeg"}],"author":"agradocosmetic","twitter_card":"summary_large_image","twitter_misc":{"Written by":"agradocosmetic","Estimated reading time":"2 minutes"},"schema":{"@context":"https:\/\/schema.org","@graph":[{"@type":"Article","@id":"https:\/\/agradocosmetic.com\/mousse-facial-solar-el-producto-que-necesitas-en-tu-neceser-este-verano\/#article","isPartOf":{"@id":"https:\/\/agradocosmetic.com\/mousse-facial-solar-el-producto-que-necesitas-en-tu-neceser-este-verano\/"},"author":{"name":"agradocosmetic","@id":"https:\/\/agradocosmetic.com\/#\/schema\/person\/732e8d396022e25f9340196f83d6789d"},"headline":"Mousse Facial Solar: el producto que necesitas en tu neceser de verano","datePublished":"2022-07-21T10:13:10+00:00","dateModified":"2023-11-18T16:58:50+00:00","mainEntityOfPage":{"@id":"https:\/\/agradocosmetic.com\/mousse-facial-solar-el-producto-que-necesitas-en-tu-neceser-este-verano\/"},"wordCount":421,"commentCount":0,"publisher":{"@id":"https:\/\/agradocosmetic.com\/#organization"},"image":{"@id":"https:\/\/agradocosmetic.com\/mousse-facial-solar-el-producto-que-necesitas-en-tu-neceser-este-verano\/#primaryimage"},"thumbnailUrl":"https:\/\/agradocosmetic.com\/wp-content\/uploads\/2022\/07\/Mousse-Facial-Solar-agrado.jpg","keywords":["cuidado de la piel","fotoprotector facial","mousse facial solar","protector solar facial","solares"],"articleSection":["Solar","Todos"],"inLanguage":"en-GB","potentialAction":[{"@type":"CommentAction","name":"Comment","target":["https:\/\/agradocosmetic.com\/mousse-facial-solar-el-producto-que-necesitas-en-tu-neceser-este-verano\/#respond"]}]},{"@type":"WebPage","@id":"https:\/\/agradocosmetic.com\/mousse-facial-solar-el-producto-que-necesitas-en-tu-neceser-este-verano\/","url":"https:\/\/agradocosmetic.com\/mousse-facial-solar-el-producto-que-necesitas-en-tu-neceser-este-verano\/","name":"Mousse Facial Solar: el producto que necesitas en tu neceser de verano - Agrado","isPartOf":{"@id":"https:\/\/agradocosmetic.com\/#website"},"primaryImageOfPage":{"@id":"https:\/\/agradocosmetic.com\/mousse-facial-solar-el-producto-que-necesitas-en-tu-neceser-este-verano\/#primaryimage"},"image":{"@id":"https:\/\/agradocosmetic.com\/mousse-facial-solar-el-producto-que-necesitas-en-tu-neceser-este-verano\/#primaryimage"},"thumbnailUrl":"https:\/\/agradocosmetic.com\/wp-content\/uploads\/2022\/07\/Mousse-Facial-Solar-agrado.jpg","datePublished":"2022-07-21T10:13:10+00:00","dateModified":"2023-11-18T16:58:50+00:00","description":"Cuando descubres la Mousse Facial Solar, \u00a1nada se le iguala! Ll\u00e9vala contigo en tu neceser y protege tu piel del sol est\u00e9s d\u00f3nde est\u00e9s.","breadcrumb":{"@id":"https:\/\/agradocosmetic.com\/mousse-facial-solar-el-producto-que-necesitas-en-tu-neceser-este-verano\/#breadcrumb"},"inLanguage":"en-GB","potentialAction":[{"@type":"ReadAction","target":["https:\/\/agradocosmetic.com\/mousse-facial-solar-el-producto-que-necesitas-en-tu-neceser-este-verano\/"]}]},{"@type":"ImageObject","inLanguage":"en-GB","@id":"https:\/\/agradocosmetic.com\/mousse-facial-solar-el-producto-que-necesitas-en-tu-neceser-este-verano\/#primaryimage","url":"https:\/\/agradocosmetic.com\/wp-content\/uploads\/2022\/07\/Mousse-Facial-Solar-agrado.jpg","contentUrl":"https:\/\/agradocosmetic.com\/wp-content\/uploads\/2022\/07\/Mousse-Facial-Solar-agrado.jpg","width":1200,"height":800},{"@type":"BreadcrumbList","@id":"https:\/\/agradocosmetic.com\/mousse-facial-solar-el-producto-que-necesitas-en-tu-neceser-este-verano\/#breadcrumb","itemListElement":[{"@type":"ListItem","position":1,"name":"Portada","item":"https:\/\/agradocosmetic.com\/"},{"@type":"ListItem","position":2,"name":"Mousse Facial Solar: el producto que necesitas en tu neceser de verano"}]},{"@type":"WebSite","@id":"https:\/\/agradocosmetic.com\/#website","url":"https:\/\/agradocosmetic.com\/","name":"Liking","description":"cosmetic","publisher":{"@id":"https:\/\/agradocosmetic.com\/#organization"},"potentialAction":[{"@type":"SearchAction","target":{"@type":"EntryPoint","urlTemplate":"https:\/\/agradocosmetic.com\/?s={search_term_string}"},"query-input":{"@type":"PropertyValueSpecification","valueRequired":true,"valueName":"search_term_string"}}],"inLanguage":"en-GB"},{"@type":"Organization","@id":"https:\/\/agradocosmetic.com\/#organization","name":"Liking","url":"https:\/\/agradocosmetic.com\/","logo":{"@type":"ImageObject","inLanguage":"en-GB","@id":"https:\/\/agradocosmetic.com\/#\/schema\/logo\/image\/","url":"https:\/\/agradocosmetic.com\/wp-content\/uploads\/2023\/07\/LOGO-AGRADO-WEB-01.png","contentUrl":"https:\/\/agradocosmetic.com\/wp-content\/uploads\/2023\/07\/LOGO-AGRADO-WEB-01.png","width":1632,"height":300,"caption":"Agrado"},"image":{"@id":"https:\/\/agradocosmetic.com\/#\/schema\/logo\/image\/"}},{"@type":"Person","@id":"https:\/\/agradocosmetic.com\/#\/schema\/person\/732e8d396022e25f9340196f83d6789d","name":"agradocosmetic","image":{"@type":"ImageObject","inLanguage":"en-GB","@id":"https:\/\/secure.gravatar.com\/avatar\/c6003e45301182b7e125463fcbec403b1980909c12edf09098526b9a15e779c0?s=96&d=mm&r=g","url":"https:\/\/secure.gravatar.com\/avatar\/c6003e45301182b7e125463fcbec403b1980909c12edf09098526b9a15e779c0?s=96&d=mm&r=g","contentUrl":"https:\/\/secure.gravatar.com\/avatar\/c6003e45301182b7e125463fcbec403b1980909c12edf09098526b9a15e779c0?s=96&d=mm&r=g","caption":"agradocosmetic"}}]}},"_links":{"self":[{"href":"https:\/\/agradocosmetic.com\/en\/wp-json\/wp\/v2\/posts\/19856","targetHints":{"allow":["GET"]}}],"collection":[{"href":"https:\/\/agradocosmetic.com\/en\/wp-json\/wp\/v2\/posts"}],"about":[{"href":"https:\/\/agradocosmetic.com\/en\/wp-json\/wp\/v2\/types\/post"}],"author":[{"embeddable":true,"href":"https:\/\/agradocosmetic.com\/en\/wp-json\/wp\/v2\/users\/9"}],"replies":[{"embeddable":true,"href":"https:\/\/agradocosmetic.com\/en\/wp-json\/wp\/v2\/comments?post=19856"}],"version-history":[{"count":1,"href":"https:\/\/agradocosmetic.com\/en\/wp-json\/wp\/v2\/posts\/19856\/revisions"}],"predecessor-version":[{"id":21270,"href":"https:\/\/agradocosmetic.com\/en\/wp-json\/wp\/v2\/posts\/19856\/revisions\/21270"}],"wp:featuredmedia":[{"embeddable":true,"href":"https:\/\/agradocosmetic.com\/en\/wp-json\/wp\/v2\/media\/21269"}],"wp:attachment":[{"href":"https:\/\/agradocosmetic.com\/en\/wp-json\/wp\/v2\/media?parent=19856"}],"wp:term":[{"taxonomy":"category","embeddable":true,"href":"https:\/\/agradocosmetic.com\/en\/wp-json\/wp\/v2\/categories?post=19856"},{"taxonomy":"post_tag","embeddable":true,"href":"https:\/\/agradocosmetic.com\/en\/wp-json\/wp\/v2\/tags?post=19856"}],"curies":[{"name":"wp","href":"https:\/\/api.w.org\/{rel}","templated":true}]}}