{"id":20211,"date":"2022-11-17T12:01:16","date_gmt":"2022-11-17T11:01:16","guid":{"rendered":"https:\/\/www.agradocosmetic.com\/?p=20211"},"modified":"2023-11-18T16:58:50","modified_gmt":"2023-11-18T16:58:50","slug":"que-debe-tener-mi-gel-de-bano-ideal","status":"publish","type":"post","link":"https:\/\/agradocosmetic.com\/en\/que-debe-tener-mi-gel-de-bano-ideal\/","title":{"rendered":"What should my ideal shower gel have?"},"content":{"rendered":"<p>We use it in our daily lives, and yet, many times we only give importance to its good smell or that it lasts on our skin. But we are doing it wrong! There are other factors to take into account when choosing the perfect body wash. Do you want to know what they are? Take note because in <a href=\"https:\/\/agradocosmetic.com\/en\/\" target=\"_blank\" rel=\"noreferrer noopener\">Agrado Cosmetic<\/a> We tell you everything your ideal shower gel should have. \ud83d\ude09\u200b<\/p>\r\n\r\n\r\n\r\n<p>&nbsp;<\/p>\r\n\r\n\r\n\r\n<h4 class=\"wp-block-heading\">Does it suit your skin type?<\/h4>\r\n\r\n\r\n\r\n<p>First of all, <strong>It is super important to know what type of skin you have so that your gel adapts to its needs.<\/strong>. It may seem a little overwhelming but don&#039;t worry! We tell you: there are dry, oily, sensitive or allergenic skin types. And depending on what yours is, you will need one formulation or another. For example, for atopic skin, we recommend the <a href=\"https:\/\/agradocosmetic.com\/en\/producto\/gel-micelar-bano-ducha-pieles-atopicas\/\" target=\"_blank\" rel=\"noreferrer noopener\">Agrado micellar bath and shower gel<\/a>. Its soap-free micellar formula is perfect for the daily hygiene of this type of sensitive skin. Protect and care all in one!<\/p>\r\n\r\n\r\n\r\n<p>&nbsp;<\/p>\r\n\r\n\r\n\r\n<h4 class=\"wp-block-heading\">Choose a neutral pH<\/h4>\r\n\r\n\r\n\r\n<p>If your shower gel does not respect the pH of your skin... Quickly, say goodbye to it!<strong> The neutral pH helps you prevent reactions and allergies from occurring on the skin<\/strong>, and so you can show off amazing legs in all seasons of the year. And... psst psst I&#039;ll tell you a secret that will interest you: all the <a href=\"https:\/\/agradocosmetic.com\/en\/productos\/corporal\/gel-de-bano-y-ducha\/\" target=\"_blank\" rel=\"noreferrer noopener\">Agrado Cosmetic bath gels <\/a>They have a neutral pH.<\/p>\r\n\r\n\r\n\r\n<p>&nbsp;<\/p>\r\n\r\n\r\n\r\n<h4 class=\"wp-block-heading\">A scent that makes you fall in love<\/h4>\r\n\r\n\r\n\r\n<p>There is nothing better than being faithful to your tastes, and in the case of smells, even more so! Choosing the aroma that will accompany you throughout the day is not an easy task, but we give you some tips: choose a fresh fragrance that you like and that complements your perfume.<\/p>\r\n\r\n\r\n\r\n<p>PS: As a recommendation, surely the range of <a href=\"https:\/\/agradocosmetic.com\/en\/productos\/corporal\/trendy-bubbles\/\" target=\"_blank\" rel=\"noreferrer noopener\">Trendy Bubbles Collection<\/a> You&#039;ll love it. We can no longer live without him<a href=\"https:\/\/agradocosmetic.com\/en\/producto\/gel-bano-ducha-mango-exotico\/\" target=\"_blank\" rel=\"noreferrer noopener\"> Exotic mango bath and shower gel<\/a>, which envelops you in a tropical and refreshing aroma with all the fruity sweetness. Its formula, with 95% of ingredients of natural origin, contributes to the hydration of the skin. What more could you ask for?<\/p>\r\n\r\n\r\n\r\n<p>&nbsp;<\/p>\r\n\r\n\r\n\r\n<h4 class=\"wp-block-heading\">Natural ingredients<\/h4>\r\n\r\n\r\n\r\n<p>The final touch: <strong>pamper your skin with the best natural products<\/strong>. Your skin is crying out to escape the parabens and preservatives that dry it out. Change them for bath gels that respect it like the <a href=\"https:\/\/agradocosmetic.com\/en\/producto\/gel-bano-ducha-avena\/\" target=\"_blank\" rel=\"noreferrer noopener\">Oatmeal bath and shower gel<\/a>, formulated with oat extract, which helps prevent irritation thanks to its calming and regenerating effect. Believe me, you will notice the difference!<\/p>\r\n\r\n\r\n\r\n<p>Now that you know the &#039;must haves&#039; of your next ideal body wash, put our tips into practice and <strong>look perfect skin this fall with <a href=\"https:\/\/agradocosmetic.com\/en\/\" target=\"_blank\" rel=\"noreferrer noopener\">Agrado Cosmetic<\/a>.<\/strong><\/p>","protected":false},"excerpt":{"rendered":"<p>Lo usamos en nuestro d\u00eda a d\u00eda, y sin embargo, muchas veces solo de damos importancia a su buen olor o a que este perdure en nuestra piel. \u00a1Pero lo estamos haciendo mal! Existen otros factores que hay que tener en cuenta a la hora de elegir el gel de ba\u00f1o perfecto. \u00bfQuieres saber cu\u00e1les [&hellip;]<\/p>\n","protected":false},"author":9,"featured_media":21253,"comment_status":"open","ping_status":"closed","sticky":false,"template":"","format":"standard","meta":{"footnotes":"","_wp_rev_ctl_limit":""},"categories":[149,1],"tags":[126,289,360],"class_list":["post-20211","post","type-post","status-publish","format-standard","has-post-thumbnail","hentry","category-corporal","category-todos","tag-agrado","tag-cuidado-de-la-piel","tag-gel-de-bano"],"yoast_head":"<!-- This site is optimized with the Yoast SEO plugin v27.4 - https:\/\/yoast.com\/product\/yoast-seo-wordpress\/ -->\n<title>Qu\u00e9 debe tener mi gel de ba\u00f1o ideal - Agrado Cosmetics<\/title>\n<meta name=\"description\" content=\"Un olor rico es solo una peque\u00f1\u00edsima parte de todo lo que tu gel de ba\u00f1o puede ofrecerte. \u00a1Descubre qu\u00e9 debe tener para lucir una piel ideal!\" \/>\n<meta name=\"robots\" content=\"index, follow, max-snippet:-1, max-image-preview:large, max-video-preview:-1\" \/>\n<link rel=\"canonical\" href=\"https:\/\/agradocosmetic.com\/en\/que-debe-tener-mi-gel-de-bano-ideal\/\" \/>\n<meta property=\"og:locale\" content=\"en_GB\" \/>\n<meta property=\"og:type\" content=\"article\" \/>\n<meta property=\"og:title\" content=\"Qu\u00e9 debe tener mi gel de ba\u00f1o ideal - Agrado Cosmetics\" \/>\n<meta property=\"og:description\" content=\"Un olor rico es solo una peque\u00f1\u00edsima parte de todo lo que tu gel de ba\u00f1o puede ofrecerte. \u00a1Descubre qu\u00e9 debe tener para lucir una piel ideal!\" \/>\n<meta property=\"og:url\" content=\"https:\/\/agradocosmetic.com\/en\/que-debe-tener-mi-gel-de-bano-ideal\/\" \/>\n<meta property=\"og:site_name\" content=\"Agrado\" \/>\n<meta property=\"article:published_time\" content=\"2022-11-17T11:01:16+00:00\" \/>\n<meta property=\"article:modified_time\" content=\"2023-11-18T16:58:50+00:00\" \/>\n<meta property=\"og:image\" content=\"https:\/\/agradocosmetic.com\/wp-content\/uploads\/2022\/11\/gel-de-ducha-agrado.jpg\" \/>\n\t<meta property=\"og:image:width\" content=\"1200\" \/>\n\t<meta property=\"og:image:height\" content=\"800\" \/>\n\t<meta property=\"og:image:type\" content=\"image\/jpeg\" \/>\n<meta name=\"author\" content=\"agradocosmetic\" \/>\n<meta name=\"twitter:card\" content=\"summary_large_image\" \/>\n<meta name=\"twitter:label1\" content=\"Written by\" \/>\n\t<meta name=\"twitter:data1\" content=\"agradocosmetic\" \/>\n\t<meta name=\"twitter:label2\" content=\"Estimated reading time\" \/>\n\t<meta name=\"twitter:data2\" content=\"3 minutes\" \/>\n<script type=\"application\/ld+json\" class=\"yoast-schema-graph\">{\"@context\":\"https:\\\/\\\/schema.org\",\"@graph\":[{\"@type\":\"Article\",\"@id\":\"https:\\\/\\\/agradocosmetic.com\\\/que-debe-tener-mi-gel-de-bano-ideal\\\/#article\",\"isPartOf\":{\"@id\":\"https:\\\/\\\/agradocosmetic.com\\\/que-debe-tener-mi-gel-de-bano-ideal\\\/\"},\"author\":{\"name\":\"agradocosmetic\",\"@id\":\"https:\\\/\\\/agradocosmetic.com\\\/#\\\/schema\\\/person\\\/732e8d396022e25f9340196f83d6789d\"},\"headline\":\"Qu\u00e9 debe tener mi gel de ba\u00f1o ideal\",\"datePublished\":\"2022-11-17T11:01:16+00:00\",\"dateModified\":\"2023-11-18T16:58:50+00:00\",\"mainEntityOfPage\":{\"@id\":\"https:\\\/\\\/agradocosmetic.com\\\/que-debe-tener-mi-gel-de-bano-ideal\\\/\"},\"wordCount\":509,\"commentCount\":0,\"publisher\":{\"@id\":\"https:\\\/\\\/agradocosmetic.com\\\/#organization\"},\"image\":{\"@id\":\"https:\\\/\\\/agradocosmetic.com\\\/que-debe-tener-mi-gel-de-bano-ideal\\\/#primaryimage\"},\"thumbnailUrl\":\"https:\\\/\\\/agradocosmetic.com\\\/wp-content\\\/uploads\\\/2022\\\/11\\\/gel-de-ducha-agrado.jpg\",\"keywords\":[\"agrado\",\"cuidado de la piel\",\"gel de ba\u00f1o\"],\"articleSection\":[\"Corporal\",\"Todos\"],\"inLanguage\":\"en-GB\",\"potentialAction\":[{\"@type\":\"CommentAction\",\"name\":\"Comment\",\"target\":[\"https:\\\/\\\/agradocosmetic.com\\\/que-debe-tener-mi-gel-de-bano-ideal\\\/#respond\"]}]},{\"@type\":\"WebPage\",\"@id\":\"https:\\\/\\\/agradocosmetic.com\\\/que-debe-tener-mi-gel-de-bano-ideal\\\/\",\"url\":\"https:\\\/\\\/agradocosmetic.com\\\/que-debe-tener-mi-gel-de-bano-ideal\\\/\",\"name\":\"Qu\u00e9 debe tener mi gel de ba\u00f1o ideal - Agrado Cosmetics\",\"isPartOf\":{\"@id\":\"https:\\\/\\\/agradocosmetic.com\\\/#website\"},\"primaryImageOfPage\":{\"@id\":\"https:\\\/\\\/agradocosmetic.com\\\/que-debe-tener-mi-gel-de-bano-ideal\\\/#primaryimage\"},\"image\":{\"@id\":\"https:\\\/\\\/agradocosmetic.com\\\/que-debe-tener-mi-gel-de-bano-ideal\\\/#primaryimage\"},\"thumbnailUrl\":\"https:\\\/\\\/agradocosmetic.com\\\/wp-content\\\/uploads\\\/2022\\\/11\\\/gel-de-ducha-agrado.jpg\",\"datePublished\":\"2022-11-17T11:01:16+00:00\",\"dateModified\":\"2023-11-18T16:58:50+00:00\",\"description\":\"Un olor rico es solo una peque\u00f1\u00edsima parte de todo lo que tu gel de ba\u00f1o puede ofrecerte. \u00a1Descubre qu\u00e9 debe tener para lucir una piel ideal!\",\"breadcrumb\":{\"@id\":\"https:\\\/\\\/agradocosmetic.com\\\/que-debe-tener-mi-gel-de-bano-ideal\\\/#breadcrumb\"},\"inLanguage\":\"en-GB\",\"potentialAction\":[{\"@type\":\"ReadAction\",\"target\":[\"https:\\\/\\\/agradocosmetic.com\\\/que-debe-tener-mi-gel-de-bano-ideal\\\/\"]}]},{\"@type\":\"ImageObject\",\"inLanguage\":\"en-GB\",\"@id\":\"https:\\\/\\\/agradocosmetic.com\\\/que-debe-tener-mi-gel-de-bano-ideal\\\/#primaryimage\",\"url\":\"https:\\\/\\\/agradocosmetic.com\\\/wp-content\\\/uploads\\\/2022\\\/11\\\/gel-de-ducha-agrado.jpg\",\"contentUrl\":\"https:\\\/\\\/agradocosmetic.com\\\/wp-content\\\/uploads\\\/2022\\\/11\\\/gel-de-ducha-agrado.jpg\",\"width\":1200,\"height\":800},{\"@type\":\"BreadcrumbList\",\"@id\":\"https:\\\/\\\/agradocosmetic.com\\\/que-debe-tener-mi-gel-de-bano-ideal\\\/#breadcrumb\",\"itemListElement\":[{\"@type\":\"ListItem\",\"position\":1,\"name\":\"Portada\",\"item\":\"https:\\\/\\\/agradocosmetic.com\\\/\"},{\"@type\":\"ListItem\",\"position\":2,\"name\":\"Qu\u00e9 debe tener mi gel de ba\u00f1o ideal\"}]},{\"@type\":\"WebSite\",\"@id\":\"https:\\\/\\\/agradocosmetic.com\\\/#website\",\"url\":\"https:\\\/\\\/agradocosmetic.com\\\/\",\"name\":\"Agrado\",\"description\":\"Cosmetic\",\"publisher\":{\"@id\":\"https:\\\/\\\/agradocosmetic.com\\\/#organization\"},\"potentialAction\":[{\"@type\":\"SearchAction\",\"target\":{\"@type\":\"EntryPoint\",\"urlTemplate\":\"https:\\\/\\\/agradocosmetic.com\\\/?s={search_term_string}\"},\"query-input\":{\"@type\":\"PropertyValueSpecification\",\"valueRequired\":true,\"valueName\":\"search_term_string\"}}],\"inLanguage\":\"en-GB\"},{\"@type\":\"Organization\",\"@id\":\"https:\\\/\\\/agradocosmetic.com\\\/#organization\",\"name\":\"Agrado\",\"url\":\"https:\\\/\\\/agradocosmetic.com\\\/\",\"logo\":{\"@type\":\"ImageObject\",\"inLanguage\":\"en-GB\",\"@id\":\"https:\\\/\\\/agradocosmetic.com\\\/#\\\/schema\\\/logo\\\/image\\\/\",\"url\":\"https:\\\/\\\/agradocosmetic.com\\\/wp-content\\\/uploads\\\/2023\\\/07\\\/LOGO-AGRADO-WEB-01.png\",\"contentUrl\":\"https:\\\/\\\/agradocosmetic.com\\\/wp-content\\\/uploads\\\/2023\\\/07\\\/LOGO-AGRADO-WEB-01.png\",\"width\":1632,\"height\":300,\"caption\":\"Agrado\"},\"image\":{\"@id\":\"https:\\\/\\\/agradocosmetic.com\\\/#\\\/schema\\\/logo\\\/image\\\/\"}},{\"@type\":\"Person\",\"@id\":\"https:\\\/\\\/agradocosmetic.com\\\/#\\\/schema\\\/person\\\/732e8d396022e25f9340196f83d6789d\",\"name\":\"agradocosmetic\",\"image\":{\"@type\":\"ImageObject\",\"inLanguage\":\"en-GB\",\"@id\":\"https:\\\/\\\/secure.gravatar.com\\\/avatar\\\/c6003e45301182b7e125463fcbec403b1980909c12edf09098526b9a15e779c0?s=96&d=mm&r=g\",\"url\":\"https:\\\/\\\/secure.gravatar.com\\\/avatar\\\/c6003e45301182b7e125463fcbec403b1980909c12edf09098526b9a15e779c0?s=96&d=mm&r=g\",\"contentUrl\":\"https:\\\/\\\/secure.gravatar.com\\\/avatar\\\/c6003e45301182b7e125463fcbec403b1980909c12edf09098526b9a15e779c0?s=96&d=mm&r=g\",\"caption\":\"agradocosmetic\"}}]}<\/script>\n<!-- \/ Yoast SEO plugin. -->","yoast_head_json":{"title":"What should my ideal shower gel have? - Agrado Cosmetics","description":"A rich scent is just a tiny fraction of what your body wash can offer. Find out what it should have for perfect skin!","robots":{"index":"index","follow":"follow","max-snippet":"max-snippet:-1","max-image-preview":"max-image-preview:large","max-video-preview":"max-video-preview:-1"},"canonical":"https:\/\/agradocosmetic.com\/en\/que-debe-tener-mi-gel-de-bano-ideal\/","og_locale":"en_GB","og_type":"article","og_title":"Qu\u00e9 debe tener mi gel de ba\u00f1o ideal - Agrado Cosmetics","og_description":"Un olor rico es solo una peque\u00f1\u00edsima parte de todo lo que tu gel de ba\u00f1o puede ofrecerte. \u00a1Descubre qu\u00e9 debe tener para lucir una piel ideal!","og_url":"https:\/\/agradocosmetic.com\/en\/que-debe-tener-mi-gel-de-bano-ideal\/","og_site_name":"Agrado","article_published_time":"2022-11-17T11:01:16+00:00","article_modified_time":"2023-11-18T16:58:50+00:00","og_image":[{"width":1200,"height":800,"url":"https:\/\/agradocosmetic.com\/wp-content\/uploads\/2022\/11\/gel-de-ducha-agrado.jpg","type":"image\/jpeg"}],"author":"agradocosmetic","twitter_card":"summary_large_image","twitter_misc":{"Written by":"agradocosmetic","Estimated reading time":"3 minutes"},"schema":{"@context":"https:\/\/schema.org","@graph":[{"@type":"Article","@id":"https:\/\/agradocosmetic.com\/que-debe-tener-mi-gel-de-bano-ideal\/#article","isPartOf":{"@id":"https:\/\/agradocosmetic.com\/que-debe-tener-mi-gel-de-bano-ideal\/"},"author":{"name":"agradocosmetic","@id":"https:\/\/agradocosmetic.com\/#\/schema\/person\/732e8d396022e25f9340196f83d6789d"},"headline":"Qu\u00e9 debe tener mi gel de ba\u00f1o ideal","datePublished":"2022-11-17T11:01:16+00:00","dateModified":"2023-11-18T16:58:50+00:00","mainEntityOfPage":{"@id":"https:\/\/agradocosmetic.com\/que-debe-tener-mi-gel-de-bano-ideal\/"},"wordCount":509,"commentCount":0,"publisher":{"@id":"https:\/\/agradocosmetic.com\/#organization"},"image":{"@id":"https:\/\/agradocosmetic.com\/que-debe-tener-mi-gel-de-bano-ideal\/#primaryimage"},"thumbnailUrl":"https:\/\/agradocosmetic.com\/wp-content\/uploads\/2022\/11\/gel-de-ducha-agrado.jpg","keywords":["agrado","cuidado de la piel","gel de ba\u00f1o"],"articleSection":["Corporal","Todos"],"inLanguage":"en-GB","potentialAction":[{"@type":"CommentAction","name":"Comment","target":["https:\/\/agradocosmetic.com\/que-debe-tener-mi-gel-de-bano-ideal\/#respond"]}]},{"@type":"WebPage","@id":"https:\/\/agradocosmetic.com\/que-debe-tener-mi-gel-de-bano-ideal\/","url":"https:\/\/agradocosmetic.com\/que-debe-tener-mi-gel-de-bano-ideal\/","name":"What should my ideal shower gel have? - Agrado Cosmetics","isPartOf":{"@id":"https:\/\/agradocosmetic.com\/#website"},"primaryImageOfPage":{"@id":"https:\/\/agradocosmetic.com\/que-debe-tener-mi-gel-de-bano-ideal\/#primaryimage"},"image":{"@id":"https:\/\/agradocosmetic.com\/que-debe-tener-mi-gel-de-bano-ideal\/#primaryimage"},"thumbnailUrl":"https:\/\/agradocosmetic.com\/wp-content\/uploads\/2022\/11\/gel-de-ducha-agrado.jpg","datePublished":"2022-11-17T11:01:16+00:00","dateModified":"2023-11-18T16:58:50+00:00","description":"A rich scent is just a tiny fraction of what your body wash can offer. Find out what it should have for perfect skin!","breadcrumb":{"@id":"https:\/\/agradocosmetic.com\/que-debe-tener-mi-gel-de-bano-ideal\/#breadcrumb"},"inLanguage":"en-GB","potentialAction":[{"@type":"ReadAction","target":["https:\/\/agradocosmetic.com\/que-debe-tener-mi-gel-de-bano-ideal\/"]}]},{"@type":"ImageObject","inLanguage":"en-GB","@id":"https:\/\/agradocosmetic.com\/que-debe-tener-mi-gel-de-bano-ideal\/#primaryimage","url":"https:\/\/agradocosmetic.com\/wp-content\/uploads\/2022\/11\/gel-de-ducha-agrado.jpg","contentUrl":"https:\/\/agradocosmetic.com\/wp-content\/uploads\/2022\/11\/gel-de-ducha-agrado.jpg","width":1200,"height":800},{"@type":"BreadcrumbList","@id":"https:\/\/agradocosmetic.com\/que-debe-tener-mi-gel-de-bano-ideal\/#breadcrumb","itemListElement":[{"@type":"ListItem","position":1,"name":"Portada","item":"https:\/\/agradocosmetic.com\/"},{"@type":"ListItem","position":2,"name":"Qu\u00e9 debe tener mi gel de ba\u00f1o ideal"}]},{"@type":"WebSite","@id":"https:\/\/agradocosmetic.com\/#website","url":"https:\/\/agradocosmetic.com\/","name":"Liking","description":"cosmetic","publisher":{"@id":"https:\/\/agradocosmetic.com\/#organization"},"potentialAction":[{"@type":"SearchAction","target":{"@type":"EntryPoint","urlTemplate":"https:\/\/agradocosmetic.com\/?s={search_term_string}"},"query-input":{"@type":"PropertyValueSpecification","valueRequired":true,"valueName":"search_term_string"}}],"inLanguage":"en-GB"},{"@type":"Organization","@id":"https:\/\/agradocosmetic.com\/#organization","name":"Liking","url":"https:\/\/agradocosmetic.com\/","logo":{"@type":"ImageObject","inLanguage":"en-GB","@id":"https:\/\/agradocosmetic.com\/#\/schema\/logo\/image\/","url":"https:\/\/agradocosmetic.com\/wp-content\/uploads\/2023\/07\/LOGO-AGRADO-WEB-01.png","contentUrl":"https:\/\/agradocosmetic.com\/wp-content\/uploads\/2023\/07\/LOGO-AGRADO-WEB-01.png","width":1632,"height":300,"caption":"Agrado"},"image":{"@id":"https:\/\/agradocosmetic.com\/#\/schema\/logo\/image\/"}},{"@type":"Person","@id":"https:\/\/agradocosmetic.com\/#\/schema\/person\/732e8d396022e25f9340196f83d6789d","name":"agradocosmetic","image":{"@type":"ImageObject","inLanguage":"en-GB","@id":"https:\/\/secure.gravatar.com\/avatar\/c6003e45301182b7e125463fcbec403b1980909c12edf09098526b9a15e779c0?s=96&d=mm&r=g","url":"https:\/\/secure.gravatar.com\/avatar\/c6003e45301182b7e125463fcbec403b1980909c12edf09098526b9a15e779c0?s=96&d=mm&r=g","contentUrl":"https:\/\/secure.gravatar.com\/avatar\/c6003e45301182b7e125463fcbec403b1980909c12edf09098526b9a15e779c0?s=96&d=mm&r=g","caption":"agradocosmetic"}}]}},"_links":{"self":[{"href":"https:\/\/agradocosmetic.com\/en\/wp-json\/wp\/v2\/posts\/20211","targetHints":{"allow":["GET"]}}],"collection":[{"href":"https:\/\/agradocosmetic.com\/en\/wp-json\/wp\/v2\/posts"}],"about":[{"href":"https:\/\/agradocosmetic.com\/en\/wp-json\/wp\/v2\/types\/post"}],"author":[{"embeddable":true,"href":"https:\/\/agradocosmetic.com\/en\/wp-json\/wp\/v2\/users\/9"}],"replies":[{"embeddable":true,"href":"https:\/\/agradocosmetic.com\/en\/wp-json\/wp\/v2\/comments?post=20211"}],"version-history":[{"count":1,"href":"https:\/\/agradocosmetic.com\/en\/wp-json\/wp\/v2\/posts\/20211\/revisions"}],"predecessor-version":[{"id":21254,"href":"https:\/\/agradocosmetic.com\/en\/wp-json\/wp\/v2\/posts\/20211\/revisions\/21254"}],"wp:featuredmedia":[{"embeddable":true,"href":"https:\/\/agradocosmetic.com\/en\/wp-json\/wp\/v2\/media\/21253"}],"wp:attachment":[{"href":"https:\/\/agradocosmetic.com\/en\/wp-json\/wp\/v2\/media?parent=20211"}],"wp:term":[{"taxonomy":"category","embeddable":true,"href":"https:\/\/agradocosmetic.com\/en\/wp-json\/wp\/v2\/categories?post=20211"},{"taxonomy":"post_tag","embeddable":true,"href":"https:\/\/agradocosmetic.com\/en\/wp-json\/wp\/v2\/tags?post=20211"}],"curies":[{"name":"wp","href":"https:\/\/api.w.org\/{rel}","templated":true}]}}