{"id":20345,"date":"2023-01-11T09:53:01","date_gmt":"2023-01-11T08:53:01","guid":{"rendered":"https:\/\/www.agradocosmetic.com\/?p=20345"},"modified":"2023-11-18T16:58:48","modified_gmt":"2023-11-18T16:58:48","slug":"que-tipo-de-cabello-tengo-agrado-cosmetic","status":"publish","type":"post","link":"https:\/\/agradocosmetic.com\/en\/que-tipo-de-cabello-tengo-agrado-cosmetic\/","title":{"rendered":"What type of hair do I have?"},"content":{"rendered":"<p>Have you ever thought about what your hair type is? It can be wavy, straight, curly, thick... The possibilities are endless and there is very little information on the subject. So, in <a href=\"https:\/\/agradocosmetic.com\/en\/\" target=\"_blank\" rel=\"noreferrer noopener\">Agrado Cosmetic<\/a>, we have proposed to shed a little light on the issue to help you know and pamper your hair to the fullest this 2023. Do you also join this purpose?<\/p>\r\n\r\n\r\n\r\n<p>Alert! Many times using hair products that are not suitable for your hair can damage it and even change its natural shape. That is why it is essential that, to start caring for and respecting your hair type, you know how to recognize it. Don&#039;t worry, because we explain it to you in an easy and simple way. Keep reading and take note of the aspects to take into account. \ud83d\ude09<\/p>\r\n\r\n\r\n\r\n<h3 class=\"wp-block-heading\"><strong>1st Hair texture: straight, wavy, curly or afro<\/strong><\/h3>\r\n\r\n\r\n\r\n<p>The first step is to know the texture of your hair and it couldn&#039;t be easier! You just have to wash it with water, without applying any hair product in the process. Later you will let it dry naturally, without dryers or irons, and depending on the result you will have one texture or another.<\/p>\r\n\r\n\r\n\r\n<p>If the result of air drying is without any waves, your hair is straight. If it has small curves that are not too defined, your hair is wavy. And if finally, it has defined loops, it is curly. When the curls are also very small and very defined, we are talking about an afro hair.<\/p>\r\n\r\n\r\n\r\n<p>The <a href=\"https:\/\/agradocosmetic.com\/en\/linea\/agrado-nature\/\" target=\"_blank\" rel=\"noreferrer noopener\">Pro Strength lines<\/a> and <a href=\"https:\/\/agradocosmetic.com\/en\/linea\/agrado-nature\/\" target=\"_blank\" rel=\"noreferrer noopener\">Pro Nutrition<\/a> from Agrado will take care of your hair, keeping it healthy, shiny and hydrated, regardless of its texture. Whether straight or wavy, curly or afro, they are the best option to show off long hair this winter. Try them!<\/p>\r\n\r\n\r\n\r\n<h3 class=\"wp-block-heading\"><strong>2nd Hair structure: fine, medium or thick<\/strong><\/h3>\r\n\r\n\r\n\r\n<p>Once you have discovered the texture, it is essential to continue with the second objective: recognize its structure. This step is not complicated either: you just have to take a hair and compare it with a sewing thread. Simple right? We tell you about the possible results:<\/p>\r\n\r\n\r\n\r\n<p>If the hair of your hair is finer than that of the sewing thread, you have fine hair. If, on the other hand, it is wider, yours is thick. And if they are the same width, you will have medium-type hair. Psst psst, be that as it may, to improve the structure of your hair we recommend the <a href=\"https:\/\/agradocosmetic.com\/en\/linea\/keratina\/\" target=\"_blank\" rel=\"noreferrer noopener\">Professional Keratin Line<\/a> of pleasure. You&#039;re going to freak out!<\/p>\r\n\r\n\r\n\r\n<h3 class=\"wp-block-heading\"><strong>3\u00ba Sebum production: dry, normal, mixed or oily<\/strong><\/h3>\r\n\r\n\r\n\r\n<p>The third step is to know your hair type based on sebum production. It&#039;s as simple as observing it a day after washing. If the hair looks broken, without volume and with split ends, it is due to little sebum production, resulting in dry hair. Don&#039;t worry because we have the solution: the <a href=\"https:\/\/agradocosmetic.com\/en\/producto\/champu-pro-nutricion-botanicos\/\" target=\"_blank\" rel=\"noreferrer noopener\">Pro Nutrition Shampoo<\/a> and <a href=\"https:\/\/agradocosmetic.com\/en\/producto\/acondicionador-pro-nutricion-botanicos\/\" target=\"_blank\" rel=\"noreferrer noopener\">Pro Nutrition Conditioner<\/a> from Agrado will save your life, returning shine and hydration to your hair. You&#039;ll notice it right away!<\/p>\r\n\r\n\r\n\r\n<p>We talk about normal hair when sebum production is correct, resulting in silky and shiny hair. For these cases, it is necessary to take care of and maintain it. With the <a href=\"https:\/\/agradocosmetic.com\/en\/producto\/crema-suavizante-acondicionadora-cabellos-normales-grasos\/\" target=\"_blank\" rel=\"noreferrer noopener\">Agrado softening conditioning cream for normal hair<\/a> You will have it very easy.<\/p>\r\n\r\n\r\n\r\n<p>Finally, if the roots look greasy and dull, giving you a wet look, your hair is oily. In this case you just have to learn to take care of it and pamper it. With the <a href=\"https:\/\/agradocosmetic.com\/en\/producto\/champu-uso-frecuente-cabellos-grasos-2\/\" target=\"_blank\" rel=\"noreferrer noopener\">Frequent use shampoo for oily hair<\/a> and the <a href=\"https:\/\/agradocosmetic.com\/en\/producto\/crema-suavizante-acondicionadora-cabellos-normales-grasos\/\" target=\"_blank\" rel=\"noreferrer noopener\">Smoothing Cream<\/a> By Agrado you will regulate sebum production while maintaining and nourishing its natural shine.<\/p>\r\n\r\n\r\n\r\n<p>Now that you know how to do it, it&#039;s time to know what type of hair you have! This way you can start using the <a href=\"https:\/\/agradocosmetic.com\/en\/productos\/capilar\/\" target=\"_blank\" rel=\"noreferrer noopener\">hair products<\/a> suitable for your hair and make it shine to the maximum with <a href=\"https:\/\/agradocosmetic.com\/en\/\" target=\"_blank\" rel=\"noreferrer noopener\">Agrado Cosmetic<\/a>. Do you dare to start 2023 with envious hair?<\/p>","protected":false},"excerpt":{"rendered":"<p>\u00bfAlguna vez te has planteado cu\u00e1l es tu tipo de cabello? Puede ser ondulado, liso, encrespado, grueso\u2026 Las posibilidades son infinitas y existe muy poca informaci\u00f3n sobre el tema. As\u00ed que, en Agrado Cosmetic, nos hemos propuesto arrojar un poco de luz a la cuesti\u00f3n para ayudarte a conocer y mimar tu pelo al m\u00e1ximo [&hellip;]<\/p>\n","protected":false},"author":9,"featured_media":21247,"comment_status":"open","ping_status":"closed","sticky":false,"template":"","format":"standard","meta":{"footnotes":"","_wp_rev_ctl_limit":""},"categories":[509,1],"tags":[577,615,617,619,621,565,623,625],"class_list":["post-20345","post","type-post","status-publish","format-standard","has-post-thumbnail","hentry","category-capilar-en","category-todos","tag-agrado-cosmetic-en","tag-cabello-afro-en","tag-cabello-fino-en","tag-cabello-grueso-en","tag-cabello-rizado-en","tag-cuidado-capilar-en","tag-melena-en","tag-tipo-de-cabello-en"],"yoast_head":"<!-- This site is optimized with the Yoast SEO plugin v27.4 - https:\/\/yoast.com\/product\/yoast-seo-wordpress\/ -->\n<title>\u00bfQu\u00e9 tipo de cabello tengo? - Agrado<\/title>\n<meta name=\"description\" content=\"Conocer tu tipo de cabello no es tarea nada f\u00e1cil: ondulado, liso, grueso, encrespado... \u00bfQuieres saber c\u00f3mo es el tuyo? Te lo contamos.\" \/>\n<meta name=\"robots\" content=\"index, follow, max-snippet:-1, max-image-preview:large, max-video-preview:-1\" \/>\n<link rel=\"canonical\" href=\"https:\/\/agradocosmetic.com\/en\/que-tipo-de-cabello-tengo-agrado-cosmetic\/\" \/>\n<meta property=\"og:locale\" content=\"en_GB\" \/>\n<meta property=\"og:type\" content=\"article\" \/>\n<meta property=\"og:title\" content=\"\u00bfQu\u00e9 tipo de cabello tengo? - Agrado\" \/>\n<meta property=\"og:description\" content=\"Conocer tu tipo de cabello no es tarea nada f\u00e1cil: ondulado, liso, grueso, encrespado... \u00bfQuieres saber c\u00f3mo es el tuyo? Te lo contamos.\" \/>\n<meta property=\"og:url\" content=\"https:\/\/agradocosmetic.com\/en\/que-tipo-de-cabello-tengo-agrado-cosmetic\/\" \/>\n<meta property=\"og:site_name\" content=\"Agrado\" \/>\n<meta property=\"article:published_time\" content=\"2023-01-11T08:53:01+00:00\" \/>\n<meta property=\"article:modified_time\" content=\"2023-11-18T16:58:48+00:00\" \/>\n<meta property=\"og:image\" content=\"https:\/\/agradocosmetic.com\/wp-content\/uploads\/2023\/01\/tipo-de-cabello-agrado.jpg\" \/>\n\t<meta property=\"og:image:width\" content=\"1200\" \/>\n\t<meta property=\"og:image:height\" content=\"800\" \/>\n\t<meta property=\"og:image:type\" content=\"image\/jpeg\" \/>\n<meta name=\"author\" content=\"agradocosmetic\" \/>\n<meta name=\"twitter:card\" content=\"summary_large_image\" \/>\n<meta name=\"twitter:label1\" content=\"Written by\" \/>\n\t<meta name=\"twitter:data1\" content=\"agradocosmetic\" \/>\n\t<meta name=\"twitter:label2\" content=\"Estimated reading time\" \/>\n\t<meta name=\"twitter:data2\" content=\"3 minutes\" \/>\n<script type=\"application\/ld+json\" class=\"yoast-schema-graph\">{\"@context\":\"https:\\\/\\\/schema.org\",\"@graph\":[{\"@type\":\"Article\",\"@id\":\"https:\\\/\\\/agradocosmetic.com\\\/pt\\\/que-tipo-de-cabello-tengo-agrado-cosmetic\\\/#article\",\"isPartOf\":{\"@id\":\"https:\\\/\\\/agradocosmetic.com\\\/pt\\\/que-tipo-de-cabello-tengo-agrado-cosmetic\\\/\"},\"author\":{\"name\":\"agradocosmetic\",\"@id\":\"https:\\\/\\\/agradocosmetic.com\\\/#\\\/schema\\\/person\\\/732e8d396022e25f9340196f83d6789d\"},\"headline\":\"\u00bfQu\u00e9 tipo de cabello tengo?\",\"datePublished\":\"2023-01-11T08:53:01+00:00\",\"dateModified\":\"2023-11-18T16:58:48+00:00\",\"mainEntityOfPage\":{\"@id\":\"https:\\\/\\\/agradocosmetic.com\\\/pt\\\/que-tipo-de-cabello-tengo-agrado-cosmetic\\\/\"},\"wordCount\":679,\"commentCount\":0,\"publisher\":{\"@id\":\"https:\\\/\\\/agradocosmetic.com\\\/#organization\"},\"image\":{\"@id\":\"https:\\\/\\\/agradocosmetic.com\\\/pt\\\/que-tipo-de-cabello-tengo-agrado-cosmetic\\\/#primaryimage\"},\"thumbnailUrl\":\"https:\\\/\\\/agradocosmetic.com\\\/wp-content\\\/uploads\\\/2023\\\/01\\\/tipo-de-cabello-agrado.jpg\",\"keywords\":[\"agrado cosmetic\",\"cabello afro\",\"cabello fino\",\"cabello grueso\",\"cabello rizado\",\"cuidado capilar\",\"melena\",\"tipo de cabello\"],\"articleSection\":[\"Capilar\",\"Todos\"],\"inLanguage\":\"en-GB\",\"potentialAction\":[{\"@type\":\"CommentAction\",\"name\":\"Comment\",\"target\":[\"https:\\\/\\\/agradocosmetic.com\\\/pt\\\/que-tipo-de-cabello-tengo-agrado-cosmetic\\\/#respond\"]}]},{\"@type\":\"WebPage\",\"@id\":\"https:\\\/\\\/agradocosmetic.com\\\/pt\\\/que-tipo-de-cabello-tengo-agrado-cosmetic\\\/\",\"url\":\"https:\\\/\\\/agradocosmetic.com\\\/pt\\\/que-tipo-de-cabello-tengo-agrado-cosmetic\\\/\",\"name\":\"\u00bfQu\u00e9 tipo de cabello tengo? - Agrado\",\"isPartOf\":{\"@id\":\"https:\\\/\\\/agradocosmetic.com\\\/#website\"},\"primaryImageOfPage\":{\"@id\":\"https:\\\/\\\/agradocosmetic.com\\\/pt\\\/que-tipo-de-cabello-tengo-agrado-cosmetic\\\/#primaryimage\"},\"image\":{\"@id\":\"https:\\\/\\\/agradocosmetic.com\\\/pt\\\/que-tipo-de-cabello-tengo-agrado-cosmetic\\\/#primaryimage\"},\"thumbnailUrl\":\"https:\\\/\\\/agradocosmetic.com\\\/wp-content\\\/uploads\\\/2023\\\/01\\\/tipo-de-cabello-agrado.jpg\",\"datePublished\":\"2023-01-11T08:53:01+00:00\",\"dateModified\":\"2023-11-18T16:58:48+00:00\",\"description\":\"Conocer tu tipo de cabello no es tarea nada f\u00e1cil: ondulado, liso, grueso, encrespado... \u00bfQuieres saber c\u00f3mo es el tuyo? Te lo contamos.\",\"breadcrumb\":{\"@id\":\"https:\\\/\\\/agradocosmetic.com\\\/pt\\\/que-tipo-de-cabello-tengo-agrado-cosmetic\\\/#breadcrumb\"},\"inLanguage\":\"en-GB\",\"potentialAction\":[{\"@type\":\"ReadAction\",\"target\":[\"https:\\\/\\\/agradocosmetic.com\\\/pt\\\/que-tipo-de-cabello-tengo-agrado-cosmetic\\\/\"]}]},{\"@type\":\"ImageObject\",\"inLanguage\":\"en-GB\",\"@id\":\"https:\\\/\\\/agradocosmetic.com\\\/pt\\\/que-tipo-de-cabello-tengo-agrado-cosmetic\\\/#primaryimage\",\"url\":\"https:\\\/\\\/agradocosmetic.com\\\/wp-content\\\/uploads\\\/2023\\\/01\\\/tipo-de-cabello-agrado.jpg\",\"contentUrl\":\"https:\\\/\\\/agradocosmetic.com\\\/wp-content\\\/uploads\\\/2023\\\/01\\\/tipo-de-cabello-agrado.jpg\",\"width\":1200,\"height\":800},{\"@type\":\"BreadcrumbList\",\"@id\":\"https:\\\/\\\/agradocosmetic.com\\\/pt\\\/que-tipo-de-cabello-tengo-agrado-cosmetic\\\/#breadcrumb\",\"itemListElement\":[{\"@type\":\"ListItem\",\"position\":1,\"name\":\"Portada\",\"item\":\"https:\\\/\\\/agradocosmetic.com\\\/\"},{\"@type\":\"ListItem\",\"position\":2,\"name\":\"\u00bfQu\u00e9 tipo de cabello tengo?\"}]},{\"@type\":\"WebSite\",\"@id\":\"https:\\\/\\\/agradocosmetic.com\\\/#website\",\"url\":\"https:\\\/\\\/agradocosmetic.com\\\/\",\"name\":\"Agrado\",\"description\":\"Cosmetic\",\"publisher\":{\"@id\":\"https:\\\/\\\/agradocosmetic.com\\\/#organization\"},\"potentialAction\":[{\"@type\":\"SearchAction\",\"target\":{\"@type\":\"EntryPoint\",\"urlTemplate\":\"https:\\\/\\\/agradocosmetic.com\\\/?s={search_term_string}\"},\"query-input\":{\"@type\":\"PropertyValueSpecification\",\"valueRequired\":true,\"valueName\":\"search_term_string\"}}],\"inLanguage\":\"en-GB\"},{\"@type\":\"Organization\",\"@id\":\"https:\\\/\\\/agradocosmetic.com\\\/#organization\",\"name\":\"Agrado\",\"url\":\"https:\\\/\\\/agradocosmetic.com\\\/\",\"logo\":{\"@type\":\"ImageObject\",\"inLanguage\":\"en-GB\",\"@id\":\"https:\\\/\\\/agradocosmetic.com\\\/#\\\/schema\\\/logo\\\/image\\\/\",\"url\":\"https:\\\/\\\/agradocosmetic.com\\\/wp-content\\\/uploads\\\/2023\\\/07\\\/LOGO-AGRADO-WEB-01.png\",\"contentUrl\":\"https:\\\/\\\/agradocosmetic.com\\\/wp-content\\\/uploads\\\/2023\\\/07\\\/LOGO-AGRADO-WEB-01.png\",\"width\":1632,\"height\":300,\"caption\":\"Agrado\"},\"image\":{\"@id\":\"https:\\\/\\\/agradocosmetic.com\\\/#\\\/schema\\\/logo\\\/image\\\/\"}},{\"@type\":\"Person\",\"@id\":\"https:\\\/\\\/agradocosmetic.com\\\/#\\\/schema\\\/person\\\/732e8d396022e25f9340196f83d6789d\",\"name\":\"agradocosmetic\",\"image\":{\"@type\":\"ImageObject\",\"inLanguage\":\"en-GB\",\"@id\":\"https:\\\/\\\/secure.gravatar.com\\\/avatar\\\/c6003e45301182b7e125463fcbec403b1980909c12edf09098526b9a15e779c0?s=96&d=mm&r=g\",\"url\":\"https:\\\/\\\/secure.gravatar.com\\\/avatar\\\/c6003e45301182b7e125463fcbec403b1980909c12edf09098526b9a15e779c0?s=96&d=mm&r=g\",\"contentUrl\":\"https:\\\/\\\/secure.gravatar.com\\\/avatar\\\/c6003e45301182b7e125463fcbec403b1980909c12edf09098526b9a15e779c0?s=96&d=mm&r=g\",\"caption\":\"agradocosmetic\"}}]}<\/script>\n<!-- \/ Yoast SEO plugin. -->","yoast_head_json":{"title":"What type of hair do I have? - Agrado","description":"Knowing your hair type isn&#039;t easy: wavy, straight, thick, frizzy... Want to know what yours is like? We&#039;ll tell you.","robots":{"index":"index","follow":"follow","max-snippet":"max-snippet:-1","max-image-preview":"max-image-preview:large","max-video-preview":"max-video-preview:-1"},"canonical":"https:\/\/agradocosmetic.com\/en\/que-tipo-de-cabello-tengo-agrado-cosmetic\/","og_locale":"en_GB","og_type":"article","og_title":"\u00bfQu\u00e9 tipo de cabello tengo? - Agrado","og_description":"Conocer tu tipo de cabello no es tarea nada f\u00e1cil: ondulado, liso, grueso, encrespado... \u00bfQuieres saber c\u00f3mo es el tuyo? Te lo contamos.","og_url":"https:\/\/agradocosmetic.com\/en\/que-tipo-de-cabello-tengo-agrado-cosmetic\/","og_site_name":"Agrado","article_published_time":"2023-01-11T08:53:01+00:00","article_modified_time":"2023-11-18T16:58:48+00:00","og_image":[{"width":1200,"height":800,"url":"https:\/\/agradocosmetic.com\/wp-content\/uploads\/2023\/01\/tipo-de-cabello-agrado.jpg","type":"image\/jpeg"}],"author":"agradocosmetic","twitter_card":"summary_large_image","twitter_misc":{"Written by":"agradocosmetic","Estimated reading time":"3 minutes"},"schema":{"@context":"https:\/\/schema.org","@graph":[{"@type":"Article","@id":"https:\/\/agradocosmetic.com\/pt\/que-tipo-de-cabello-tengo-agrado-cosmetic\/#article","isPartOf":{"@id":"https:\/\/agradocosmetic.com\/pt\/que-tipo-de-cabello-tengo-agrado-cosmetic\/"},"author":{"name":"agradocosmetic","@id":"https:\/\/agradocosmetic.com\/#\/schema\/person\/732e8d396022e25f9340196f83d6789d"},"headline":"\u00bfQu\u00e9 tipo de cabello tengo?","datePublished":"2023-01-11T08:53:01+00:00","dateModified":"2023-11-18T16:58:48+00:00","mainEntityOfPage":{"@id":"https:\/\/agradocosmetic.com\/pt\/que-tipo-de-cabello-tengo-agrado-cosmetic\/"},"wordCount":679,"commentCount":0,"publisher":{"@id":"https:\/\/agradocosmetic.com\/#organization"},"image":{"@id":"https:\/\/agradocosmetic.com\/pt\/que-tipo-de-cabello-tengo-agrado-cosmetic\/#primaryimage"},"thumbnailUrl":"https:\/\/agradocosmetic.com\/wp-content\/uploads\/2023\/01\/tipo-de-cabello-agrado.jpg","keywords":["agrado cosmetic","cabello afro","cabello fino","cabello grueso","cabello rizado","cuidado capilar","melena","tipo de cabello"],"articleSection":["Capilar","Todos"],"inLanguage":"en-GB","potentialAction":[{"@type":"CommentAction","name":"Comment","target":["https:\/\/agradocosmetic.com\/pt\/que-tipo-de-cabello-tengo-agrado-cosmetic\/#respond"]}]},{"@type":"WebPage","@id":"https:\/\/agradocosmetic.com\/pt\/que-tipo-de-cabello-tengo-agrado-cosmetic\/","url":"https:\/\/agradocosmetic.com\/pt\/que-tipo-de-cabello-tengo-agrado-cosmetic\/","name":"What type of hair do I have? - Agrado","isPartOf":{"@id":"https:\/\/agradocosmetic.com\/#website"},"primaryImageOfPage":{"@id":"https:\/\/agradocosmetic.com\/pt\/que-tipo-de-cabello-tengo-agrado-cosmetic\/#primaryimage"},"image":{"@id":"https:\/\/agradocosmetic.com\/pt\/que-tipo-de-cabello-tengo-agrado-cosmetic\/#primaryimage"},"thumbnailUrl":"https:\/\/agradocosmetic.com\/wp-content\/uploads\/2023\/01\/tipo-de-cabello-agrado.jpg","datePublished":"2023-01-11T08:53:01+00:00","dateModified":"2023-11-18T16:58:48+00:00","description":"Knowing your hair type isn&#039;t easy: wavy, straight, thick, frizzy... Want to know what yours is like? We&#039;ll tell you.","breadcrumb":{"@id":"https:\/\/agradocosmetic.com\/pt\/que-tipo-de-cabello-tengo-agrado-cosmetic\/#breadcrumb"},"inLanguage":"en-GB","potentialAction":[{"@type":"ReadAction","target":["https:\/\/agradocosmetic.com\/pt\/que-tipo-de-cabello-tengo-agrado-cosmetic\/"]}]},{"@type":"ImageObject","inLanguage":"en-GB","@id":"https:\/\/agradocosmetic.com\/pt\/que-tipo-de-cabello-tengo-agrado-cosmetic\/#primaryimage","url":"https:\/\/agradocosmetic.com\/wp-content\/uploads\/2023\/01\/tipo-de-cabello-agrado.jpg","contentUrl":"https:\/\/agradocosmetic.com\/wp-content\/uploads\/2023\/01\/tipo-de-cabello-agrado.jpg","width":1200,"height":800},{"@type":"BreadcrumbList","@id":"https:\/\/agradocosmetic.com\/pt\/que-tipo-de-cabello-tengo-agrado-cosmetic\/#breadcrumb","itemListElement":[{"@type":"ListItem","position":1,"name":"Portada","item":"https:\/\/agradocosmetic.com\/"},{"@type":"ListItem","position":2,"name":"\u00bfQu\u00e9 tipo de cabello tengo?"}]},{"@type":"WebSite","@id":"https:\/\/agradocosmetic.com\/#website","url":"https:\/\/agradocosmetic.com\/","name":"Liking","description":"cosmetic","publisher":{"@id":"https:\/\/agradocosmetic.com\/#organization"},"potentialAction":[{"@type":"SearchAction","target":{"@type":"EntryPoint","urlTemplate":"https:\/\/agradocosmetic.com\/?s={search_term_string}"},"query-input":{"@type":"PropertyValueSpecification","valueRequired":true,"valueName":"search_term_string"}}],"inLanguage":"en-GB"},{"@type":"Organization","@id":"https:\/\/agradocosmetic.com\/#organization","name":"Liking","url":"https:\/\/agradocosmetic.com\/","logo":{"@type":"ImageObject","inLanguage":"en-GB","@id":"https:\/\/agradocosmetic.com\/#\/schema\/logo\/image\/","url":"https:\/\/agradocosmetic.com\/wp-content\/uploads\/2023\/07\/LOGO-AGRADO-WEB-01.png","contentUrl":"https:\/\/agradocosmetic.com\/wp-content\/uploads\/2023\/07\/LOGO-AGRADO-WEB-01.png","width":1632,"height":300,"caption":"Agrado"},"image":{"@id":"https:\/\/agradocosmetic.com\/#\/schema\/logo\/image\/"}},{"@type":"Person","@id":"https:\/\/agradocosmetic.com\/#\/schema\/person\/732e8d396022e25f9340196f83d6789d","name":"agradocosmetic","image":{"@type":"ImageObject","inLanguage":"en-GB","@id":"https:\/\/secure.gravatar.com\/avatar\/c6003e45301182b7e125463fcbec403b1980909c12edf09098526b9a15e779c0?s=96&d=mm&r=g","url":"https:\/\/secure.gravatar.com\/avatar\/c6003e45301182b7e125463fcbec403b1980909c12edf09098526b9a15e779c0?s=96&d=mm&r=g","contentUrl":"https:\/\/secure.gravatar.com\/avatar\/c6003e45301182b7e125463fcbec403b1980909c12edf09098526b9a15e779c0?s=96&d=mm&r=g","caption":"agradocosmetic"}}]}},"_links":{"self":[{"href":"https:\/\/agradocosmetic.com\/en\/wp-json\/wp\/v2\/posts\/20345","targetHints":{"allow":["GET"]}}],"collection":[{"href":"https:\/\/agradocosmetic.com\/en\/wp-json\/wp\/v2\/posts"}],"about":[{"href":"https:\/\/agradocosmetic.com\/en\/wp-json\/wp\/v2\/types\/post"}],"author":[{"embeddable":true,"href":"https:\/\/agradocosmetic.com\/en\/wp-json\/wp\/v2\/users\/9"}],"replies":[{"embeddable":true,"href":"https:\/\/agradocosmetic.com\/en\/wp-json\/wp\/v2\/comments?post=20345"}],"version-history":[{"count":1,"href":"https:\/\/agradocosmetic.com\/en\/wp-json\/wp\/v2\/posts\/20345\/revisions"}],"predecessor-version":[{"id":21248,"href":"https:\/\/agradocosmetic.com\/en\/wp-json\/wp\/v2\/posts\/20345\/revisions\/21248"}],"wp:featuredmedia":[{"embeddable":true,"href":"https:\/\/agradocosmetic.com\/en\/wp-json\/wp\/v2\/media\/21247"}],"wp:attachment":[{"href":"https:\/\/agradocosmetic.com\/en\/wp-json\/wp\/v2\/media?parent=20345"}],"wp:term":[{"taxonomy":"category","embeddable":true,"href":"https:\/\/agradocosmetic.com\/en\/wp-json\/wp\/v2\/categories?post=20345"},{"taxonomy":"post_tag","embeddable":true,"href":"https:\/\/agradocosmetic.com\/en\/wp-json\/wp\/v2\/tags?post=20345"}],"curies":[{"name":"wp","href":"https:\/\/api.w.org\/{rel}","templated":true}]}}