{"id":2056,"date":"2018-04-11T09:01:56","date_gmt":"2018-04-11T08:01:56","guid":{"rendered":"https:\/\/www.agradocosmetic.com\/?p=2056"},"modified":"2023-11-18T16:58:56","modified_gmt":"2023-11-18T16:58:56","slug":"el-protector-solar-todo-lo-que-necesitas-saber-para-este-verano","status":"publish","type":"post","link":"https:\/\/agradocosmetic.com\/en\/el-protector-solar-todo-lo-que-necesitas-saber-para-este-verano\/","title":{"rendered":"Sunscreen: everything you need to know for this summer."},"content":{"rendered":"<p>Soon the heat, good weather and the most anticipated time of the year will arrive: summer. During these months we enjoy our free time, vacations and spend more hours exposed to the sun. But many times we don&#039;t think about the risks that this season entails. Therefore, whatever our plan is, we must be aware and follow certain guidelines so as not to harm our skin and our health.<\/p>\n<p>In this post we want to show advice, give you information and answer questions that have crossed our minds at some point when it comes to protecting our skin properly. And thus, saving ourselves unpleasant consequences in the long term. Mentalize yourself and protect your skin!<\/p>\n<p><img fetchpriority=\"high\" decoding=\"async\" class=\"alignnone size-large wp-image-2063\" src=\"https:\/\/www.agradocosmetic.com\/wp-content\/uploads\/2018\/04\/ni\u00f1os-jugando-en-la-playa-1024x731.jpg\" alt=\"ni\u00f1os-playa-proteccion-solar\" width=\"848\" height=\"605\" \/><\/p>\n<h3><strong>What does sun protection factor mean?<\/strong><\/h3>\n<p>The FP or protection factor indicates the additional time you can be exposed to the sun without risk of sunburn, this depends directly on your own skin type and the self-protection capabilities it has.<\/p>\n<p>We emphasize that sun protection is only effective if a sufficient amount of product is applied to the skin. Be generous!<\/p>\n<h3><strong>What is the factor (SFP) that best suits you?<\/strong><\/h3>\n<p>The protection factors to use depend, as we have already said, on your skin type. If you have very fair skin, use the highest factor, which is 50+. With normal to light skin, ensure your protection using a factor between 30 and 50 SPF. You can choose lower sun factors if your skin is dark or tans very easily.<\/p>\n<p>Even so, this is somewhat indicative because if you spend the entire day exposed to the sun, such as on a day at the beach, the most logical thing is to use a high sunscreen regardless of your skin type. Remember: The more hours of sun, the higher the protection factor.<\/p>\n<h3><strong>When should you apply sunscreen?<\/strong><\/h3>\n<p>We often overlook this point, but it is recommended to apply the sunscreen at least half an hour before sun exposure. The main reason is that these products need time to penetrate the skin and begin to fulfill their function as a protective filter.<\/p>\n<p>So remember to put on protection before leaving home or make a stop before reaching your destination, opt for effective protection!<\/p>\n<h3><strong>How much protection should you use?<\/strong><\/h3>\n<p>The protection of a sunscreen depends directly on the amount you apply to your body. For this reason, it is recommended to be generous when applying the product to the body.<\/p>\n<p>The application of sunscreens is essential for effective protection against the sun. Don&#039;t forget parts of the body such as the nape of the neck, the neckline or the backs of the legs when putting on the product.<\/p>\n<p>This application is much more comfortable and faster with 360\u00ba sprays like the ones we have in our Agrado solar line. Are<a href=\"\/en\/?linea=solares\"> Solar Dry Mists with three types of factors: SPF50, SPF30, SPF15<\/a> in convenient spray format. Their texture is very light, which makes them practical and quickly absorbed.<\/p>\n<figure id=\"attachment_2057\" aria-describedby=\"caption-attachment-2057\" style=\"width: 848px\" class=\"wp-caption alignnone\"><img decoding=\"async\" class=\"size-large wp-image-2057\" src=\"https:\/\/www.agradocosmetic.com\/wp-content\/uploads\/2018\/04\/protectores-solares-bruma-seca-1024x731.jpg\" alt=\"gama protectores bruma seca de agrado en aerosol\" width=\"848\" height=\"605\" \/><figcaption id=\"caption-attachment-2057\" class=\"wp-caption-text\">New line of solar products: Agrado Dry Mist in Aerosol with SPF50, SPF30 and SPF15 factors.<\/figcaption><\/figure>\n<h3><strong>What to keep in mind with children and sun protection?<\/strong><\/h3>\n<p>Children&#039;s skin is delicate and more vulnerable to damage. The natural protection of the skin in children is not yet fully developed until after adolescence.<\/p>\n<p>In addition, sunburns produced in childhood can leave their mark in adulthood, so it is important that children use sun care products with high protection factors and appropriate for them.<\/p>\n<p>We must also take into account that the product is resistant to water or <em>waterproof <\/em>because children usually spend the whole day playing on the shore or swimming and are constantly wet.<\/p>\n<p>To maintain the level of sun protection for as long as possible, Agrado Cosmetic has launched on the market <a href=\"\/en\/?p=1818\">Dry Solar Mist SPF 50 Kids<\/a> in spray format within its line of sunscreens. It has a comfortable 360\u00ba application and rapid absorption, ideal for children. In addition, it is a waterproof product specially designed to protect you while having fun on the beach.<\/p>\n<figure id=\"attachment_2060\" aria-describedby=\"caption-attachment-2060\" style=\"width: 848px\" class=\"wp-caption alignnone\"><img decoding=\"async\" class=\"wp-image-2060 size-large\" src=\"https:\/\/www.agradocosmetic.com\/wp-content\/uploads\/2018\/04\/bruma-seca-solar-kids-1024x731.jpg\" alt=\"bruma seca solar spf50 kids\" width=\"848\" height=\"605\" \/><figcaption id=\"caption-attachment-2060\" class=\"wp-caption-text\">New line of sunscreens: SPF50 Kids Sun Dry Mist Protector by Agrado.<\/figcaption><\/figure>\n<h3><strong>If I use a high sunscreen won&#039;t I look tanned?<\/strong><\/h3>\n<p>This is a total myth, although unfortunately many people still think it today. The conclusion they reach is that by using a lower protection factor they will achieve a more intense tan. They are completely wrong!<\/p>\n<p>Although it may take longer to tan, it will be more beneficial for your skin to use a high SFP to help protect against sunburn and skin aging caused by UV radiation.<\/p>\n<h3><strong>Is it true that you should avoid sunbathing at certain hours?<\/strong><\/h3>\n<p>\u201cDo not sunbathe in the middle of the day, it is very bad\u201d, this advice is one of the most heard and also one of the most important. Most of the time, we spend the entire day on the beach and therefore, we must comply with this point as we should, above all for the health of our skin.<\/p>\n<p>Our advice is to get to the beach early and find an area with natural shade between palm trees or bring an umbrella. Also, use a high factor protector and reapply it to all parts of the body, approximately every two hours. This will help your skin not suffer so much if you are going to spend all day exposed to the sun.<\/p>\n<p>&nbsp;<\/p>\n<p>And that&#039;s it for today&#039;s post about the importance of sun protection. We hope you have resolved your doubts and applied our advice this summer for the health of your skin. Don&#039;t forget to leave your comments here on the blog.<\/p>\n<p><strong>#careandprotectyourskin<\/strong><\/p>","protected":false},"excerpt":{"rendered":"<p>Pronto llegar\u00e1 el calor, el buen tiempo y la \u00e9poca m\u00e1s esperada del a\u00f1o: el verano. Durante estos meses disfrutamos de nuestro tiempo libre, de las vacaciones y pasamos m\u00e1s horas expuestos al sol. Pero muchas veces no pensamos en los riesgos que supone esta temporada. Por ello, sea cu\u00e1l sea nuestro plan, debemos ser [&hellip;]<\/p>\n","protected":false},"author":9,"featured_media":21436,"comment_status":"open","ping_status":"closed","sticky":false,"template":"","format":"standard","meta":{"footnotes":"","_wp_rev_ctl_limit":""},"categories":[149,1],"tags":[126,174,137,223,224,158,225,226,227,228,229,230],"class_list":["post-2056","post","type-post","status-publish","format-standard","has-post-thumbnail","hentry","category-corporal","category-todos","tag-agrado","tag-agradobeautyculture","tag-agradocosmetic","tag-bruma","tag-factor","tag-piel","tag-proteccion","tag-seca","tag-sol","tag-solar","tag-solares","tag-spf"],"yoast_head":"<!-- This site is optimized with the Yoast SEO plugin v27.4 - https:\/\/yoast.com\/product\/yoast-seo-wordpress\/ -->\n<title>El protector solar: todo lo que necesitas saber para este verano.<\/title>\n<meta name=\"description\" content=\"En esta entrada mostramos consejos,informaci\u00f3n y resolvemos dudas que se nos han pasado alg\u00fan momento por la cabeza a la hora de proteger nuestra piel como es debido. Utiliza el protector solar de forma consciente ahora que llega el verano. \u00a1Mental\u00edzate y protege tu piel!\" \/>\n<meta name=\"robots\" content=\"index, follow, max-snippet:-1, max-image-preview:large, max-video-preview:-1\" \/>\n<link rel=\"canonical\" href=\"https:\/\/agradocosmetic.com\/en\/el-protector-solar-todo-lo-que-necesitas-saber-para-este-verano\/\" \/>\n<meta property=\"og:locale\" content=\"en_GB\" \/>\n<meta property=\"og:type\" content=\"article\" \/>\n<meta property=\"og:title\" content=\"El protector solar: todo lo que necesitas saber para este verano.\" \/>\n<meta property=\"og:description\" content=\"En esta entrada mostramos consejos,informaci\u00f3n y resolvemos dudas que se nos han pasado alg\u00fan momento por la cabeza a la hora de proteger nuestra piel como es debido. Utiliza el protector solar de forma consciente ahora que llega el verano. \u00a1Mental\u00edzate y protege tu piel!\" \/>\n<meta property=\"og:url\" content=\"https:\/\/agradocosmetic.com\/en\/el-protector-solar-todo-lo-que-necesitas-saber-para-este-verano\/\" \/>\n<meta property=\"og:site_name\" content=\"Agrado\" \/>\n<meta property=\"article:published_time\" content=\"2018-04-11T08:01:56+00:00\" \/>\n<meta property=\"article:modified_time\" content=\"2023-11-18T16:58:56+00:00\" \/>\n<meta property=\"og:image\" content=\"https:\/\/agradocosmetic.com\/wp-content\/uploads\/2018\/04\/protector-solar-verano1-agrado.jpg\" \/>\n\t<meta property=\"og:image:width\" content=\"1200\" \/>\n\t<meta property=\"og:image:height\" content=\"800\" \/>\n\t<meta property=\"og:image:type\" content=\"image\/jpeg\" \/>\n<meta name=\"author\" content=\"agradocosmetic\" \/>\n<meta name=\"twitter:card\" content=\"summary_large_image\" \/>\n<meta name=\"twitter:label1\" content=\"Written by\" \/>\n\t<meta name=\"twitter:data1\" content=\"agradocosmetic\" \/>\n\t<meta name=\"twitter:label2\" content=\"Estimated reading time\" \/>\n\t<meta name=\"twitter:data2\" content=\"5 minutes\" \/>\n<script type=\"application\/ld+json\" class=\"yoast-schema-graph\">{\"@context\":\"https:\\\/\\\/schema.org\",\"@graph\":[{\"@type\":\"Article\",\"@id\":\"https:\\\/\\\/agradocosmetic.com\\\/el-protector-solar-todo-lo-que-necesitas-saber-para-este-verano\\\/#article\",\"isPartOf\":{\"@id\":\"https:\\\/\\\/agradocosmetic.com\\\/el-protector-solar-todo-lo-que-necesitas-saber-para-este-verano\\\/\"},\"author\":{\"name\":\"agradocosmetic\",\"@id\":\"https:\\\/\\\/agradocosmetic.com\\\/#\\\/schema\\\/person\\\/732e8d396022e25f9340196f83d6789d\"},\"headline\":\"El protector solar: todo lo que necesitas saber para este verano.\",\"datePublished\":\"2018-04-11T08:01:56+00:00\",\"dateModified\":\"2023-11-18T16:58:56+00:00\",\"mainEntityOfPage\":{\"@id\":\"https:\\\/\\\/agradocosmetic.com\\\/el-protector-solar-todo-lo-que-necesitas-saber-para-este-verano\\\/\"},\"wordCount\":1090,\"commentCount\":0,\"publisher\":{\"@id\":\"https:\\\/\\\/agradocosmetic.com\\\/#organization\"},\"image\":{\"@id\":\"https:\\\/\\\/agradocosmetic.com\\\/el-protector-solar-todo-lo-que-necesitas-saber-para-este-verano\\\/#primaryimage\"},\"thumbnailUrl\":\"https:\\\/\\\/agradocosmetic.com\\\/wp-content\\\/uploads\\\/2018\\\/04\\\/protector-solar-verano1-agrado.jpg\",\"keywords\":[\"agrado\",\"agradobeautyculture\",\"agradocosmetic\",\"bruma\",\"factor\",\"piel\",\"proteccion\",\"seca\",\"sol\",\"solar\",\"solares\",\"spf\"],\"articleSection\":[\"Corporal\",\"Todos\"],\"inLanguage\":\"en-GB\",\"potentialAction\":[{\"@type\":\"CommentAction\",\"name\":\"Comment\",\"target\":[\"https:\\\/\\\/agradocosmetic.com\\\/el-protector-solar-todo-lo-que-necesitas-saber-para-este-verano\\\/#respond\"]}]},{\"@type\":\"WebPage\",\"@id\":\"https:\\\/\\\/agradocosmetic.com\\\/el-protector-solar-todo-lo-que-necesitas-saber-para-este-verano\\\/\",\"url\":\"https:\\\/\\\/agradocosmetic.com\\\/el-protector-solar-todo-lo-que-necesitas-saber-para-este-verano\\\/\",\"name\":\"El protector solar: todo lo que necesitas saber para este verano.\",\"isPartOf\":{\"@id\":\"https:\\\/\\\/agradocosmetic.com\\\/#website\"},\"primaryImageOfPage\":{\"@id\":\"https:\\\/\\\/agradocosmetic.com\\\/el-protector-solar-todo-lo-que-necesitas-saber-para-este-verano\\\/#primaryimage\"},\"image\":{\"@id\":\"https:\\\/\\\/agradocosmetic.com\\\/el-protector-solar-todo-lo-que-necesitas-saber-para-este-verano\\\/#primaryimage\"},\"thumbnailUrl\":\"https:\\\/\\\/agradocosmetic.com\\\/wp-content\\\/uploads\\\/2018\\\/04\\\/protector-solar-verano1-agrado.jpg\",\"datePublished\":\"2018-04-11T08:01:56+00:00\",\"dateModified\":\"2023-11-18T16:58:56+00:00\",\"description\":\"En esta entrada mostramos consejos,informaci\u00f3n y resolvemos dudas que se nos han pasado alg\u00fan momento por la cabeza a la hora de proteger nuestra piel como es debido. Utiliza el protector solar de forma consciente ahora que llega el verano. \u00a1Mental\u00edzate y protege tu piel!\",\"breadcrumb\":{\"@id\":\"https:\\\/\\\/agradocosmetic.com\\\/el-protector-solar-todo-lo-que-necesitas-saber-para-este-verano\\\/#breadcrumb\"},\"inLanguage\":\"en-GB\",\"potentialAction\":[{\"@type\":\"ReadAction\",\"target\":[\"https:\\\/\\\/agradocosmetic.com\\\/el-protector-solar-todo-lo-que-necesitas-saber-para-este-verano\\\/\"]}]},{\"@type\":\"ImageObject\",\"inLanguage\":\"en-GB\",\"@id\":\"https:\\\/\\\/agradocosmetic.com\\\/el-protector-solar-todo-lo-que-necesitas-saber-para-este-verano\\\/#primaryimage\",\"url\":\"https:\\\/\\\/agradocosmetic.com\\\/wp-content\\\/uploads\\\/2018\\\/04\\\/protector-solar-verano1-agrado.jpg\",\"contentUrl\":\"https:\\\/\\\/agradocosmetic.com\\\/wp-content\\\/uploads\\\/2018\\\/04\\\/protector-solar-verano1-agrado.jpg\",\"width\":1200,\"height\":800},{\"@type\":\"BreadcrumbList\",\"@id\":\"https:\\\/\\\/agradocosmetic.com\\\/el-protector-solar-todo-lo-que-necesitas-saber-para-este-verano\\\/#breadcrumb\",\"itemListElement\":[{\"@type\":\"ListItem\",\"position\":1,\"name\":\"Portada\",\"item\":\"https:\\\/\\\/agradocosmetic.com\\\/\"},{\"@type\":\"ListItem\",\"position\":2,\"name\":\"El protector solar: todo lo que necesitas saber para este verano.\"}]},{\"@type\":\"WebSite\",\"@id\":\"https:\\\/\\\/agradocosmetic.com\\\/#website\",\"url\":\"https:\\\/\\\/agradocosmetic.com\\\/\",\"name\":\"Agrado\",\"description\":\"Cosmetic\",\"publisher\":{\"@id\":\"https:\\\/\\\/agradocosmetic.com\\\/#organization\"},\"potentialAction\":[{\"@type\":\"SearchAction\",\"target\":{\"@type\":\"EntryPoint\",\"urlTemplate\":\"https:\\\/\\\/agradocosmetic.com\\\/?s={search_term_string}\"},\"query-input\":{\"@type\":\"PropertyValueSpecification\",\"valueRequired\":true,\"valueName\":\"search_term_string\"}}],\"inLanguage\":\"en-GB\"},{\"@type\":\"Organization\",\"@id\":\"https:\\\/\\\/agradocosmetic.com\\\/#organization\",\"name\":\"Agrado\",\"url\":\"https:\\\/\\\/agradocosmetic.com\\\/\",\"logo\":{\"@type\":\"ImageObject\",\"inLanguage\":\"en-GB\",\"@id\":\"https:\\\/\\\/agradocosmetic.com\\\/#\\\/schema\\\/logo\\\/image\\\/\",\"url\":\"https:\\\/\\\/agradocosmetic.com\\\/wp-content\\\/uploads\\\/2023\\\/07\\\/LOGO-AGRADO-WEB-01.png\",\"contentUrl\":\"https:\\\/\\\/agradocosmetic.com\\\/wp-content\\\/uploads\\\/2023\\\/07\\\/LOGO-AGRADO-WEB-01.png\",\"width\":1632,\"height\":300,\"caption\":\"Agrado\"},\"image\":{\"@id\":\"https:\\\/\\\/agradocosmetic.com\\\/#\\\/schema\\\/logo\\\/image\\\/\"}},{\"@type\":\"Person\",\"@id\":\"https:\\\/\\\/agradocosmetic.com\\\/#\\\/schema\\\/person\\\/732e8d396022e25f9340196f83d6789d\",\"name\":\"agradocosmetic\",\"image\":{\"@type\":\"ImageObject\",\"inLanguage\":\"en-GB\",\"@id\":\"https:\\\/\\\/secure.gravatar.com\\\/avatar\\\/c6003e45301182b7e125463fcbec403b1980909c12edf09098526b9a15e779c0?s=96&d=mm&r=g\",\"url\":\"https:\\\/\\\/secure.gravatar.com\\\/avatar\\\/c6003e45301182b7e125463fcbec403b1980909c12edf09098526b9a15e779c0?s=96&d=mm&r=g\",\"contentUrl\":\"https:\\\/\\\/secure.gravatar.com\\\/avatar\\\/c6003e45301182b7e125463fcbec403b1980909c12edf09098526b9a15e779c0?s=96&d=mm&r=g\",\"caption\":\"agradocosmetic\"}}]}<\/script>\n<!-- \/ Yoast SEO plugin. -->","yoast_head_json":{"title":"Sunscreen: everything you need to know for this summer.","description":"In this post, we offer tips, information, and answers to common questions you might have about properly protecting your skin. Use sunscreen responsibly now that summer is here. Get ready and protect your skin!","robots":{"index":"index","follow":"follow","max-snippet":"max-snippet:-1","max-image-preview":"max-image-preview:large","max-video-preview":"max-video-preview:-1"},"canonical":"https:\/\/agradocosmetic.com\/en\/el-protector-solar-todo-lo-que-necesitas-saber-para-este-verano\/","og_locale":"en_GB","og_type":"article","og_title":"El protector solar: todo lo que necesitas saber para este verano.","og_description":"En esta entrada mostramos consejos,informaci\u00f3n y resolvemos dudas que se nos han pasado alg\u00fan momento por la cabeza a la hora de proteger nuestra piel como es debido. Utiliza el protector solar de forma consciente ahora que llega el verano. \u00a1Mental\u00edzate y protege tu piel!","og_url":"https:\/\/agradocosmetic.com\/en\/el-protector-solar-todo-lo-que-necesitas-saber-para-este-verano\/","og_site_name":"Agrado","article_published_time":"2018-04-11T08:01:56+00:00","article_modified_time":"2023-11-18T16:58:56+00:00","og_image":[{"width":1200,"height":800,"url":"https:\/\/agradocosmetic.com\/wp-content\/uploads\/2018\/04\/protector-solar-verano1-agrado.jpg","type":"image\/jpeg"}],"author":"agradocosmetic","twitter_card":"summary_large_image","twitter_misc":{"Written by":"agradocosmetic","Estimated reading time":"5 minutes"},"schema":{"@context":"https:\/\/schema.org","@graph":[{"@type":"Article","@id":"https:\/\/agradocosmetic.com\/el-protector-solar-todo-lo-que-necesitas-saber-para-este-verano\/#article","isPartOf":{"@id":"https:\/\/agradocosmetic.com\/el-protector-solar-todo-lo-que-necesitas-saber-para-este-verano\/"},"author":{"name":"agradocosmetic","@id":"https:\/\/agradocosmetic.com\/#\/schema\/person\/732e8d396022e25f9340196f83d6789d"},"headline":"El protector solar: todo lo que necesitas saber para este verano.","datePublished":"2018-04-11T08:01:56+00:00","dateModified":"2023-11-18T16:58:56+00:00","mainEntityOfPage":{"@id":"https:\/\/agradocosmetic.com\/el-protector-solar-todo-lo-que-necesitas-saber-para-este-verano\/"},"wordCount":1090,"commentCount":0,"publisher":{"@id":"https:\/\/agradocosmetic.com\/#organization"},"image":{"@id":"https:\/\/agradocosmetic.com\/el-protector-solar-todo-lo-que-necesitas-saber-para-este-verano\/#primaryimage"},"thumbnailUrl":"https:\/\/agradocosmetic.com\/wp-content\/uploads\/2018\/04\/protector-solar-verano1-agrado.jpg","keywords":["agrado","agradobeautyculture","agradocosmetic","bruma","factor","piel","proteccion","seca","sol","solar","solares","spf"],"articleSection":["Corporal","Todos"],"inLanguage":"en-GB","potentialAction":[{"@type":"CommentAction","name":"Comment","target":["https:\/\/agradocosmetic.com\/el-protector-solar-todo-lo-que-necesitas-saber-para-este-verano\/#respond"]}]},{"@type":"WebPage","@id":"https:\/\/agradocosmetic.com\/el-protector-solar-todo-lo-que-necesitas-saber-para-este-verano\/","url":"https:\/\/agradocosmetic.com\/el-protector-solar-todo-lo-que-necesitas-saber-para-este-verano\/","name":"Sunscreen: everything you need to know for this summer.","isPartOf":{"@id":"https:\/\/agradocosmetic.com\/#website"},"primaryImageOfPage":{"@id":"https:\/\/agradocosmetic.com\/el-protector-solar-todo-lo-que-necesitas-saber-para-este-verano\/#primaryimage"},"image":{"@id":"https:\/\/agradocosmetic.com\/el-protector-solar-todo-lo-que-necesitas-saber-para-este-verano\/#primaryimage"},"thumbnailUrl":"https:\/\/agradocosmetic.com\/wp-content\/uploads\/2018\/04\/protector-solar-verano1-agrado.jpg","datePublished":"2018-04-11T08:01:56+00:00","dateModified":"2023-11-18T16:58:56+00:00","description":"In this post, we offer tips, information, and answers to common questions you might have about properly protecting your skin. Use sunscreen responsibly now that summer is here. Get ready and protect your skin!","breadcrumb":{"@id":"https:\/\/agradocosmetic.com\/el-protector-solar-todo-lo-que-necesitas-saber-para-este-verano\/#breadcrumb"},"inLanguage":"en-GB","potentialAction":[{"@type":"ReadAction","target":["https:\/\/agradocosmetic.com\/el-protector-solar-todo-lo-que-necesitas-saber-para-este-verano\/"]}]},{"@type":"ImageObject","inLanguage":"en-GB","@id":"https:\/\/agradocosmetic.com\/el-protector-solar-todo-lo-que-necesitas-saber-para-este-verano\/#primaryimage","url":"https:\/\/agradocosmetic.com\/wp-content\/uploads\/2018\/04\/protector-solar-verano1-agrado.jpg","contentUrl":"https:\/\/agradocosmetic.com\/wp-content\/uploads\/2018\/04\/protector-solar-verano1-agrado.jpg","width":1200,"height":800},{"@type":"BreadcrumbList","@id":"https:\/\/agradocosmetic.com\/el-protector-solar-todo-lo-que-necesitas-saber-para-este-verano\/#breadcrumb","itemListElement":[{"@type":"ListItem","position":1,"name":"Portada","item":"https:\/\/agradocosmetic.com\/"},{"@type":"ListItem","position":2,"name":"El protector solar: todo lo que necesitas saber para este verano."}]},{"@type":"WebSite","@id":"https:\/\/agradocosmetic.com\/#website","url":"https:\/\/agradocosmetic.com\/","name":"Liking","description":"cosmetic","publisher":{"@id":"https:\/\/agradocosmetic.com\/#organization"},"potentialAction":[{"@type":"SearchAction","target":{"@type":"EntryPoint","urlTemplate":"https:\/\/agradocosmetic.com\/?s={search_term_string}"},"query-input":{"@type":"PropertyValueSpecification","valueRequired":true,"valueName":"search_term_string"}}],"inLanguage":"en-GB"},{"@type":"Organization","@id":"https:\/\/agradocosmetic.com\/#organization","name":"Liking","url":"https:\/\/agradocosmetic.com\/","logo":{"@type":"ImageObject","inLanguage":"en-GB","@id":"https:\/\/agradocosmetic.com\/#\/schema\/logo\/image\/","url":"https:\/\/agradocosmetic.com\/wp-content\/uploads\/2023\/07\/LOGO-AGRADO-WEB-01.png","contentUrl":"https:\/\/agradocosmetic.com\/wp-content\/uploads\/2023\/07\/LOGO-AGRADO-WEB-01.png","width":1632,"height":300,"caption":"Agrado"},"image":{"@id":"https:\/\/agradocosmetic.com\/#\/schema\/logo\/image\/"}},{"@type":"Person","@id":"https:\/\/agradocosmetic.com\/#\/schema\/person\/732e8d396022e25f9340196f83d6789d","name":"agradocosmetic","image":{"@type":"ImageObject","inLanguage":"en-GB","@id":"https:\/\/secure.gravatar.com\/avatar\/c6003e45301182b7e125463fcbec403b1980909c12edf09098526b9a15e779c0?s=96&d=mm&r=g","url":"https:\/\/secure.gravatar.com\/avatar\/c6003e45301182b7e125463fcbec403b1980909c12edf09098526b9a15e779c0?s=96&d=mm&r=g","contentUrl":"https:\/\/secure.gravatar.com\/avatar\/c6003e45301182b7e125463fcbec403b1980909c12edf09098526b9a15e779c0?s=96&d=mm&r=g","caption":"agradocosmetic"}}]}},"_links":{"self":[{"href":"https:\/\/agradocosmetic.com\/en\/wp-json\/wp\/v2\/posts\/2056","targetHints":{"allow":["GET"]}}],"collection":[{"href":"https:\/\/agradocosmetic.com\/en\/wp-json\/wp\/v2\/posts"}],"about":[{"href":"https:\/\/agradocosmetic.com\/en\/wp-json\/wp\/v2\/types\/post"}],"author":[{"embeddable":true,"href":"https:\/\/agradocosmetic.com\/en\/wp-json\/wp\/v2\/users\/9"}],"replies":[{"embeddable":true,"href":"https:\/\/agradocosmetic.com\/en\/wp-json\/wp\/v2\/comments?post=2056"}],"version-history":[{"count":1,"href":"https:\/\/agradocosmetic.com\/en\/wp-json\/wp\/v2\/posts\/2056\/revisions"}],"predecessor-version":[{"id":21437,"href":"https:\/\/agradocosmetic.com\/en\/wp-json\/wp\/v2\/posts\/2056\/revisions\/21437"}],"wp:featuredmedia":[{"embeddable":true,"href":"https:\/\/agradocosmetic.com\/en\/wp-json\/wp\/v2\/media\/21436"}],"wp:attachment":[{"href":"https:\/\/agradocosmetic.com\/en\/wp-json\/wp\/v2\/media?parent=2056"}],"wp:term":[{"taxonomy":"category","embeddable":true,"href":"https:\/\/agradocosmetic.com\/en\/wp-json\/wp\/v2\/categories?post=2056"},{"taxonomy":"post_tag","embeddable":true,"href":"https:\/\/agradocosmetic.com\/en\/wp-json\/wp\/v2\/tags?post=2056"}],"curies":[{"name":"wp","href":"https:\/\/api.w.org\/{rel}","templated":true}]}}