{"id":20773,"date":"2023-05-08T11:58:11","date_gmt":"2023-05-08T10:58:11","guid":{"rendered":"https:\/\/www.agradocosmetic.com\/?p=20773"},"modified":"2023-11-18T16:58:46","modified_gmt":"2023-11-18T16:58:46","slug":"prepara-tu-pelo-para-el-verano-con-la-linea-keratina","status":"publish","type":"post","link":"https:\/\/agradocosmetic.com\/en\/prepara-tu-pelo-para-el-verano-con-la-linea-keratina\/","title":{"rendered":"Prepare your hair for summer with the Keratin Line"},"content":{"rendered":"<p>Summer is just around the corner! Once again, days of intense heat, pool, beach and sun return. And although we really want these plans, we have to prepare our hair so that it doesn&#039;t suffer too much. If you still don&#039;t know how, don&#039;t be panic, because in <a href=\"https:\/\/agradocosmetic.com\/en\/\" target=\"_blank\" rel=\"noreferrer noopener\">Agrado Cosmetic<\/a> We show you the best solution: <a href=\"https:\/\/agradocosmetic.com\/en\/linea\/keratina\/\" target=\"_blank\" rel=\"noreferrer noopener\">The Keratin Line<\/a>.<\/p>\r\n\r\n\r\n\r\n<h2 class=\"wp-block-heading\">What is Keratin?<\/h2>\r\n\r\n\r\n\r\n<p>Surely you have heard about it a thousand times and it doesn&#039;t surprise us! Keratin offers us multiple benefits, both in specific treatment and in daily use. It is the infallible tip for many hairs!<\/p>\r\n\r\n\r\n\r\n<p>But what is it? It is a protein rich in sulfur that is found naturally in our hair. It is responsible for hardening the superficial layer of the hair, nourishing and repairing it. Therefore, it is so important to maintain the levels of this protein in our hair. And this is where Keratin products come into action. We tell you which are our favorites!<\/p>\r\n\r\n\r\n\r\n<h2 class=\"wp-block-heading\">All about the Agrado Cosmetic Keratin Line<\/h2>\r\n\r\n\r\n\r\n<p>The combination of sun, salt and chlorine can damage hair and leave it dry, dull and brittle. And nobody wants that! Therefore, we present to you the <a href=\"http:\/\/agradocosmetic.com\/en\/linea\/keratina\/\" target=\"_blank\" rel=\"noreferrer noopener\">Keratin line from Agrado Cosmetic<\/a> which will be your best ally during the summer months. With its products specifically designed to protect and repair your hair, keep it soft, hydrated and with a radiant shine in any season of the year.<\/p>\r\n\r\n\r\n\r\n<ul class=\"wp-block-list\">\r\n<li><a href=\"\/en\/?p=583\" target=\"_blank\" rel=\"noreferrer noopener\">Keratin Professional Shampoo<\/a>. From the first wash it repairs the fiber cuticle, giving your hair the softness and vitality that external factors have damaged. A basic in your hair routine!<\/li>\r\n\r\n\r\n\r\n<li><a href=\"\/en\/?p=698\" target=\"_blank\" rel=\"noreferrer noopener\">Keratin Conditioning Smoothing Cream<\/a>. Indicated for frizzy hair, it allows easy styling and provides intense shine. Instant softness!<\/li>\r\n\r\n\r\n\r\n<li><a href=\"\/en\/?p=707\" target=\"_blank\" rel=\"noreferrer noopener\">Keratin Hair Mask<\/a>. Without a doubt the &#039;must have&#039; that manages, from the first application, to soften, nourish and repair damaged and frizzy hair. One of our favorites!<\/li>\r\n\r\n\r\n\r\n<li><a href=\"\/en\/?p=728\" target=\"_blank\" rel=\"noreferrer noopener\">Liquid Keratin<\/a>. The product that complements the daily treatment of frizzy hair. Incorporate it into your haircare routine, along with the previous products, to achieve perfect hair. Mane of 10!<\/li>\r\n<\/ul>\r\n\r\n\r\n\r\n<p>Now that you know all the tips to show off long hair wherever you go, pamper your hair with the <a href=\"https:\/\/agradocosmetic.com\/en\/linea\/keratina\/\" target=\"_blank\" rel=\"noreferrer noopener\">Keratin Line<\/a>! With <a href=\"https:\/\/agradocosmetic.com\/en\/\" target=\"_blank\" rel=\"noreferrer noopener\">Agrado Cosmetic<\/a> You have it easier than ever. \ud83d\ude09<\/p>","protected":false},"excerpt":{"rendered":"<p>\u00a1El verano est\u00e1 a la vuelta de la esquina! Un a\u00f1o m\u00e1s, vuelven d\u00edas de intenso calor, piscina, playa y sol. Y aunque estos planes nos apetecen mucho, tenemos que preparar nuestro pelo para que no sufra de m\u00e1s. Si a\u00fan no sabes c\u00f3mo, don\u2019t be panic, porque en Agrado Cosmetic te ense\u00f1amos la mejor [&hellip;]<\/p>\n","protected":false},"author":9,"featured_media":21231,"comment_status":"open","ping_status":"closed","sticky":false,"template":"","format":"standard","meta":{"footnotes":"","_wp_rev_ctl_limit":""},"categories":[509,1],"tags":[561,569,563,571,567],"class_list":["post-20773","post","type-post","status-publish","format-standard","has-post-thumbnail","hentry","category-capilar-en","category-todos","tag-agrado-en","tag-cabello-en","tag-capilar-en","tag-linea-keratina-en","tag-pelo-en"],"yoast_head":"<!-- This site is optimized with the Yoast SEO plugin v27.4 - https:\/\/yoast.com\/product\/yoast-seo-wordpress\/ -->\n<title>Prepara tu pelo para el verano con la L\u00ednea Keratina - Agrado<\/title>\n<meta name=\"description\" content=\"Con el verano y todos sus factores da\u00f1inos, \u00a1Necesitas proteger tu pelo! Don&#039;t be panic porque te traemos la soluci\u00f3n: la L\u00ednea Keratina.\" \/>\n<meta name=\"robots\" content=\"index, follow, max-snippet:-1, max-image-preview:large, max-video-preview:-1\" \/>\n<link rel=\"canonical\" href=\"https:\/\/agradocosmetic.com\/en\/prepara-tu-pelo-para-el-verano-con-la-linea-keratina\/\" \/>\n<meta property=\"og:locale\" content=\"en_GB\" \/>\n<meta property=\"og:type\" content=\"article\" \/>\n<meta property=\"og:title\" content=\"Prepara tu pelo para el verano con la L\u00ednea Keratina - Agrado\" \/>\n<meta property=\"og:description\" content=\"Con el verano y todos sus factores da\u00f1inos, \u00a1Necesitas proteger tu pelo! Don&#039;t be panic porque te traemos la soluci\u00f3n: la L\u00ednea Keratina.\" \/>\n<meta property=\"og:url\" content=\"https:\/\/agradocosmetic.com\/en\/prepara-tu-pelo-para-el-verano-con-la-linea-keratina\/\" \/>\n<meta property=\"og:site_name\" content=\"Agrado\" \/>\n<meta property=\"article:published_time\" content=\"2023-05-08T10:58:11+00:00\" \/>\n<meta property=\"article:modified_time\" content=\"2023-11-18T16:58:46+00:00\" \/>\n<meta property=\"og:image\" content=\"https:\/\/agradocosmetic.com\/wp-content\/uploads\/2023\/05\/mascarilla-agrado.jpg\" \/>\n\t<meta property=\"og:image:width\" content=\"1200\" \/>\n\t<meta property=\"og:image:height\" content=\"800\" \/>\n\t<meta property=\"og:image:type\" content=\"image\/jpeg\" \/>\n<meta name=\"author\" content=\"agradocosmetic\" \/>\n<meta name=\"twitter:card\" content=\"summary_large_image\" \/>\n<meta name=\"twitter:label1\" content=\"Written by\" \/>\n\t<meta name=\"twitter:data1\" content=\"agradocosmetic\" \/>\n\t<meta name=\"twitter:label2\" content=\"Estimated reading time\" \/>\n\t<meta name=\"twitter:data2\" content=\"2 minutes\" \/>\n<script type=\"application\/ld+json\" class=\"yoast-schema-graph\">{\"@context\":\"https:\\\/\\\/schema.org\",\"@graph\":[{\"@type\":\"Article\",\"@id\":\"https:\\\/\\\/agradocosmetic.com\\\/prepara-tu-pelo-para-el-verano-con-la-linea-keratina\\\/#article\",\"isPartOf\":{\"@id\":\"https:\\\/\\\/agradocosmetic.com\\\/prepara-tu-pelo-para-el-verano-con-la-linea-keratina\\\/\"},\"author\":{\"name\":\"agradocosmetic\",\"@id\":\"https:\\\/\\\/agradocosmetic.com\\\/#\\\/schema\\\/person\\\/732e8d396022e25f9340196f83d6789d\"},\"headline\":\"Prepara tu pelo para el verano con la L\u00ednea Keratina\",\"datePublished\":\"2023-05-08T10:58:11+00:00\",\"dateModified\":\"2023-11-18T16:58:46+00:00\",\"mainEntityOfPage\":{\"@id\":\"https:\\\/\\\/agradocosmetic.com\\\/prepara-tu-pelo-para-el-verano-con-la-linea-keratina\\\/\"},\"wordCount\":430,\"commentCount\":0,\"publisher\":{\"@id\":\"https:\\\/\\\/agradocosmetic.com\\\/#organization\"},\"image\":{\"@id\":\"https:\\\/\\\/agradocosmetic.com\\\/prepara-tu-pelo-para-el-verano-con-la-linea-keratina\\\/#primaryimage\"},\"thumbnailUrl\":\"https:\\\/\\\/agradocosmetic.com\\\/wp-content\\\/uploads\\\/2023\\\/05\\\/mascarilla-agrado.jpg\",\"keywords\":[\"agrado\",\"cabello\",\"capilar\",\"l\u00ednea keratina\",\"pelo\"],\"articleSection\":[\"Capilar\",\"Todos\"],\"inLanguage\":\"en-GB\",\"potentialAction\":[{\"@type\":\"CommentAction\",\"name\":\"Comment\",\"target\":[\"https:\\\/\\\/agradocosmetic.com\\\/prepara-tu-pelo-para-el-verano-con-la-linea-keratina\\\/#respond\"]}]},{\"@type\":\"WebPage\",\"@id\":\"https:\\\/\\\/agradocosmetic.com\\\/prepara-tu-pelo-para-el-verano-con-la-linea-keratina\\\/\",\"url\":\"https:\\\/\\\/agradocosmetic.com\\\/prepara-tu-pelo-para-el-verano-con-la-linea-keratina\\\/\",\"name\":\"Prepara tu pelo para el verano con la L\u00ednea Keratina - Agrado\",\"isPartOf\":{\"@id\":\"https:\\\/\\\/agradocosmetic.com\\\/#website\"},\"primaryImageOfPage\":{\"@id\":\"https:\\\/\\\/agradocosmetic.com\\\/prepara-tu-pelo-para-el-verano-con-la-linea-keratina\\\/#primaryimage\"},\"image\":{\"@id\":\"https:\\\/\\\/agradocosmetic.com\\\/prepara-tu-pelo-para-el-verano-con-la-linea-keratina\\\/#primaryimage\"},\"thumbnailUrl\":\"https:\\\/\\\/agradocosmetic.com\\\/wp-content\\\/uploads\\\/2023\\\/05\\\/mascarilla-agrado.jpg\",\"datePublished\":\"2023-05-08T10:58:11+00:00\",\"dateModified\":\"2023-11-18T16:58:46+00:00\",\"description\":\"Con el verano y todos sus factores da\u00f1inos, \u00a1Necesitas proteger tu pelo! Don't be panic porque te traemos la soluci\u00f3n: la L\u00ednea Keratina.\",\"breadcrumb\":{\"@id\":\"https:\\\/\\\/agradocosmetic.com\\\/prepara-tu-pelo-para-el-verano-con-la-linea-keratina\\\/#breadcrumb\"},\"inLanguage\":\"en-GB\",\"potentialAction\":[{\"@type\":\"ReadAction\",\"target\":[\"https:\\\/\\\/agradocosmetic.com\\\/prepara-tu-pelo-para-el-verano-con-la-linea-keratina\\\/\"]}]},{\"@type\":\"ImageObject\",\"inLanguage\":\"en-GB\",\"@id\":\"https:\\\/\\\/agradocosmetic.com\\\/prepara-tu-pelo-para-el-verano-con-la-linea-keratina\\\/#primaryimage\",\"url\":\"https:\\\/\\\/agradocosmetic.com\\\/wp-content\\\/uploads\\\/2023\\\/05\\\/mascarilla-agrado.jpg\",\"contentUrl\":\"https:\\\/\\\/agradocosmetic.com\\\/wp-content\\\/uploads\\\/2023\\\/05\\\/mascarilla-agrado.jpg\",\"width\":1200,\"height\":800},{\"@type\":\"BreadcrumbList\",\"@id\":\"https:\\\/\\\/agradocosmetic.com\\\/prepara-tu-pelo-para-el-verano-con-la-linea-keratina\\\/#breadcrumb\",\"itemListElement\":[{\"@type\":\"ListItem\",\"position\":1,\"name\":\"Portada\",\"item\":\"https:\\\/\\\/agradocosmetic.com\\\/\"},{\"@type\":\"ListItem\",\"position\":2,\"name\":\"Prepara tu pelo para el verano con la L\u00ednea Keratina\"}]},{\"@type\":\"WebSite\",\"@id\":\"https:\\\/\\\/agradocosmetic.com\\\/#website\",\"url\":\"https:\\\/\\\/agradocosmetic.com\\\/\",\"name\":\"Agrado\",\"description\":\"Cosmetic\",\"publisher\":{\"@id\":\"https:\\\/\\\/agradocosmetic.com\\\/#organization\"},\"potentialAction\":[{\"@type\":\"SearchAction\",\"target\":{\"@type\":\"EntryPoint\",\"urlTemplate\":\"https:\\\/\\\/agradocosmetic.com\\\/?s={search_term_string}\"},\"query-input\":{\"@type\":\"PropertyValueSpecification\",\"valueRequired\":true,\"valueName\":\"search_term_string\"}}],\"inLanguage\":\"en-GB\"},{\"@type\":\"Organization\",\"@id\":\"https:\\\/\\\/agradocosmetic.com\\\/#organization\",\"name\":\"Agrado\",\"url\":\"https:\\\/\\\/agradocosmetic.com\\\/\",\"logo\":{\"@type\":\"ImageObject\",\"inLanguage\":\"en-GB\",\"@id\":\"https:\\\/\\\/agradocosmetic.com\\\/#\\\/schema\\\/logo\\\/image\\\/\",\"url\":\"https:\\\/\\\/agradocosmetic.com\\\/wp-content\\\/uploads\\\/2023\\\/07\\\/LOGO-AGRADO-WEB-01.png\",\"contentUrl\":\"https:\\\/\\\/agradocosmetic.com\\\/wp-content\\\/uploads\\\/2023\\\/07\\\/LOGO-AGRADO-WEB-01.png\",\"width\":1632,\"height\":300,\"caption\":\"Agrado\"},\"image\":{\"@id\":\"https:\\\/\\\/agradocosmetic.com\\\/#\\\/schema\\\/logo\\\/image\\\/\"}},{\"@type\":\"Person\",\"@id\":\"https:\\\/\\\/agradocosmetic.com\\\/#\\\/schema\\\/person\\\/732e8d396022e25f9340196f83d6789d\",\"name\":\"agradocosmetic\",\"image\":{\"@type\":\"ImageObject\",\"inLanguage\":\"en-GB\",\"@id\":\"https:\\\/\\\/secure.gravatar.com\\\/avatar\\\/c6003e45301182b7e125463fcbec403b1980909c12edf09098526b9a15e779c0?s=96&d=mm&r=g\",\"url\":\"https:\\\/\\\/secure.gravatar.com\\\/avatar\\\/c6003e45301182b7e125463fcbec403b1980909c12edf09098526b9a15e779c0?s=96&d=mm&r=g\",\"contentUrl\":\"https:\\\/\\\/secure.gravatar.com\\\/avatar\\\/c6003e45301182b7e125463fcbec403b1980909c12edf09098526b9a15e779c0?s=96&d=mm&r=g\",\"caption\":\"agradocosmetic\"}}]}<\/script>\n<!-- \/ Yoast SEO plugin. -->","yoast_head_json":{"title":"Prepare your hair for summer with the Keratin Line - Agrado","description":"With summer and all its damaging factors, you need to protect your hair! Don&#039;t panic because we have the solution: the Keratin Line.","robots":{"index":"index","follow":"follow","max-snippet":"max-snippet:-1","max-image-preview":"max-image-preview:large","max-video-preview":"max-video-preview:-1"},"canonical":"https:\/\/agradocosmetic.com\/en\/prepara-tu-pelo-para-el-verano-con-la-linea-keratina\/","og_locale":"en_GB","og_type":"article","og_title":"Prepara tu pelo para el verano con la L\u00ednea Keratina - Agrado","og_description":"Con el verano y todos sus factores da\u00f1inos, \u00a1Necesitas proteger tu pelo! Don't be panic porque te traemos la soluci\u00f3n: la L\u00ednea Keratina.","og_url":"https:\/\/agradocosmetic.com\/en\/prepara-tu-pelo-para-el-verano-con-la-linea-keratina\/","og_site_name":"Agrado","article_published_time":"2023-05-08T10:58:11+00:00","article_modified_time":"2023-11-18T16:58:46+00:00","og_image":[{"width":1200,"height":800,"url":"https:\/\/agradocosmetic.com\/wp-content\/uploads\/2023\/05\/mascarilla-agrado.jpg","type":"image\/jpeg"}],"author":"agradocosmetic","twitter_card":"summary_large_image","twitter_misc":{"Written by":"agradocosmetic","Estimated reading time":"2 minutes"},"schema":{"@context":"https:\/\/schema.org","@graph":[{"@type":"Article","@id":"https:\/\/agradocosmetic.com\/prepara-tu-pelo-para-el-verano-con-la-linea-keratina\/#article","isPartOf":{"@id":"https:\/\/agradocosmetic.com\/prepara-tu-pelo-para-el-verano-con-la-linea-keratina\/"},"author":{"name":"agradocosmetic","@id":"https:\/\/agradocosmetic.com\/#\/schema\/person\/732e8d396022e25f9340196f83d6789d"},"headline":"Prepara tu pelo para el verano con la L\u00ednea Keratina","datePublished":"2023-05-08T10:58:11+00:00","dateModified":"2023-11-18T16:58:46+00:00","mainEntityOfPage":{"@id":"https:\/\/agradocosmetic.com\/prepara-tu-pelo-para-el-verano-con-la-linea-keratina\/"},"wordCount":430,"commentCount":0,"publisher":{"@id":"https:\/\/agradocosmetic.com\/#organization"},"image":{"@id":"https:\/\/agradocosmetic.com\/prepara-tu-pelo-para-el-verano-con-la-linea-keratina\/#primaryimage"},"thumbnailUrl":"https:\/\/agradocosmetic.com\/wp-content\/uploads\/2023\/05\/mascarilla-agrado.jpg","keywords":["agrado","cabello","capilar","l\u00ednea keratina","pelo"],"articleSection":["Capilar","Todos"],"inLanguage":"en-GB","potentialAction":[{"@type":"CommentAction","name":"Comment","target":["https:\/\/agradocosmetic.com\/prepara-tu-pelo-para-el-verano-con-la-linea-keratina\/#respond"]}]},{"@type":"WebPage","@id":"https:\/\/agradocosmetic.com\/prepara-tu-pelo-para-el-verano-con-la-linea-keratina\/","url":"https:\/\/agradocosmetic.com\/prepara-tu-pelo-para-el-verano-con-la-linea-keratina\/","name":"Prepare your hair for summer with the Keratin Line - Agrado","isPartOf":{"@id":"https:\/\/agradocosmetic.com\/#website"},"primaryImageOfPage":{"@id":"https:\/\/agradocosmetic.com\/prepara-tu-pelo-para-el-verano-con-la-linea-keratina\/#primaryimage"},"image":{"@id":"https:\/\/agradocosmetic.com\/prepara-tu-pelo-para-el-verano-con-la-linea-keratina\/#primaryimage"},"thumbnailUrl":"https:\/\/agradocosmetic.com\/wp-content\/uploads\/2023\/05\/mascarilla-agrado.jpg","datePublished":"2023-05-08T10:58:11+00:00","dateModified":"2023-11-18T16:58:46+00:00","description":"With summer and all its damaging factors, you need to protect your hair! Don&#039;t panic because we have the solution: the Keratin Line.","breadcrumb":{"@id":"https:\/\/agradocosmetic.com\/prepara-tu-pelo-para-el-verano-con-la-linea-keratina\/#breadcrumb"},"inLanguage":"en-GB","potentialAction":[{"@type":"ReadAction","target":["https:\/\/agradocosmetic.com\/prepara-tu-pelo-para-el-verano-con-la-linea-keratina\/"]}]},{"@type":"ImageObject","inLanguage":"en-GB","@id":"https:\/\/agradocosmetic.com\/prepara-tu-pelo-para-el-verano-con-la-linea-keratina\/#primaryimage","url":"https:\/\/agradocosmetic.com\/wp-content\/uploads\/2023\/05\/mascarilla-agrado.jpg","contentUrl":"https:\/\/agradocosmetic.com\/wp-content\/uploads\/2023\/05\/mascarilla-agrado.jpg","width":1200,"height":800},{"@type":"BreadcrumbList","@id":"https:\/\/agradocosmetic.com\/prepara-tu-pelo-para-el-verano-con-la-linea-keratina\/#breadcrumb","itemListElement":[{"@type":"ListItem","position":1,"name":"Portada","item":"https:\/\/agradocosmetic.com\/"},{"@type":"ListItem","position":2,"name":"Prepara tu pelo para el verano con la L\u00ednea Keratina"}]},{"@type":"WebSite","@id":"https:\/\/agradocosmetic.com\/#website","url":"https:\/\/agradocosmetic.com\/","name":"Liking","description":"cosmetic","publisher":{"@id":"https:\/\/agradocosmetic.com\/#organization"},"potentialAction":[{"@type":"SearchAction","target":{"@type":"EntryPoint","urlTemplate":"https:\/\/agradocosmetic.com\/?s={search_term_string}"},"query-input":{"@type":"PropertyValueSpecification","valueRequired":true,"valueName":"search_term_string"}}],"inLanguage":"en-GB"},{"@type":"Organization","@id":"https:\/\/agradocosmetic.com\/#organization","name":"Liking","url":"https:\/\/agradocosmetic.com\/","logo":{"@type":"ImageObject","inLanguage":"en-GB","@id":"https:\/\/agradocosmetic.com\/#\/schema\/logo\/image\/","url":"https:\/\/agradocosmetic.com\/wp-content\/uploads\/2023\/07\/LOGO-AGRADO-WEB-01.png","contentUrl":"https:\/\/agradocosmetic.com\/wp-content\/uploads\/2023\/07\/LOGO-AGRADO-WEB-01.png","width":1632,"height":300,"caption":"Agrado"},"image":{"@id":"https:\/\/agradocosmetic.com\/#\/schema\/logo\/image\/"}},{"@type":"Person","@id":"https:\/\/agradocosmetic.com\/#\/schema\/person\/732e8d396022e25f9340196f83d6789d","name":"agradocosmetic","image":{"@type":"ImageObject","inLanguage":"en-GB","@id":"https:\/\/secure.gravatar.com\/avatar\/c6003e45301182b7e125463fcbec403b1980909c12edf09098526b9a15e779c0?s=96&d=mm&r=g","url":"https:\/\/secure.gravatar.com\/avatar\/c6003e45301182b7e125463fcbec403b1980909c12edf09098526b9a15e779c0?s=96&d=mm&r=g","contentUrl":"https:\/\/secure.gravatar.com\/avatar\/c6003e45301182b7e125463fcbec403b1980909c12edf09098526b9a15e779c0?s=96&d=mm&r=g","caption":"agradocosmetic"}}]}},"_links":{"self":[{"href":"https:\/\/agradocosmetic.com\/en\/wp-json\/wp\/v2\/posts\/20773","targetHints":{"allow":["GET"]}}],"collection":[{"href":"https:\/\/agradocosmetic.com\/en\/wp-json\/wp\/v2\/posts"}],"about":[{"href":"https:\/\/agradocosmetic.com\/en\/wp-json\/wp\/v2\/types\/post"}],"author":[{"embeddable":true,"href":"https:\/\/agradocosmetic.com\/en\/wp-json\/wp\/v2\/users\/9"}],"replies":[{"embeddable":true,"href":"https:\/\/agradocosmetic.com\/en\/wp-json\/wp\/v2\/comments?post=20773"}],"version-history":[{"count":1,"href":"https:\/\/agradocosmetic.com\/en\/wp-json\/wp\/v2\/posts\/20773\/revisions"}],"predecessor-version":[{"id":21232,"href":"https:\/\/agradocosmetic.com\/en\/wp-json\/wp\/v2\/posts\/20773\/revisions\/21232"}],"wp:featuredmedia":[{"embeddable":true,"href":"https:\/\/agradocosmetic.com\/en\/wp-json\/wp\/v2\/media\/21231"}],"wp:attachment":[{"href":"https:\/\/agradocosmetic.com\/en\/wp-json\/wp\/v2\/media?parent=20773"}],"wp:term":[{"taxonomy":"category","embeddable":true,"href":"https:\/\/agradocosmetic.com\/en\/wp-json\/wp\/v2\/categories?post=20773"},{"taxonomy":"post_tag","embeddable":true,"href":"https:\/\/agradocosmetic.com\/en\/wp-json\/wp\/v2\/tags?post=20773"}],"curies":[{"name":"wp","href":"https:\/\/api.w.org\/{rel}","templated":true}]}}