{"id":21017,"date":"2023-07-30T16:50:38","date_gmt":"2023-07-30T15:50:38","guid":{"rendered":"https:\/\/www.agradocosmetic.com\/?p=21017"},"modified":"2023-11-18T16:58:44","modified_gmt":"2023-11-18T16:58:44","slug":"aprende-a-proteger-tu-piel-bronceada","status":"publish","type":"post","link":"https:\/\/agradocosmetic.com\/en\/aprende-a-proteger-tu-piel-bronceada\/","title":{"rendered":"Learn how to protect your tanned skin"},"content":{"rendered":"<p>Summer has left its mark on our skin and many of us are already sporting an enviable tan. But now that we have achieved that golden tone, it is crucial to take care of our skin to keep it healthy and radiant for longer. We tell you our best secrets to take care of your tanned skin. Don&#039;t miss them! \ud83d\ude09<\/p>\r\n\r\n\r\n\r\n<h2 class=\"wp-block-heading\"><strong>Constant hydration<\/strong><\/h2>\r\n\r\n\r\n\r\n<p>Tanning can cause our skin to dry out more quickly, so it is essential to keep it hydrated. If you haven&#039;t tried it yet, we recommend the <a href=\"\/en\/?p=1837\"><strong>After Sun Hydro-Calming Lotion Spray by Agrado<\/strong><\/a> which provides a refreshing effect while hydrating and calming the skin. Its formula rich in nutrients is perfect, since it maintains the moisture and elasticity of the skin after exposure to the sun. You&#039;ll love it!\u00a0<\/p>\r\n\r\n\r\n\r\n<h2 class=\"wp-block-heading\"><strong>Keep using sunscreen<\/strong><\/h2>\r\n\r\n\r\n\r\n<p>Even if you are already tanned, don&#039;t forget to apply sunscreen every time you go out in the sun. Opt for a sunscreen with an SPF suitable for your skin type. When we have already taken a little color, our favorite is the<a href=\"\/en\/?p=3567\"><strong> Agrado Sunscreen Oil SPF20<\/strong><\/a>, with a very light texture with a dry touch and an invisible finish. Formulated to protect your skin from UVA and UVB rays while tanning you thanks to carrot and tea oil. What more could you ask for?<\/p>\r\n\r\n\r\n\r\n<h2 class=\"wp-block-heading\"><strong>Avoid the most intense hours<\/strong><\/h2>\r\n\r\n\r\n\r\n<p>Try to avoid direct sun exposure during the most intense hours of the day, usually between 10 a.m. and 4 p.m. Instead, enjoy outdoor activities in the early morning or late afternoon. A swim in the pool or a walk on the beach, there is no better way to end the day!<\/p>\r\n\r\n\r\n\r\n<h2 class=\"wp-block-heading\"><strong>Take care of your face<\/strong><\/h2>\r\n\r\n\r\n\r\n<p>Don&#039;t forget to take care of your face with a moisturizing facial cream and sunscreen specifically for this most delicate area. In our toiletry bag we cannot miss the <a href=\"\/en\/?p=3558\"><strong>Agrado Solar Facial Mist SPF50+<\/strong><\/a>. With very high protection, it provides a lot of hydration to the skin and its dry touch spray format is absorbed quickly without leaving a feeling of stickiness. In addition, it is waterproof and can be applied over makeup. It doesn&#039;t lack anything!\u00a0<\/p>\r\n\r\n\r\n\r\n<p>Remember, tanned skin can be a symbol of summer, but we should never compromise its health. Protecting it from the sun is a responsibility that we must assume at any stage of our life. So, <strong>Enjoy the sun with caution and keep your skin healthy and radiant all summer long with <a href=\"https:\/\/agradocosmetic.com\/en\/\">Comestic Like<\/a>!<\/strong><\/p>","protected":false},"excerpt":{"rendered":"<p>El verano ha dejado marca en nuestra piel y muchxs de nosotrxs ya estamos luciendo un bronceado envidiable. Pero ahora que hemos conseguido ese tono dorado, es crucial cuidar nuestra piel para mantenerla saludable y radiante durante m\u00e1s tiempo. Te contamos nuestros mejores secretos para cuidar tu piel bronceada. \u00a1No te los pierdas! \ud83d\ude09 Hidrataci\u00f3n [&hellip;]<\/p>\n","protected":false},"author":9,"featured_media":21178,"comment_status":"open","ping_status":"closed","sticky":false,"template":"","format":"standard","meta":{"footnotes":"","_wp_rev_ctl_limit":""},"categories":[531,1],"tags":[547,539,549,543,551,545],"class_list":["post-21017","post","type-post","status-publish","format-standard","has-post-thumbnail","hentry","category-solar-en","category-todos","tag-bronceado-en","tag-cuidado-de-la-piel-en","tag-fotoprotector-en","tag-proteccion-solar-en","tag-protector-solar-en","tag-solares-en"],"yoast_head":"<!-- This site is optimized with the Yoast SEO plugin v27.4 - https:\/\/yoast.com\/product\/yoast-seo-wordpress\/ -->\n<title>Aprende a proteger tu piel bronceada - Agrado<\/title>\n<meta name=\"description\" content=\"Aunque tu piel ya est\u00e9 bronceada, debes cuidarla. En este post te contamos c\u00f3mo y con qu\u00e9 proteger tu piel morenita de la mejor forma.\" \/>\n<meta name=\"robots\" content=\"index, follow, max-snippet:-1, max-image-preview:large, max-video-preview:-1\" \/>\n<link rel=\"canonical\" href=\"https:\/\/agradocosmetic.com\/en\/aprende-a-proteger-tu-piel-bronceada\/\" \/>\n<meta property=\"og:locale\" content=\"en_GB\" \/>\n<meta property=\"og:type\" content=\"article\" \/>\n<meta property=\"og:title\" content=\"Aprende a proteger tu piel bronceada - Agrado\" \/>\n<meta property=\"og:description\" content=\"Aunque tu piel ya est\u00e9 bronceada, debes cuidarla. En este post te contamos c\u00f3mo y con qu\u00e9 proteger tu piel morenita de la mejor forma.\" \/>\n<meta property=\"og:url\" content=\"https:\/\/agradocosmetic.com\/en\/aprende-a-proteger-tu-piel-bronceada\/\" \/>\n<meta property=\"og:site_name\" content=\"Agrado\" \/>\n<meta property=\"article:published_time\" content=\"2023-07-30T15:50:38+00:00\" \/>\n<meta property=\"article:modified_time\" content=\"2023-11-18T16:58:44+00:00\" \/>\n<meta property=\"og:image\" content=\"https:\/\/agradocosmetic.com\/wp-content\/uploads\/2023\/07\/piel-bronceada-agrado.jpg\" \/>\n\t<meta property=\"og:image:width\" content=\"1200\" \/>\n\t<meta property=\"og:image:height\" content=\"800\" \/>\n\t<meta property=\"og:image:type\" content=\"image\/jpeg\" \/>\n<meta name=\"author\" content=\"agradocosmetic\" \/>\n<meta name=\"twitter:card\" content=\"summary_large_image\" \/>\n<meta name=\"twitter:label1\" content=\"Written by\" \/>\n\t<meta name=\"twitter:data1\" content=\"agradocosmetic\" \/>\n\t<meta name=\"twitter:label2\" content=\"Estimated reading time\" \/>\n\t<meta name=\"twitter:data2\" content=\"2 minutes\" \/>\n<script type=\"application\/ld+json\" class=\"yoast-schema-graph\">{\"@context\":\"https:\\\/\\\/schema.org\",\"@graph\":[{\"@type\":\"Article\",\"@id\":\"https:\\\/\\\/agradocosmetic.com\\\/aprende-a-proteger-tu-piel-bronceada\\\/#article\",\"isPartOf\":{\"@id\":\"https:\\\/\\\/agradocosmetic.com\\\/aprende-a-proteger-tu-piel-bronceada\\\/\"},\"author\":{\"name\":\"agradocosmetic\",\"@id\":\"https:\\\/\\\/agradocosmetic.com\\\/#\\\/schema\\\/person\\\/732e8d396022e25f9340196f83d6789d\"},\"headline\":\"Aprende a proteger tu piel bronceada\",\"datePublished\":\"2023-07-30T15:50:38+00:00\",\"dateModified\":\"2023-11-18T16:58:44+00:00\",\"mainEntityOfPage\":{\"@id\":\"https:\\\/\\\/agradocosmetic.com\\\/aprende-a-proteger-tu-piel-bronceada\\\/\"},\"wordCount\":447,\"commentCount\":0,\"publisher\":{\"@id\":\"https:\\\/\\\/agradocosmetic.com\\\/#organization\"},\"image\":{\"@id\":\"https:\\\/\\\/agradocosmetic.com\\\/aprende-a-proteger-tu-piel-bronceada\\\/#primaryimage\"},\"thumbnailUrl\":\"https:\\\/\\\/agradocosmetic.com\\\/wp-content\\\/uploads\\\/2023\\\/07\\\/piel-bronceada-agrado.jpg\",\"keywords\":[\"bronceado\",\"cuidado de la piel\",\"fotoprotector\",\"proteccion solar\",\"protector solar\",\"solares\"],\"articleSection\":[\"Solar\",\"Todos\"],\"inLanguage\":\"en-GB\",\"potentialAction\":[{\"@type\":\"CommentAction\",\"name\":\"Comment\",\"target\":[\"https:\\\/\\\/agradocosmetic.com\\\/aprende-a-proteger-tu-piel-bronceada\\\/#respond\"]}]},{\"@type\":\"WebPage\",\"@id\":\"https:\\\/\\\/agradocosmetic.com\\\/aprende-a-proteger-tu-piel-bronceada\\\/\",\"url\":\"https:\\\/\\\/agradocosmetic.com\\\/aprende-a-proteger-tu-piel-bronceada\\\/\",\"name\":\"Aprende a proteger tu piel bronceada - Agrado\",\"isPartOf\":{\"@id\":\"https:\\\/\\\/agradocosmetic.com\\\/#website\"},\"primaryImageOfPage\":{\"@id\":\"https:\\\/\\\/agradocosmetic.com\\\/aprende-a-proteger-tu-piel-bronceada\\\/#primaryimage\"},\"image\":{\"@id\":\"https:\\\/\\\/agradocosmetic.com\\\/aprende-a-proteger-tu-piel-bronceada\\\/#primaryimage\"},\"thumbnailUrl\":\"https:\\\/\\\/agradocosmetic.com\\\/wp-content\\\/uploads\\\/2023\\\/07\\\/piel-bronceada-agrado.jpg\",\"datePublished\":\"2023-07-30T15:50:38+00:00\",\"dateModified\":\"2023-11-18T16:58:44+00:00\",\"description\":\"Aunque tu piel ya est\u00e9 bronceada, debes cuidarla. En este post te contamos c\u00f3mo y con qu\u00e9 proteger tu piel morenita de la mejor forma.\",\"breadcrumb\":{\"@id\":\"https:\\\/\\\/agradocosmetic.com\\\/aprende-a-proteger-tu-piel-bronceada\\\/#breadcrumb\"},\"inLanguage\":\"en-GB\",\"potentialAction\":[{\"@type\":\"ReadAction\",\"target\":[\"https:\\\/\\\/agradocosmetic.com\\\/aprende-a-proteger-tu-piel-bronceada\\\/\"]}]},{\"@type\":\"ImageObject\",\"inLanguage\":\"en-GB\",\"@id\":\"https:\\\/\\\/agradocosmetic.com\\\/aprende-a-proteger-tu-piel-bronceada\\\/#primaryimage\",\"url\":\"https:\\\/\\\/agradocosmetic.com\\\/wp-content\\\/uploads\\\/2023\\\/07\\\/piel-bronceada-agrado.jpg\",\"contentUrl\":\"https:\\\/\\\/agradocosmetic.com\\\/wp-content\\\/uploads\\\/2023\\\/07\\\/piel-bronceada-agrado.jpg\",\"width\":1200,\"height\":800},{\"@type\":\"BreadcrumbList\",\"@id\":\"https:\\\/\\\/agradocosmetic.com\\\/aprende-a-proteger-tu-piel-bronceada\\\/#breadcrumb\",\"itemListElement\":[{\"@type\":\"ListItem\",\"position\":1,\"name\":\"Portada\",\"item\":\"https:\\\/\\\/agradocosmetic.com\\\/\"},{\"@type\":\"ListItem\",\"position\":2,\"name\":\"Aprende a proteger tu piel bronceada\"}]},{\"@type\":\"WebSite\",\"@id\":\"https:\\\/\\\/agradocosmetic.com\\\/#website\",\"url\":\"https:\\\/\\\/agradocosmetic.com\\\/\",\"name\":\"Agrado\",\"description\":\"Cosmetic\",\"publisher\":{\"@id\":\"https:\\\/\\\/agradocosmetic.com\\\/#organization\"},\"potentialAction\":[{\"@type\":\"SearchAction\",\"target\":{\"@type\":\"EntryPoint\",\"urlTemplate\":\"https:\\\/\\\/agradocosmetic.com\\\/?s={search_term_string}\"},\"query-input\":{\"@type\":\"PropertyValueSpecification\",\"valueRequired\":true,\"valueName\":\"search_term_string\"}}],\"inLanguage\":\"en-GB\"},{\"@type\":\"Organization\",\"@id\":\"https:\\\/\\\/agradocosmetic.com\\\/#organization\",\"name\":\"Agrado\",\"url\":\"https:\\\/\\\/agradocosmetic.com\\\/\",\"logo\":{\"@type\":\"ImageObject\",\"inLanguage\":\"en-GB\",\"@id\":\"https:\\\/\\\/agradocosmetic.com\\\/#\\\/schema\\\/logo\\\/image\\\/\",\"url\":\"https:\\\/\\\/agradocosmetic.com\\\/wp-content\\\/uploads\\\/2023\\\/07\\\/LOGO-AGRADO-WEB-01.png\",\"contentUrl\":\"https:\\\/\\\/agradocosmetic.com\\\/wp-content\\\/uploads\\\/2023\\\/07\\\/LOGO-AGRADO-WEB-01.png\",\"width\":1632,\"height\":300,\"caption\":\"Agrado\"},\"image\":{\"@id\":\"https:\\\/\\\/agradocosmetic.com\\\/#\\\/schema\\\/logo\\\/image\\\/\"}},{\"@type\":\"Person\",\"@id\":\"https:\\\/\\\/agradocosmetic.com\\\/#\\\/schema\\\/person\\\/732e8d396022e25f9340196f83d6789d\",\"name\":\"agradocosmetic\",\"image\":{\"@type\":\"ImageObject\",\"inLanguage\":\"en-GB\",\"@id\":\"https:\\\/\\\/secure.gravatar.com\\\/avatar\\\/c6003e45301182b7e125463fcbec403b1980909c12edf09098526b9a15e779c0?s=96&d=mm&r=g\",\"url\":\"https:\\\/\\\/secure.gravatar.com\\\/avatar\\\/c6003e45301182b7e125463fcbec403b1980909c12edf09098526b9a15e779c0?s=96&d=mm&r=g\",\"contentUrl\":\"https:\\\/\\\/secure.gravatar.com\\\/avatar\\\/c6003e45301182b7e125463fcbec403b1980909c12edf09098526b9a15e779c0?s=96&d=mm&r=g\",\"caption\":\"agradocosmetic\"}}]}<\/script>\n<!-- \/ Yoast SEO plugin. -->","yoast_head_json":{"title":"Aprende a proteger tu piel bronceada - Agrado","description":"Aunque tu piel ya est\u00e9 bronceada, debes cuidarla. En este post te contamos c\u00f3mo y con qu\u00e9 proteger tu piel morenita de la mejor forma.","robots":{"index":"index","follow":"follow","max-snippet":"max-snippet:-1","max-image-preview":"max-image-preview:large","max-video-preview":"max-video-preview:-1"},"canonical":"https:\/\/agradocosmetic.com\/en\/aprende-a-proteger-tu-piel-bronceada\/","og_locale":"en_GB","og_type":"article","og_title":"Aprende a proteger tu piel bronceada - Agrado","og_description":"Aunque tu piel ya est\u00e9 bronceada, debes cuidarla. En este post te contamos c\u00f3mo y con qu\u00e9 proteger tu piel morenita de la mejor forma.","og_url":"https:\/\/agradocosmetic.com\/en\/aprende-a-proteger-tu-piel-bronceada\/","og_site_name":"Agrado","article_published_time":"2023-07-30T15:50:38+00:00","article_modified_time":"2023-11-18T16:58:44+00:00","og_image":[{"width":1200,"height":800,"url":"https:\/\/agradocosmetic.com\/wp-content\/uploads\/2023\/07\/piel-bronceada-agrado.jpg","type":"image\/jpeg"}],"author":"agradocosmetic","twitter_card":"summary_large_image","twitter_misc":{"Written by":"agradocosmetic","Estimated reading time":"2 minutes"},"schema":{"@context":"https:\/\/schema.org","@graph":[{"@type":"Article","@id":"https:\/\/agradocosmetic.com\/aprende-a-proteger-tu-piel-bronceada\/#article","isPartOf":{"@id":"https:\/\/agradocosmetic.com\/aprende-a-proteger-tu-piel-bronceada\/"},"author":{"name":"agradocosmetic","@id":"https:\/\/agradocosmetic.com\/#\/schema\/person\/732e8d396022e25f9340196f83d6789d"},"headline":"Aprende a proteger tu piel bronceada","datePublished":"2023-07-30T15:50:38+00:00","dateModified":"2023-11-18T16:58:44+00:00","mainEntityOfPage":{"@id":"https:\/\/agradocosmetic.com\/aprende-a-proteger-tu-piel-bronceada\/"},"wordCount":447,"commentCount":0,"publisher":{"@id":"https:\/\/agradocosmetic.com\/#organization"},"image":{"@id":"https:\/\/agradocosmetic.com\/aprende-a-proteger-tu-piel-bronceada\/#primaryimage"},"thumbnailUrl":"https:\/\/agradocosmetic.com\/wp-content\/uploads\/2023\/07\/piel-bronceada-agrado.jpg","keywords":["bronceado","cuidado de la piel","fotoprotector","proteccion solar","protector solar","solares"],"articleSection":["Solar","Todos"],"inLanguage":"en-GB","potentialAction":[{"@type":"CommentAction","name":"Comment","target":["https:\/\/agradocosmetic.com\/aprende-a-proteger-tu-piel-bronceada\/#respond"]}]},{"@type":"WebPage","@id":"https:\/\/agradocosmetic.com\/aprende-a-proteger-tu-piel-bronceada\/","url":"https:\/\/agradocosmetic.com\/aprende-a-proteger-tu-piel-bronceada\/","name":"Aprende a proteger tu piel bronceada - Agrado","isPartOf":{"@id":"https:\/\/agradocosmetic.com\/#website"},"primaryImageOfPage":{"@id":"https:\/\/agradocosmetic.com\/aprende-a-proteger-tu-piel-bronceada\/#primaryimage"},"image":{"@id":"https:\/\/agradocosmetic.com\/aprende-a-proteger-tu-piel-bronceada\/#primaryimage"},"thumbnailUrl":"https:\/\/agradocosmetic.com\/wp-content\/uploads\/2023\/07\/piel-bronceada-agrado.jpg","datePublished":"2023-07-30T15:50:38+00:00","dateModified":"2023-11-18T16:58:44+00:00","description":"Aunque tu piel ya est\u00e9 bronceada, debes cuidarla. En este post te contamos c\u00f3mo y con qu\u00e9 proteger tu piel morenita de la mejor forma.","breadcrumb":{"@id":"https:\/\/agradocosmetic.com\/aprende-a-proteger-tu-piel-bronceada\/#breadcrumb"},"inLanguage":"en-GB","potentialAction":[{"@type":"ReadAction","target":["https:\/\/agradocosmetic.com\/aprende-a-proteger-tu-piel-bronceada\/"]}]},{"@type":"ImageObject","inLanguage":"en-GB","@id":"https:\/\/agradocosmetic.com\/aprende-a-proteger-tu-piel-bronceada\/#primaryimage","url":"https:\/\/agradocosmetic.com\/wp-content\/uploads\/2023\/07\/piel-bronceada-agrado.jpg","contentUrl":"https:\/\/agradocosmetic.com\/wp-content\/uploads\/2023\/07\/piel-bronceada-agrado.jpg","width":1200,"height":800},{"@type":"BreadcrumbList","@id":"https:\/\/agradocosmetic.com\/aprende-a-proteger-tu-piel-bronceada\/#breadcrumb","itemListElement":[{"@type":"ListItem","position":1,"name":"Portada","item":"https:\/\/agradocosmetic.com\/"},{"@type":"ListItem","position":2,"name":"Aprende a proteger tu piel bronceada"}]},{"@type":"WebSite","@id":"https:\/\/agradocosmetic.com\/#website","url":"https:\/\/agradocosmetic.com\/","name":"Liking","description":"cosmetic","publisher":{"@id":"https:\/\/agradocosmetic.com\/#organization"},"potentialAction":[{"@type":"SearchAction","target":{"@type":"EntryPoint","urlTemplate":"https:\/\/agradocosmetic.com\/?s={search_term_string}"},"query-input":{"@type":"PropertyValueSpecification","valueRequired":true,"valueName":"search_term_string"}}],"inLanguage":"en-GB"},{"@type":"Organization","@id":"https:\/\/agradocosmetic.com\/#organization","name":"Liking","url":"https:\/\/agradocosmetic.com\/","logo":{"@type":"ImageObject","inLanguage":"en-GB","@id":"https:\/\/agradocosmetic.com\/#\/schema\/logo\/image\/","url":"https:\/\/agradocosmetic.com\/wp-content\/uploads\/2023\/07\/LOGO-AGRADO-WEB-01.png","contentUrl":"https:\/\/agradocosmetic.com\/wp-content\/uploads\/2023\/07\/LOGO-AGRADO-WEB-01.png","width":1632,"height":300,"caption":"Agrado"},"image":{"@id":"https:\/\/agradocosmetic.com\/#\/schema\/logo\/image\/"}},{"@type":"Person","@id":"https:\/\/agradocosmetic.com\/#\/schema\/person\/732e8d396022e25f9340196f83d6789d","name":"agradocosmetic","image":{"@type":"ImageObject","inLanguage":"en-GB","@id":"https:\/\/secure.gravatar.com\/avatar\/c6003e45301182b7e125463fcbec403b1980909c12edf09098526b9a15e779c0?s=96&d=mm&r=g","url":"https:\/\/secure.gravatar.com\/avatar\/c6003e45301182b7e125463fcbec403b1980909c12edf09098526b9a15e779c0?s=96&d=mm&r=g","contentUrl":"https:\/\/secure.gravatar.com\/avatar\/c6003e45301182b7e125463fcbec403b1980909c12edf09098526b9a15e779c0?s=96&d=mm&r=g","caption":"agradocosmetic"}}]}},"_links":{"self":[{"href":"https:\/\/agradocosmetic.com\/en\/wp-json\/wp\/v2\/posts\/21017","targetHints":{"allow":["GET"]}}],"collection":[{"href":"https:\/\/agradocosmetic.com\/en\/wp-json\/wp\/v2\/posts"}],"about":[{"href":"https:\/\/agradocosmetic.com\/en\/wp-json\/wp\/v2\/types\/post"}],"author":[{"embeddable":true,"href":"https:\/\/agradocosmetic.com\/en\/wp-json\/wp\/v2\/users\/9"}],"replies":[{"embeddable":true,"href":"https:\/\/agradocosmetic.com\/en\/wp-json\/wp\/v2\/comments?post=21017"}],"version-history":[{"count":1,"href":"https:\/\/agradocosmetic.com\/en\/wp-json\/wp\/v2\/posts\/21017\/revisions"}],"predecessor-version":[{"id":21179,"href":"https:\/\/agradocosmetic.com\/en\/wp-json\/wp\/v2\/posts\/21017\/revisions\/21179"}],"wp:featuredmedia":[{"embeddable":true,"href":"https:\/\/agradocosmetic.com\/en\/wp-json\/wp\/v2\/media\/21178"}],"wp:attachment":[{"href":"https:\/\/agradocosmetic.com\/en\/wp-json\/wp\/v2\/media?parent=21017"}],"wp:term":[{"taxonomy":"category","embeddable":true,"href":"https:\/\/agradocosmetic.com\/en\/wp-json\/wp\/v2\/categories?post=21017"},{"taxonomy":"post_tag","embeddable":true,"href":"https:\/\/agradocosmetic.com\/en\/wp-json\/wp\/v2\/tags?post=21017"}],"curies":[{"name":"wp","href":"https:\/\/api.w.org\/{rel}","templated":true}]}}