{"id":21027,"date":"2023-07-30T16:51:18","date_gmt":"2023-07-30T15:51:18","guid":{"rendered":"https:\/\/www.agradocosmetic.com\/?p=21027"},"modified":"2023-11-18T16:58:43","modified_gmt":"2023-11-18T16:58:43","slug":"recupera-tu-piel-tras-el-verano-con-aftersun","status":"publish","type":"post","link":"https:\/\/agradocosmetic.com\/en\/recupera-tu-piel-tras-el-verano-con-aftersun\/","title":{"rendered":"Recover your skin after summer with Aftersun"},"content":{"rendered":"<p>The summer has been incredible and we have enjoyed the sun to the fullest, but now that it is coming to an end, it is time to take care of and pamper our skin. After long days at the beach and pool, it is normal that our skin needs special attention to recover and stay radiant. And what better ally for this post-summer care than Aftersun. In this post we tell you everything it can do for you to keep your skin in perfect condition.<\/p>\r\n\r\n\r\n\r\n<h2 class=\"wp-block-heading\">Intense hydration with Aftersun<\/h2>\r\n\r\n\r\n\r\n<p>Aftersun is a true source of hydration for the skin after sun exposure. Its formula is enriched with soothing ingredients such as aloe vera, which help soothe the skin and reduce irritation caused by the sun. Instant hydration!<\/p>\r\n\r\n\r\n\r\n<h2 class=\"wp-block-heading\">Soothes and refreshes the skin<\/h2>\r\n\r\n\r\n\r\n<p>After a day in the sun, your skin may feel hot and irritated. Aftersun gives you a pleasant sensation of freshness that helps soothe and calm the skin, giving it instant relief. Everything you need for radiant skin!<\/p>\r\n\r\n\r\n\r\n<h2 class=\"wp-block-heading\">Prolongs the tan<\/h2>\r\n\r\n\r\n\r\n<p>In addition, this product also maintains the tan for longer, as it helps the skin to be hydrated and in better condition, preventing peeling and color fading. Lengthen the golden tone? Yes please!<\/p>\r\n\r\n\r\n\r\n<h2 class=\"wp-block-heading\">Proper use of aftersun<\/h2>\r\n\r\n\r\n\r\n<p>Apply Aftersun generously all over your body after each sun exposure. Pay special attention to the most sensitive areas such as the face and shoulders. Repeat the operation after each sunbath. Your skin will thank you!\u00a0<\/p>\r\n\r\n\r\n\r\n<h2 class=\"wp-block-heading\">Choose the best format\u00a0<\/h2>\r\n\r\n\r\n\r\n<p>There are no excuses anymore! Today there is a wide variety of Aftersun formats so you can choose the one that best suits your tastes and needs. Our favorites? The <a href=\"\/en\/?p=1837\"><strong>Hydrocalming Aftersun Lotion<\/strong><\/a> and the <a href=\"\/en\/?p=3570\"><strong>Aloe Vera Hydragel After Sun<\/strong><\/a>, both liked. The Lotion is an emulsion with a calming effect, in spray format, very easy to apply and with a light texture that is quickly absorbed. On the other hand, Hidragel, the most classic format, has an emollient effect that provides extra hydration with natural Aloe Vera 100% extract and Glycerin. Thanks to its formula, you will notice immediate relief, feeling the freshness and hydration you need after a sunbath. We can&#039;t choose, we stay with both!<\/p>\r\n\r\n\r\n\r\n<p>And remember: even though summer is over, care must be constant. Using Aftersun after each exposure to the sun and continuing to maintain a daily hydration routine will help you keep your dermis in perfect condition throughout the year.\u00a0<\/p>\r\n\r\n\r\n\r\n<p><strong>Pamper yourself and take care of your skin with <a href=\"https:\/\/agradocosmetic.com\/en\/\">Agrado Cosmetic<\/a>, you will notice the difference!<\/strong><\/p>","protected":false},"excerpt":{"rendered":"<p>El verano ha sido incre\u00edble y hemos disfrutado al m\u00e1ximo bajo el sol, pero ahora que est\u00e1 llegando a su fin, es momento de cuidar y mimar nuestra piel. Despu\u00e9s de largas jornadas de playa y piscina, es normal que nuestra piel necesite una atenci\u00f3n especial para recuperarse y matenerse radiante. Y qu\u00e9 mejor aliado [&hellip;]<\/p>\n","protected":false},"author":9,"featured_media":21172,"comment_status":"open","ping_status":"closed","sticky":false,"template":"","format":"standard","meta":{"footnotes":"","_wp_rev_ctl_limit":""},"categories":[531,1],"tags":[533,535,537,539,541,543,545],"class_list":["post-21027","post","type-post","status-publish","format-standard","has-post-thumbnail","hentry","category-solar-en","category-todos","tag-aftesun-en","tag-beneficios-aftersun-en","tag-como-usar-el-aftersun-en","tag-cuidado-de-la-piel-en","tag-piel-en","tag-proteccion-solar-en","tag-solares-en"],"yoast_head":"<!-- This site is optimized with the Yoast SEO plugin v27.4 - https:\/\/yoast.com\/product\/yoast-seo-wordpress\/ -->\n<title>Recupera tu piel tras el verano con Aftersun - Agrado<\/title>\n<meta name=\"description\" content=\"\u00a1Cuidado! Tu piel necesita volver a la calma despu\u00e9s de meses de exposici\u00f3n al sol. Te contamos c\u00f3mo hacerlo con Aftersun en este post. \ud83d\ude09\" \/>\n<meta name=\"robots\" content=\"index, follow, max-snippet:-1, max-image-preview:large, max-video-preview:-1\" \/>\n<link rel=\"canonical\" href=\"https:\/\/agradocosmetic.com\/en\/recupera-tu-piel-tras-el-verano-con-aftersun\/\" \/>\n<meta property=\"og:locale\" content=\"en_GB\" \/>\n<meta property=\"og:type\" content=\"article\" \/>\n<meta property=\"og:title\" content=\"Recupera tu piel tras el verano con Aftersun - Agrado\" \/>\n<meta property=\"og:description\" content=\"\u00a1Cuidado! Tu piel necesita volver a la calma despu\u00e9s de meses de exposici\u00f3n al sol. Te contamos c\u00f3mo hacerlo con Aftersun en este post. \ud83d\ude09\" \/>\n<meta property=\"og:url\" content=\"https:\/\/agradocosmetic.com\/en\/recupera-tu-piel-tras-el-verano-con-aftersun\/\" \/>\n<meta property=\"og:site_name\" content=\"Agrado\" \/>\n<meta property=\"article:published_time\" content=\"2023-07-30T15:51:18+00:00\" \/>\n<meta property=\"article:modified_time\" content=\"2023-11-18T16:58:43+00:00\" \/>\n<meta property=\"og:image\" content=\"https:\/\/agradocosmetic.com\/wp-content\/uploads\/2023\/07\/aftersun-agrado.jpg\" \/>\n\t<meta property=\"og:image:width\" content=\"1200\" \/>\n\t<meta property=\"og:image:height\" content=\"800\" \/>\n\t<meta property=\"og:image:type\" content=\"image\/jpeg\" \/>\n<meta name=\"author\" content=\"agradocosmetic\" \/>\n<meta name=\"twitter:card\" content=\"summary_large_image\" \/>\n<meta name=\"twitter:label1\" content=\"Written by\" \/>\n\t<meta name=\"twitter:data1\" content=\"agradocosmetic\" \/>\n\t<meta name=\"twitter:label2\" content=\"Estimated reading time\" \/>\n\t<meta name=\"twitter:data2\" content=\"3 minutes\" \/>\n<script type=\"application\/ld+json\" class=\"yoast-schema-graph\">{\"@context\":\"https:\\\/\\\/schema.org\",\"@graph\":[{\"@type\":\"Article\",\"@id\":\"https:\\\/\\\/agradocosmetic.com\\\/recupera-tu-piel-tras-el-verano-con-aftersun\\\/#article\",\"isPartOf\":{\"@id\":\"https:\\\/\\\/agradocosmetic.com\\\/recupera-tu-piel-tras-el-verano-con-aftersun\\\/\"},\"author\":{\"name\":\"agradocosmetic\",\"@id\":\"https:\\\/\\\/agradocosmetic.com\\\/#\\\/schema\\\/person\\\/732e8d396022e25f9340196f83d6789d\"},\"headline\":\"Recupera tu piel tras el verano con Aftersun\",\"datePublished\":\"2023-07-30T15:51:18+00:00\",\"dateModified\":\"2023-11-18T16:58:43+00:00\",\"mainEntityOfPage\":{\"@id\":\"https:\\\/\\\/agradocosmetic.com\\\/recupera-tu-piel-tras-el-verano-con-aftersun\\\/\"},\"wordCount\":496,\"commentCount\":0,\"publisher\":{\"@id\":\"https:\\\/\\\/agradocosmetic.com\\\/#organization\"},\"image\":{\"@id\":\"https:\\\/\\\/agradocosmetic.com\\\/recupera-tu-piel-tras-el-verano-con-aftersun\\\/#primaryimage\"},\"thumbnailUrl\":\"https:\\\/\\\/agradocosmetic.com\\\/wp-content\\\/uploads\\\/2023\\\/07\\\/aftersun-agrado.jpg\",\"keywords\":[\"aftesun\",\"beneficios aftersun\",\"como usar el aftersun\",\"cuidado de la piel\",\"piel\",\"proteccion solar\",\"solares\"],\"articleSection\":[\"Solar\",\"Todos\"],\"inLanguage\":\"en-GB\",\"potentialAction\":[{\"@type\":\"CommentAction\",\"name\":\"Comment\",\"target\":[\"https:\\\/\\\/agradocosmetic.com\\\/recupera-tu-piel-tras-el-verano-con-aftersun\\\/#respond\"]}]},{\"@type\":\"WebPage\",\"@id\":\"https:\\\/\\\/agradocosmetic.com\\\/recupera-tu-piel-tras-el-verano-con-aftersun\\\/\",\"url\":\"https:\\\/\\\/agradocosmetic.com\\\/recupera-tu-piel-tras-el-verano-con-aftersun\\\/\",\"name\":\"Recupera tu piel tras el verano con Aftersun - Agrado\",\"isPartOf\":{\"@id\":\"https:\\\/\\\/agradocosmetic.com\\\/#website\"},\"primaryImageOfPage\":{\"@id\":\"https:\\\/\\\/agradocosmetic.com\\\/recupera-tu-piel-tras-el-verano-con-aftersun\\\/#primaryimage\"},\"image\":{\"@id\":\"https:\\\/\\\/agradocosmetic.com\\\/recupera-tu-piel-tras-el-verano-con-aftersun\\\/#primaryimage\"},\"thumbnailUrl\":\"https:\\\/\\\/agradocosmetic.com\\\/wp-content\\\/uploads\\\/2023\\\/07\\\/aftersun-agrado.jpg\",\"datePublished\":\"2023-07-30T15:51:18+00:00\",\"dateModified\":\"2023-11-18T16:58:43+00:00\",\"description\":\"\u00a1Cuidado! Tu piel necesita volver a la calma despu\u00e9s de meses de exposici\u00f3n al sol. Te contamos c\u00f3mo hacerlo con Aftersun en este post. \ud83d\ude09\",\"breadcrumb\":{\"@id\":\"https:\\\/\\\/agradocosmetic.com\\\/recupera-tu-piel-tras-el-verano-con-aftersun\\\/#breadcrumb\"},\"inLanguage\":\"en-GB\",\"potentialAction\":[{\"@type\":\"ReadAction\",\"target\":[\"https:\\\/\\\/agradocosmetic.com\\\/recupera-tu-piel-tras-el-verano-con-aftersun\\\/\"]}]},{\"@type\":\"ImageObject\",\"inLanguage\":\"en-GB\",\"@id\":\"https:\\\/\\\/agradocosmetic.com\\\/recupera-tu-piel-tras-el-verano-con-aftersun\\\/#primaryimage\",\"url\":\"https:\\\/\\\/agradocosmetic.com\\\/wp-content\\\/uploads\\\/2023\\\/07\\\/aftersun-agrado.jpg\",\"contentUrl\":\"https:\\\/\\\/agradocosmetic.com\\\/wp-content\\\/uploads\\\/2023\\\/07\\\/aftersun-agrado.jpg\",\"width\":1200,\"height\":800},{\"@type\":\"BreadcrumbList\",\"@id\":\"https:\\\/\\\/agradocosmetic.com\\\/recupera-tu-piel-tras-el-verano-con-aftersun\\\/#breadcrumb\",\"itemListElement\":[{\"@type\":\"ListItem\",\"position\":1,\"name\":\"Portada\",\"item\":\"https:\\\/\\\/agradocosmetic.com\\\/\"},{\"@type\":\"ListItem\",\"position\":2,\"name\":\"Recupera tu piel tras el verano con Aftersun\"}]},{\"@type\":\"WebSite\",\"@id\":\"https:\\\/\\\/agradocosmetic.com\\\/#website\",\"url\":\"https:\\\/\\\/agradocosmetic.com\\\/\",\"name\":\"Agrado\",\"description\":\"Cosmetic\",\"publisher\":{\"@id\":\"https:\\\/\\\/agradocosmetic.com\\\/#organization\"},\"potentialAction\":[{\"@type\":\"SearchAction\",\"target\":{\"@type\":\"EntryPoint\",\"urlTemplate\":\"https:\\\/\\\/agradocosmetic.com\\\/?s={search_term_string}\"},\"query-input\":{\"@type\":\"PropertyValueSpecification\",\"valueRequired\":true,\"valueName\":\"search_term_string\"}}],\"inLanguage\":\"en-GB\"},{\"@type\":\"Organization\",\"@id\":\"https:\\\/\\\/agradocosmetic.com\\\/#organization\",\"name\":\"Agrado\",\"url\":\"https:\\\/\\\/agradocosmetic.com\\\/\",\"logo\":{\"@type\":\"ImageObject\",\"inLanguage\":\"en-GB\",\"@id\":\"https:\\\/\\\/agradocosmetic.com\\\/#\\\/schema\\\/logo\\\/image\\\/\",\"url\":\"https:\\\/\\\/agradocosmetic.com\\\/wp-content\\\/uploads\\\/2023\\\/07\\\/LOGO-AGRADO-WEB-01.png\",\"contentUrl\":\"https:\\\/\\\/agradocosmetic.com\\\/wp-content\\\/uploads\\\/2023\\\/07\\\/LOGO-AGRADO-WEB-01.png\",\"width\":1632,\"height\":300,\"caption\":\"Agrado\"},\"image\":{\"@id\":\"https:\\\/\\\/agradocosmetic.com\\\/#\\\/schema\\\/logo\\\/image\\\/\"}},{\"@type\":\"Person\",\"@id\":\"https:\\\/\\\/agradocosmetic.com\\\/#\\\/schema\\\/person\\\/732e8d396022e25f9340196f83d6789d\",\"name\":\"agradocosmetic\",\"image\":{\"@type\":\"ImageObject\",\"inLanguage\":\"en-GB\",\"@id\":\"https:\\\/\\\/secure.gravatar.com\\\/avatar\\\/c6003e45301182b7e125463fcbec403b1980909c12edf09098526b9a15e779c0?s=96&d=mm&r=g\",\"url\":\"https:\\\/\\\/secure.gravatar.com\\\/avatar\\\/c6003e45301182b7e125463fcbec403b1980909c12edf09098526b9a15e779c0?s=96&d=mm&r=g\",\"contentUrl\":\"https:\\\/\\\/secure.gravatar.com\\\/avatar\\\/c6003e45301182b7e125463fcbec403b1980909c12edf09098526b9a15e779c0?s=96&d=mm&r=g\",\"caption\":\"agradocosmetic\"}}]}<\/script>\n<!-- \/ Yoast SEO plugin. -->","yoast_head_json":{"title":"Recupera tu piel tras el verano con Aftersun - Agrado","description":"\u00a1Cuidado! Tu piel necesita volver a la calma despu\u00e9s de meses de exposici\u00f3n al sol. Te contamos c\u00f3mo hacerlo con Aftersun en este post. \ud83d\ude09","robots":{"index":"index","follow":"follow","max-snippet":"max-snippet:-1","max-image-preview":"max-image-preview:large","max-video-preview":"max-video-preview:-1"},"canonical":"https:\/\/agradocosmetic.com\/en\/recupera-tu-piel-tras-el-verano-con-aftersun\/","og_locale":"en_GB","og_type":"article","og_title":"Recupera tu piel tras el verano con Aftersun - Agrado","og_description":"\u00a1Cuidado! Tu piel necesita volver a la calma despu\u00e9s de meses de exposici\u00f3n al sol. Te contamos c\u00f3mo hacerlo con Aftersun en este post. \ud83d\ude09","og_url":"https:\/\/agradocosmetic.com\/en\/recupera-tu-piel-tras-el-verano-con-aftersun\/","og_site_name":"Agrado","article_published_time":"2023-07-30T15:51:18+00:00","article_modified_time":"2023-11-18T16:58:43+00:00","og_image":[{"width":1200,"height":800,"url":"https:\/\/agradocosmetic.com\/wp-content\/uploads\/2023\/07\/aftersun-agrado.jpg","type":"image\/jpeg"}],"author":"agradocosmetic","twitter_card":"summary_large_image","twitter_misc":{"Written by":"agradocosmetic","Estimated reading time":"3 minutes"},"schema":{"@context":"https:\/\/schema.org","@graph":[{"@type":"Article","@id":"https:\/\/agradocosmetic.com\/recupera-tu-piel-tras-el-verano-con-aftersun\/#article","isPartOf":{"@id":"https:\/\/agradocosmetic.com\/recupera-tu-piel-tras-el-verano-con-aftersun\/"},"author":{"name":"agradocosmetic","@id":"https:\/\/agradocosmetic.com\/#\/schema\/person\/732e8d396022e25f9340196f83d6789d"},"headline":"Recupera tu piel tras el verano con Aftersun","datePublished":"2023-07-30T15:51:18+00:00","dateModified":"2023-11-18T16:58:43+00:00","mainEntityOfPage":{"@id":"https:\/\/agradocosmetic.com\/recupera-tu-piel-tras-el-verano-con-aftersun\/"},"wordCount":496,"commentCount":0,"publisher":{"@id":"https:\/\/agradocosmetic.com\/#organization"},"image":{"@id":"https:\/\/agradocosmetic.com\/recupera-tu-piel-tras-el-verano-con-aftersun\/#primaryimage"},"thumbnailUrl":"https:\/\/agradocosmetic.com\/wp-content\/uploads\/2023\/07\/aftersun-agrado.jpg","keywords":["aftesun","beneficios aftersun","como usar el aftersun","cuidado de la piel","piel","proteccion solar","solares"],"articleSection":["Solar","Todos"],"inLanguage":"en-GB","potentialAction":[{"@type":"CommentAction","name":"Comment","target":["https:\/\/agradocosmetic.com\/recupera-tu-piel-tras-el-verano-con-aftersun\/#respond"]}]},{"@type":"WebPage","@id":"https:\/\/agradocosmetic.com\/recupera-tu-piel-tras-el-verano-con-aftersun\/","url":"https:\/\/agradocosmetic.com\/recupera-tu-piel-tras-el-verano-con-aftersun\/","name":"Recupera tu piel tras el verano con Aftersun - Agrado","isPartOf":{"@id":"https:\/\/agradocosmetic.com\/#website"},"primaryImageOfPage":{"@id":"https:\/\/agradocosmetic.com\/recupera-tu-piel-tras-el-verano-con-aftersun\/#primaryimage"},"image":{"@id":"https:\/\/agradocosmetic.com\/recupera-tu-piel-tras-el-verano-con-aftersun\/#primaryimage"},"thumbnailUrl":"https:\/\/agradocosmetic.com\/wp-content\/uploads\/2023\/07\/aftersun-agrado.jpg","datePublished":"2023-07-30T15:51:18+00:00","dateModified":"2023-11-18T16:58:43+00:00","description":"\u00a1Cuidado! Tu piel necesita volver a la calma despu\u00e9s de meses de exposici\u00f3n al sol. Te contamos c\u00f3mo hacerlo con Aftersun en este post. \ud83d\ude09","breadcrumb":{"@id":"https:\/\/agradocosmetic.com\/recupera-tu-piel-tras-el-verano-con-aftersun\/#breadcrumb"},"inLanguage":"en-GB","potentialAction":[{"@type":"ReadAction","target":["https:\/\/agradocosmetic.com\/recupera-tu-piel-tras-el-verano-con-aftersun\/"]}]},{"@type":"ImageObject","inLanguage":"en-GB","@id":"https:\/\/agradocosmetic.com\/recupera-tu-piel-tras-el-verano-con-aftersun\/#primaryimage","url":"https:\/\/agradocosmetic.com\/wp-content\/uploads\/2023\/07\/aftersun-agrado.jpg","contentUrl":"https:\/\/agradocosmetic.com\/wp-content\/uploads\/2023\/07\/aftersun-agrado.jpg","width":1200,"height":800},{"@type":"BreadcrumbList","@id":"https:\/\/agradocosmetic.com\/recupera-tu-piel-tras-el-verano-con-aftersun\/#breadcrumb","itemListElement":[{"@type":"ListItem","position":1,"name":"Portada","item":"https:\/\/agradocosmetic.com\/"},{"@type":"ListItem","position":2,"name":"Recupera tu piel tras el verano con Aftersun"}]},{"@type":"WebSite","@id":"https:\/\/agradocosmetic.com\/#website","url":"https:\/\/agradocosmetic.com\/","name":"Liking","description":"cosmetic","publisher":{"@id":"https:\/\/agradocosmetic.com\/#organization"},"potentialAction":[{"@type":"SearchAction","target":{"@type":"EntryPoint","urlTemplate":"https:\/\/agradocosmetic.com\/?s={search_term_string}"},"query-input":{"@type":"PropertyValueSpecification","valueRequired":true,"valueName":"search_term_string"}}],"inLanguage":"en-GB"},{"@type":"Organization","@id":"https:\/\/agradocosmetic.com\/#organization","name":"Liking","url":"https:\/\/agradocosmetic.com\/","logo":{"@type":"ImageObject","inLanguage":"en-GB","@id":"https:\/\/agradocosmetic.com\/#\/schema\/logo\/image\/","url":"https:\/\/agradocosmetic.com\/wp-content\/uploads\/2023\/07\/LOGO-AGRADO-WEB-01.png","contentUrl":"https:\/\/agradocosmetic.com\/wp-content\/uploads\/2023\/07\/LOGO-AGRADO-WEB-01.png","width":1632,"height":300,"caption":"Agrado"},"image":{"@id":"https:\/\/agradocosmetic.com\/#\/schema\/logo\/image\/"}},{"@type":"Person","@id":"https:\/\/agradocosmetic.com\/#\/schema\/person\/732e8d396022e25f9340196f83d6789d","name":"agradocosmetic","image":{"@type":"ImageObject","inLanguage":"en-GB","@id":"https:\/\/secure.gravatar.com\/avatar\/c6003e45301182b7e125463fcbec403b1980909c12edf09098526b9a15e779c0?s=96&d=mm&r=g","url":"https:\/\/secure.gravatar.com\/avatar\/c6003e45301182b7e125463fcbec403b1980909c12edf09098526b9a15e779c0?s=96&d=mm&r=g","contentUrl":"https:\/\/secure.gravatar.com\/avatar\/c6003e45301182b7e125463fcbec403b1980909c12edf09098526b9a15e779c0?s=96&d=mm&r=g","caption":"agradocosmetic"}}]}},"_links":{"self":[{"href":"https:\/\/agradocosmetic.com\/en\/wp-json\/wp\/v2\/posts\/21027","targetHints":{"allow":["GET"]}}],"collection":[{"href":"https:\/\/agradocosmetic.com\/en\/wp-json\/wp\/v2\/posts"}],"about":[{"href":"https:\/\/agradocosmetic.com\/en\/wp-json\/wp\/v2\/types\/post"}],"author":[{"embeddable":true,"href":"https:\/\/agradocosmetic.com\/en\/wp-json\/wp\/v2\/users\/9"}],"replies":[{"embeddable":true,"href":"https:\/\/agradocosmetic.com\/en\/wp-json\/wp\/v2\/comments?post=21027"}],"version-history":[{"count":1,"href":"https:\/\/agradocosmetic.com\/en\/wp-json\/wp\/v2\/posts\/21027\/revisions"}],"predecessor-version":[{"id":21173,"href":"https:\/\/agradocosmetic.com\/en\/wp-json\/wp\/v2\/posts\/21027\/revisions\/21173"}],"wp:featuredmedia":[{"embeddable":true,"href":"https:\/\/agradocosmetic.com\/en\/wp-json\/wp\/v2\/media\/21172"}],"wp:attachment":[{"href":"https:\/\/agradocosmetic.com\/en\/wp-json\/wp\/v2\/media?parent=21027"}],"wp:term":[{"taxonomy":"category","embeddable":true,"href":"https:\/\/agradocosmetic.com\/en\/wp-json\/wp\/v2\/categories?post=21027"},{"taxonomy":"post_tag","embeddable":true,"href":"https:\/\/agradocosmetic.com\/en\/wp-json\/wp\/v2\/tags?post=21027"}],"curies":[{"name":"wp","href":"https:\/\/api.w.org\/{rel}","templated":true}]}}