{"id":21142,"date":"2023-09-11T17:30:09","date_gmt":"2023-09-11T16:30:09","guid":{"rendered":"https:\/\/www.agradocosmetic.com\/?p=21142"},"modified":"2023-11-18T17:00:24","modified_gmt":"2023-11-18T17:00:24","slug":"como-recuperar-tu-pelo-despues-del-verano","status":"publish","type":"post","link":"https:\/\/agradocosmetic.com\/en\/como-recuperar-tu-pelo-despues-del-verano\/","title":{"rendered":"How to get your hair back after summer\u00a0"},"content":{"rendered":"<p>After enjoying those warm days of sun and fun on the beach, it is time to pamper and revitalize our hair to get back to the routine in style. We know that after summer, our hair can look dry and lifeless, but don&#039;t worry, we are here to help you recover that radiant hair that you love so much! Keep reading to discover how to get your hair back after the summer.\u00a0<\/p>\r\n\r\n\r\n\r\n<ol class=\"wp-block-list\">\r\n<li><strong>Revitalize your hair with a deep cleanse<\/strong><\/li>\r\n<\/ol>\r\n\r\n\r\n\r\n<p>Our hair needs a break after so many days in the sun and salt water. Start your recovery routine with <a href=\"\/en\/?p=616\"><strong>Agrado Cosmetic Professional Keratin Shampoo<\/strong><\/a>. Its keratin-enriched formula will help strengthen and repair each strand, while gently cleansing and removing accumulated residue. Your hair will thank you!<\/p>\r\n\r\n\r\n\r\n<ol class=\"wp-block-list\" start=\"2\">\r\n<li><strong>Nutrition and softness in one step<\/strong><\/li>\r\n<\/ol>\r\n\r\n\r\n\r\n<p>The <a href=\"\/en\/?p=698\"><strong>Agrado Cosmetic Keratin Smoothing Cream <\/strong><\/a>It will be your best ally. After shampooing, apply this conditioner to detangle and intensely nourish your hair. You will see how it regains its softness and natural shine in the blink of an eye.<\/p>\r\n\r\n\r\n\r\n<ol class=\"wp-block-list\" start=\"3\">\r\n<li><strong>The magic touch of the mask<\/strong><\/li>\r\n<\/ol>\r\n\r\n\r\n\r\n<p>There&#039;s nothing like a good mask to give your hair that extra treatment it so desperately needs. The <a href=\"\/en\/?p=707\"><strong>Agrado Cosmetic Keratin Mask<\/strong><\/a> It will be like a spa for your locks. Use it once a week and let its restorative ingredients penetrate each hair fiber, giving it back the life and vitality it deserves.<\/p>\r\n\r\n\r\n\r\n<ol class=\"wp-block-list\" start=\"4\">\r\n<li><strong>Tame frizz with liquid keratin<\/strong><\/li>\r\n<\/ol>\r\n\r\n\r\n\r\n<p>We know frizz can be a constant challenge, but we have the secret to saying goodbye once and for all! The <a href=\"\/en\/?p=728\"><strong>Anti-Frizz Liquid Keratin from Agrado Cosmetic<\/strong><\/a> She will be your best friend in this battle. After washing and conditioning, apply a small amount of this liquid wonder to your hands and distribute it evenly throughout your hair, avoiding the roots. Not only will it help keep your locks in place, but it will also add radiant shine and unparalleled softness. Say goodbye to frizz!<\/p>\r\n\r\n\r\n\r\n<ol class=\"wp-block-list\" start=\"5\">\r\n<li><strong>Friendly Scissors<\/strong><\/li>\r\n<\/ol>\r\n\r\n\r\n\r\n<p>Sometimes a small cut can do wonders. <strong>Dare to<\/strong> <strong>heal your tips<\/strong> to eliminate any damage caused by the sun and high temperatures. A fresh cut will not only improve the appearance of your hair, but will also help it grow stronger.<\/p>\r\n\r\n\r\n\r\n<ol class=\"wp-block-list\" start=\"6\">\r\n<li><strong>Avoid heat in your hair<\/strong><\/li>\r\n<\/ol>\r\n\r\n\r\n\r\n<p>If you want to recover your hair and restore its natural shine, dry it outdoors.<strong> Try to avoid using heat tools<\/strong> (dryer, iron, curling irons...) for a while so that your hair recovers correctly. You will notice it!\u00a0<\/p>\r\n\r\n\r\n\r\n<p><br \/>You are one step away from getting shiny and recovered hair. You just have to follow our advice and start pampering your hair with our Keratin line. <strong>Give your hair the love it deserves with Agrado Cosmetic!<\/strong><\/p>","protected":false},"excerpt":{"rendered":"<p>Despu\u00e9s de disfrutar de esos c\u00e1lidos d\u00edas de sol y diversi\u00f3n en la playa, es momento de mimar y revitalizar nuestro cabello para volver a la rutina por todo lo alto. Sabemos que tras el verano, nuestro cabello puede verse reseco y sin vida, pero no te preocupes, \u00a1estamos aqu\u00ed para ayudarte a recuperar esa [&hellip;]<\/p>\n","protected":false},"author":9,"featured_media":21161,"comment_status":"open","ping_status":"closed","sticky":false,"template":"","format":"standard","meta":{"footnotes":"","_wp_rev_ctl_limit":""},"categories":[509,1],"tags":[511,513,515,517],"class_list":["post-21142","post","type-post","status-publish","format-standard","has-post-thumbnail","hentry","category-capilar-en","category-todos","tag-keratina-pelo-en","tag-pelo-apagado-en","tag-productos-de-keratina-en","tag-rutina-capilar-en"],"yoast_head":"<!-- This site is optimized with the Yoast SEO plugin v27.4 - https:\/\/yoast.com\/product\/yoast-seo-wordpress\/ -->\n<title>C\u00f3mo recuperar tu pelo despu\u00e9s del verano\u00a0 - Agrado<\/title>\n<meta name=\"description\" content=\"Sabemos que tras el verano, tu melena puede verse apagada y sin vida, pero no te preocupes, \u00a1te contamos c\u00f3mo recuperar tu pelo radiante!\" \/>\n<meta name=\"robots\" content=\"index, follow, max-snippet:-1, max-image-preview:large, max-video-preview:-1\" \/>\n<link rel=\"canonical\" href=\"https:\/\/agradocosmetic.com\/en\/como-recuperar-tu-pelo-despues-del-verano\/\" \/>\n<meta property=\"og:locale\" content=\"en_GB\" \/>\n<meta property=\"og:type\" content=\"article\" \/>\n<meta property=\"og:title\" content=\"C\u00f3mo recuperar tu pelo despu\u00e9s del verano\u00a0 - Agrado\" \/>\n<meta property=\"og:description\" content=\"Sabemos que tras el verano, tu melena puede verse apagada y sin vida, pero no te preocupes, \u00a1te contamos c\u00f3mo recuperar tu pelo radiante!\" \/>\n<meta property=\"og:url\" content=\"https:\/\/agradocosmetic.com\/en\/como-recuperar-tu-pelo-despues-del-verano\/\" \/>\n<meta property=\"og:site_name\" content=\"Agrado\" \/>\n<meta property=\"article:published_time\" content=\"2023-09-11T16:30:09+00:00\" \/>\n<meta property=\"article:modified_time\" content=\"2023-11-18T17:00:24+00:00\" \/>\n<meta property=\"og:image\" content=\"https:\/\/agradocosmetic.com\/wp-content\/uploads\/2023\/09\/recupera-tu-pelo.jpg\" \/>\n\t<meta property=\"og:image:width\" content=\"1200\" \/>\n\t<meta property=\"og:image:height\" content=\"800\" \/>\n\t<meta property=\"og:image:type\" content=\"image\/jpeg\" \/>\n<meta name=\"author\" content=\"agradocosmetic\" \/>\n<meta name=\"twitter:card\" content=\"summary_large_image\" \/>\n<meta name=\"twitter:label1\" content=\"Written by\" \/>\n\t<meta name=\"twitter:data1\" content=\"agradocosmetic\" \/>\n\t<meta name=\"twitter:label2\" content=\"Estimated reading time\" \/>\n\t<meta name=\"twitter:data2\" content=\"3 minutes\" \/>\n<script type=\"application\/ld+json\" class=\"yoast-schema-graph\">{\"@context\":\"https:\\\/\\\/schema.org\",\"@graph\":[{\"@type\":\"Article\",\"@id\":\"https:\\\/\\\/agradocosmetic.com\\\/como-recuperar-tu-pelo-despues-del-verano\\\/#article\",\"isPartOf\":{\"@id\":\"https:\\\/\\\/agradocosmetic.com\\\/como-recuperar-tu-pelo-despues-del-verano\\\/\"},\"author\":{\"name\":\"agradocosmetic\",\"@id\":\"https:\\\/\\\/agradocosmetic.com\\\/#\\\/schema\\\/person\\\/732e8d396022e25f9340196f83d6789d\"},\"headline\":\"C\u00f3mo recuperar tu pelo despu\u00e9s del verano\u00a0\",\"datePublished\":\"2023-09-11T16:30:09+00:00\",\"dateModified\":\"2023-11-18T17:00:24+00:00\",\"mainEntityOfPage\":{\"@id\":\"https:\\\/\\\/agradocosmetic.com\\\/como-recuperar-tu-pelo-despues-del-verano\\\/\"},\"wordCount\":514,\"commentCount\":0,\"publisher\":{\"@id\":\"https:\\\/\\\/agradocosmetic.com\\\/#organization\"},\"image\":{\"@id\":\"https:\\\/\\\/agradocosmetic.com\\\/como-recuperar-tu-pelo-despues-del-verano\\\/#primaryimage\"},\"thumbnailUrl\":\"https:\\\/\\\/agradocosmetic.com\\\/wp-content\\\/uploads\\\/2023\\\/09\\\/recupera-tu-pelo.jpg\",\"keywords\":[\"keratina pelo\",\"pelo apagado\",\"productos de keratina\",\"rutina capilar\"],\"articleSection\":[\"Capilar\",\"Todos\"],\"inLanguage\":\"en-GB\",\"potentialAction\":[{\"@type\":\"CommentAction\",\"name\":\"Comment\",\"target\":[\"https:\\\/\\\/agradocosmetic.com\\\/como-recuperar-tu-pelo-despues-del-verano\\\/#respond\"]}]},{\"@type\":\"WebPage\",\"@id\":\"https:\\\/\\\/agradocosmetic.com\\\/como-recuperar-tu-pelo-despues-del-verano\\\/\",\"url\":\"https:\\\/\\\/agradocosmetic.com\\\/como-recuperar-tu-pelo-despues-del-verano\\\/\",\"name\":\"C\u00f3mo recuperar tu pelo despu\u00e9s del verano\u00a0 - Agrado\",\"isPartOf\":{\"@id\":\"https:\\\/\\\/agradocosmetic.com\\\/#website\"},\"primaryImageOfPage\":{\"@id\":\"https:\\\/\\\/agradocosmetic.com\\\/como-recuperar-tu-pelo-despues-del-verano\\\/#primaryimage\"},\"image\":{\"@id\":\"https:\\\/\\\/agradocosmetic.com\\\/como-recuperar-tu-pelo-despues-del-verano\\\/#primaryimage\"},\"thumbnailUrl\":\"https:\\\/\\\/agradocosmetic.com\\\/wp-content\\\/uploads\\\/2023\\\/09\\\/recupera-tu-pelo.jpg\",\"datePublished\":\"2023-09-11T16:30:09+00:00\",\"dateModified\":\"2023-11-18T17:00:24+00:00\",\"description\":\"Sabemos que tras el verano, tu melena puede verse apagada y sin vida, pero no te preocupes, \u00a1te contamos c\u00f3mo recuperar tu pelo radiante!\",\"breadcrumb\":{\"@id\":\"https:\\\/\\\/agradocosmetic.com\\\/como-recuperar-tu-pelo-despues-del-verano\\\/#breadcrumb\"},\"inLanguage\":\"en-GB\",\"potentialAction\":[{\"@type\":\"ReadAction\",\"target\":[\"https:\\\/\\\/agradocosmetic.com\\\/como-recuperar-tu-pelo-despues-del-verano\\\/\"]}]},{\"@type\":\"ImageObject\",\"inLanguage\":\"en-GB\",\"@id\":\"https:\\\/\\\/agradocosmetic.com\\\/como-recuperar-tu-pelo-despues-del-verano\\\/#primaryimage\",\"url\":\"https:\\\/\\\/agradocosmetic.com\\\/wp-content\\\/uploads\\\/2023\\\/09\\\/recupera-tu-pelo.jpg\",\"contentUrl\":\"https:\\\/\\\/agradocosmetic.com\\\/wp-content\\\/uploads\\\/2023\\\/09\\\/recupera-tu-pelo.jpg\",\"width\":1200,\"height\":800},{\"@type\":\"BreadcrumbList\",\"@id\":\"https:\\\/\\\/agradocosmetic.com\\\/como-recuperar-tu-pelo-despues-del-verano\\\/#breadcrumb\",\"itemListElement\":[{\"@type\":\"ListItem\",\"position\":1,\"name\":\"Portada\",\"item\":\"https:\\\/\\\/agradocosmetic.com\\\/\"},{\"@type\":\"ListItem\",\"position\":2,\"name\":\"C\u00f3mo recuperar tu pelo despu\u00e9s del verano\u00a0\"}]},{\"@type\":\"WebSite\",\"@id\":\"https:\\\/\\\/agradocosmetic.com\\\/#website\",\"url\":\"https:\\\/\\\/agradocosmetic.com\\\/\",\"name\":\"Agrado\",\"description\":\"Cosmetic\",\"publisher\":{\"@id\":\"https:\\\/\\\/agradocosmetic.com\\\/#organization\"},\"potentialAction\":[{\"@type\":\"SearchAction\",\"target\":{\"@type\":\"EntryPoint\",\"urlTemplate\":\"https:\\\/\\\/agradocosmetic.com\\\/?s={search_term_string}\"},\"query-input\":{\"@type\":\"PropertyValueSpecification\",\"valueRequired\":true,\"valueName\":\"search_term_string\"}}],\"inLanguage\":\"en-GB\"},{\"@type\":\"Organization\",\"@id\":\"https:\\\/\\\/agradocosmetic.com\\\/#organization\",\"name\":\"Agrado\",\"url\":\"https:\\\/\\\/agradocosmetic.com\\\/\",\"logo\":{\"@type\":\"ImageObject\",\"inLanguage\":\"en-GB\",\"@id\":\"https:\\\/\\\/agradocosmetic.com\\\/#\\\/schema\\\/logo\\\/image\\\/\",\"url\":\"https:\\\/\\\/agradocosmetic.com\\\/wp-content\\\/uploads\\\/2023\\\/07\\\/LOGO-AGRADO-WEB-01.png\",\"contentUrl\":\"https:\\\/\\\/agradocosmetic.com\\\/wp-content\\\/uploads\\\/2023\\\/07\\\/LOGO-AGRADO-WEB-01.png\",\"width\":1632,\"height\":300,\"caption\":\"Agrado\"},\"image\":{\"@id\":\"https:\\\/\\\/agradocosmetic.com\\\/#\\\/schema\\\/logo\\\/image\\\/\"}},{\"@type\":\"Person\",\"@id\":\"https:\\\/\\\/agradocosmetic.com\\\/#\\\/schema\\\/person\\\/732e8d396022e25f9340196f83d6789d\",\"name\":\"agradocosmetic\",\"image\":{\"@type\":\"ImageObject\",\"inLanguage\":\"en-GB\",\"@id\":\"https:\\\/\\\/secure.gravatar.com\\\/avatar\\\/c6003e45301182b7e125463fcbec403b1980909c12edf09098526b9a15e779c0?s=96&d=mm&r=g\",\"url\":\"https:\\\/\\\/secure.gravatar.com\\\/avatar\\\/c6003e45301182b7e125463fcbec403b1980909c12edf09098526b9a15e779c0?s=96&d=mm&r=g\",\"contentUrl\":\"https:\\\/\\\/secure.gravatar.com\\\/avatar\\\/c6003e45301182b7e125463fcbec403b1980909c12edf09098526b9a15e779c0?s=96&d=mm&r=g\",\"caption\":\"agradocosmetic\"}}]}<\/script>\n<!-- \/ Yoast SEO plugin. -->","yoast_head_json":{"title":"C\u00f3mo recuperar tu pelo despu\u00e9s del verano\u00a0 - Agrado","description":"Sabemos que tras el verano, tu melena puede verse apagada y sin vida, pero no te preocupes, \u00a1te contamos c\u00f3mo recuperar tu pelo radiante!","robots":{"index":"index","follow":"follow","max-snippet":"max-snippet:-1","max-image-preview":"max-image-preview:large","max-video-preview":"max-video-preview:-1"},"canonical":"https:\/\/agradocosmetic.com\/en\/como-recuperar-tu-pelo-despues-del-verano\/","og_locale":"en_GB","og_type":"article","og_title":"C\u00f3mo recuperar tu pelo despu\u00e9s del verano\u00a0 - Agrado","og_description":"Sabemos que tras el verano, tu melena puede verse apagada y sin vida, pero no te preocupes, \u00a1te contamos c\u00f3mo recuperar tu pelo radiante!","og_url":"https:\/\/agradocosmetic.com\/en\/como-recuperar-tu-pelo-despues-del-verano\/","og_site_name":"Agrado","article_published_time":"2023-09-11T16:30:09+00:00","article_modified_time":"2023-11-18T17:00:24+00:00","og_image":[{"width":1200,"height":800,"url":"https:\/\/agradocosmetic.com\/wp-content\/uploads\/2023\/09\/recupera-tu-pelo.jpg","type":"image\/jpeg"}],"author":"agradocosmetic","twitter_card":"summary_large_image","twitter_misc":{"Written by":"agradocosmetic","Estimated reading time":"3 minutes"},"schema":{"@context":"https:\/\/schema.org","@graph":[{"@type":"Article","@id":"https:\/\/agradocosmetic.com\/como-recuperar-tu-pelo-despues-del-verano\/#article","isPartOf":{"@id":"https:\/\/agradocosmetic.com\/como-recuperar-tu-pelo-despues-del-verano\/"},"author":{"name":"agradocosmetic","@id":"https:\/\/agradocosmetic.com\/#\/schema\/person\/732e8d396022e25f9340196f83d6789d"},"headline":"C\u00f3mo recuperar tu pelo despu\u00e9s del verano\u00a0","datePublished":"2023-09-11T16:30:09+00:00","dateModified":"2023-11-18T17:00:24+00:00","mainEntityOfPage":{"@id":"https:\/\/agradocosmetic.com\/como-recuperar-tu-pelo-despues-del-verano\/"},"wordCount":514,"commentCount":0,"publisher":{"@id":"https:\/\/agradocosmetic.com\/#organization"},"image":{"@id":"https:\/\/agradocosmetic.com\/como-recuperar-tu-pelo-despues-del-verano\/#primaryimage"},"thumbnailUrl":"https:\/\/agradocosmetic.com\/wp-content\/uploads\/2023\/09\/recupera-tu-pelo.jpg","keywords":["keratina pelo","pelo apagado","productos de keratina","rutina capilar"],"articleSection":["Capilar","Todos"],"inLanguage":"en-GB","potentialAction":[{"@type":"CommentAction","name":"Comment","target":["https:\/\/agradocosmetic.com\/como-recuperar-tu-pelo-despues-del-verano\/#respond"]}]},{"@type":"WebPage","@id":"https:\/\/agradocosmetic.com\/como-recuperar-tu-pelo-despues-del-verano\/","url":"https:\/\/agradocosmetic.com\/como-recuperar-tu-pelo-despues-del-verano\/","name":"C\u00f3mo recuperar tu pelo despu\u00e9s del verano\u00a0 - Agrado","isPartOf":{"@id":"https:\/\/agradocosmetic.com\/#website"},"primaryImageOfPage":{"@id":"https:\/\/agradocosmetic.com\/como-recuperar-tu-pelo-despues-del-verano\/#primaryimage"},"image":{"@id":"https:\/\/agradocosmetic.com\/como-recuperar-tu-pelo-despues-del-verano\/#primaryimage"},"thumbnailUrl":"https:\/\/agradocosmetic.com\/wp-content\/uploads\/2023\/09\/recupera-tu-pelo.jpg","datePublished":"2023-09-11T16:30:09+00:00","dateModified":"2023-11-18T17:00:24+00:00","description":"Sabemos que tras el verano, tu melena puede verse apagada y sin vida, pero no te preocupes, \u00a1te contamos c\u00f3mo recuperar tu pelo radiante!","breadcrumb":{"@id":"https:\/\/agradocosmetic.com\/como-recuperar-tu-pelo-despues-del-verano\/#breadcrumb"},"inLanguage":"en-GB","potentialAction":[{"@type":"ReadAction","target":["https:\/\/agradocosmetic.com\/como-recuperar-tu-pelo-despues-del-verano\/"]}]},{"@type":"ImageObject","inLanguage":"en-GB","@id":"https:\/\/agradocosmetic.com\/como-recuperar-tu-pelo-despues-del-verano\/#primaryimage","url":"https:\/\/agradocosmetic.com\/wp-content\/uploads\/2023\/09\/recupera-tu-pelo.jpg","contentUrl":"https:\/\/agradocosmetic.com\/wp-content\/uploads\/2023\/09\/recupera-tu-pelo.jpg","width":1200,"height":800},{"@type":"BreadcrumbList","@id":"https:\/\/agradocosmetic.com\/como-recuperar-tu-pelo-despues-del-verano\/#breadcrumb","itemListElement":[{"@type":"ListItem","position":1,"name":"Portada","item":"https:\/\/agradocosmetic.com\/"},{"@type":"ListItem","position":2,"name":"C\u00f3mo recuperar tu pelo despu\u00e9s del verano\u00a0"}]},{"@type":"WebSite","@id":"https:\/\/agradocosmetic.com\/#website","url":"https:\/\/agradocosmetic.com\/","name":"Liking","description":"cosmetic","publisher":{"@id":"https:\/\/agradocosmetic.com\/#organization"},"potentialAction":[{"@type":"SearchAction","target":{"@type":"EntryPoint","urlTemplate":"https:\/\/agradocosmetic.com\/?s={search_term_string}"},"query-input":{"@type":"PropertyValueSpecification","valueRequired":true,"valueName":"search_term_string"}}],"inLanguage":"en-GB"},{"@type":"Organization","@id":"https:\/\/agradocosmetic.com\/#organization","name":"Liking","url":"https:\/\/agradocosmetic.com\/","logo":{"@type":"ImageObject","inLanguage":"en-GB","@id":"https:\/\/agradocosmetic.com\/#\/schema\/logo\/image\/","url":"https:\/\/agradocosmetic.com\/wp-content\/uploads\/2023\/07\/LOGO-AGRADO-WEB-01.png","contentUrl":"https:\/\/agradocosmetic.com\/wp-content\/uploads\/2023\/07\/LOGO-AGRADO-WEB-01.png","width":1632,"height":300,"caption":"Agrado"},"image":{"@id":"https:\/\/agradocosmetic.com\/#\/schema\/logo\/image\/"}},{"@type":"Person","@id":"https:\/\/agradocosmetic.com\/#\/schema\/person\/732e8d396022e25f9340196f83d6789d","name":"agradocosmetic","image":{"@type":"ImageObject","inLanguage":"en-GB","@id":"https:\/\/secure.gravatar.com\/avatar\/c6003e45301182b7e125463fcbec403b1980909c12edf09098526b9a15e779c0?s=96&d=mm&r=g","url":"https:\/\/secure.gravatar.com\/avatar\/c6003e45301182b7e125463fcbec403b1980909c12edf09098526b9a15e779c0?s=96&d=mm&r=g","contentUrl":"https:\/\/secure.gravatar.com\/avatar\/c6003e45301182b7e125463fcbec403b1980909c12edf09098526b9a15e779c0?s=96&d=mm&r=g","caption":"agradocosmetic"}}]}},"_links":{"self":[{"href":"https:\/\/agradocosmetic.com\/en\/wp-json\/wp\/v2\/posts\/21142","targetHints":{"allow":["GET"]}}],"collection":[{"href":"https:\/\/agradocosmetic.com\/en\/wp-json\/wp\/v2\/posts"}],"about":[{"href":"https:\/\/agradocosmetic.com\/en\/wp-json\/wp\/v2\/types\/post"}],"author":[{"embeddable":true,"href":"https:\/\/agradocosmetic.com\/en\/wp-json\/wp\/v2\/users\/9"}],"replies":[{"embeddable":true,"href":"https:\/\/agradocosmetic.com\/en\/wp-json\/wp\/v2\/comments?post=21142"}],"version-history":[{"count":1,"href":"https:\/\/agradocosmetic.com\/en\/wp-json\/wp\/v2\/posts\/21142\/revisions"}],"predecessor-version":[{"id":21162,"href":"https:\/\/agradocosmetic.com\/en\/wp-json\/wp\/v2\/posts\/21142\/revisions\/21162"}],"wp:featuredmedia":[{"embeddable":true,"href":"https:\/\/agradocosmetic.com\/en\/wp-json\/wp\/v2\/media\/21161"}],"wp:attachment":[{"href":"https:\/\/agradocosmetic.com\/en\/wp-json\/wp\/v2\/media?parent=21142"}],"wp:term":[{"taxonomy":"category","embeddable":true,"href":"https:\/\/agradocosmetic.com\/en\/wp-json\/wp\/v2\/categories?post=21142"},{"taxonomy":"post_tag","embeddable":true,"href":"https:\/\/agradocosmetic.com\/en\/wp-json\/wp\/v2\/tags?post=21142"}],"curies":[{"name":"wp","href":"https:\/\/api.w.org\/{rel}","templated":true}]}}