{"id":24957,"date":"2023-11-27T10:05:05","date_gmt":"2023-11-27T10:05:05","guid":{"rendered":"https:\/\/agradocosmetic.com\/?p=24957"},"modified":"2024-02-15T10:05:19","modified_gmt":"2024-02-15T10:05:19","slug":"tu-momento-zen-diario-descubre-la-paz-en-5-pasos","status":"publish","type":"post","link":"https:\/\/agradocosmetic.com\/en\/tu-momento-zen-diario-descubre-la-paz-en-5-pasos\/","title":{"rendered":"Your daily Zen moment: discover peace in 5 steps"},"content":{"rendered":"<p><span style=\"font-weight: 400\">The key to staying calm in the midst of the daily hustle and bustle? Create your own zen moment! No matter how busy we are, we all deserve a corner of tranquility in our day. So, take note because here are five steps to achieve it, and with an exquisite final touch!<\/span><\/p>\n<h3>Disconnect from the Digital World.<\/h3>\n<p><span style=\"font-weight: 400\">Yes I know! It&#039;s easier said than done, but taking a break from social media and notifications can do wonders for your inner peace. Dedicate at least 15 minutes to be completely disconnected and focused on yourself.<\/span><\/p>\n<h3><span style=\"font-weight: 400\">Tea or Coffee Ritual.<\/span><\/h3>\n<p><span style=\"font-weight: 400\">Prepare your favorite drink and enjoy every sip. Focus on the aroma, the taste and how it makes you feel. This simple ritual can be a balm for the soul, I promise!<\/span><\/p>\n<h3><span style=\"font-weight: 400\">Breath deeply.<\/span><\/h3>\n<p><span style=\"font-weight: 400\">Close your eyes and take deep breaths. Fill your lungs with fresh air and exhale all tensions. Repeat this process several times. You&#039;ll see those gray clouds dissipate!<\/span><\/p>\n<h3><span style=\"font-weight: 400\">Relaxing Bath.<\/span><\/h3>\n<p><span style=\"font-weight: 400\">A hot bath is an infallible classic. Put on your favorite chill playlist and immerse yourself. Let yourself be carried away by the warmth of the water and the calm of the rhythm. Is your moment!<\/span><\/p>\n<h3><span style=\"font-weight: 400\">Finish with the Agrado Balance Body Mist.<\/span><\/h3>\n<p><span style=\"font-weight: 400\">And now, to put the finishing touch to your zen moment, spray your clean space and body with the <a href=\"https:\/\/agradocosmetic.com\/en\/producto\/body-mist-balance\/\">Body Mist Balance of Pleasure<\/a> Cosmetic. This body spray is the perfect combination of lily of the valley and green leaves. With its vegan formula and 98% of ingredients of natural origin, it will envelop you in a heavenly aroma that will take you to a state of calm, peace and balance. It&#039;s pure relaxation!<\/span><\/p>\n<p><span style=\"font-weight: 400\">Enjoy these moments of relaxation in your daily life, external beauty is a reflection of what you feel and, believe us, you deserve these moments of self-care more than you think. And yes, a good aroma can turn your ritual into your favorite to find peace.<\/span><\/p>","protected":false},"excerpt":{"rendered":"<p>\u00bfLa clave para mantener la calma en medio del ajetreo diario? \u00a1Crear tu propio momento zen! No importa lo ocupadxs estemos, todxs merecemos un rinc\u00f3n de tranquilidad en nuestro d\u00eda. As\u00ed que, toma nota porque aqu\u00ed van cinco pasos para lograrlo, \u00a1y con un broche final exquisito! Descon\u00e9ctate del Mundo Digital. \u00a1S\u00ed, lo s\u00e9! Es [&hellip;]<\/p>\n","protected":false},"author":11,"featured_media":24958,"comment_status":"open","ping_status":"closed","sticky":false,"template":"","format":"standard","meta":{"footnotes":"","_wp_rev_ctl_limit":""},"categories":[149,573],"tags":[126,274,670,672,652,669,673,671,667,668,303],"class_list":["post-24957","post","type-post","status-publish","format-standard","has-post-thumbnail","hentry","category-corporal","category-lifestyle-en-en","tag-agrado","tag-agrado-cosmetic","tag-balance","tag-bano-relajante","tag-body-mist","tag-calma","tag-desconexion","tag-equilibrio","tag-momento-zen","tag-relajacion-diaria","tag-relax"],"yoast_head":"<!-- This site is optimized with the Yoast SEO plugin v27.4 - https:\/\/yoast.com\/product\/yoast-seo-wordpress\/ -->\n<title>Tu momento zen diario: descubre la paz en 5 pasos - Agrado<\/title>\n<meta name=\"description\" content=\"Crear tu propio momento zen ser\u00e1 la clave para mantener la calma en medio del ajetreo diario. \u00a1Aqu\u00ed van cinco pasos para lograrlo!\" \/>\n<meta name=\"robots\" content=\"index, follow, max-snippet:-1, max-image-preview:large, max-video-preview:-1\" \/>\n<link rel=\"canonical\" href=\"https:\/\/agradocosmetic.com\/en\/tu-momento-zen-diario-descubre-la-paz-en-5-pasos\/\" \/>\n<meta property=\"og:locale\" content=\"en_GB\" \/>\n<meta property=\"og:type\" content=\"article\" \/>\n<meta property=\"og:title\" content=\"Tu momento zen diario: descubre la paz en 5 pasos - Agrado\" \/>\n<meta property=\"og:description\" content=\"Crear tu propio momento zen ser\u00e1 la clave para mantener la calma en medio del ajetreo diario. \u00a1Aqu\u00ed van cinco pasos para lograrlo!\" \/>\n<meta property=\"og:url\" content=\"https:\/\/agradocosmetic.com\/en\/tu-momento-zen-diario-descubre-la-paz-en-5-pasos\/\" \/>\n<meta property=\"og:site_name\" content=\"Agrado\" \/>\n<meta property=\"article:published_time\" content=\"2023-11-27T10:05:05+00:00\" \/>\n<meta property=\"article:modified_time\" content=\"2024-02-15T10:05:19+00:00\" \/>\n<meta property=\"og:image\" content=\"https:\/\/agradocosmetic.com\/wp-content\/uploads\/2024\/02\/blog-5.jpg\" \/>\n\t<meta property=\"og:image:width\" content=\"1140\" \/>\n\t<meta property=\"og:image:height\" content=\"600\" \/>\n\t<meta property=\"og:image:type\" content=\"image\/jpeg\" \/>\n<meta name=\"author\" content=\"carmen\" \/>\n<meta name=\"twitter:card\" content=\"summary_large_image\" \/>\n<meta name=\"twitter:label1\" content=\"Written by\" \/>\n\t<meta name=\"twitter:data1\" content=\"carmen\" \/>\n\t<meta name=\"twitter:label2\" content=\"Estimated reading time\" \/>\n\t<meta name=\"twitter:data2\" content=\"2 minutes\" \/>\n<script type=\"application\/ld+json\" class=\"yoast-schema-graph\">{\"@context\":\"https:\\\/\\\/schema.org\",\"@graph\":[{\"@type\":\"Article\",\"@id\":\"https:\\\/\\\/agradocosmetic.com\\\/tu-momento-zen-diario-descubre-la-paz-en-5-pasos\\\/#article\",\"isPartOf\":{\"@id\":\"https:\\\/\\\/agradocosmetic.com\\\/tu-momento-zen-diario-descubre-la-paz-en-5-pasos\\\/\"},\"author\":{\"name\":\"carmen\",\"@id\":\"https:\\\/\\\/agradocosmetic.com\\\/#\\\/schema\\\/person\\\/59124921013b50f80959d84fc7219096\"},\"headline\":\"Tu momento zen diario: descubre la paz en 5 pasos\",\"datePublished\":\"2023-11-27T10:05:05+00:00\",\"dateModified\":\"2024-02-15T10:05:19+00:00\",\"mainEntityOfPage\":{\"@id\":\"https:\\\/\\\/agradocosmetic.com\\\/tu-momento-zen-diario-descubre-la-paz-en-5-pasos\\\/\"},\"wordCount\":354,\"commentCount\":0,\"publisher\":{\"@id\":\"https:\\\/\\\/agradocosmetic.com\\\/#organization\"},\"image\":{\"@id\":\"https:\\\/\\\/agradocosmetic.com\\\/tu-momento-zen-diario-descubre-la-paz-en-5-pasos\\\/#primaryimage\"},\"thumbnailUrl\":\"https:\\\/\\\/agradocosmetic.com\\\/wp-content\\\/uploads\\\/2024\\\/02\\\/blog-5.jpg\",\"keywords\":[\"agrado\",\"agrado cosmetic\",\"balance\",\"ba\u00f1o relajante\",\"body mist\",\"calma\",\"desconexi\u00f3n\",\"equilibrio\",\"momento zen\",\"relajaci\u00f3n diaria\",\"relax\"],\"articleSection\":[\"Corporal\",\"Lifestyle\"],\"inLanguage\":\"en-GB\",\"potentialAction\":[{\"@type\":\"CommentAction\",\"name\":\"Comment\",\"target\":[\"https:\\\/\\\/agradocosmetic.com\\\/tu-momento-zen-diario-descubre-la-paz-en-5-pasos\\\/#respond\"]}]},{\"@type\":\"WebPage\",\"@id\":\"https:\\\/\\\/agradocosmetic.com\\\/tu-momento-zen-diario-descubre-la-paz-en-5-pasos\\\/\",\"url\":\"https:\\\/\\\/agradocosmetic.com\\\/tu-momento-zen-diario-descubre-la-paz-en-5-pasos\\\/\",\"name\":\"Tu momento zen diario: descubre la paz en 5 pasos - Agrado\",\"isPartOf\":{\"@id\":\"https:\\\/\\\/agradocosmetic.com\\\/#website\"},\"primaryImageOfPage\":{\"@id\":\"https:\\\/\\\/agradocosmetic.com\\\/tu-momento-zen-diario-descubre-la-paz-en-5-pasos\\\/#primaryimage\"},\"image\":{\"@id\":\"https:\\\/\\\/agradocosmetic.com\\\/tu-momento-zen-diario-descubre-la-paz-en-5-pasos\\\/#primaryimage\"},\"thumbnailUrl\":\"https:\\\/\\\/agradocosmetic.com\\\/wp-content\\\/uploads\\\/2024\\\/02\\\/blog-5.jpg\",\"datePublished\":\"2023-11-27T10:05:05+00:00\",\"dateModified\":\"2024-02-15T10:05:19+00:00\",\"description\":\"Crear tu propio momento zen ser\u00e1 la clave para mantener la calma en medio del ajetreo diario. \u00a1Aqu\u00ed van cinco pasos para lograrlo!\",\"breadcrumb\":{\"@id\":\"https:\\\/\\\/agradocosmetic.com\\\/tu-momento-zen-diario-descubre-la-paz-en-5-pasos\\\/#breadcrumb\"},\"inLanguage\":\"en-GB\",\"potentialAction\":[{\"@type\":\"ReadAction\",\"target\":[\"https:\\\/\\\/agradocosmetic.com\\\/tu-momento-zen-diario-descubre-la-paz-en-5-pasos\\\/\"]}]},{\"@type\":\"ImageObject\",\"inLanguage\":\"en-GB\",\"@id\":\"https:\\\/\\\/agradocosmetic.com\\\/tu-momento-zen-diario-descubre-la-paz-en-5-pasos\\\/#primaryimage\",\"url\":\"https:\\\/\\\/agradocosmetic.com\\\/wp-content\\\/uploads\\\/2024\\\/02\\\/blog-5.jpg\",\"contentUrl\":\"https:\\\/\\\/agradocosmetic.com\\\/wp-content\\\/uploads\\\/2024\\\/02\\\/blog-5.jpg\",\"width\":1140,\"height\":600,\"caption\":\"momento zen\"},{\"@type\":\"BreadcrumbList\",\"@id\":\"https:\\\/\\\/agradocosmetic.com\\\/tu-momento-zen-diario-descubre-la-paz-en-5-pasos\\\/#breadcrumb\",\"itemListElement\":[{\"@type\":\"ListItem\",\"position\":1,\"name\":\"Portada\",\"item\":\"https:\\\/\\\/agradocosmetic.com\\\/\"},{\"@type\":\"ListItem\",\"position\":2,\"name\":\"Tu momento zen diario: descubre la paz en 5 pasos\"}]},{\"@type\":\"WebSite\",\"@id\":\"https:\\\/\\\/agradocosmetic.com\\\/#website\",\"url\":\"https:\\\/\\\/agradocosmetic.com\\\/\",\"name\":\"Agrado\",\"description\":\"Cosmetic\",\"publisher\":{\"@id\":\"https:\\\/\\\/agradocosmetic.com\\\/#organization\"},\"potentialAction\":[{\"@type\":\"SearchAction\",\"target\":{\"@type\":\"EntryPoint\",\"urlTemplate\":\"https:\\\/\\\/agradocosmetic.com\\\/?s={search_term_string}\"},\"query-input\":{\"@type\":\"PropertyValueSpecification\",\"valueRequired\":true,\"valueName\":\"search_term_string\"}}],\"inLanguage\":\"en-GB\"},{\"@type\":\"Organization\",\"@id\":\"https:\\\/\\\/agradocosmetic.com\\\/#organization\",\"name\":\"Agrado\",\"url\":\"https:\\\/\\\/agradocosmetic.com\\\/\",\"logo\":{\"@type\":\"ImageObject\",\"inLanguage\":\"en-GB\",\"@id\":\"https:\\\/\\\/agradocosmetic.com\\\/#\\\/schema\\\/logo\\\/image\\\/\",\"url\":\"https:\\\/\\\/agradocosmetic.com\\\/wp-content\\\/uploads\\\/2023\\\/07\\\/LOGO-AGRADO-WEB-01.png\",\"contentUrl\":\"https:\\\/\\\/agradocosmetic.com\\\/wp-content\\\/uploads\\\/2023\\\/07\\\/LOGO-AGRADO-WEB-01.png\",\"width\":1632,\"height\":300,\"caption\":\"Agrado\"},\"image\":{\"@id\":\"https:\\\/\\\/agradocosmetic.com\\\/#\\\/schema\\\/logo\\\/image\\\/\"}},{\"@type\":\"Person\",\"@id\":\"https:\\\/\\\/agradocosmetic.com\\\/#\\\/schema\\\/person\\\/59124921013b50f80959d84fc7219096\",\"name\":\"carmen\",\"image\":{\"@type\":\"ImageObject\",\"inLanguage\":\"en-GB\",\"@id\":\"https:\\\/\\\/secure.gravatar.com\\\/avatar\\\/2036bf58c019bb0a3f94937a2ed7cab76ae6ebe239f705f7c62ea5c48f93531f?s=96&d=mm&r=g\",\"url\":\"https:\\\/\\\/secure.gravatar.com\\\/avatar\\\/2036bf58c019bb0a3f94937a2ed7cab76ae6ebe239f705f7c62ea5c48f93531f?s=96&d=mm&r=g\",\"contentUrl\":\"https:\\\/\\\/secure.gravatar.com\\\/avatar\\\/2036bf58c019bb0a3f94937a2ed7cab76ae6ebe239f705f7c62ea5c48f93531f?s=96&d=mm&r=g\",\"caption\":\"carmen\"}}]}<\/script>\n<!-- \/ Yoast SEO plugin. -->","yoast_head_json":{"title":"Tu momento zen diario: descubre la paz en 5 pasos - Agrado","description":"Crear tu propio momento zen ser\u00e1 la clave para mantener la calma en medio del ajetreo diario. \u00a1Aqu\u00ed van cinco pasos para lograrlo!","robots":{"index":"index","follow":"follow","max-snippet":"max-snippet:-1","max-image-preview":"max-image-preview:large","max-video-preview":"max-video-preview:-1"},"canonical":"https:\/\/agradocosmetic.com\/en\/tu-momento-zen-diario-descubre-la-paz-en-5-pasos\/","og_locale":"en_GB","og_type":"article","og_title":"Tu momento zen diario: descubre la paz en 5 pasos - Agrado","og_description":"Crear tu propio momento zen ser\u00e1 la clave para mantener la calma en medio del ajetreo diario. \u00a1Aqu\u00ed van cinco pasos para lograrlo!","og_url":"https:\/\/agradocosmetic.com\/en\/tu-momento-zen-diario-descubre-la-paz-en-5-pasos\/","og_site_name":"Agrado","article_published_time":"2023-11-27T10:05:05+00:00","article_modified_time":"2024-02-15T10:05:19+00:00","og_image":[{"width":1140,"height":600,"url":"https:\/\/agradocosmetic.com\/wp-content\/uploads\/2024\/02\/blog-5.jpg","type":"image\/jpeg"}],"author":"carmen","twitter_card":"summary_large_image","twitter_misc":{"Written by":"carmen","Estimated reading time":"2 minutes"},"schema":{"@context":"https:\/\/schema.org","@graph":[{"@type":"Article","@id":"https:\/\/agradocosmetic.com\/tu-momento-zen-diario-descubre-la-paz-en-5-pasos\/#article","isPartOf":{"@id":"https:\/\/agradocosmetic.com\/tu-momento-zen-diario-descubre-la-paz-en-5-pasos\/"},"author":{"name":"carmen","@id":"https:\/\/agradocosmetic.com\/#\/schema\/person\/59124921013b50f80959d84fc7219096"},"headline":"Tu momento zen diario: descubre la paz en 5 pasos","datePublished":"2023-11-27T10:05:05+00:00","dateModified":"2024-02-15T10:05:19+00:00","mainEntityOfPage":{"@id":"https:\/\/agradocosmetic.com\/tu-momento-zen-diario-descubre-la-paz-en-5-pasos\/"},"wordCount":354,"commentCount":0,"publisher":{"@id":"https:\/\/agradocosmetic.com\/#organization"},"image":{"@id":"https:\/\/agradocosmetic.com\/tu-momento-zen-diario-descubre-la-paz-en-5-pasos\/#primaryimage"},"thumbnailUrl":"https:\/\/agradocosmetic.com\/wp-content\/uploads\/2024\/02\/blog-5.jpg","keywords":["agrado","agrado cosmetic","balance","ba\u00f1o relajante","body mist","calma","desconexi\u00f3n","equilibrio","momento zen","relajaci\u00f3n diaria","relax"],"articleSection":["Corporal","Lifestyle"],"inLanguage":"en-GB","potentialAction":[{"@type":"CommentAction","name":"Comment","target":["https:\/\/agradocosmetic.com\/tu-momento-zen-diario-descubre-la-paz-en-5-pasos\/#respond"]}]},{"@type":"WebPage","@id":"https:\/\/agradocosmetic.com\/tu-momento-zen-diario-descubre-la-paz-en-5-pasos\/","url":"https:\/\/agradocosmetic.com\/tu-momento-zen-diario-descubre-la-paz-en-5-pasos\/","name":"Tu momento zen diario: descubre la paz en 5 pasos - Agrado","isPartOf":{"@id":"https:\/\/agradocosmetic.com\/#website"},"primaryImageOfPage":{"@id":"https:\/\/agradocosmetic.com\/tu-momento-zen-diario-descubre-la-paz-en-5-pasos\/#primaryimage"},"image":{"@id":"https:\/\/agradocosmetic.com\/tu-momento-zen-diario-descubre-la-paz-en-5-pasos\/#primaryimage"},"thumbnailUrl":"https:\/\/agradocosmetic.com\/wp-content\/uploads\/2024\/02\/blog-5.jpg","datePublished":"2023-11-27T10:05:05+00:00","dateModified":"2024-02-15T10:05:19+00:00","description":"Crear tu propio momento zen ser\u00e1 la clave para mantener la calma en medio del ajetreo diario. \u00a1Aqu\u00ed van cinco pasos para lograrlo!","breadcrumb":{"@id":"https:\/\/agradocosmetic.com\/tu-momento-zen-diario-descubre-la-paz-en-5-pasos\/#breadcrumb"},"inLanguage":"en-GB","potentialAction":[{"@type":"ReadAction","target":["https:\/\/agradocosmetic.com\/tu-momento-zen-diario-descubre-la-paz-en-5-pasos\/"]}]},{"@type":"ImageObject","inLanguage":"en-GB","@id":"https:\/\/agradocosmetic.com\/tu-momento-zen-diario-descubre-la-paz-en-5-pasos\/#primaryimage","url":"https:\/\/agradocosmetic.com\/wp-content\/uploads\/2024\/02\/blog-5.jpg","contentUrl":"https:\/\/agradocosmetic.com\/wp-content\/uploads\/2024\/02\/blog-5.jpg","width":1140,"height":600,"caption":"momento zen"},{"@type":"BreadcrumbList","@id":"https:\/\/agradocosmetic.com\/tu-momento-zen-diario-descubre-la-paz-en-5-pasos\/#breadcrumb","itemListElement":[{"@type":"ListItem","position":1,"name":"Portada","item":"https:\/\/agradocosmetic.com\/"},{"@type":"ListItem","position":2,"name":"Tu momento zen diario: descubre la paz en 5 pasos"}]},{"@type":"WebSite","@id":"https:\/\/agradocosmetic.com\/#website","url":"https:\/\/agradocosmetic.com\/","name":"Liking","description":"cosmetic","publisher":{"@id":"https:\/\/agradocosmetic.com\/#organization"},"potentialAction":[{"@type":"SearchAction","target":{"@type":"EntryPoint","urlTemplate":"https:\/\/agradocosmetic.com\/?s={search_term_string}"},"query-input":{"@type":"PropertyValueSpecification","valueRequired":true,"valueName":"search_term_string"}}],"inLanguage":"en-GB"},{"@type":"Organization","@id":"https:\/\/agradocosmetic.com\/#organization","name":"Liking","url":"https:\/\/agradocosmetic.com\/","logo":{"@type":"ImageObject","inLanguage":"en-GB","@id":"https:\/\/agradocosmetic.com\/#\/schema\/logo\/image\/","url":"https:\/\/agradocosmetic.com\/wp-content\/uploads\/2023\/07\/LOGO-AGRADO-WEB-01.png","contentUrl":"https:\/\/agradocosmetic.com\/wp-content\/uploads\/2023\/07\/LOGO-AGRADO-WEB-01.png","width":1632,"height":300,"caption":"Agrado"},"image":{"@id":"https:\/\/agradocosmetic.com\/#\/schema\/logo\/image\/"}},{"@type":"Person","@id":"https:\/\/agradocosmetic.com\/#\/schema\/person\/59124921013b50f80959d84fc7219096","name":"Carmen","image":{"@type":"ImageObject","inLanguage":"en-GB","@id":"https:\/\/secure.gravatar.com\/avatar\/2036bf58c019bb0a3f94937a2ed7cab76ae6ebe239f705f7c62ea5c48f93531f?s=96&d=mm&r=g","url":"https:\/\/secure.gravatar.com\/avatar\/2036bf58c019bb0a3f94937a2ed7cab76ae6ebe239f705f7c62ea5c48f93531f?s=96&d=mm&r=g","contentUrl":"https:\/\/secure.gravatar.com\/avatar\/2036bf58c019bb0a3f94937a2ed7cab76ae6ebe239f705f7c62ea5c48f93531f?s=96&d=mm&r=g","caption":"carmen"}}]}},"_links":{"self":[{"href":"https:\/\/agradocosmetic.com\/en\/wp-json\/wp\/v2\/posts\/24957","targetHints":{"allow":["GET"]}}],"collection":[{"href":"https:\/\/agradocosmetic.com\/en\/wp-json\/wp\/v2\/posts"}],"about":[{"href":"https:\/\/agradocosmetic.com\/en\/wp-json\/wp\/v2\/types\/post"}],"author":[{"embeddable":true,"href":"https:\/\/agradocosmetic.com\/en\/wp-json\/wp\/v2\/users\/11"}],"replies":[{"embeddable":true,"href":"https:\/\/agradocosmetic.com\/en\/wp-json\/wp\/v2\/comments?post=24957"}],"version-history":[{"count":1,"href":"https:\/\/agradocosmetic.com\/en\/wp-json\/wp\/v2\/posts\/24957\/revisions"}],"predecessor-version":[{"id":24959,"href":"https:\/\/agradocosmetic.com\/en\/wp-json\/wp\/v2\/posts\/24957\/revisions\/24959"}],"wp:featuredmedia":[{"embeddable":true,"href":"https:\/\/agradocosmetic.com\/en\/wp-json\/wp\/v2\/media\/24958"}],"wp:attachment":[{"href":"https:\/\/agradocosmetic.com\/en\/wp-json\/wp\/v2\/media?parent=24957"}],"wp:term":[{"taxonomy":"category","embeddable":true,"href":"https:\/\/agradocosmetic.com\/en\/wp-json\/wp\/v2\/categories?post=24957"},{"taxonomy":"post_tag","embeddable":true,"href":"https:\/\/agradocosmetic.com\/en\/wp-json\/wp\/v2\/tags?post=24957"}],"curies":[{"name":"wp","href":"https:\/\/api.w.org\/{rel}","templated":true}]}}