{"id":25606,"date":"2024-03-05T07:54:07","date_gmt":"2024-03-05T07:54:07","guid":{"rendered":"https:\/\/agradocosmetic.com\/?p=25606"},"modified":"2024-03-07T07:54:22","modified_gmt":"2024-03-07T07:54:22","slug":"aceite-multivitaminas-serum-brillo-intenso","status":"publish","type":"post","link":"https:\/\/agradocosmetic.com\/en\/aceite-multivitaminas-serum-brillo-intenso\/","title":{"rendered":"Multivitamin Oil and Intense Shine Serum: new from Agrado"},"content":{"rendered":"<p><span style=\"font-weight: 400\">They are already here! The two new Agrado products that, we promise, will revolutionize the way you take care of your hair: Multivitamin Oil and Intense Shine Serum. Two jewels that come to respond to the specific needs of your hair, whatever its condition.<\/span><\/p>\n<h2><a href=\"https:\/\/agradocosmetic.com\/en\/producto\/serum-capilar-brillo-intenso\/\"><span style=\"font-weight: 400\">Intense Shine Hair Serum.<\/span><\/a><\/h2>\n<p><span style=\"font-weight: 400\">It is your new ally if what you are looking for is to illuminate and define your hair. We know how frustrating it is to have healthy hair that looks dull and lifeless. This serum is designed for hair that has lost that luminosity characteristic of well-kept and silky hair. With just a few drops, you will notice how your hair recovers that natural light, becoming more manageable and with a spectacular shine that will not go unnoticed. Besides, <\/span><span style=\"font-weight: 400\">The included UV filter protects hair from damage caused by sun exposure, preserving its shine and vitality.<\/span><\/p>\n<h2><a href=\"https:\/\/agradocosmetic.com\/en\/producto\/aceite-capilar-multivitaminas\/\"><span style=\"font-weight: 400\">Multivitamin Hair Oil.<\/span><\/a><\/h2>\n<p><span style=\"font-weight: 400\">It comes as a restorative balm for hair that has been damaged by the sun, dyes, or the heat of styling tools. Its formula rich in vitamins <\/span><span style=\"font-weight: 400\">A, E and F<\/span><span style=\"font-weight: 400\"> deeply nourishes, hydrating and protecting your hair from future damage. It is ideal for hair that needs extra care, giving it softness and a feeling of revitalization from the first application.<\/span><\/p>\n<h3><span style=\"font-weight: 400\">How do I use them?<\/span><\/h3>\n<p><span style=\"font-weight: 400\">The way to use the Multivitamin Oil and Intense Shine Serum is simple, but essential to obtain the best results. Simply dispense once or twice into the palm of your hand (depending on the length of your hair), rub the product between your hands to activate it with heat and apply from mid-lengths to ends, avoiding the roots. You can use it on both dry and wet hair, but remember, you don&#039;t need to rinse it!<\/span><\/p>\n<p><span style=\"font-weight: 400\">The decision between one or the other will depend on the current state of your hair and what you are looking to achieve. Do you need to revitalize and protect? Go for him <\/span><a href=\"https:\/\/agradocosmetic.com\/en\/producto\/aceite-capilar-multivitaminas\/\"><span style=\"font-weight: 400\">Multivitamin Hair Oil<\/span><\/a><span style=\"font-weight: 400\">. Do you want to recover shine and definition? He <\/span><a href=\"https:\/\/agradocosmetic.com\/en\/producto\/serum-capilar-brillo-intenso\/\"><span style=\"font-weight: 400\">Intense Shine Serum<\/span><\/a><span style=\"font-weight: 400\"> It will be your best option. Whatever your choice, Agrado is here to ensure that your hair not only looks good, but is actually healthy. Get ready to dazzle with radiant hair!<\/span><\/p>","protected":false},"excerpt":{"rendered":"<p>\u00a1Ya est\u00e1n aqu\u00ed! Los dos nuevos productos Agrado que, te prometemos, van a revolucionar la forma en que cuidas de tu melena: Aceite Multivitaminas y S\u00e9rum Brillo Intenso. Dos joyas que llegan para responder a las necesidades espec\u00edficas de tu cabello, sea cual sea su condici\u00f3n. S\u00e9rum Capilar Brillo Intenso. Es tu nuevo aliado si [&hellip;]<\/p>\n","protected":false},"author":11,"featured_media":25607,"comment_status":"open","ping_status":"closed","sticky":false,"template":"","format":"standard","meta":{"footnotes":"","_wp_rev_ctl_limit":""},"categories":[509],"tags":[710,713,126,274,387,711,715,714,709,712],"class_list":["post-25606","post","type-post","status-publish","format-standard","has-post-thumbnail","hentry","category-capilar-en","tag-aceite-capilar-multivitaminas","tag-aceite-para-el-pelo","tag-agrado","tag-agrado-cosmetic","tag-cuidado-capilar","tag-hair-care","tag-pelo-sin-brillo","tag-puntas-abiertas","tag-serum-capilar-brillo-intenso","tag-serum-para-el-pelo"],"yoast_head":"<!-- This site is optimized with the Yoast SEO plugin v27.4 - https:\/\/yoast.com\/product\/yoast-seo-wordpress\/ -->\n<title>Aceite Multivitaminas y S\u00e9rum Brillo Intenso: lo nuevo de Agrado - Agrado<\/title>\n<meta name=\"description\" content=\"Aceite Multivitaminas y S\u00e9rum Brillo Intenso. Dos joyas que llegan para responder a las necesidades espec\u00edficas de tu cabello.\" \/>\n<meta name=\"robots\" content=\"index, follow, max-snippet:-1, max-image-preview:large, max-video-preview:-1\" \/>\n<link rel=\"canonical\" href=\"https:\/\/agradocosmetic.com\/en\/aceite-multivitaminas-serum-brillo-intenso\/\" \/>\n<meta property=\"og:locale\" content=\"en_GB\" \/>\n<meta property=\"og:type\" content=\"article\" \/>\n<meta property=\"og:title\" content=\"Aceite Multivitaminas y S\u00e9rum Brillo Intenso: lo nuevo de Agrado - Agrado\" \/>\n<meta property=\"og:description\" content=\"Aceite Multivitaminas y S\u00e9rum Brillo Intenso. Dos joyas que llegan para responder a las necesidades espec\u00edficas de tu cabello.\" \/>\n<meta property=\"og:url\" content=\"https:\/\/agradocosmetic.com\/en\/aceite-multivitaminas-serum-brillo-intenso\/\" \/>\n<meta property=\"og:site_name\" content=\"Agrado\" \/>\n<meta property=\"article:published_time\" content=\"2024-03-05T07:54:07+00:00\" \/>\n<meta property=\"article:modified_time\" content=\"2024-03-07T07:54:22+00:00\" \/>\n<meta property=\"og:image\" content=\"https:\/\/agradocosmetic.com\/wp-content\/uploads\/2024\/03\/blog-1.jpg\" \/>\n\t<meta property=\"og:image:width\" content=\"1140\" \/>\n\t<meta property=\"og:image:height\" content=\"600\" \/>\n\t<meta property=\"og:image:type\" content=\"image\/jpeg\" \/>\n<meta name=\"author\" content=\"carmen\" \/>\n<meta name=\"twitter:card\" content=\"summary_large_image\" \/>\n<meta name=\"twitter:label1\" content=\"Written by\" \/>\n\t<meta name=\"twitter:data1\" content=\"carmen\" \/>\n\t<meta name=\"twitter:label2\" content=\"Estimated reading time\" \/>\n\t<meta name=\"twitter:data2\" content=\"2 minutes\" \/>\n<script type=\"application\/ld+json\" class=\"yoast-schema-graph\">{\"@context\":\"https:\\\/\\\/schema.org\",\"@graph\":[{\"@type\":\"Article\",\"@id\":\"https:\\\/\\\/agradocosmetic.com\\\/aceite-multivitaminas-serum-brillo-intenso\\\/#article\",\"isPartOf\":{\"@id\":\"https:\\\/\\\/agradocosmetic.com\\\/aceite-multivitaminas-serum-brillo-intenso\\\/\"},\"author\":{\"name\":\"carmen\",\"@id\":\"https:\\\/\\\/agradocosmetic.com\\\/#\\\/schema\\\/person\\\/59124921013b50f80959d84fc7219096\"},\"headline\":\"Aceite Multivitaminas y S\u00e9rum Brillo Intenso: lo nuevo de Agrado\",\"datePublished\":\"2024-03-05T07:54:07+00:00\",\"dateModified\":\"2024-03-07T07:54:22+00:00\",\"mainEntityOfPage\":{\"@id\":\"https:\\\/\\\/agradocosmetic.com\\\/aceite-multivitaminas-serum-brillo-intenso\\\/\"},\"wordCount\":406,\"commentCount\":0,\"publisher\":{\"@id\":\"https:\\\/\\\/agradocosmetic.com\\\/#organization\"},\"image\":{\"@id\":\"https:\\\/\\\/agradocosmetic.com\\\/aceite-multivitaminas-serum-brillo-intenso\\\/#primaryimage\"},\"thumbnailUrl\":\"https:\\\/\\\/agradocosmetic.com\\\/wp-content\\\/uploads\\\/2024\\\/03\\\/blog-1.jpg\",\"keywords\":[\"Aceite Capilar Multivitaminas\",\"aceite para el pelo\",\"agrado\",\"agrado cosmetic\",\"cuidado capilar\",\"hair care\",\"pelo sin brillo\",\"puntas abiertas\",\"S\u00e9rum Capilar Brillo Intenso\",\"serum para el pelo\"],\"articleSection\":[\"Capilar\"],\"inLanguage\":\"en-GB\",\"potentialAction\":[{\"@type\":\"CommentAction\",\"name\":\"Comment\",\"target\":[\"https:\\\/\\\/agradocosmetic.com\\\/aceite-multivitaminas-serum-brillo-intenso\\\/#respond\"]}]},{\"@type\":\"WebPage\",\"@id\":\"https:\\\/\\\/agradocosmetic.com\\\/aceite-multivitaminas-serum-brillo-intenso\\\/\",\"url\":\"https:\\\/\\\/agradocosmetic.com\\\/aceite-multivitaminas-serum-brillo-intenso\\\/\",\"name\":\"Aceite Multivitaminas y S\u00e9rum Brillo Intenso: lo nuevo de Agrado - Agrado\",\"isPartOf\":{\"@id\":\"https:\\\/\\\/agradocosmetic.com\\\/#website\"},\"primaryImageOfPage\":{\"@id\":\"https:\\\/\\\/agradocosmetic.com\\\/aceite-multivitaminas-serum-brillo-intenso\\\/#primaryimage\"},\"image\":{\"@id\":\"https:\\\/\\\/agradocosmetic.com\\\/aceite-multivitaminas-serum-brillo-intenso\\\/#primaryimage\"},\"thumbnailUrl\":\"https:\\\/\\\/agradocosmetic.com\\\/wp-content\\\/uploads\\\/2024\\\/03\\\/blog-1.jpg\",\"datePublished\":\"2024-03-05T07:54:07+00:00\",\"dateModified\":\"2024-03-07T07:54:22+00:00\",\"description\":\"Aceite Multivitaminas y S\u00e9rum Brillo Intenso. Dos joyas que llegan para responder a las necesidades espec\u00edficas de tu cabello.\",\"breadcrumb\":{\"@id\":\"https:\\\/\\\/agradocosmetic.com\\\/aceite-multivitaminas-serum-brillo-intenso\\\/#breadcrumb\"},\"inLanguage\":\"en-GB\",\"potentialAction\":[{\"@type\":\"ReadAction\",\"target\":[\"https:\\\/\\\/agradocosmetic.com\\\/aceite-multivitaminas-serum-brillo-intenso\\\/\"]}]},{\"@type\":\"ImageObject\",\"inLanguage\":\"en-GB\",\"@id\":\"https:\\\/\\\/agradocosmetic.com\\\/aceite-multivitaminas-serum-brillo-intenso\\\/#primaryimage\",\"url\":\"https:\\\/\\\/agradocosmetic.com\\\/wp-content\\\/uploads\\\/2024\\\/03\\\/blog-1.jpg\",\"contentUrl\":\"https:\\\/\\\/agradocosmetic.com\\\/wp-content\\\/uploads\\\/2024\\\/03\\\/blog-1.jpg\",\"width\":1140,\"height\":600,\"caption\":\"Aceite Multivitaminas y S\u00e9rum Brillo Intenso\"},{\"@type\":\"BreadcrumbList\",\"@id\":\"https:\\\/\\\/agradocosmetic.com\\\/aceite-multivitaminas-serum-brillo-intenso\\\/#breadcrumb\",\"itemListElement\":[{\"@type\":\"ListItem\",\"position\":1,\"name\":\"Portada\",\"item\":\"https:\\\/\\\/agradocosmetic.com\\\/\"},{\"@type\":\"ListItem\",\"position\":2,\"name\":\"Aceite Multivitaminas y S\u00e9rum Brillo Intenso: lo nuevo de Agrado\"}]},{\"@type\":\"WebSite\",\"@id\":\"https:\\\/\\\/agradocosmetic.com\\\/#website\",\"url\":\"https:\\\/\\\/agradocosmetic.com\\\/\",\"name\":\"Agrado\",\"description\":\"Cosmetic\",\"publisher\":{\"@id\":\"https:\\\/\\\/agradocosmetic.com\\\/#organization\"},\"potentialAction\":[{\"@type\":\"SearchAction\",\"target\":{\"@type\":\"EntryPoint\",\"urlTemplate\":\"https:\\\/\\\/agradocosmetic.com\\\/?s={search_term_string}\"},\"query-input\":{\"@type\":\"PropertyValueSpecification\",\"valueRequired\":true,\"valueName\":\"search_term_string\"}}],\"inLanguage\":\"en-GB\"},{\"@type\":\"Organization\",\"@id\":\"https:\\\/\\\/agradocosmetic.com\\\/#organization\",\"name\":\"Agrado\",\"url\":\"https:\\\/\\\/agradocosmetic.com\\\/\",\"logo\":{\"@type\":\"ImageObject\",\"inLanguage\":\"en-GB\",\"@id\":\"https:\\\/\\\/agradocosmetic.com\\\/#\\\/schema\\\/logo\\\/image\\\/\",\"url\":\"https:\\\/\\\/agradocosmetic.com\\\/wp-content\\\/uploads\\\/2023\\\/07\\\/LOGO-AGRADO-WEB-01.png\",\"contentUrl\":\"https:\\\/\\\/agradocosmetic.com\\\/wp-content\\\/uploads\\\/2023\\\/07\\\/LOGO-AGRADO-WEB-01.png\",\"width\":1632,\"height\":300,\"caption\":\"Agrado\"},\"image\":{\"@id\":\"https:\\\/\\\/agradocosmetic.com\\\/#\\\/schema\\\/logo\\\/image\\\/\"}},{\"@type\":\"Person\",\"@id\":\"https:\\\/\\\/agradocosmetic.com\\\/#\\\/schema\\\/person\\\/59124921013b50f80959d84fc7219096\",\"name\":\"carmen\",\"image\":{\"@type\":\"ImageObject\",\"inLanguage\":\"en-GB\",\"@id\":\"https:\\\/\\\/secure.gravatar.com\\\/avatar\\\/2036bf58c019bb0a3f94937a2ed7cab76ae6ebe239f705f7c62ea5c48f93531f?s=96&d=mm&r=g\",\"url\":\"https:\\\/\\\/secure.gravatar.com\\\/avatar\\\/2036bf58c019bb0a3f94937a2ed7cab76ae6ebe239f705f7c62ea5c48f93531f?s=96&d=mm&r=g\",\"contentUrl\":\"https:\\\/\\\/secure.gravatar.com\\\/avatar\\\/2036bf58c019bb0a3f94937a2ed7cab76ae6ebe239f705f7c62ea5c48f93531f?s=96&d=mm&r=g\",\"caption\":\"carmen\"}}]}<\/script>\n<!-- \/ Yoast SEO plugin. -->","yoast_head_json":{"title":"Aceite Multivitaminas y S\u00e9rum Brillo Intenso: lo nuevo de Agrado - Agrado","description":"Aceite Multivitaminas y S\u00e9rum Brillo Intenso. Dos joyas que llegan para responder a las necesidades espec\u00edficas de tu cabello.","robots":{"index":"index","follow":"follow","max-snippet":"max-snippet:-1","max-image-preview":"max-image-preview:large","max-video-preview":"max-video-preview:-1"},"canonical":"https:\/\/agradocosmetic.com\/en\/aceite-multivitaminas-serum-brillo-intenso\/","og_locale":"en_GB","og_type":"article","og_title":"Aceite Multivitaminas y S\u00e9rum Brillo Intenso: lo nuevo de Agrado - Agrado","og_description":"Aceite Multivitaminas y S\u00e9rum Brillo Intenso. Dos joyas que llegan para responder a las necesidades espec\u00edficas de tu cabello.","og_url":"https:\/\/agradocosmetic.com\/en\/aceite-multivitaminas-serum-brillo-intenso\/","og_site_name":"Agrado","article_published_time":"2024-03-05T07:54:07+00:00","article_modified_time":"2024-03-07T07:54:22+00:00","og_image":[{"width":1140,"height":600,"url":"https:\/\/agradocosmetic.com\/wp-content\/uploads\/2024\/03\/blog-1.jpg","type":"image\/jpeg"}],"author":"carmen","twitter_card":"summary_large_image","twitter_misc":{"Written by":"carmen","Estimated reading time":"2 minutes"},"schema":{"@context":"https:\/\/schema.org","@graph":[{"@type":"Article","@id":"https:\/\/agradocosmetic.com\/aceite-multivitaminas-serum-brillo-intenso\/#article","isPartOf":{"@id":"https:\/\/agradocosmetic.com\/aceite-multivitaminas-serum-brillo-intenso\/"},"author":{"name":"carmen","@id":"https:\/\/agradocosmetic.com\/#\/schema\/person\/59124921013b50f80959d84fc7219096"},"headline":"Aceite Multivitaminas y S\u00e9rum Brillo Intenso: lo nuevo de Agrado","datePublished":"2024-03-05T07:54:07+00:00","dateModified":"2024-03-07T07:54:22+00:00","mainEntityOfPage":{"@id":"https:\/\/agradocosmetic.com\/aceite-multivitaminas-serum-brillo-intenso\/"},"wordCount":406,"commentCount":0,"publisher":{"@id":"https:\/\/agradocosmetic.com\/#organization"},"image":{"@id":"https:\/\/agradocosmetic.com\/aceite-multivitaminas-serum-brillo-intenso\/#primaryimage"},"thumbnailUrl":"https:\/\/agradocosmetic.com\/wp-content\/uploads\/2024\/03\/blog-1.jpg","keywords":["Aceite Capilar Multivitaminas","aceite para el pelo","agrado","agrado cosmetic","cuidado capilar","hair care","pelo sin brillo","puntas abiertas","S\u00e9rum Capilar Brillo Intenso","serum para el pelo"],"articleSection":["Capilar"],"inLanguage":"en-GB","potentialAction":[{"@type":"CommentAction","name":"Comment","target":["https:\/\/agradocosmetic.com\/aceite-multivitaminas-serum-brillo-intenso\/#respond"]}]},{"@type":"WebPage","@id":"https:\/\/agradocosmetic.com\/aceite-multivitaminas-serum-brillo-intenso\/","url":"https:\/\/agradocosmetic.com\/aceite-multivitaminas-serum-brillo-intenso\/","name":"Aceite Multivitaminas y S\u00e9rum Brillo Intenso: lo nuevo de Agrado - Agrado","isPartOf":{"@id":"https:\/\/agradocosmetic.com\/#website"},"primaryImageOfPage":{"@id":"https:\/\/agradocosmetic.com\/aceite-multivitaminas-serum-brillo-intenso\/#primaryimage"},"image":{"@id":"https:\/\/agradocosmetic.com\/aceite-multivitaminas-serum-brillo-intenso\/#primaryimage"},"thumbnailUrl":"https:\/\/agradocosmetic.com\/wp-content\/uploads\/2024\/03\/blog-1.jpg","datePublished":"2024-03-05T07:54:07+00:00","dateModified":"2024-03-07T07:54:22+00:00","description":"Aceite Multivitaminas y S\u00e9rum Brillo Intenso. Dos joyas que llegan para responder a las necesidades espec\u00edficas de tu cabello.","breadcrumb":{"@id":"https:\/\/agradocosmetic.com\/aceite-multivitaminas-serum-brillo-intenso\/#breadcrumb"},"inLanguage":"en-GB","potentialAction":[{"@type":"ReadAction","target":["https:\/\/agradocosmetic.com\/aceite-multivitaminas-serum-brillo-intenso\/"]}]},{"@type":"ImageObject","inLanguage":"en-GB","@id":"https:\/\/agradocosmetic.com\/aceite-multivitaminas-serum-brillo-intenso\/#primaryimage","url":"https:\/\/agradocosmetic.com\/wp-content\/uploads\/2024\/03\/blog-1.jpg","contentUrl":"https:\/\/agradocosmetic.com\/wp-content\/uploads\/2024\/03\/blog-1.jpg","width":1140,"height":600,"caption":"Aceite Multivitaminas y S\u00e9rum Brillo Intenso"},{"@type":"BreadcrumbList","@id":"https:\/\/agradocosmetic.com\/aceite-multivitaminas-serum-brillo-intenso\/#breadcrumb","itemListElement":[{"@type":"ListItem","position":1,"name":"Portada","item":"https:\/\/agradocosmetic.com\/"},{"@type":"ListItem","position":2,"name":"Aceite Multivitaminas y S\u00e9rum Brillo Intenso: lo nuevo de Agrado"}]},{"@type":"WebSite","@id":"https:\/\/agradocosmetic.com\/#website","url":"https:\/\/agradocosmetic.com\/","name":"Liking","description":"cosmetic","publisher":{"@id":"https:\/\/agradocosmetic.com\/#organization"},"potentialAction":[{"@type":"SearchAction","target":{"@type":"EntryPoint","urlTemplate":"https:\/\/agradocosmetic.com\/?s={search_term_string}"},"query-input":{"@type":"PropertyValueSpecification","valueRequired":true,"valueName":"search_term_string"}}],"inLanguage":"en-GB"},{"@type":"Organization","@id":"https:\/\/agradocosmetic.com\/#organization","name":"Liking","url":"https:\/\/agradocosmetic.com\/","logo":{"@type":"ImageObject","inLanguage":"en-GB","@id":"https:\/\/agradocosmetic.com\/#\/schema\/logo\/image\/","url":"https:\/\/agradocosmetic.com\/wp-content\/uploads\/2023\/07\/LOGO-AGRADO-WEB-01.png","contentUrl":"https:\/\/agradocosmetic.com\/wp-content\/uploads\/2023\/07\/LOGO-AGRADO-WEB-01.png","width":1632,"height":300,"caption":"Agrado"},"image":{"@id":"https:\/\/agradocosmetic.com\/#\/schema\/logo\/image\/"}},{"@type":"Person","@id":"https:\/\/agradocosmetic.com\/#\/schema\/person\/59124921013b50f80959d84fc7219096","name":"Carmen","image":{"@type":"ImageObject","inLanguage":"en-GB","@id":"https:\/\/secure.gravatar.com\/avatar\/2036bf58c019bb0a3f94937a2ed7cab76ae6ebe239f705f7c62ea5c48f93531f?s=96&d=mm&r=g","url":"https:\/\/secure.gravatar.com\/avatar\/2036bf58c019bb0a3f94937a2ed7cab76ae6ebe239f705f7c62ea5c48f93531f?s=96&d=mm&r=g","contentUrl":"https:\/\/secure.gravatar.com\/avatar\/2036bf58c019bb0a3f94937a2ed7cab76ae6ebe239f705f7c62ea5c48f93531f?s=96&d=mm&r=g","caption":"carmen"}}]}},"_links":{"self":[{"href":"https:\/\/agradocosmetic.com\/en\/wp-json\/wp\/v2\/posts\/25606","targetHints":{"allow":["GET"]}}],"collection":[{"href":"https:\/\/agradocosmetic.com\/en\/wp-json\/wp\/v2\/posts"}],"about":[{"href":"https:\/\/agradocosmetic.com\/en\/wp-json\/wp\/v2\/types\/post"}],"author":[{"embeddable":true,"href":"https:\/\/agradocosmetic.com\/en\/wp-json\/wp\/v2\/users\/11"}],"replies":[{"embeddable":true,"href":"https:\/\/agradocosmetic.com\/en\/wp-json\/wp\/v2\/comments?post=25606"}],"version-history":[{"count":1,"href":"https:\/\/agradocosmetic.com\/en\/wp-json\/wp\/v2\/posts\/25606\/revisions"}],"predecessor-version":[{"id":25608,"href":"https:\/\/agradocosmetic.com\/en\/wp-json\/wp\/v2\/posts\/25606\/revisions\/25608"}],"wp:featuredmedia":[{"embeddable":true,"href":"https:\/\/agradocosmetic.com\/en\/wp-json\/wp\/v2\/media\/25607"}],"wp:attachment":[{"href":"https:\/\/agradocosmetic.com\/en\/wp-json\/wp\/v2\/media?parent=25606"}],"wp:term":[{"taxonomy":"category","embeddable":true,"href":"https:\/\/agradocosmetic.com\/en\/wp-json\/wp\/v2\/categories?post=25606"},{"taxonomy":"post_tag","embeddable":true,"href":"https:\/\/agradocosmetic.com\/en\/wp-json\/wp\/v2\/tags?post=25606"}],"curies":[{"name":"wp","href":"https:\/\/api.w.org\/{rel}","templated":true}]}}