{"id":30494,"date":"2025-05-07T09:24:06","date_gmt":"2025-05-07T08:24:06","guid":{"rendered":"https:\/\/agradocosmetic.com\/?p=30494"},"modified":"2025-06-09T12:24:27","modified_gmt":"2025-06-09T11:24:27","slug":"dime-como-eres-y-te-dire-cual-es-tu-protector-solar","status":"publish","type":"post","link":"https:\/\/agradocosmetic.com\/en\/dime-como-eres-y-te-dire-cual-es-tu-protector-solar\/","title":{"rendered":"Tell me what you are like and I&#039;ll tell you what your sunscreen is."},"content":{"rendered":"<p><span style=\"font-weight: 400\">The sun invites us to enjoy outdoor activities, but every skin type and lifestyle requires specific care. At Agrado, we understand that there&#039;s no one-size-fits-all sunscreen. That&#039;s why we&#039;ve developed a range tailored to you. Find out which sunscreen is best for you:<\/span><\/p>\n<h3><span style=\"font-family: -apple-system, BlinkMacSystemFont, 'Segoe UI', Roboto, 'Helvetica Neue', Arial, 'Noto Sans', sans-serif, 'Apple Color Emoji', 'Segoe UI Emoji', 'Segoe UI Symbol', 'Noto Color Emoji'\">For tireless athletes<\/span><\/h3>\n<p><span style=\"font-weight: 400\">If your routine includes running, cycling, or any outdoor activity, you need protection that can keep up with your pace. Our <a href=\"https:\/\/agradocosmetic.com\/en\/producto\/bruma-solar-sport-spf50\/\" target=\"_blank\" rel=\"noopener\">Sport Solar Mist SPF50+<\/a> It&#039;s ideal: quick to apply, water and sweat resistant, and with a light, residue-free texture. Perfect for protecting yourself without interrupting your workout.<\/span><\/p>\n<h3><span style=\"font-family: -apple-system, BlinkMacSystemFont, 'Segoe UI', Roboto, 'Helvetica Neue', Arial, 'Noto Sans', sans-serif, 'Apple Color Emoji', 'Segoe UI Emoji', 'Segoe UI Symbol', 'Noto Color Emoji'\">For the most sensitive skin<\/span><\/h3>\n<p><span style=\"font-weight: 400\">Does your skin react easily to the sun or certain products? <a href=\"https:\/\/agradocosmetic.com\/en\/producto\/crema-solar-sensitive-spf50\/\" target=\"_blank\" rel=\"noopener\">Sensitive Sun Cream SPF50+<\/a> It is formulated without perfume or alcohol, with vitamin E to soothe and protect. Its smooth, fast-absorbing texture makes it perfect for delicate skin, providing an effective barrier against UVA and UVB rays.<\/span><\/p>\n<h3><span style=\"font-family: -apple-system, BlinkMacSystemFont, 'Segoe UI', Roboto, 'Helvetica Neue', Arial, 'Noto Sans', sans-serif, 'Apple Color Emoji', 'Segoe UI Emoji', 'Segoe UI Symbol', 'Noto Color Emoji'\">For beach and pool lovers<\/span><\/h3>\n<p><span style=\"font-weight: 400\">If your ideal plan includes sun and water, you need protection that lasts. Our <a href=\"https:\/\/agradocosmetic.com\/en\/producto\/bruma-seca-solar-spf-50-aerosol\/\" target=\"_blank\" rel=\"noopener\">Solar Dry Mist SPF50<\/a> It is water-resistant and offers even coverage. Its spray format makes it easy to apply, even in hard-to-reach areas.<\/span><\/p>\n<h3><span style=\"font-family: -apple-system, BlinkMacSystemFont, 'Segoe UI', Roboto, 'Helvetica Neue', Arial, 'Noto Sans', sans-serif, 'Apple Color Emoji', 'Segoe UI Emoji', 'Segoe UI Symbol', 'Noto Color Emoji'\">For the little ones<\/span><\/h3>\n<p><span style=\"font-weight: 400\">Children&#039;s skin requires special care. Our <a href=\"https:\/\/agradocosmetic.com\/en\/producto\/locion-solar-kids-pieles-sensibles-spf50\/\" target=\"_blank\" rel=\"noopener\">Kids Sun Lotion SPF50<\/a> It is designed to protect the most delicate skin, with a gentle, water-resistant formula, so that little ones can enjoy the sun in complete safety.<\/span><\/p>\n<p><span style=\"font-weight: 400\">Remember, choosing the right sunscreen is essential for taking care of your skin and enjoying the sun without worries. At Agrado Sun Care, we have the perfect product for every need. Find yours and live summer to the fullest!<\/span><\/p>","protected":false},"excerpt":{"rendered":"<p>El sol nos invita a disfrutar de actividades al aire libre, pero cada piel y estilo de vida requiere un cuidado espec\u00edfico. En Agrado entendemos que no hay un \u00fanico protector solar para todos. Por eso, hemos desarrollado una gama que se adapta a ti. Descubre cu\u00e1l es tu protector solar ideal: Para las deportistas [&hellip;]<\/p>\n","protected":false},"author":11,"featured_media":30477,"comment_status":"open","ping_status":"closed","sticky":false,"template":"","format":"standard","meta":{"footnotes":"","_wp_rev_ctl_limit":""},"categories":[531],"tags":[875,876,877,878,879,880,766,740,126,274,412],"class_list":["post-30494","post","type-post","status-publish","format-standard","has-post-thumbnail","hentry","category-solar-en","tag-protector-solar-idea","tag-tu-solar-ideal","tag-cual-es-para-mi","tag-deportista","tag-sport","tag-kids","tag-bruma-facial","tag-agrado-sun-care","tag-agrado","tag-agrado-cosmetic","tag-proteccion-solar-ninos"],"yoast_head":"<!-- This site is optimized with the Yoast SEO plugin v27.4 - https:\/\/yoast.com\/product\/yoast-seo-wordpress\/ -->\n<title>Dime c\u00f3mo eres y te dir\u00e9 cu\u00e1l es tu protector solar - Agrado<\/title>\n<meta name=\"description\" content=\"Sabemos que no hay un \u00fanico protector solar para todos, por eso ofrecemos una gama que se adapta a ti. \u00a1Descubre cu\u00e1l es tu aliado perfecto!\" \/>\n<meta name=\"robots\" content=\"index, follow, max-snippet:-1, max-image-preview:large, max-video-preview:-1\" \/>\n<link rel=\"canonical\" href=\"https:\/\/agradocosmetic.com\/en\/dime-como-eres-y-te-dire-cual-es-tu-protector-solar\/\" \/>\n<meta property=\"og:locale\" content=\"en_GB\" \/>\n<meta property=\"og:type\" content=\"article\" \/>\n<meta property=\"og:title\" content=\"Dime c\u00f3mo eres y te dir\u00e9 cu\u00e1l es tu protector solar - Agrado\" \/>\n<meta property=\"og:description\" content=\"Sabemos que no hay un \u00fanico protector solar para todos, por eso ofrecemos una gama que se adapta a ti. \u00a1Descubre cu\u00e1l es tu aliado perfecto!\" \/>\n<meta property=\"og:url\" content=\"https:\/\/agradocosmetic.com\/en\/dime-como-eres-y-te-dire-cual-es-tu-protector-solar\/\" \/>\n<meta property=\"og:site_name\" content=\"Agrado\" \/>\n<meta property=\"article:published_time\" content=\"2025-05-07T08:24:06+00:00\" \/>\n<meta property=\"article:modified_time\" content=\"2025-06-09T11:24:27+00:00\" \/>\n<meta property=\"og:image\" content=\"https:\/\/agradocosmetic.com\/wp-content\/uploads\/2025\/06\/MAYO-1.jpg\" \/>\n\t<meta property=\"og:image:width\" content=\"1140\" \/>\n\t<meta property=\"og:image:height\" content=\"600\" \/>\n\t<meta property=\"og:image:type\" content=\"image\/jpeg\" \/>\n<meta name=\"author\" content=\"carmen\" \/>\n<meta name=\"twitter:card\" content=\"summary_large_image\" \/>\n<meta name=\"twitter:label1\" content=\"Written by\" \/>\n\t<meta name=\"twitter:data1\" content=\"carmen\" \/>\n\t<meta name=\"twitter:label2\" content=\"Estimated reading time\" \/>\n\t<meta name=\"twitter:data2\" content=\"2 minutes\" \/>\n<script type=\"application\/ld+json\" class=\"yoast-schema-graph\">{\"@context\":\"https:\\\/\\\/schema.org\",\"@graph\":[{\"@type\":\"Article\",\"@id\":\"https:\\\/\\\/agradocosmetic.com\\\/dime-como-eres-y-te-dire-cual-es-tu-protector-solar\\\/#article\",\"isPartOf\":{\"@id\":\"https:\\\/\\\/agradocosmetic.com\\\/dime-como-eres-y-te-dire-cual-es-tu-protector-solar\\\/\"},\"author\":{\"name\":\"carmen\",\"@id\":\"https:\\\/\\\/agradocosmetic.com\\\/#\\\/schema\\\/person\\\/59124921013b50f80959d84fc7219096\"},\"headline\":\"Dime c\u00f3mo eres y te dir\u00e9 cu\u00e1l es tu protector solar\",\"datePublished\":\"2025-05-07T08:24:06+00:00\",\"dateModified\":\"2025-06-09T11:24:27+00:00\",\"mainEntityOfPage\":{\"@id\":\"https:\\\/\\\/agradocosmetic.com\\\/dime-como-eres-y-te-dire-cual-es-tu-protector-solar\\\/\"},\"wordCount\":328,\"commentCount\":0,\"publisher\":{\"@id\":\"https:\\\/\\\/agradocosmetic.com\\\/#organization\"},\"image\":{\"@id\":\"https:\\\/\\\/agradocosmetic.com\\\/dime-como-eres-y-te-dire-cual-es-tu-protector-solar\\\/#primaryimage\"},\"thumbnailUrl\":\"https:\\\/\\\/agradocosmetic.com\\\/wp-content\\\/uploads\\\/2025\\\/06\\\/MAYO-1.jpg\",\"keywords\":[\"protector solar idea\",\"tu solar ideal\",\"cual es para mi\",\"deportista\",\"sport\",\"kids\",\"bruma facial\",\"agrado sun care\",\"agrado\",\"agrado cosmetic\",\"protecci\u00f3n solar ni\u00f1os\"],\"articleSection\":[\"Solar\"],\"inLanguage\":\"en-GB\",\"potentialAction\":[{\"@type\":\"CommentAction\",\"name\":\"Comment\",\"target\":[\"https:\\\/\\\/agradocosmetic.com\\\/dime-como-eres-y-te-dire-cual-es-tu-protector-solar\\\/#respond\"]}]},{\"@type\":\"WebPage\",\"@id\":\"https:\\\/\\\/agradocosmetic.com\\\/dime-como-eres-y-te-dire-cual-es-tu-protector-solar\\\/\",\"url\":\"https:\\\/\\\/agradocosmetic.com\\\/dime-como-eres-y-te-dire-cual-es-tu-protector-solar\\\/\",\"name\":\"Dime c\u00f3mo eres y te dir\u00e9 cu\u00e1l es tu protector solar - Agrado\",\"isPartOf\":{\"@id\":\"https:\\\/\\\/agradocosmetic.com\\\/#website\"},\"primaryImageOfPage\":{\"@id\":\"https:\\\/\\\/agradocosmetic.com\\\/dime-como-eres-y-te-dire-cual-es-tu-protector-solar\\\/#primaryimage\"},\"image\":{\"@id\":\"https:\\\/\\\/agradocosmetic.com\\\/dime-como-eres-y-te-dire-cual-es-tu-protector-solar\\\/#primaryimage\"},\"thumbnailUrl\":\"https:\\\/\\\/agradocosmetic.com\\\/wp-content\\\/uploads\\\/2025\\\/06\\\/MAYO-1.jpg\",\"datePublished\":\"2025-05-07T08:24:06+00:00\",\"dateModified\":\"2025-06-09T11:24:27+00:00\",\"description\":\"Sabemos que no hay un \u00fanico protector solar para todos, por eso ofrecemos una gama que se adapta a ti. \u00a1Descubre cu\u00e1l es tu aliado perfecto!\",\"breadcrumb\":{\"@id\":\"https:\\\/\\\/agradocosmetic.com\\\/dime-como-eres-y-te-dire-cual-es-tu-protector-solar\\\/#breadcrumb\"},\"inLanguage\":\"en-GB\",\"potentialAction\":[{\"@type\":\"ReadAction\",\"target\":[\"https:\\\/\\\/agradocosmetic.com\\\/dime-como-eres-y-te-dire-cual-es-tu-protector-solar\\\/\"]}]},{\"@type\":\"ImageObject\",\"inLanguage\":\"en-GB\",\"@id\":\"https:\\\/\\\/agradocosmetic.com\\\/dime-como-eres-y-te-dire-cual-es-tu-protector-solar\\\/#primaryimage\",\"url\":\"https:\\\/\\\/agradocosmetic.com\\\/wp-content\\\/uploads\\\/2025\\\/06\\\/MAYO-1.jpg\",\"contentUrl\":\"https:\\\/\\\/agradocosmetic.com\\\/wp-content\\\/uploads\\\/2025\\\/06\\\/MAYO-1.jpg\",\"width\":1140,\"height\":600,\"caption\":\"protector solar\"},{\"@type\":\"BreadcrumbList\",\"@id\":\"https:\\\/\\\/agradocosmetic.com\\\/dime-como-eres-y-te-dire-cual-es-tu-protector-solar\\\/#breadcrumb\",\"itemListElement\":[{\"@type\":\"ListItem\",\"position\":1,\"name\":\"Portada\",\"item\":\"https:\\\/\\\/agradocosmetic.com\\\/\"},{\"@type\":\"ListItem\",\"position\":2,\"name\":\"Dime c\u00f3mo eres y te dir\u00e9 cu\u00e1l es tu protector solar\"}]},{\"@type\":\"WebSite\",\"@id\":\"https:\\\/\\\/agradocosmetic.com\\\/#website\",\"url\":\"https:\\\/\\\/agradocosmetic.com\\\/\",\"name\":\"Agrado\",\"description\":\"Cosmetic\",\"publisher\":{\"@id\":\"https:\\\/\\\/agradocosmetic.com\\\/#organization\"},\"potentialAction\":[{\"@type\":\"SearchAction\",\"target\":{\"@type\":\"EntryPoint\",\"urlTemplate\":\"https:\\\/\\\/agradocosmetic.com\\\/?s={search_term_string}\"},\"query-input\":{\"@type\":\"PropertyValueSpecification\",\"valueRequired\":true,\"valueName\":\"search_term_string\"}}],\"inLanguage\":\"en-GB\"},{\"@type\":\"Organization\",\"@id\":\"https:\\\/\\\/agradocosmetic.com\\\/#organization\",\"name\":\"Agrado\",\"url\":\"https:\\\/\\\/agradocosmetic.com\\\/\",\"logo\":{\"@type\":\"ImageObject\",\"inLanguage\":\"en-GB\",\"@id\":\"https:\\\/\\\/agradocosmetic.com\\\/#\\\/schema\\\/logo\\\/image\\\/\",\"url\":\"https:\\\/\\\/agradocosmetic.com\\\/wp-content\\\/uploads\\\/2023\\\/07\\\/LOGO-AGRADO-WEB-01.png\",\"contentUrl\":\"https:\\\/\\\/agradocosmetic.com\\\/wp-content\\\/uploads\\\/2023\\\/07\\\/LOGO-AGRADO-WEB-01.png\",\"width\":1632,\"height\":300,\"caption\":\"Agrado\"},\"image\":{\"@id\":\"https:\\\/\\\/agradocosmetic.com\\\/#\\\/schema\\\/logo\\\/image\\\/\"}},{\"@type\":\"Person\",\"@id\":\"https:\\\/\\\/agradocosmetic.com\\\/#\\\/schema\\\/person\\\/59124921013b50f80959d84fc7219096\",\"name\":\"carmen\",\"image\":{\"@type\":\"ImageObject\",\"inLanguage\":\"en-GB\",\"@id\":\"https:\\\/\\\/secure.gravatar.com\\\/avatar\\\/2036bf58c019bb0a3f94937a2ed7cab76ae6ebe239f705f7c62ea5c48f93531f?s=96&d=mm&r=g\",\"url\":\"https:\\\/\\\/secure.gravatar.com\\\/avatar\\\/2036bf58c019bb0a3f94937a2ed7cab76ae6ebe239f705f7c62ea5c48f93531f?s=96&d=mm&r=g\",\"contentUrl\":\"https:\\\/\\\/secure.gravatar.com\\\/avatar\\\/2036bf58c019bb0a3f94937a2ed7cab76ae6ebe239f705f7c62ea5c48f93531f?s=96&d=mm&r=g\",\"caption\":\"carmen\"}}]}<\/script>\n<!-- \/ Yoast SEO plugin. -->","yoast_head_json":{"title":"Tell me what you&#039;re like and I&#039;ll tell you what your sunscreen is - Agrado","description":"We know there&#039;s no one-size-fits-all sunscreen, so we offer a range tailored to your needs. Discover your perfect match!","robots":{"index":"index","follow":"follow","max-snippet":"max-snippet:-1","max-image-preview":"max-image-preview:large","max-video-preview":"max-video-preview:-1"},"canonical":"https:\/\/agradocosmetic.com\/en\/dime-como-eres-y-te-dire-cual-es-tu-protector-solar\/","og_locale":"en_GB","og_type":"article","og_title":"Dime c\u00f3mo eres y te dir\u00e9 cu\u00e1l es tu protector solar - Agrado","og_description":"Sabemos que no hay un \u00fanico protector solar para todos, por eso ofrecemos una gama que se adapta a ti. \u00a1Descubre cu\u00e1l es tu aliado perfecto!","og_url":"https:\/\/agradocosmetic.com\/en\/dime-como-eres-y-te-dire-cual-es-tu-protector-solar\/","og_site_name":"Agrado","article_published_time":"2025-05-07T08:24:06+00:00","article_modified_time":"2025-06-09T11:24:27+00:00","og_image":[{"width":1140,"height":600,"url":"https:\/\/agradocosmetic.com\/wp-content\/uploads\/2025\/06\/MAYO-1.jpg","type":"image\/jpeg"}],"author":"carmen","twitter_card":"summary_large_image","twitter_misc":{"Written by":"carmen","Estimated reading time":"2 minutes"},"schema":{"@context":"https:\/\/schema.org","@graph":[{"@type":"Article","@id":"https:\/\/agradocosmetic.com\/dime-como-eres-y-te-dire-cual-es-tu-protector-solar\/#article","isPartOf":{"@id":"https:\/\/agradocosmetic.com\/dime-como-eres-y-te-dire-cual-es-tu-protector-solar\/"},"author":{"name":"carmen","@id":"https:\/\/agradocosmetic.com\/#\/schema\/person\/59124921013b50f80959d84fc7219096"},"headline":"Dime c\u00f3mo eres y te dir\u00e9 cu\u00e1l es tu protector solar","datePublished":"2025-05-07T08:24:06+00:00","dateModified":"2025-06-09T11:24:27+00:00","mainEntityOfPage":{"@id":"https:\/\/agradocosmetic.com\/dime-como-eres-y-te-dire-cual-es-tu-protector-solar\/"},"wordCount":328,"commentCount":0,"publisher":{"@id":"https:\/\/agradocosmetic.com\/#organization"},"image":{"@id":"https:\/\/agradocosmetic.com\/dime-como-eres-y-te-dire-cual-es-tu-protector-solar\/#primaryimage"},"thumbnailUrl":"https:\/\/agradocosmetic.com\/wp-content\/uploads\/2025\/06\/MAYO-1.jpg","keywords":["protector solar idea","tu solar ideal","cual es para mi","deportista","sport","kids","bruma facial","agrado sun care","agrado","agrado cosmetic","protecci\u00f3n solar ni\u00f1os"],"articleSection":["Solar"],"inLanguage":"en-GB","potentialAction":[{"@type":"CommentAction","name":"Comment","target":["https:\/\/agradocosmetic.com\/dime-como-eres-y-te-dire-cual-es-tu-protector-solar\/#respond"]}]},{"@type":"WebPage","@id":"https:\/\/agradocosmetic.com\/dime-como-eres-y-te-dire-cual-es-tu-protector-solar\/","url":"https:\/\/agradocosmetic.com\/dime-como-eres-y-te-dire-cual-es-tu-protector-solar\/","name":"Tell me what you&#039;re like and I&#039;ll tell you what your sunscreen is - Agrado","isPartOf":{"@id":"https:\/\/agradocosmetic.com\/#website"},"primaryImageOfPage":{"@id":"https:\/\/agradocosmetic.com\/dime-como-eres-y-te-dire-cual-es-tu-protector-solar\/#primaryimage"},"image":{"@id":"https:\/\/agradocosmetic.com\/dime-como-eres-y-te-dire-cual-es-tu-protector-solar\/#primaryimage"},"thumbnailUrl":"https:\/\/agradocosmetic.com\/wp-content\/uploads\/2025\/06\/MAYO-1.jpg","datePublished":"2025-05-07T08:24:06+00:00","dateModified":"2025-06-09T11:24:27+00:00","description":"We know there&#039;s no one-size-fits-all sunscreen, so we offer a range tailored to your needs. Discover your perfect match!","breadcrumb":{"@id":"https:\/\/agradocosmetic.com\/dime-como-eres-y-te-dire-cual-es-tu-protector-solar\/#breadcrumb"},"inLanguage":"en-GB","potentialAction":[{"@type":"ReadAction","target":["https:\/\/agradocosmetic.com\/dime-como-eres-y-te-dire-cual-es-tu-protector-solar\/"]}]},{"@type":"ImageObject","inLanguage":"en-GB","@id":"https:\/\/agradocosmetic.com\/dime-como-eres-y-te-dire-cual-es-tu-protector-solar\/#primaryimage","url":"https:\/\/agradocosmetic.com\/wp-content\/uploads\/2025\/06\/MAYO-1.jpg","contentUrl":"https:\/\/agradocosmetic.com\/wp-content\/uploads\/2025\/06\/MAYO-1.jpg","width":1140,"height":600,"caption":"protector solar"},{"@type":"BreadcrumbList","@id":"https:\/\/agradocosmetic.com\/dime-como-eres-y-te-dire-cual-es-tu-protector-solar\/#breadcrumb","itemListElement":[{"@type":"ListItem","position":1,"name":"Portada","item":"https:\/\/agradocosmetic.com\/"},{"@type":"ListItem","position":2,"name":"Dime c\u00f3mo eres y te dir\u00e9 cu\u00e1l es tu protector solar"}]},{"@type":"WebSite","@id":"https:\/\/agradocosmetic.com\/#website","url":"https:\/\/agradocosmetic.com\/","name":"Liking","description":"cosmetic","publisher":{"@id":"https:\/\/agradocosmetic.com\/#organization"},"potentialAction":[{"@type":"SearchAction","target":{"@type":"EntryPoint","urlTemplate":"https:\/\/agradocosmetic.com\/?s={search_term_string}"},"query-input":{"@type":"PropertyValueSpecification","valueRequired":true,"valueName":"search_term_string"}}],"inLanguage":"en-GB"},{"@type":"Organization","@id":"https:\/\/agradocosmetic.com\/#organization","name":"Liking","url":"https:\/\/agradocosmetic.com\/","logo":{"@type":"ImageObject","inLanguage":"en-GB","@id":"https:\/\/agradocosmetic.com\/#\/schema\/logo\/image\/","url":"https:\/\/agradocosmetic.com\/wp-content\/uploads\/2023\/07\/LOGO-AGRADO-WEB-01.png","contentUrl":"https:\/\/agradocosmetic.com\/wp-content\/uploads\/2023\/07\/LOGO-AGRADO-WEB-01.png","width":1632,"height":300,"caption":"Agrado"},"image":{"@id":"https:\/\/agradocosmetic.com\/#\/schema\/logo\/image\/"}},{"@type":"Person","@id":"https:\/\/agradocosmetic.com\/#\/schema\/person\/59124921013b50f80959d84fc7219096","name":"Carmen","image":{"@type":"ImageObject","inLanguage":"en-GB","@id":"https:\/\/secure.gravatar.com\/avatar\/2036bf58c019bb0a3f94937a2ed7cab76ae6ebe239f705f7c62ea5c48f93531f?s=96&d=mm&r=g","url":"https:\/\/secure.gravatar.com\/avatar\/2036bf58c019bb0a3f94937a2ed7cab76ae6ebe239f705f7c62ea5c48f93531f?s=96&d=mm&r=g","contentUrl":"https:\/\/secure.gravatar.com\/avatar\/2036bf58c019bb0a3f94937a2ed7cab76ae6ebe239f705f7c62ea5c48f93531f?s=96&d=mm&r=g","caption":"carmen"}}]}},"_links":{"self":[{"href":"https:\/\/agradocosmetic.com\/en\/wp-json\/wp\/v2\/posts\/30494","targetHints":{"allow":["GET"]}}],"collection":[{"href":"https:\/\/agradocosmetic.com\/en\/wp-json\/wp\/v2\/posts"}],"about":[{"href":"https:\/\/agradocosmetic.com\/en\/wp-json\/wp\/v2\/types\/post"}],"author":[{"embeddable":true,"href":"https:\/\/agradocosmetic.com\/en\/wp-json\/wp\/v2\/users\/11"}],"replies":[{"embeddable":true,"href":"https:\/\/agradocosmetic.com\/en\/wp-json\/wp\/v2\/comments?post=30494"}],"version-history":[{"count":1,"href":"https:\/\/agradocosmetic.com\/en\/wp-json\/wp\/v2\/posts\/30494\/revisions"}],"predecessor-version":[{"id":30495,"href":"https:\/\/agradocosmetic.com\/en\/wp-json\/wp\/v2\/posts\/30494\/revisions\/30495"}],"wp:featuredmedia":[{"embeddable":true,"href":"https:\/\/agradocosmetic.com\/en\/wp-json\/wp\/v2\/media\/30477"}],"wp:attachment":[{"href":"https:\/\/agradocosmetic.com\/en\/wp-json\/wp\/v2\/media?parent=30494"}],"wp:term":[{"taxonomy":"category","embeddable":true,"href":"https:\/\/agradocosmetic.com\/en\/wp-json\/wp\/v2\/categories?post=30494"},{"taxonomy":"post_tag","embeddable":true,"href":"https:\/\/agradocosmetic.com\/en\/wp-json\/wp\/v2\/tags?post=30494"}],"curies":[{"name":"wp","href":"https:\/\/api.w.org\/{rel}","templated":true}]}}