{"id":33235,"date":"2025-08-01T10:08:48","date_gmt":"2025-08-01T09:08:48","guid":{"rendered":"https:\/\/agradocosmetic.com\/?p=33235"},"modified":"2025-09-10T10:08:59","modified_gmt":"2025-09-10T09:08:59","slug":"skincare-minimalista-que-llevar-en-tu-neceser-vacacional","status":"publish","type":"post","link":"https:\/\/agradocosmetic.com\/en\/skincare-minimalista-que-llevar-en-tu-neceser-vacacional\/","title":{"rendered":"Minimalist Skincare: What to Pack in Your Vacation Toiletry Bag"},"content":{"rendered":"<p data-start=\"232\" data-end=\"522\">Summer is here, and with it that moment we&#039;ve all been waiting for: packing our suitcase for a few days of relaxation. Pack light clothing, sunglasses, a swimsuit... and, of course, a well-thought-out vacation makeup bag to keep our skin fresh, protected, and radiant throughout the getaway.<\/p>\n<p data-start=\"524\" data-end=\"797\">Because yes, on vacation the rule is clear: less is more. Our skin also appreciates a break from long, busy routines, so the ideal is to opt for a minimalist ritual with multitasking and effective products that allow us to enjoy ourselves without complications.<\/p>\n<p data-start=\"799\" data-end=\"913\">Here are the 5 essential items you can&#039;t miss in your summer vacation bag:<\/p>\n<h3 data-start=\"915\" data-end=\"947\"><a href=\"https:\/\/agradocosmetic.com\/en\/producto\/desmaquillante-ojos-y-labios-bifasico-waterproof\/\" target=\"_blank\" rel=\"noopener\">Biphasic Makeup Remover<\/a><\/h3>\n<p data-start=\"948\" data-end=\"1292\">After a day at the beach, pool, or hiking, it&#039;s time to rid your skin of sunscreen, makeup, and any remaining impurities. Agrado&#039;s Bi-Phase Makeup Remover effortlessly removes even waterproof makeup, leaving your face clean and fresh, without irritating or drying it out. It&#039;s the perfect ally to let your skin breathe every night.<\/p>\n<h3 data-start=\"1294\" data-end=\"1327\"><a href=\"https:\/\/agradocosmetic.com\/en\/producto\/gel-limpiador-facial-vit-c\/\" target=\"_blank\" rel=\"noopener\">Vitamin C Cleansing Gel<\/a><\/h3>\n<p data-start=\"1328\" data-end=\"1649\">Cleansing is the foundation of everything. Agrado&#039;s Vitamin C Cleansing Gel refreshes, purifies, and helps brighten skin thanks to its antioxidant action. Ideal for starting the day with energy and restoring vitality to your face after hours in the sun. Its light texture makes it a must-have for hot and humid climates.<\/p>\n<h3 data-start=\"1651\" data-end=\"1687\"><a href=\"https:\/\/agradocosmetic.com\/en\/producto\/crema-gel-hyaluronic-hidra-glow\/\" target=\"_blank\" rel=\"noopener\">Hyaluronic Hydra Glow Cream<\/a><\/h3>\n<p data-start=\"1688\" data-end=\"2031\">Hydration is non-negotiable, especially when the sun, sea, and chlorine can dry out your skin. Hyaluronic Hydra Glow Cream is perfect because it combines hyaluronic acid with active ingredients that provide immediate elasticity and suppleness, leaving your skin glowing without feeling greasy. A daily essential that fits into any vacation plan.<\/p>\n<h3 data-start=\"2033\" data-end=\"2061\"><a href=\"https:\/\/agradocosmetic.com\/en\/producto\/crema-protectora-facial-spf50-2\/\" target=\"_blank\" rel=\"noopener\">CC Cream with SPF50+<\/a><\/h3>\n<p data-start=\"2062\" data-end=\"2385\">If you&#039;re looking to simplify your routine, this is your lifesaver. Agrado&#039;s CC Cream evens out skin tone, moisturizes, corrects minor imperfections, and, most importantly, protects with SPF 50+. An all-in-one cream that lets you wear makeup lightly and naturally while keeping your skin protected from the sun.<\/p>\n<h3 data-start=\"2387\" data-end=\"2421\"><a href=\"https:\/\/agradocosmetic.com\/en\/producto\/bruma-facial-solar-spf50\/\" target=\"_blank\" rel=\"noopener\">Solar Facial Mist SPF50+<\/a><\/h3>\n<p data-start=\"2422\" data-end=\"2766\">The star of your holiday makeup bag. A fresh, light, and easy-to-reapply sunscreen at any time of day. Just a couple of sprays are enough to reinforce your skin&#039;s sun protection without having to spread it with your hands or ruin your makeup. The simple gesture that makes all the difference to your skin this summer.<\/p>\n<p data-start=\"2775\" data-end=\"3131\">In short, with these five products, you&#039;ll have everything you need for a minimalist, effective, and hassle-free facial routine. The goal is to enjoy yourself, feel comfortable, and keep your skin healthy while living out your best summer plans. Because traveling light doesn&#039;t mean skipping skincare: you just need to choose what goes in your vacation bag wisely.<\/p>","protected":false},"excerpt":{"rendered":"<p>Llega el verano y con \u00e9l ese momento que todas esperamos: preparar la maleta para unos d\u00edas de desconexi\u00f3n. Ropa ligera, gafas de sol, ba\u00f1ador\u2026 y, por supuesto, un neceser vacacional bien pensado para que nuestra piel se mantenga fresca, protegida y radiante durante toda la escapada. Porque s\u00ed, en vacaciones la regla es clara: [&hellip;]<\/p>\n","protected":false},"author":11,"featured_media":33230,"comment_status":"closed","ping_status":"closed","sticky":false,"template":"","format":"standard","meta":{"footnotes":"","_wp_rev_ctl_limit":""},"categories":[118,116],"tags":[910,911,912,913,850,815,762,740,733,126,235,321],"class_list":["post-33235","post","type-post","status-publish","format-standard","has-post-thumbnail","hentry","category-lifestyle","category-solar","tag-minimalista","tag-neceser-vacacional","tag-maleta","tag-vacaciones-de-verano","tag-consejo","tag-agrado-skin-positive","tag-vacaciones","tag-agrado-sun-care","tag-tip","tag-agrado","tag-skincare","tag-verano"],"yoast_head":"<!-- This site is optimized with the Yoast SEO plugin v27.4 - https:\/\/yoast.com\/product\/yoast-seo-wordpress\/ -->\n<title>Skincare minimalista: qu\u00e9 llevar en tu neceser vacacional - Agrado<\/title>\n<meta name=\"description\" content=\"El verano es momento de simplificar nuestra rutina de belleza. \u00a1Aqu\u00ed los esenciales que no pueden faltar en tu neceser vacacional!\" \/>\n<meta name=\"robots\" content=\"index, follow, max-snippet:-1, max-image-preview:large, max-video-preview:-1\" \/>\n<link rel=\"canonical\" href=\"https:\/\/agradocosmetic.com\/en\/skincare-minimalista-que-llevar-en-tu-neceser-vacacional\/\" \/>\n<meta property=\"og:locale\" content=\"en_GB\" \/>\n<meta property=\"og:type\" content=\"article\" \/>\n<meta property=\"og:title\" content=\"Skincare minimalista: qu\u00e9 llevar en tu neceser vacacional - Agrado\" \/>\n<meta property=\"og:description\" content=\"El verano es momento de simplificar nuestra rutina de belleza. \u00a1Aqu\u00ed los esenciales que no pueden faltar en tu neceser vacacional!\" \/>\n<meta property=\"og:url\" content=\"https:\/\/agradocosmetic.com\/en\/skincare-minimalista-que-llevar-en-tu-neceser-vacacional\/\" \/>\n<meta property=\"og:site_name\" content=\"Agrado\" \/>\n<meta property=\"article:published_time\" content=\"2025-08-01T09:08:48+00:00\" \/>\n<meta property=\"article:modified_time\" content=\"2025-09-10T09:08:59+00:00\" \/>\n<meta property=\"og:image\" content=\"https:\/\/agradocosmetic.com\/wp-content\/uploads\/2025\/09\/JULIO-2.jpg\" \/>\n\t<meta property=\"og:image:width\" content=\"1140\" \/>\n\t<meta property=\"og:image:height\" content=\"600\" \/>\n\t<meta property=\"og:image:type\" content=\"image\/jpeg\" \/>\n<meta name=\"author\" content=\"carmen\" \/>\n<meta name=\"twitter:card\" content=\"summary_large_image\" \/>\n<meta name=\"twitter:label1\" content=\"Written by\" \/>\n\t<meta name=\"twitter:data1\" content=\"carmen\" \/>\n\t<meta name=\"twitter:label2\" content=\"Estimated reading time\" \/>\n\t<meta name=\"twitter:data2\" content=\"3 minutes\" \/>\n<script type=\"application\/ld+json\" class=\"yoast-schema-graph\">{\"@context\":\"https:\\\/\\\/schema.org\",\"@graph\":[{\"@type\":\"Article\",\"@id\":\"https:\\\/\\\/agradocosmetic.com\\\/skincare-minimalista-que-llevar-en-tu-neceser-vacacional\\\/#article\",\"isPartOf\":{\"@id\":\"https:\\\/\\\/agradocosmetic.com\\\/skincare-minimalista-que-llevar-en-tu-neceser-vacacional\\\/\"},\"author\":{\"name\":\"carmen\",\"@id\":\"https:\\\/\\\/agradocosmetic.com\\\/#\\\/schema\\\/person\\\/59124921013b50f80959d84fc7219096\"},\"headline\":\"Skincare minimalista: qu\u00e9 llevar en tu neceser vacacional\",\"datePublished\":\"2025-08-01T09:08:48+00:00\",\"dateModified\":\"2025-09-10T09:08:59+00:00\",\"mainEntityOfPage\":{\"@id\":\"https:\\\/\\\/agradocosmetic.com\\\/skincare-minimalista-que-llevar-en-tu-neceser-vacacional\\\/\"},\"wordCount\":494,\"publisher\":{\"@id\":\"https:\\\/\\\/agradocosmetic.com\\\/#organization\"},\"image\":{\"@id\":\"https:\\\/\\\/agradocosmetic.com\\\/skincare-minimalista-que-llevar-en-tu-neceser-vacacional\\\/#primaryimage\"},\"thumbnailUrl\":\"https:\\\/\\\/agradocosmetic.com\\\/wp-content\\\/uploads\\\/2025\\\/09\\\/JULIO-2.jpg\",\"keywords\":[\"minimalista\",\"neceser vacacional\",\"maleta\",\"vacaciones de verano\",\"consejo\",\"agrado skin positive\",\"vacaciones\",\"agrado sun care\",\"tip\",\"agrado\",\"skincare\",\"verano\"],\"articleSection\":[\"Lifestyle\",\"Solar\"],\"inLanguage\":\"en-GB\"},{\"@type\":\"WebPage\",\"@id\":\"https:\\\/\\\/agradocosmetic.com\\\/skincare-minimalista-que-llevar-en-tu-neceser-vacacional\\\/\",\"url\":\"https:\\\/\\\/agradocosmetic.com\\\/skincare-minimalista-que-llevar-en-tu-neceser-vacacional\\\/\",\"name\":\"Skincare minimalista: qu\u00e9 llevar en tu neceser vacacional - Agrado\",\"isPartOf\":{\"@id\":\"https:\\\/\\\/agradocosmetic.com\\\/#website\"},\"primaryImageOfPage\":{\"@id\":\"https:\\\/\\\/agradocosmetic.com\\\/skincare-minimalista-que-llevar-en-tu-neceser-vacacional\\\/#primaryimage\"},\"image\":{\"@id\":\"https:\\\/\\\/agradocosmetic.com\\\/skincare-minimalista-que-llevar-en-tu-neceser-vacacional\\\/#primaryimage\"},\"thumbnailUrl\":\"https:\\\/\\\/agradocosmetic.com\\\/wp-content\\\/uploads\\\/2025\\\/09\\\/JULIO-2.jpg\",\"datePublished\":\"2025-08-01T09:08:48+00:00\",\"dateModified\":\"2025-09-10T09:08:59+00:00\",\"description\":\"El verano es momento de simplificar nuestra rutina de belleza. \u00a1Aqu\u00ed los esenciales que no pueden faltar en tu neceser vacacional!\",\"breadcrumb\":{\"@id\":\"https:\\\/\\\/agradocosmetic.com\\\/skincare-minimalista-que-llevar-en-tu-neceser-vacacional\\\/#breadcrumb\"},\"inLanguage\":\"en-GB\",\"potentialAction\":[{\"@type\":\"ReadAction\",\"target\":[\"https:\\\/\\\/agradocosmetic.com\\\/skincare-minimalista-que-llevar-en-tu-neceser-vacacional\\\/\"]}]},{\"@type\":\"ImageObject\",\"inLanguage\":\"en-GB\",\"@id\":\"https:\\\/\\\/agradocosmetic.com\\\/skincare-minimalista-que-llevar-en-tu-neceser-vacacional\\\/#primaryimage\",\"url\":\"https:\\\/\\\/agradocosmetic.com\\\/wp-content\\\/uploads\\\/2025\\\/09\\\/JULIO-2.jpg\",\"contentUrl\":\"https:\\\/\\\/agradocosmetic.com\\\/wp-content\\\/uploads\\\/2025\\\/09\\\/JULIO-2.jpg\",\"width\":1140,\"height\":600,\"caption\":\"neceser vacacional\"},{\"@type\":\"BreadcrumbList\",\"@id\":\"https:\\\/\\\/agradocosmetic.com\\\/skincare-minimalista-que-llevar-en-tu-neceser-vacacional\\\/#breadcrumb\",\"itemListElement\":[{\"@type\":\"ListItem\",\"position\":1,\"name\":\"Portada\",\"item\":\"https:\\\/\\\/agradocosmetic.com\\\/\"},{\"@type\":\"ListItem\",\"position\":2,\"name\":\"Skincare minimalista: qu\u00e9 llevar en tu neceser vacacional\"}]},{\"@type\":\"WebSite\",\"@id\":\"https:\\\/\\\/agradocosmetic.com\\\/#website\",\"url\":\"https:\\\/\\\/agradocosmetic.com\\\/\",\"name\":\"Agrado\",\"description\":\"Cosmetic\",\"publisher\":{\"@id\":\"https:\\\/\\\/agradocosmetic.com\\\/#organization\"},\"potentialAction\":[{\"@type\":\"SearchAction\",\"target\":{\"@type\":\"EntryPoint\",\"urlTemplate\":\"https:\\\/\\\/agradocosmetic.com\\\/?s={search_term_string}\"},\"query-input\":{\"@type\":\"PropertyValueSpecification\",\"valueRequired\":true,\"valueName\":\"search_term_string\"}}],\"inLanguage\":\"en-GB\"},{\"@type\":\"Organization\",\"@id\":\"https:\\\/\\\/agradocosmetic.com\\\/#organization\",\"name\":\"Agrado\",\"url\":\"https:\\\/\\\/agradocosmetic.com\\\/\",\"logo\":{\"@type\":\"ImageObject\",\"inLanguage\":\"en-GB\",\"@id\":\"https:\\\/\\\/agradocosmetic.com\\\/#\\\/schema\\\/logo\\\/image\\\/\",\"url\":\"https:\\\/\\\/agradocosmetic.com\\\/wp-content\\\/uploads\\\/2023\\\/07\\\/LOGO-AGRADO-WEB-01.png\",\"contentUrl\":\"https:\\\/\\\/agradocosmetic.com\\\/wp-content\\\/uploads\\\/2023\\\/07\\\/LOGO-AGRADO-WEB-01.png\",\"width\":1632,\"height\":300,\"caption\":\"Agrado\"},\"image\":{\"@id\":\"https:\\\/\\\/agradocosmetic.com\\\/#\\\/schema\\\/logo\\\/image\\\/\"}},{\"@type\":\"Person\",\"@id\":\"https:\\\/\\\/agradocosmetic.com\\\/#\\\/schema\\\/person\\\/59124921013b50f80959d84fc7219096\",\"name\":\"carmen\",\"image\":{\"@type\":\"ImageObject\",\"inLanguage\":\"en-GB\",\"@id\":\"https:\\\/\\\/secure.gravatar.com\\\/avatar\\\/2036bf58c019bb0a3f94937a2ed7cab76ae6ebe239f705f7c62ea5c48f93531f?s=96&d=mm&r=g\",\"url\":\"https:\\\/\\\/secure.gravatar.com\\\/avatar\\\/2036bf58c019bb0a3f94937a2ed7cab76ae6ebe239f705f7c62ea5c48f93531f?s=96&d=mm&r=g\",\"contentUrl\":\"https:\\\/\\\/secure.gravatar.com\\\/avatar\\\/2036bf58c019bb0a3f94937a2ed7cab76ae6ebe239f705f7c62ea5c48f93531f?s=96&d=mm&r=g\",\"caption\":\"carmen\"}}]}<\/script>\n<!-- \/ Yoast SEO plugin. -->","yoast_head_json":{"title":"Minimalist Skincare: What to Pack in Your Vacation Toiletry Bag - Agrado","description":"Summer is a time to simplify our beauty routine. Here are the essentials your vacation bag can&#039;t be without!","robots":{"index":"index","follow":"follow","max-snippet":"max-snippet:-1","max-image-preview":"max-image-preview:large","max-video-preview":"max-video-preview:-1"},"canonical":"https:\/\/agradocosmetic.com\/en\/skincare-minimalista-que-llevar-en-tu-neceser-vacacional\/","og_locale":"en_GB","og_type":"article","og_title":"Skincare minimalista: qu\u00e9 llevar en tu neceser vacacional - Agrado","og_description":"El verano es momento de simplificar nuestra rutina de belleza. \u00a1Aqu\u00ed los esenciales que no pueden faltar en tu neceser vacacional!","og_url":"https:\/\/agradocosmetic.com\/en\/skincare-minimalista-que-llevar-en-tu-neceser-vacacional\/","og_site_name":"Agrado","article_published_time":"2025-08-01T09:08:48+00:00","article_modified_time":"2025-09-10T09:08:59+00:00","og_image":[{"width":1140,"height":600,"url":"https:\/\/agradocosmetic.com\/wp-content\/uploads\/2025\/09\/JULIO-2.jpg","type":"image\/jpeg"}],"author":"carmen","twitter_card":"summary_large_image","twitter_misc":{"Written by":"carmen","Estimated reading time":"3 minutes"},"schema":{"@context":"https:\/\/schema.org","@graph":[{"@type":"Article","@id":"https:\/\/agradocosmetic.com\/skincare-minimalista-que-llevar-en-tu-neceser-vacacional\/#article","isPartOf":{"@id":"https:\/\/agradocosmetic.com\/skincare-minimalista-que-llevar-en-tu-neceser-vacacional\/"},"author":{"name":"carmen","@id":"https:\/\/agradocosmetic.com\/#\/schema\/person\/59124921013b50f80959d84fc7219096"},"headline":"Skincare minimalista: qu\u00e9 llevar en tu neceser vacacional","datePublished":"2025-08-01T09:08:48+00:00","dateModified":"2025-09-10T09:08:59+00:00","mainEntityOfPage":{"@id":"https:\/\/agradocosmetic.com\/skincare-minimalista-que-llevar-en-tu-neceser-vacacional\/"},"wordCount":494,"publisher":{"@id":"https:\/\/agradocosmetic.com\/#organization"},"image":{"@id":"https:\/\/agradocosmetic.com\/skincare-minimalista-que-llevar-en-tu-neceser-vacacional\/#primaryimage"},"thumbnailUrl":"https:\/\/agradocosmetic.com\/wp-content\/uploads\/2025\/09\/JULIO-2.jpg","keywords":["minimalista","neceser vacacional","maleta","vacaciones de verano","consejo","agrado skin positive","vacaciones","agrado sun care","tip","agrado","skincare","verano"],"articleSection":["Lifestyle","Solar"],"inLanguage":"en-GB"},{"@type":"WebPage","@id":"https:\/\/agradocosmetic.com\/skincare-minimalista-que-llevar-en-tu-neceser-vacacional\/","url":"https:\/\/agradocosmetic.com\/skincare-minimalista-que-llevar-en-tu-neceser-vacacional\/","name":"Minimalist Skincare: What to Pack in Your Vacation Toiletry Bag - Agrado","isPartOf":{"@id":"https:\/\/agradocosmetic.com\/#website"},"primaryImageOfPage":{"@id":"https:\/\/agradocosmetic.com\/skincare-minimalista-que-llevar-en-tu-neceser-vacacional\/#primaryimage"},"image":{"@id":"https:\/\/agradocosmetic.com\/skincare-minimalista-que-llevar-en-tu-neceser-vacacional\/#primaryimage"},"thumbnailUrl":"https:\/\/agradocosmetic.com\/wp-content\/uploads\/2025\/09\/JULIO-2.jpg","datePublished":"2025-08-01T09:08:48+00:00","dateModified":"2025-09-10T09:08:59+00:00","description":"Summer is a time to simplify our beauty routine. Here are the essentials your vacation bag can&#039;t be without!","breadcrumb":{"@id":"https:\/\/agradocosmetic.com\/skincare-minimalista-que-llevar-en-tu-neceser-vacacional\/#breadcrumb"},"inLanguage":"en-GB","potentialAction":[{"@type":"ReadAction","target":["https:\/\/agradocosmetic.com\/skincare-minimalista-que-llevar-en-tu-neceser-vacacional\/"]}]},{"@type":"ImageObject","inLanguage":"en-GB","@id":"https:\/\/agradocosmetic.com\/skincare-minimalista-que-llevar-en-tu-neceser-vacacional\/#primaryimage","url":"https:\/\/agradocosmetic.com\/wp-content\/uploads\/2025\/09\/JULIO-2.jpg","contentUrl":"https:\/\/agradocosmetic.com\/wp-content\/uploads\/2025\/09\/JULIO-2.jpg","width":1140,"height":600,"caption":"neceser vacacional"},{"@type":"BreadcrumbList","@id":"https:\/\/agradocosmetic.com\/skincare-minimalista-que-llevar-en-tu-neceser-vacacional\/#breadcrumb","itemListElement":[{"@type":"ListItem","position":1,"name":"Portada","item":"https:\/\/agradocosmetic.com\/"},{"@type":"ListItem","position":2,"name":"Skincare minimalista: qu\u00e9 llevar en tu neceser vacacional"}]},{"@type":"WebSite","@id":"https:\/\/agradocosmetic.com\/#website","url":"https:\/\/agradocosmetic.com\/","name":"Liking","description":"cosmetic","publisher":{"@id":"https:\/\/agradocosmetic.com\/#organization"},"potentialAction":[{"@type":"SearchAction","target":{"@type":"EntryPoint","urlTemplate":"https:\/\/agradocosmetic.com\/?s={search_term_string}"},"query-input":{"@type":"PropertyValueSpecification","valueRequired":true,"valueName":"search_term_string"}}],"inLanguage":"en-GB"},{"@type":"Organization","@id":"https:\/\/agradocosmetic.com\/#organization","name":"Liking","url":"https:\/\/agradocosmetic.com\/","logo":{"@type":"ImageObject","inLanguage":"en-GB","@id":"https:\/\/agradocosmetic.com\/#\/schema\/logo\/image\/","url":"https:\/\/agradocosmetic.com\/wp-content\/uploads\/2023\/07\/LOGO-AGRADO-WEB-01.png","contentUrl":"https:\/\/agradocosmetic.com\/wp-content\/uploads\/2023\/07\/LOGO-AGRADO-WEB-01.png","width":1632,"height":300,"caption":"Agrado"},"image":{"@id":"https:\/\/agradocosmetic.com\/#\/schema\/logo\/image\/"}},{"@type":"Person","@id":"https:\/\/agradocosmetic.com\/#\/schema\/person\/59124921013b50f80959d84fc7219096","name":"Carmen","image":{"@type":"ImageObject","inLanguage":"en-GB","@id":"https:\/\/secure.gravatar.com\/avatar\/2036bf58c019bb0a3f94937a2ed7cab76ae6ebe239f705f7c62ea5c48f93531f?s=96&d=mm&r=g","url":"https:\/\/secure.gravatar.com\/avatar\/2036bf58c019bb0a3f94937a2ed7cab76ae6ebe239f705f7c62ea5c48f93531f?s=96&d=mm&r=g","contentUrl":"https:\/\/secure.gravatar.com\/avatar\/2036bf58c019bb0a3f94937a2ed7cab76ae6ebe239f705f7c62ea5c48f93531f?s=96&d=mm&r=g","caption":"carmen"}}]}},"_links":{"self":[{"href":"https:\/\/agradocosmetic.com\/en\/wp-json\/wp\/v2\/posts\/33235","targetHints":{"allow":["GET"]}}],"collection":[{"href":"https:\/\/agradocosmetic.com\/en\/wp-json\/wp\/v2\/posts"}],"about":[{"href":"https:\/\/agradocosmetic.com\/en\/wp-json\/wp\/v2\/types\/post"}],"author":[{"embeddable":true,"href":"https:\/\/agradocosmetic.com\/en\/wp-json\/wp\/v2\/users\/11"}],"replies":[{"embeddable":true,"href":"https:\/\/agradocosmetic.com\/en\/wp-json\/wp\/v2\/comments?post=33235"}],"version-history":[{"count":2,"href":"https:\/\/agradocosmetic.com\/en\/wp-json\/wp\/v2\/posts\/33235\/revisions"}],"predecessor-version":[{"id":33237,"href":"https:\/\/agradocosmetic.com\/en\/wp-json\/wp\/v2\/posts\/33235\/revisions\/33237"}],"wp:featuredmedia":[{"embeddable":true,"href":"https:\/\/agradocosmetic.com\/en\/wp-json\/wp\/v2\/media\/33230"}],"wp:attachment":[{"href":"https:\/\/agradocosmetic.com\/en\/wp-json\/wp\/v2\/media?parent=33235"}],"wp:term":[{"taxonomy":"category","embeddable":true,"href":"https:\/\/agradocosmetic.com\/en\/wp-json\/wp\/v2\/categories?post=33235"},{"taxonomy":"post_tag","embeddable":true,"href":"https:\/\/agradocosmetic.com\/en\/wp-json\/wp\/v2\/tags?post=33235"}],"curies":[{"name":"wp","href":"https:\/\/api.w.org\/{rel}","templated":true}]}}