{"id":3483,"date":"2019-04-08T08:09:20","date_gmt":"2019-04-08T07:09:20","guid":{"rendered":"https:\/\/www.agradocosmetic.com\/?p=3483"},"modified":"2023-11-18T16:58:56","modified_gmt":"2023-11-18T16:58:56","slug":"gama-de-solares-agrado-chicas-listas","status":"publish","type":"post","link":"https:\/\/agradocosmetic.com\/en\/gama-de-solares-agrado-chicas-listas\/","title":{"rendered":"The time for smart girls is here"},"content":{"rendered":"<h1>The new range of AGRADO solar panels is here<\/h1>\n<p><span data-contrast=\"auto\">It&#039;s that time of year when you start leaving the winter scarf, coat and boots in the closet. It&#039;s that time of year when you stop making &#039;movie and blanket&#039; plans to spend the afternoon in the sun on a terrace.\u00a0<\/span><span data-contrast=\"auto\">That time of year is here when you are going to spend the day at the beach, to relax in front of the sea breeze while your skin tans; or in the pool with friends while you prepare a barbecue.\u00a0<\/span><span data-ccp-props=\"{&quot;201341983&quot;:0,&quot;335559739&quot;:160,&quot;335559740&quot;:249}\">\u00a0<\/span><span data-contrast=\"auto\">It&#039;s that time of year when you let your hair out, go surfing, travel, go to festivals or learn yoga in the park.\u00a0<\/span><span data-ccp-props=\"{&quot;201341983&quot;:0,&quot;335559739&quot;:160,&quot;335559740&quot;:249}\">\u00a0And now you can do it by protecting your skin with the new range of AGRADO sunscreens.<\/span><\/p>\n<p><span data-contrast=\"auto\">It&#039;s that time of year when it&#039;s okay to do something you haven&#039;t done before. It&#039;s okay that you dare to ask him out on a date, that you take risks with the most daring look, that you go overboard with the\u00a0<\/span><i><span data-contrast=\"auto\">brownies<\/span><\/i><i><span data-contrast=\"auto\">,\u00a0<\/span><\/i><i><span data-contrast=\"auto\">cheese<\/span><\/i><i><span data-contrast=\"auto\">\u00a0cake<\/span><\/i><span data-contrast=\"auto\">\u00a0either\u00a0<\/span><i><span data-contrast=\"auto\">milk<\/span><\/i><i><span data-contrast=\"auto\">\u00a0<\/span><\/i><i><span data-contrast=\"auto\">shake<\/span><\/i><span data-contrast=\"auto\">, that you jump into the sea from a yacht or that you take that surfboard and learn to surf the waves.<\/span><span data-ccp-props=\"{&quot;201341983&quot;:0,&quot;335559739&quot;:160,&quot;335559740&quot;:249}\">\u00a0<\/span><span data-contrast=\"auto\">Because that time of year is here when smart girls, and smart guys, can do all kinds of crazy things, but never with their skin. <\/span><\/p>\n<p><span data-contrast=\"auto\">For that\u00a0<\/span><span data-contrast=\"auto\">in PLEASURE<\/span><span data-contrast=\"auto\">\u00a0<\/span><span data-contrast=\"auto\">You have a wide range of sunscreens, with some incredible surprises like the Facial Mist sunscreen that you can apply on top of your makeup to always have your skin protected.\u00a0<\/span><span data-contrast=\"auto\">And also, an infallible trick. The book you need to lie in the sun with the greatest relaxation possible. A surprising book on the outside and incredible on the inside. Agrado&#039;s smart girls book is, in reality, a hiding place to store your valuables when you go to the beach or the pool, so that you can relax in the water or walk along the shore with your skin protected, and your objects of value too.<\/span><span data-ccp-props=\"{&quot;201341983&quot;:0,&quot;335559739&quot;:160,&quot;335559740&quot;:249}\">\u00a0<\/span><\/p>\n<p><img fetchpriority=\"high\" decoding=\"async\" class=\"alignleft wp-image-3593 size-large\" src=\"https:\/\/www.agradocosmetic.com\/wp-content\/uploads\/2019\/04\/MOSAICO_colores-1024x683.png\" alt=\"\" width=\"848\" height=\"566\" \/><\/p>\n<h2><b><span data-contrast=\"auto\">How to get the LIKE-ready girls book?<\/span><\/b><span data-ccp-props=\"{&quot;201341983&quot;:0,&quot;335559739&quot;:160,&quot;335559740&quot;:249}\">\u00a0<\/span><\/h2>\n<p><span data-contrast=\"auto\">It&#039;s very easy, just keep an eye on our social networks because from April to August we will do giveaways on our channels. We will also have the collaboration of\u00a0<\/span><em>influencers<\/em><span data-contrast=\"auto\">\u00a0who will give you the best advice to spend a crazy summer, without neglecting your skin and some surprises!\u00a0<\/span><span data-ccp-props=\"{&quot;201341983&quot;:0,&quot;335559739&quot;:160,&quot;335559740&quot;:249}\">\u00a0<\/span><span data-contrast=\"auto\">And you can see all this whenever you want in\u00a0<\/span><a href=\"http:\/\/www.solaresparachicaslistas.com\/\"><span data-contrast=\"none\">www.solaresparachicaslistas.com<\/span><\/a><span data-contrast=\"auto\">.<\/span><span data-ccp-props=\"{&quot;201341983&quot;:0,&quot;335559739&quot;:160,&quot;335559740&quot;:249}\">\u00a0<\/span><\/p>\n<p><span data-contrast=\"auto\">Stay tuned to our social networks and don&#039;t miss the keys to enjoying the good weather without putting your skin at risk.\u00a0<\/span><\/p>\n<h2><strong>Get to know the new range of AGRADO plots.\u00a0\u00a0<\/strong><\/h2>\n<p><span data-contrast=\"none\">Agrado&#039;s range of sunscreens is designed to protect your skin from solar radiation from the first day of exposure. Our solar products are prepared to protect your skin from the sun with a wide range of products. From the Sun Protective Oil 8SPF, 10SPF and 20SPF, which we recommend you complete with the Sun Dry Mist range of protectors<\/span><span data-ccp-props=\"{&quot;134233117&quot;:true,&quot;134233118&quot;:true,&quot;201341983&quot;:0,&quot;335559740&quot;:240}\">\u00a0<\/span><span data-contrast=\"none\">15SPF, 30SPF or 50SPF, to the newest formulas to protect your face such as Facial Mousse or Facial Mist. On the other hand, if what you are looking for is to hydrate and recover your skin after sunbathing, you cannot miss the\u00a0<\/span><span data-contrast=\"none\">despues de<\/span><span data-contrast=\"none\">\u00a0<\/span><span data-contrast=\"none\">Sun<\/span><span data-contrast=\"none\">\u00a0<\/span><span data-contrast=\"none\">Hydrocalming<\/span><span data-contrast=\"none\">\u00a0and Aloe Vera.<\/span><span data-ccp-props=\"{&quot;134233117&quot;:true,&quot;134233118&quot;:true,&quot;201341983&quot;:0,&quot;335559740&quot;:240}\">\u00a0<\/span><span data-contrast=\"none\">At Agrado we have also thought about the little ones and for them you will also find the Sun Dry Mist 50+SPF protector for sensitive skin.<\/span><span data-ccp-props=\"{&quot;134233117&quot;:true,&quot;134233118&quot;:true,&quot;201341983&quot;:0,&quot;335559740&quot;:240}\">\u00a0<\/span><span data-contrast=\"none\">In addition, Agrado sunscreens have a specific broad-spectrum protection formula, protecting your skin from UVA rays and also UVB rays, the most harmful to the skin.<\/span><span data-ccp-props=\"{&quot;134233117&quot;:true,&quot;134233118&quot;:true,&quot;201341983&quot;:0,&quot;335559740&quot;:240}\">\u00a0<\/span><\/p>\n<p><span data-contrast=\"none\">This summer let your hair go, don&#039;t worry about everything except your skin. Follow all our advice in #<\/span><span data-contrast=\"none\">solarparagirlslist.\u00a0<\/span><\/p>\n<p><span data-contrast=\"none\">Go into <a href=\"http:\/\/www.solaresparachicaslistas.com\/\">www.solaresparachicaslistas.com<\/a>, discover our range of 2019 plots and find out about a lot of surprises that we have prepared<\/span><span data-ccp-props=\"{&quot;134233117&quot;:true,&quot;134233118&quot;:true,&quot;201341983&quot;:0,&quot;335559740&quot;:240}\">\u00a0<\/span><\/p>\n<p><span data-ccp-props=\"{&quot;201341983&quot;:0,&quot;335559739&quot;:160,&quot;335559740&quot;:249}\">\u00a0<\/span><\/p>","protected":false},"excerpt":{"rendered":"<p>Ya est\u00e1 aqu\u00ed la nueva gama de solares AGRADO Viene ese momento del a\u00f1o en el que empiezas a dejar la bufanda, el abrigo y las botas de invierno en el armario. Viene esa \u00e9poca del a\u00f1o en el que dejas de hacer planes de \u2018peli y manta\u2019, para pasar la tarde al sol de [&hellip;]<\/p>\n","protected":false},"author":9,"featured_media":21422,"comment_status":"open","ping_status":"closed","sticky":false,"template":"","format":"standard","meta":{"footnotes":"","_wp_rev_ctl_limit":""},"categories":[116,1],"tags":[],"class_list":["post-3483","post","type-post","status-publish","format-standard","has-post-thumbnail","hentry","category-solar","category-todos"],"yoast_head":"<!-- This site is optimized with the Yoast SEO plugin v27.4 - https:\/\/yoast.com\/product\/yoast-seo-wordpress\/ -->\n<title>Conoce la nueva gama de solares de AGRADO | #solaresparachicaslistas<\/title>\n<meta name=\"description\" content=\"Ya puedes disfrutar del verano despreocup\u00e1ndote de todo, menos de tu piel con la nueva gama de solares de AGRADO. Una nueva colecci\u00f3n de protectores solares para chicas, y chicos, que quieren vivir el verano al m\u00e1ximo sin poner en riesgo su piel.\" \/>\n<meta name=\"robots\" content=\"index, follow, max-snippet:-1, max-image-preview:large, max-video-preview:-1\" \/>\n<link rel=\"canonical\" href=\"https:\/\/agradocosmetic.com\/en\/gama-de-solares-agrado-chicas-listas\/\" \/>\n<meta property=\"og:locale\" content=\"en_GB\" \/>\n<meta property=\"og:type\" content=\"article\" \/>\n<meta property=\"og:title\" content=\"Conoce la nueva gama de solares de AGRADO | #solaresparachicaslistas\" \/>\n<meta property=\"og:description\" content=\"Ya puedes disfrutar del verano despreocup\u00e1ndote de todo, menos de tu piel con la nueva gama de solares de AGRADO. Una nueva colecci\u00f3n de protectores solares para chicas, y chicos, que quieren vivir el verano al m\u00e1ximo sin poner en riesgo su piel.\" \/>\n<meta property=\"og:url\" content=\"https:\/\/agradocosmetic.com\/en\/gama-de-solares-agrado-chicas-listas\/\" \/>\n<meta property=\"og:site_name\" content=\"Agrado\" \/>\n<meta property=\"article:published_time\" content=\"2019-04-08T07:09:20+00:00\" \/>\n<meta property=\"article:modified_time\" content=\"2023-11-18T16:58:56+00:00\" \/>\n<meta property=\"og:image\" content=\"https:\/\/agradocosmetic.com\/wp-content\/uploads\/2019\/04\/chicas-listas-agrado.jpg\" \/>\n\t<meta property=\"og:image:width\" content=\"1200\" \/>\n\t<meta property=\"og:image:height\" content=\"800\" \/>\n\t<meta property=\"og:image:type\" content=\"image\/jpeg\" \/>\n<meta name=\"author\" content=\"agradocosmetic\" \/>\n<meta name=\"twitter:card\" content=\"summary_large_image\" \/>\n<meta name=\"twitter:label1\" content=\"Written by\" \/>\n\t<meta name=\"twitter:data1\" content=\"agradocosmetic\" \/>\n\t<meta name=\"twitter:label2\" content=\"Estimated reading time\" \/>\n\t<meta name=\"twitter:data2\" content=\"3 minutes\" \/>\n<script type=\"application\/ld+json\" class=\"yoast-schema-graph\">{\"@context\":\"https:\\\/\\\/schema.org\",\"@graph\":[{\"@type\":\"Article\",\"@id\":\"https:\\\/\\\/agradocosmetic.com\\\/gama-de-solares-agrado-chicas-listas\\\/#article\",\"isPartOf\":{\"@id\":\"https:\\\/\\\/agradocosmetic.com\\\/gama-de-solares-agrado-chicas-listas\\\/\"},\"author\":{\"name\":\"agradocosmetic\",\"@id\":\"https:\\\/\\\/agradocosmetic.com\\\/#\\\/schema\\\/person\\\/732e8d396022e25f9340196f83d6789d\"},\"headline\":\"Ya est\u00e1 aqu\u00ed el momento de las chicas listas\",\"datePublished\":\"2019-04-08T07:09:20+00:00\",\"dateModified\":\"2023-11-18T16:58:56+00:00\",\"mainEntityOfPage\":{\"@id\":\"https:\\\/\\\/agradocosmetic.com\\\/gama-de-solares-agrado-chicas-listas\\\/\"},\"wordCount\":692,\"commentCount\":0,\"publisher\":{\"@id\":\"https:\\\/\\\/agradocosmetic.com\\\/#organization\"},\"image\":{\"@id\":\"https:\\\/\\\/agradocosmetic.com\\\/gama-de-solares-agrado-chicas-listas\\\/#primaryimage\"},\"thumbnailUrl\":\"https:\\\/\\\/agradocosmetic.com\\\/wp-content\\\/uploads\\\/2019\\\/04\\\/chicas-listas-agrado.jpg\",\"articleSection\":[\"Solar\",\"Todos\"],\"inLanguage\":\"en-GB\",\"potentialAction\":[{\"@type\":\"CommentAction\",\"name\":\"Comment\",\"target\":[\"https:\\\/\\\/agradocosmetic.com\\\/gama-de-solares-agrado-chicas-listas\\\/#respond\"]}]},{\"@type\":\"WebPage\",\"@id\":\"https:\\\/\\\/agradocosmetic.com\\\/gama-de-solares-agrado-chicas-listas\\\/\",\"url\":\"https:\\\/\\\/agradocosmetic.com\\\/gama-de-solares-agrado-chicas-listas\\\/\",\"name\":\"Conoce la nueva gama de solares de AGRADO | #solaresparachicaslistas\",\"isPartOf\":{\"@id\":\"https:\\\/\\\/agradocosmetic.com\\\/#website\"},\"primaryImageOfPage\":{\"@id\":\"https:\\\/\\\/agradocosmetic.com\\\/gama-de-solares-agrado-chicas-listas\\\/#primaryimage\"},\"image\":{\"@id\":\"https:\\\/\\\/agradocosmetic.com\\\/gama-de-solares-agrado-chicas-listas\\\/#primaryimage\"},\"thumbnailUrl\":\"https:\\\/\\\/agradocosmetic.com\\\/wp-content\\\/uploads\\\/2019\\\/04\\\/chicas-listas-agrado.jpg\",\"datePublished\":\"2019-04-08T07:09:20+00:00\",\"dateModified\":\"2023-11-18T16:58:56+00:00\",\"description\":\"Ya puedes disfrutar del verano despreocup\u00e1ndote de todo, menos de tu piel con la nueva gama de solares de AGRADO. Una nueva colecci\u00f3n de protectores solares para chicas, y chicos, que quieren vivir el verano al m\u00e1ximo sin poner en riesgo su piel.\",\"breadcrumb\":{\"@id\":\"https:\\\/\\\/agradocosmetic.com\\\/gama-de-solares-agrado-chicas-listas\\\/#breadcrumb\"},\"inLanguage\":\"en-GB\",\"potentialAction\":[{\"@type\":\"ReadAction\",\"target\":[\"https:\\\/\\\/agradocosmetic.com\\\/gama-de-solares-agrado-chicas-listas\\\/\"]}]},{\"@type\":\"ImageObject\",\"inLanguage\":\"en-GB\",\"@id\":\"https:\\\/\\\/agradocosmetic.com\\\/gama-de-solares-agrado-chicas-listas\\\/#primaryimage\",\"url\":\"https:\\\/\\\/agradocosmetic.com\\\/wp-content\\\/uploads\\\/2019\\\/04\\\/chicas-listas-agrado.jpg\",\"contentUrl\":\"https:\\\/\\\/agradocosmetic.com\\\/wp-content\\\/uploads\\\/2019\\\/04\\\/chicas-listas-agrado.jpg\",\"width\":1200,\"height\":800},{\"@type\":\"BreadcrumbList\",\"@id\":\"https:\\\/\\\/agradocosmetic.com\\\/gama-de-solares-agrado-chicas-listas\\\/#breadcrumb\",\"itemListElement\":[{\"@type\":\"ListItem\",\"position\":1,\"name\":\"Portada\",\"item\":\"https:\\\/\\\/agradocosmetic.com\\\/\"},{\"@type\":\"ListItem\",\"position\":2,\"name\":\"Ya est\u00e1 aqu\u00ed el momento de las chicas listas\"}]},{\"@type\":\"WebSite\",\"@id\":\"https:\\\/\\\/agradocosmetic.com\\\/#website\",\"url\":\"https:\\\/\\\/agradocosmetic.com\\\/\",\"name\":\"Agrado\",\"description\":\"Cosmetic\",\"publisher\":{\"@id\":\"https:\\\/\\\/agradocosmetic.com\\\/#organization\"},\"potentialAction\":[{\"@type\":\"SearchAction\",\"target\":{\"@type\":\"EntryPoint\",\"urlTemplate\":\"https:\\\/\\\/agradocosmetic.com\\\/?s={search_term_string}\"},\"query-input\":{\"@type\":\"PropertyValueSpecification\",\"valueRequired\":true,\"valueName\":\"search_term_string\"}}],\"inLanguage\":\"en-GB\"},{\"@type\":\"Organization\",\"@id\":\"https:\\\/\\\/agradocosmetic.com\\\/#organization\",\"name\":\"Agrado\",\"url\":\"https:\\\/\\\/agradocosmetic.com\\\/\",\"logo\":{\"@type\":\"ImageObject\",\"inLanguage\":\"en-GB\",\"@id\":\"https:\\\/\\\/agradocosmetic.com\\\/#\\\/schema\\\/logo\\\/image\\\/\",\"url\":\"https:\\\/\\\/agradocosmetic.com\\\/wp-content\\\/uploads\\\/2023\\\/07\\\/LOGO-AGRADO-WEB-01.png\",\"contentUrl\":\"https:\\\/\\\/agradocosmetic.com\\\/wp-content\\\/uploads\\\/2023\\\/07\\\/LOGO-AGRADO-WEB-01.png\",\"width\":1632,\"height\":300,\"caption\":\"Agrado\"},\"image\":{\"@id\":\"https:\\\/\\\/agradocosmetic.com\\\/#\\\/schema\\\/logo\\\/image\\\/\"}},{\"@type\":\"Person\",\"@id\":\"https:\\\/\\\/agradocosmetic.com\\\/#\\\/schema\\\/person\\\/732e8d396022e25f9340196f83d6789d\",\"name\":\"agradocosmetic\",\"image\":{\"@type\":\"ImageObject\",\"inLanguage\":\"en-GB\",\"@id\":\"https:\\\/\\\/secure.gravatar.com\\\/avatar\\\/c6003e45301182b7e125463fcbec403b1980909c12edf09098526b9a15e779c0?s=96&d=mm&r=g\",\"url\":\"https:\\\/\\\/secure.gravatar.com\\\/avatar\\\/c6003e45301182b7e125463fcbec403b1980909c12edf09098526b9a15e779c0?s=96&d=mm&r=g\",\"contentUrl\":\"https:\\\/\\\/secure.gravatar.com\\\/avatar\\\/c6003e45301182b7e125463fcbec403b1980909c12edf09098526b9a15e779c0?s=96&d=mm&r=g\",\"caption\":\"agradocosmetic\"}}]}<\/script>\n<!-- \/ Yoast SEO plugin. -->","yoast_head_json":{"title":"Conoce la nueva gama de solares de AGRADO | #solaresparachicaslistas","description":"Ya puedes disfrutar del verano despreocup\u00e1ndote de todo, menos de tu piel con la nueva gama de solares de AGRADO. Una nueva colecci\u00f3n de protectores solares para chicas, y chicos, que quieren vivir el verano al m\u00e1ximo sin poner en riesgo su piel.","robots":{"index":"index","follow":"follow","max-snippet":"max-snippet:-1","max-image-preview":"max-image-preview:large","max-video-preview":"max-video-preview:-1"},"canonical":"https:\/\/agradocosmetic.com\/en\/gama-de-solares-agrado-chicas-listas\/","og_locale":"en_GB","og_type":"article","og_title":"Conoce la nueva gama de solares de AGRADO | #solaresparachicaslistas","og_description":"Ya puedes disfrutar del verano despreocup\u00e1ndote de todo, menos de tu piel con la nueva gama de solares de AGRADO. Una nueva colecci\u00f3n de protectores solares para chicas, y chicos, que quieren vivir el verano al m\u00e1ximo sin poner en riesgo su piel.","og_url":"https:\/\/agradocosmetic.com\/en\/gama-de-solares-agrado-chicas-listas\/","og_site_name":"Agrado","article_published_time":"2019-04-08T07:09:20+00:00","article_modified_time":"2023-11-18T16:58:56+00:00","og_image":[{"width":1200,"height":800,"url":"https:\/\/agradocosmetic.com\/wp-content\/uploads\/2019\/04\/chicas-listas-agrado.jpg","type":"image\/jpeg"}],"author":"agradocosmetic","twitter_card":"summary_large_image","twitter_misc":{"Written by":"agradocosmetic","Estimated reading time":"3 minutes"},"schema":{"@context":"https:\/\/schema.org","@graph":[{"@type":"Article","@id":"https:\/\/agradocosmetic.com\/gama-de-solares-agrado-chicas-listas\/#article","isPartOf":{"@id":"https:\/\/agradocosmetic.com\/gama-de-solares-agrado-chicas-listas\/"},"author":{"name":"agradocosmetic","@id":"https:\/\/agradocosmetic.com\/#\/schema\/person\/732e8d396022e25f9340196f83d6789d"},"headline":"Ya est\u00e1 aqu\u00ed el momento de las chicas listas","datePublished":"2019-04-08T07:09:20+00:00","dateModified":"2023-11-18T16:58:56+00:00","mainEntityOfPage":{"@id":"https:\/\/agradocosmetic.com\/gama-de-solares-agrado-chicas-listas\/"},"wordCount":692,"commentCount":0,"publisher":{"@id":"https:\/\/agradocosmetic.com\/#organization"},"image":{"@id":"https:\/\/agradocosmetic.com\/gama-de-solares-agrado-chicas-listas\/#primaryimage"},"thumbnailUrl":"https:\/\/agradocosmetic.com\/wp-content\/uploads\/2019\/04\/chicas-listas-agrado.jpg","articleSection":["Solar","Todos"],"inLanguage":"en-GB","potentialAction":[{"@type":"CommentAction","name":"Comment","target":["https:\/\/agradocosmetic.com\/gama-de-solares-agrado-chicas-listas\/#respond"]}]},{"@type":"WebPage","@id":"https:\/\/agradocosmetic.com\/gama-de-solares-agrado-chicas-listas\/","url":"https:\/\/agradocosmetic.com\/gama-de-solares-agrado-chicas-listas\/","name":"Conoce la nueva gama de solares de AGRADO | #solaresparachicaslistas","isPartOf":{"@id":"https:\/\/agradocosmetic.com\/#website"},"primaryImageOfPage":{"@id":"https:\/\/agradocosmetic.com\/gama-de-solares-agrado-chicas-listas\/#primaryimage"},"image":{"@id":"https:\/\/agradocosmetic.com\/gama-de-solares-agrado-chicas-listas\/#primaryimage"},"thumbnailUrl":"https:\/\/agradocosmetic.com\/wp-content\/uploads\/2019\/04\/chicas-listas-agrado.jpg","datePublished":"2019-04-08T07:09:20+00:00","dateModified":"2023-11-18T16:58:56+00:00","description":"Ya puedes disfrutar del verano despreocup\u00e1ndote de todo, menos de tu piel con la nueva gama de solares de AGRADO. Una nueva colecci\u00f3n de protectores solares para chicas, y chicos, que quieren vivir el verano al m\u00e1ximo sin poner en riesgo su piel.","breadcrumb":{"@id":"https:\/\/agradocosmetic.com\/gama-de-solares-agrado-chicas-listas\/#breadcrumb"},"inLanguage":"en-GB","potentialAction":[{"@type":"ReadAction","target":["https:\/\/agradocosmetic.com\/gama-de-solares-agrado-chicas-listas\/"]}]},{"@type":"ImageObject","inLanguage":"en-GB","@id":"https:\/\/agradocosmetic.com\/gama-de-solares-agrado-chicas-listas\/#primaryimage","url":"https:\/\/agradocosmetic.com\/wp-content\/uploads\/2019\/04\/chicas-listas-agrado.jpg","contentUrl":"https:\/\/agradocosmetic.com\/wp-content\/uploads\/2019\/04\/chicas-listas-agrado.jpg","width":1200,"height":800},{"@type":"BreadcrumbList","@id":"https:\/\/agradocosmetic.com\/gama-de-solares-agrado-chicas-listas\/#breadcrumb","itemListElement":[{"@type":"ListItem","position":1,"name":"Portada","item":"https:\/\/agradocosmetic.com\/"},{"@type":"ListItem","position":2,"name":"Ya est\u00e1 aqu\u00ed el momento de las chicas listas"}]},{"@type":"WebSite","@id":"https:\/\/agradocosmetic.com\/#website","url":"https:\/\/agradocosmetic.com\/","name":"Liking","description":"cosmetic","publisher":{"@id":"https:\/\/agradocosmetic.com\/#organization"},"potentialAction":[{"@type":"SearchAction","target":{"@type":"EntryPoint","urlTemplate":"https:\/\/agradocosmetic.com\/?s={search_term_string}"},"query-input":{"@type":"PropertyValueSpecification","valueRequired":true,"valueName":"search_term_string"}}],"inLanguage":"en-GB"},{"@type":"Organization","@id":"https:\/\/agradocosmetic.com\/#organization","name":"Liking","url":"https:\/\/agradocosmetic.com\/","logo":{"@type":"ImageObject","inLanguage":"en-GB","@id":"https:\/\/agradocosmetic.com\/#\/schema\/logo\/image\/","url":"https:\/\/agradocosmetic.com\/wp-content\/uploads\/2023\/07\/LOGO-AGRADO-WEB-01.png","contentUrl":"https:\/\/agradocosmetic.com\/wp-content\/uploads\/2023\/07\/LOGO-AGRADO-WEB-01.png","width":1632,"height":300,"caption":"Agrado"},"image":{"@id":"https:\/\/agradocosmetic.com\/#\/schema\/logo\/image\/"}},{"@type":"Person","@id":"https:\/\/agradocosmetic.com\/#\/schema\/person\/732e8d396022e25f9340196f83d6789d","name":"agradocosmetic","image":{"@type":"ImageObject","inLanguage":"en-GB","@id":"https:\/\/secure.gravatar.com\/avatar\/c6003e45301182b7e125463fcbec403b1980909c12edf09098526b9a15e779c0?s=96&d=mm&r=g","url":"https:\/\/secure.gravatar.com\/avatar\/c6003e45301182b7e125463fcbec403b1980909c12edf09098526b9a15e779c0?s=96&d=mm&r=g","contentUrl":"https:\/\/secure.gravatar.com\/avatar\/c6003e45301182b7e125463fcbec403b1980909c12edf09098526b9a15e779c0?s=96&d=mm&r=g","caption":"agradocosmetic"}}]}},"_links":{"self":[{"href":"https:\/\/agradocosmetic.com\/en\/wp-json\/wp\/v2\/posts\/3483","targetHints":{"allow":["GET"]}}],"collection":[{"href":"https:\/\/agradocosmetic.com\/en\/wp-json\/wp\/v2\/posts"}],"about":[{"href":"https:\/\/agradocosmetic.com\/en\/wp-json\/wp\/v2\/types\/post"}],"author":[{"embeddable":true,"href":"https:\/\/agradocosmetic.com\/en\/wp-json\/wp\/v2\/users\/9"}],"replies":[{"embeddable":true,"href":"https:\/\/agradocosmetic.com\/en\/wp-json\/wp\/v2\/comments?post=3483"}],"version-history":[{"count":1,"href":"https:\/\/agradocosmetic.com\/en\/wp-json\/wp\/v2\/posts\/3483\/revisions"}],"predecessor-version":[{"id":21423,"href":"https:\/\/agradocosmetic.com\/en\/wp-json\/wp\/v2\/posts\/3483\/revisions\/21423"}],"wp:featuredmedia":[{"embeddable":true,"href":"https:\/\/agradocosmetic.com\/en\/wp-json\/wp\/v2\/media\/21422"}],"wp:attachment":[{"href":"https:\/\/agradocosmetic.com\/en\/wp-json\/wp\/v2\/media?parent=3483"}],"wp:term":[{"taxonomy":"category","embeddable":true,"href":"https:\/\/agradocosmetic.com\/en\/wp-json\/wp\/v2\/categories?post=3483"},{"taxonomy":"post_tag","embeddable":true,"href":"https:\/\/agradocosmetic.com\/en\/wp-json\/wp\/v2\/tags?post=3483"}],"curies":[{"name":"wp","href":"https:\/\/api.w.org\/{rel}","templated":true}]}}