{"id":35082,"date":"2026-03-26T11:21:21","date_gmt":"2026-03-26T10:21:21","guid":{"rendered":"https:\/\/agradocosmetic.com\/?p=35082"},"modified":"2026-03-09T11:40:14","modified_gmt":"2026-03-09T10:40:14","slug":"repara-tu-cabello-despues-del-invierno-y-preparalo-para-la-primavera","status":"publish","type":"post","link":"https:\/\/agradocosmetic.com\/en\/repara-tu-cabello-despues-del-invierno-y-preparalo-para-la-primavera\/","title":{"rendered":"Repair your hair after winter and prepare it for spring"},"content":{"rendered":"<h1><b>Repair your hair after winter and prepare it for spring<\/b><\/h1>\n<p><span style=\"font-weight: 400\">Winter can be tough on our hair. Between the cold, the wind, the heating, and the frequent use of tools like hairdryers and straighteners, hair loses hydration, shine, and elasticity. The first signs of sunshine and warmth indicate that it&#039;s the ideal time to repair our hair and restore its healthy appearance in time for spring.<\/span><\/p>\n<p><span style=\"font-weight: 400\">The important thing is to establish a hair care routine that combines cleansing, nutrition, and deep repair.<\/span><\/p>\n<h2><b>Start with a repairing shampoo\u00a0<\/b><\/h2>\n<p><span style=\"font-weight: 400\">The first step is to choose a shampoo that cares for the hair fiber from the first wash. <\/span><a href=\"https:\/\/agradocosmetic.com\/en\/producto\/champu-professional-reparador-nutritivo-2\/\"><b>Nourishing Restorative Professional Shampoo <\/b><\/a><span style=\"font-weight: 400\">It is especially suitable for dry and damaged hair, with a formula containing wheat protein that hydrates and revitalizes from the roots. Keratin helps strengthen hair and reduce breakage.<\/span><\/p>\n<p><span style=\"font-weight: 400\">If you notice your hair is dull after winter, the <\/span><a href=\"https:\/\/agradocosmetic.com\/en\/producto\/champu-profesional-brillo-intenso\/\"><b>Intense Shine Professional Shampoo <\/b><\/a><span style=\"font-weight: 400\">It&#039;s a great option for you. Silk proteins and collagen help repair the hair cuticle and restore softness and shine.\u00a0<\/span><\/p>\n<h2><b>Apply a face mask<\/b><\/h2>\n<p><span style=\"font-weight: 400\">After washing, your hair needs a deep conditioning treatment. <\/span><a href=\"http:\/\/agradocosmetic.com\/en\/producto\/mascarilla-nutritiva\/\"><b>Nourishing Hair Mask<\/b><\/a><span style=\"font-weight: 400\"> It is ideal for dry and brittle hair, softening, nourishing and repairing, providing shine and vitality, thanks to ingredients such as wheat germ and keratin.<\/span><\/p>\n<p><span style=\"font-weight: 400\">If you notice that your hair is frizzy or difficult to manage, the <\/span><a href=\"https:\/\/agradocosmetic.com\/en\/producto\/mascarilla-keratina\/\"><b>Keratin Hair Mask <\/b><\/a><span style=\"font-weight: 400\">It helps repair the hair fiber, leaving hair stronger, shinier, and easier to comb.<\/span><\/p>\n<p><span style=\"font-weight: 400\">Apply once or twice a week to bring your hair back to life.<\/span><\/p>\n<h2><b>A small ritual for renewed hair<\/b><\/h2>\n<p><span style=\"font-weight: 400\">Taking a few extra minutes to care for your hair can completely transform its appearance. With a routine focused on repairing your hair, your locks regain softness, shine, and strength just in time to enjoy spring with a fresh and healthy look.\u00a0<\/span><\/p>\n<p><span style=\"font-weight: 400\">Because when your hair is well cared for\u2026 it also shows in how you feel.<\/span><\/p>","protected":false},"excerpt":{"rendered":"<p>Repara tu cabello despu\u00e9s del invierno y prep\u00e1ralo para la primavera El invierno puede ser duro para nuestra melena. Entre el fr\u00edo, el viento, la calefacci\u00f3n y el uso frecuente de herramientas como secadores o planchas hacen que el cabello pierda hidrataci\u00f3n, brillo y elasticidad. Las primeras apariciones de sol y calor indican que es [&hellip;]<\/p>\n","protected":false},"author":11,"featured_media":35083,"comment_status":"closed","ping_status":"closed","sticky":false,"template":"","format":"standard","meta":{"footnotes":"","_wp_rev_ctl_limit":""},"categories":[509,128,1],"tags":[951,952,245,448],"class_list":["post-35082","post","type-post","status-publish","format-standard","has-post-thumbnail","hentry","category-capilar-en","category-capilar","category-todos","tag-repara","tag-repara-cabello","tag-cabello","tag-primavera"],"yoast_head":"<!-- This site is optimized with the Yoast SEO plugin v27.4 - https:\/\/yoast.com\/product\/yoast-seo-wordpress\/ -->\n<title>Repara tu cabello despu\u00e9s del invierno y prep\u00e1ralo para la primavera - Agrado<\/title>\n<meta name=\"description\" content=\"El invierno puede ser duro para nuestra melena. Entre el fr\u00edo, el viento, la calefacci\u00f3n y el uso frecuente de herramientas como secadores o planchas hacen que el cabello pierda hidrataci\u00f3n, brillo y elasticidad. Las primeras apariciones de sol y calor indican que es el momento ideal para reparar el cabello y devolverle su aspecto saludable en sinton\u00eda con la primavera.\" \/>\n<meta name=\"robots\" content=\"index, follow, max-snippet:-1, max-image-preview:large, max-video-preview:-1\" \/>\n<link rel=\"canonical\" href=\"https:\/\/agradocosmetic.com\/en\/repara-tu-cabello-despues-del-invierno-y-preparalo-para-la-primavera\/\" \/>\n<meta property=\"og:locale\" content=\"en_GB\" \/>\n<meta property=\"og:type\" content=\"article\" \/>\n<meta property=\"og:title\" content=\"Repara tu cabello despu\u00e9s del invierno y prep\u00e1ralo para la primavera - Agrado\" \/>\n<meta property=\"og:description\" content=\"El invierno puede ser duro para nuestra melena. Entre el fr\u00edo, el viento, la calefacci\u00f3n y el uso frecuente de herramientas como secadores o planchas hacen que el cabello pierda hidrataci\u00f3n, brillo y elasticidad. Las primeras apariciones de sol y calor indican que es el momento ideal para reparar el cabello y devolverle su aspecto saludable en sinton\u00eda con la primavera.\" \/>\n<meta property=\"og:url\" content=\"https:\/\/agradocosmetic.com\/en\/repara-tu-cabello-despues-del-invierno-y-preparalo-para-la-primavera\/\" \/>\n<meta property=\"og:site_name\" content=\"Agrado\" \/>\n<meta property=\"article:published_time\" content=\"2026-03-26T10:21:21+00:00\" \/>\n<meta property=\"og:image\" content=\"https:\/\/agradocosmetic.com\/wp-content\/uploads\/2026\/03\/OCTUBRE-1.png\" \/>\n\t<meta property=\"og:image:width\" content=\"1140\" \/>\n\t<meta property=\"og:image:height\" content=\"600\" \/>\n\t<meta property=\"og:image:type\" content=\"image\/png\" \/>\n<meta name=\"author\" content=\"carmen\" \/>\n<meta name=\"twitter:card\" content=\"summary_large_image\" \/>\n<meta name=\"twitter:label1\" content=\"Written by\" \/>\n\t<meta name=\"twitter:data1\" content=\"carmen\" \/>\n\t<meta name=\"twitter:label2\" content=\"Estimated reading time\" \/>\n\t<meta name=\"twitter:data2\" content=\"2 minutes\" \/>\n<script type=\"application\/ld+json\" class=\"yoast-schema-graph\">{\"@context\":\"https:\\\/\\\/schema.org\",\"@graph\":[{\"@type\":\"Article\",\"@id\":\"https:\\\/\\\/agradocosmetic.com\\\/repara-tu-cabello-despues-del-invierno-y-preparalo-para-la-primavera\\\/#article\",\"isPartOf\":{\"@id\":\"https:\\\/\\\/agradocosmetic.com\\\/repara-tu-cabello-despues-del-invierno-y-preparalo-para-la-primavera\\\/\"},\"author\":{\"name\":\"carmen\",\"@id\":\"https:\\\/\\\/agradocosmetic.com\\\/#\\\/schema\\\/person\\\/59124921013b50f80959d84fc7219096\"},\"headline\":\"Repara tu cabello despu\u00e9s del invierno y prep\u00e1ralo para la primavera\",\"datePublished\":\"2026-03-26T10:21:21+00:00\",\"mainEntityOfPage\":{\"@id\":\"https:\\\/\\\/agradocosmetic.com\\\/repara-tu-cabello-despues-del-invierno-y-preparalo-para-la-primavera\\\/\"},\"wordCount\":368,\"publisher\":{\"@id\":\"https:\\\/\\\/agradocosmetic.com\\\/#organization\"},\"image\":{\"@id\":\"https:\\\/\\\/agradocosmetic.com\\\/repara-tu-cabello-despues-del-invierno-y-preparalo-para-la-primavera\\\/#primaryimage\"},\"thumbnailUrl\":\"https:\\\/\\\/agradocosmetic.com\\\/wp-content\\\/uploads\\\/2026\\\/03\\\/OCTUBRE-1.png\",\"keywords\":[\"repara\",\"repara cabello\",\"cabello\",\"primavera\"],\"articleSection\":[\"Capilar\",\"Capilar\",\"Todos\"],\"inLanguage\":\"en-GB\"},{\"@type\":\"WebPage\",\"@id\":\"https:\\\/\\\/agradocosmetic.com\\\/repara-tu-cabello-despues-del-invierno-y-preparalo-para-la-primavera\\\/\",\"url\":\"https:\\\/\\\/agradocosmetic.com\\\/repara-tu-cabello-despues-del-invierno-y-preparalo-para-la-primavera\\\/\",\"name\":\"Repara tu cabello despu\u00e9s del invierno y prep\u00e1ralo para la primavera - Agrado\",\"isPartOf\":{\"@id\":\"https:\\\/\\\/agradocosmetic.com\\\/#website\"},\"primaryImageOfPage\":{\"@id\":\"https:\\\/\\\/agradocosmetic.com\\\/repara-tu-cabello-despues-del-invierno-y-preparalo-para-la-primavera\\\/#primaryimage\"},\"image\":{\"@id\":\"https:\\\/\\\/agradocosmetic.com\\\/repara-tu-cabello-despues-del-invierno-y-preparalo-para-la-primavera\\\/#primaryimage\"},\"thumbnailUrl\":\"https:\\\/\\\/agradocosmetic.com\\\/wp-content\\\/uploads\\\/2026\\\/03\\\/OCTUBRE-1.png\",\"datePublished\":\"2026-03-26T10:21:21+00:00\",\"description\":\"El invierno puede ser duro para nuestra melena. Entre el fr\u00edo, el viento, la calefacci\u00f3n y el uso frecuente de herramientas como secadores o planchas hacen que el cabello pierda hidrataci\u00f3n, brillo y elasticidad. Las primeras apariciones de sol y calor indican que es el momento ideal para reparar el cabello y devolverle su aspecto saludable en sinton\u00eda con la primavera.\",\"breadcrumb\":{\"@id\":\"https:\\\/\\\/agradocosmetic.com\\\/repara-tu-cabello-despues-del-invierno-y-preparalo-para-la-primavera\\\/#breadcrumb\"},\"inLanguage\":\"en-GB\",\"potentialAction\":[{\"@type\":\"ReadAction\",\"target\":[\"https:\\\/\\\/agradocosmetic.com\\\/repara-tu-cabello-despues-del-invierno-y-preparalo-para-la-primavera\\\/\"]}]},{\"@type\":\"ImageObject\",\"inLanguage\":\"en-GB\",\"@id\":\"https:\\\/\\\/agradocosmetic.com\\\/repara-tu-cabello-despues-del-invierno-y-preparalo-para-la-primavera\\\/#primaryimage\",\"url\":\"https:\\\/\\\/agradocosmetic.com\\\/wp-content\\\/uploads\\\/2026\\\/03\\\/OCTUBRE-1.png\",\"contentUrl\":\"https:\\\/\\\/agradocosmetic.com\\\/wp-content\\\/uploads\\\/2026\\\/03\\\/OCTUBRE-1.png\",\"width\":1140,\"height\":600,\"caption\":\"reparar cabello\"},{\"@type\":\"BreadcrumbList\",\"@id\":\"https:\\\/\\\/agradocosmetic.com\\\/repara-tu-cabello-despues-del-invierno-y-preparalo-para-la-primavera\\\/#breadcrumb\",\"itemListElement\":[{\"@type\":\"ListItem\",\"position\":1,\"name\":\"Portada\",\"item\":\"https:\\\/\\\/agradocosmetic.com\\\/\"},{\"@type\":\"ListItem\",\"position\":2,\"name\":\"Repara tu cabello despu\u00e9s del invierno y prep\u00e1ralo para la primavera\"}]},{\"@type\":\"WebSite\",\"@id\":\"https:\\\/\\\/agradocosmetic.com\\\/#website\",\"url\":\"https:\\\/\\\/agradocosmetic.com\\\/\",\"name\":\"Agrado\",\"description\":\"Cosmetic\",\"publisher\":{\"@id\":\"https:\\\/\\\/agradocosmetic.com\\\/#organization\"},\"potentialAction\":[{\"@type\":\"SearchAction\",\"target\":{\"@type\":\"EntryPoint\",\"urlTemplate\":\"https:\\\/\\\/agradocosmetic.com\\\/?s={search_term_string}\"},\"query-input\":{\"@type\":\"PropertyValueSpecification\",\"valueRequired\":true,\"valueName\":\"search_term_string\"}}],\"inLanguage\":\"en-GB\"},{\"@type\":\"Organization\",\"@id\":\"https:\\\/\\\/agradocosmetic.com\\\/#organization\",\"name\":\"Agrado\",\"url\":\"https:\\\/\\\/agradocosmetic.com\\\/\",\"logo\":{\"@type\":\"ImageObject\",\"inLanguage\":\"en-GB\",\"@id\":\"https:\\\/\\\/agradocosmetic.com\\\/#\\\/schema\\\/logo\\\/image\\\/\",\"url\":\"https:\\\/\\\/agradocosmetic.com\\\/wp-content\\\/uploads\\\/2023\\\/07\\\/LOGO-AGRADO-WEB-01.png\",\"contentUrl\":\"https:\\\/\\\/agradocosmetic.com\\\/wp-content\\\/uploads\\\/2023\\\/07\\\/LOGO-AGRADO-WEB-01.png\",\"width\":1632,\"height\":300,\"caption\":\"Agrado\"},\"image\":{\"@id\":\"https:\\\/\\\/agradocosmetic.com\\\/#\\\/schema\\\/logo\\\/image\\\/\"}},{\"@type\":\"Person\",\"@id\":\"https:\\\/\\\/agradocosmetic.com\\\/#\\\/schema\\\/person\\\/59124921013b50f80959d84fc7219096\",\"name\":\"carmen\",\"image\":{\"@type\":\"ImageObject\",\"inLanguage\":\"en-GB\",\"@id\":\"https:\\\/\\\/secure.gravatar.com\\\/avatar\\\/2036bf58c019bb0a3f94937a2ed7cab76ae6ebe239f705f7c62ea5c48f93531f?s=96&d=mm&r=g\",\"url\":\"https:\\\/\\\/secure.gravatar.com\\\/avatar\\\/2036bf58c019bb0a3f94937a2ed7cab76ae6ebe239f705f7c62ea5c48f93531f?s=96&d=mm&r=g\",\"contentUrl\":\"https:\\\/\\\/secure.gravatar.com\\\/avatar\\\/2036bf58c019bb0a3f94937a2ed7cab76ae6ebe239f705f7c62ea5c48f93531f?s=96&d=mm&r=g\",\"caption\":\"carmen\"}}]}<\/script>\n<!-- \/ Yoast SEO plugin. -->","yoast_head_json":{"title":"Repara tu cabello despu\u00e9s del invierno y prep\u00e1ralo para la primavera - Agrado","description":"Winter can be tough on our hair. Between the cold, the wind, the heating, and the frequent use of tools like hairdryers and straighteners, hair loses hydration, shine, and elasticity. The first signs of sunshine and warmth indicate that it&#039;s the ideal time to repair our hair and restore its healthy appearance in time for spring.","robots":{"index":"index","follow":"follow","max-snippet":"max-snippet:-1","max-image-preview":"max-image-preview:large","max-video-preview":"max-video-preview:-1"},"canonical":"https:\/\/agradocosmetic.com\/en\/repara-tu-cabello-despues-del-invierno-y-preparalo-para-la-primavera\/","og_locale":"en_GB","og_type":"article","og_title":"Repara tu cabello despu\u00e9s del invierno y prep\u00e1ralo para la primavera - Agrado","og_description":"El invierno puede ser duro para nuestra melena. Entre el fr\u00edo, el viento, la calefacci\u00f3n y el uso frecuente de herramientas como secadores o planchas hacen que el cabello pierda hidrataci\u00f3n, brillo y elasticidad. Las primeras apariciones de sol y calor indican que es el momento ideal para reparar el cabello y devolverle su aspecto saludable en sinton\u00eda con la primavera.","og_url":"https:\/\/agradocosmetic.com\/en\/repara-tu-cabello-despues-del-invierno-y-preparalo-para-la-primavera\/","og_site_name":"Agrado","article_published_time":"2026-03-26T10:21:21+00:00","og_image":[{"width":1140,"height":600,"url":"https:\/\/agradocosmetic.com\/wp-content\/uploads\/2026\/03\/OCTUBRE-1.png","type":"image\/png"}],"author":"carmen","twitter_card":"summary_large_image","twitter_misc":{"Written by":"carmen","Estimated reading time":"2 minutes"},"schema":{"@context":"https:\/\/schema.org","@graph":[{"@type":"Article","@id":"https:\/\/agradocosmetic.com\/repara-tu-cabello-despues-del-invierno-y-preparalo-para-la-primavera\/#article","isPartOf":{"@id":"https:\/\/agradocosmetic.com\/repara-tu-cabello-despues-del-invierno-y-preparalo-para-la-primavera\/"},"author":{"name":"carmen","@id":"https:\/\/agradocosmetic.com\/#\/schema\/person\/59124921013b50f80959d84fc7219096"},"headline":"Repara tu cabello despu\u00e9s del invierno y prep\u00e1ralo para la primavera","datePublished":"2026-03-26T10:21:21+00:00","mainEntityOfPage":{"@id":"https:\/\/agradocosmetic.com\/repara-tu-cabello-despues-del-invierno-y-preparalo-para-la-primavera\/"},"wordCount":368,"publisher":{"@id":"https:\/\/agradocosmetic.com\/#organization"},"image":{"@id":"https:\/\/agradocosmetic.com\/repara-tu-cabello-despues-del-invierno-y-preparalo-para-la-primavera\/#primaryimage"},"thumbnailUrl":"https:\/\/agradocosmetic.com\/wp-content\/uploads\/2026\/03\/OCTUBRE-1.png","keywords":["repara","repara cabello","cabello","primavera"],"articleSection":["Capilar","Capilar","Todos"],"inLanguage":"en-GB"},{"@type":"WebPage","@id":"https:\/\/agradocosmetic.com\/repara-tu-cabello-despues-del-invierno-y-preparalo-para-la-primavera\/","url":"https:\/\/agradocosmetic.com\/repara-tu-cabello-despues-del-invierno-y-preparalo-para-la-primavera\/","name":"Repara tu cabello despu\u00e9s del invierno y prep\u00e1ralo para la primavera - Agrado","isPartOf":{"@id":"https:\/\/agradocosmetic.com\/#website"},"primaryImageOfPage":{"@id":"https:\/\/agradocosmetic.com\/repara-tu-cabello-despues-del-invierno-y-preparalo-para-la-primavera\/#primaryimage"},"image":{"@id":"https:\/\/agradocosmetic.com\/repara-tu-cabello-despues-del-invierno-y-preparalo-para-la-primavera\/#primaryimage"},"thumbnailUrl":"https:\/\/agradocosmetic.com\/wp-content\/uploads\/2026\/03\/OCTUBRE-1.png","datePublished":"2026-03-26T10:21:21+00:00","description":"Winter can be tough on our hair. Between the cold, the wind, the heating, and the frequent use of tools like hairdryers and straighteners, hair loses hydration, shine, and elasticity. The first signs of sunshine and warmth indicate that it&#039;s the ideal time to repair our hair and restore its healthy appearance in time for spring.","breadcrumb":{"@id":"https:\/\/agradocosmetic.com\/repara-tu-cabello-despues-del-invierno-y-preparalo-para-la-primavera\/#breadcrumb"},"inLanguage":"en-GB","potentialAction":[{"@type":"ReadAction","target":["https:\/\/agradocosmetic.com\/repara-tu-cabello-despues-del-invierno-y-preparalo-para-la-primavera\/"]}]},{"@type":"ImageObject","inLanguage":"en-GB","@id":"https:\/\/agradocosmetic.com\/repara-tu-cabello-despues-del-invierno-y-preparalo-para-la-primavera\/#primaryimage","url":"https:\/\/agradocosmetic.com\/wp-content\/uploads\/2026\/03\/OCTUBRE-1.png","contentUrl":"https:\/\/agradocosmetic.com\/wp-content\/uploads\/2026\/03\/OCTUBRE-1.png","width":1140,"height":600,"caption":"reparar cabello"},{"@type":"BreadcrumbList","@id":"https:\/\/agradocosmetic.com\/repara-tu-cabello-despues-del-invierno-y-preparalo-para-la-primavera\/#breadcrumb","itemListElement":[{"@type":"ListItem","position":1,"name":"Portada","item":"https:\/\/agradocosmetic.com\/"},{"@type":"ListItem","position":2,"name":"Repara tu cabello despu\u00e9s del invierno y prep\u00e1ralo para la primavera"}]},{"@type":"WebSite","@id":"https:\/\/agradocosmetic.com\/#website","url":"https:\/\/agradocosmetic.com\/","name":"Liking","description":"cosmetic","publisher":{"@id":"https:\/\/agradocosmetic.com\/#organization"},"potentialAction":[{"@type":"SearchAction","target":{"@type":"EntryPoint","urlTemplate":"https:\/\/agradocosmetic.com\/?s={search_term_string}"},"query-input":{"@type":"PropertyValueSpecification","valueRequired":true,"valueName":"search_term_string"}}],"inLanguage":"en-GB"},{"@type":"Organization","@id":"https:\/\/agradocosmetic.com\/#organization","name":"Liking","url":"https:\/\/agradocosmetic.com\/","logo":{"@type":"ImageObject","inLanguage":"en-GB","@id":"https:\/\/agradocosmetic.com\/#\/schema\/logo\/image\/","url":"https:\/\/agradocosmetic.com\/wp-content\/uploads\/2023\/07\/LOGO-AGRADO-WEB-01.png","contentUrl":"https:\/\/agradocosmetic.com\/wp-content\/uploads\/2023\/07\/LOGO-AGRADO-WEB-01.png","width":1632,"height":300,"caption":"Agrado"},"image":{"@id":"https:\/\/agradocosmetic.com\/#\/schema\/logo\/image\/"}},{"@type":"Person","@id":"https:\/\/agradocosmetic.com\/#\/schema\/person\/59124921013b50f80959d84fc7219096","name":"Carmen","image":{"@type":"ImageObject","inLanguage":"en-GB","@id":"https:\/\/secure.gravatar.com\/avatar\/2036bf58c019bb0a3f94937a2ed7cab76ae6ebe239f705f7c62ea5c48f93531f?s=96&d=mm&r=g","url":"https:\/\/secure.gravatar.com\/avatar\/2036bf58c019bb0a3f94937a2ed7cab76ae6ebe239f705f7c62ea5c48f93531f?s=96&d=mm&r=g","contentUrl":"https:\/\/secure.gravatar.com\/avatar\/2036bf58c019bb0a3f94937a2ed7cab76ae6ebe239f705f7c62ea5c48f93531f?s=96&d=mm&r=g","caption":"carmen"}}]}},"_links":{"self":[{"href":"https:\/\/agradocosmetic.com\/en\/wp-json\/wp\/v2\/posts\/35082","targetHints":{"allow":["GET"]}}],"collection":[{"href":"https:\/\/agradocosmetic.com\/en\/wp-json\/wp\/v2\/posts"}],"about":[{"href":"https:\/\/agradocosmetic.com\/en\/wp-json\/wp\/v2\/types\/post"}],"author":[{"embeddable":true,"href":"https:\/\/agradocosmetic.com\/en\/wp-json\/wp\/v2\/users\/11"}],"replies":[{"embeddable":true,"href":"https:\/\/agradocosmetic.com\/en\/wp-json\/wp\/v2\/comments?post=35082"}],"version-history":[{"count":2,"href":"https:\/\/agradocosmetic.com\/en\/wp-json\/wp\/v2\/posts\/35082\/revisions"}],"predecessor-version":[{"id":35085,"href":"https:\/\/agradocosmetic.com\/en\/wp-json\/wp\/v2\/posts\/35082\/revisions\/35085"}],"wp:featuredmedia":[{"embeddable":true,"href":"https:\/\/agradocosmetic.com\/en\/wp-json\/wp\/v2\/media\/35083"}],"wp:attachment":[{"href":"https:\/\/agradocosmetic.com\/en\/wp-json\/wp\/v2\/media?parent=35082"}],"wp:term":[{"taxonomy":"category","embeddable":true,"href":"https:\/\/agradocosmetic.com\/en\/wp-json\/wp\/v2\/categories?post=35082"},{"taxonomy":"post_tag","embeddable":true,"href":"https:\/\/agradocosmetic.com\/en\/wp-json\/wp\/v2\/tags?post=35082"}],"curies":[{"name":"wp","href":"https:\/\/api.w.org\/{rel}","templated":true}]}}