{"id":36020,"date":"2026-04-24T15:00:32","date_gmt":"2026-04-24T14:00:32","guid":{"rendered":"https:\/\/agradocosmetic.com\/?p=36020"},"modified":"2026-08-31T19:43:50","modified_gmt":"2026-08-31T18:43:50","slug":"por-que-deberias-usar-protector-solar-facial-todo-el-ano-y-como-elegir-el-adecuado","status":"publish","type":"post","link":"https:\/\/agradocosmetic.com\/en\/por-que-deberias-usar-protector-solar-facial-todo-el-ano-y-como-elegir-el-adecuado\/","title":{"rendered":"Why you should wear facial sunscreen all year round (and how to choose the right one)"},"content":{"rendered":"<p><span style=\"font-weight: 400\">Si hay un gesto beauty que marca la diferencia, es este: usar <a href=\"https:\/\/agradocosmetic.com\/en\/agrado-sun-care\/\" target=\"_blank\" rel=\"noopener\">facial sunscreen<\/a> cada d\u00eda. S\u00ed, incluso cuando no es verano.<\/span><\/p>\n<p><span style=\"font-weight: 400\">La radiaci\u00f3n solar est\u00e1 presente todo el a\u00f1o y es una de las principales causas del envejecimiento prematuro de la piel. Manchas, p\u00e9rdida de luminosidad o l\u00edneas de expresi\u00f3n pueden prevenirse con un gesto tan sencillo como aplicar protecci\u00f3n cada ma\u00f1ana.<\/span><\/p>\n<p><span style=\"font-weight: 400\">Aqu\u00ed es donde entra en juego la gama facial de Agrado. Su crema protectora facial SPF 50 es perfecta para el d\u00eda a d\u00eda: ligera, de r\u00e1pida absorci\u00f3n y con un acabado c\u00f3modo que no molesta ni siquiera durante la pr\u00e1ctica deportiva. Adem\u00e1s, ofrece protecci\u00f3n alta y eficaz, incluso en condiciones exigentes como el sudor o el agua .<\/span><\/p>\n<p><span style=\"font-weight: 400\">\u00bfC\u00f3mo elegir tu <a href=\"https:\/\/agradocosmetic.com\/en\/agrado-sun-care\/\" target=\"_blank\" rel=\"noopener\">protector<\/a> ideal? F\u00edjate en tres claves: SPF alto (m\u00ednimo 30, mejor 50), textura adaptada a tu piel y resistencia si haces vida activa. Y, por supuesto, que te resulte agradable\u2026 porque as\u00ed no te saltar\u00e1s este paso.<\/span><\/p>\n<p><span style=\"font-weight: 400\">Incluir el protector solar en tu rutina no solo protege tu piel hoy, tambi\u00e9n es una inversi\u00f3n en c\u00f3mo se ver\u00e1 ma\u00f1ana.<\/span><\/p>\n<p><span style=\"font-weight: 400\">Tu piel te acompa\u00f1a todos los d\u00edas. Cu\u00eddala como se merece, tambi\u00e9n frente al sol.<\/span><\/p>","protected":false},"excerpt":{"rendered":"<p>Si hay un gesto beauty que marca la diferencia, es este: usar protector solar facial cada d\u00eda. S\u00ed, incluso cuando no es verano. La radiaci\u00f3n solar est\u00e1 presente todo el a\u00f1o y es una de las principales causas del envejecimiento prematuro de la piel. Manchas, p\u00e9rdida de luminosidad o l\u00edneas de expresi\u00f3n pueden prevenirse con [&hellip;]<\/p>\n","protected":false},"author":11,"featured_media":36009,"comment_status":"closed","ping_status":"closed","sticky":false,"template":"","format":"standard","meta":{"footnotes":"","_wp_rev_ctl_limit":""},"categories":[531],"tags":[958,858,859,740,126,404,705,229],"class_list":["post-36020","post","type-post","status-publish","format-standard","has-post-thumbnail","hentry","category-solar-en","tag-proteccion-solar-fcaial","tag-cc-cream","tag-spf-50","tag-agrado-sun-care","tag-agrado","tag-bruma-solar","tag-rutina","tag-solares"],"yoast_head":"<!-- This site is optimized with the Yoast SEO plugin v28.3 - https:\/\/yoast.com\/product\/yoast-seo-wordpress\/ -->\n<title>Por qu\u00e9 deber\u00edas usar protector solar facial todo el a\u00f1o (y c\u00f3mo elegir el adecuado) - Agrado<\/title>\n<meta name=\"description\" content=\"Si hay un gesto beauty que marca la diferencia, es este: usar protector solar facial cada d\u00eda (incluso cuando no es verano)\" \/>\n<meta name=\"robots\" content=\"index, follow, max-snippet:-1, max-image-preview:large, max-video-preview:-1\" \/>\n<link rel=\"canonical\" href=\"https:\/\/agradocosmetic.com\/en\/por-que-deberias-usar-protector-solar-facial-todo-el-ano-y-como-elegir-el-adecuado\/\" \/>\n<meta property=\"og:locale\" content=\"en_GB\" \/>\n<meta property=\"og:type\" content=\"article\" \/>\n<meta property=\"og:title\" content=\"Por qu\u00e9 deber\u00edas usar protector solar facial todo el a\u00f1o (y c\u00f3mo elegir el adecuado) - Agrado\" \/>\n<meta property=\"og:description\" content=\"Si hay un gesto beauty que marca la diferencia, es este: usar protector solar facial cada d\u00eda (incluso cuando no es verano)\" \/>\n<meta property=\"og:url\" content=\"https:\/\/agradocosmetic.com\/en\/por-que-deberias-usar-protector-solar-facial-todo-el-ano-y-como-elegir-el-adecuado\/\" \/>\n<meta property=\"og:site_name\" content=\"Agrado\" \/>\n<meta property=\"article:published_time\" content=\"2026-04-24T14:00:32+00:00\" \/>\n<meta property=\"article:modified_time\" content=\"2026-08-31T18:43:50+00:00\" \/>\n<meta property=\"og:image\" content=\"https:\/\/agradocosmetic.com\/wp-content\/uploads\/2026\/08\/ABRIL-26-2.jpg\" \/>\n\t<meta property=\"og:image:width\" content=\"1140\" \/>\n\t<meta property=\"og:image:height\" content=\"600\" \/>\n\t<meta property=\"og:image:type\" content=\"image\/jpeg\" \/>\n<meta name=\"author\" content=\"carmen\" \/>\n<meta name=\"twitter:card\" content=\"summary_large_image\" \/>\n<meta name=\"twitter:label1\" content=\"Written by\" \/>\n\t<meta name=\"twitter:data1\" content=\"carmen\" \/>\n\t<meta name=\"twitter:label2\" content=\"Estimated reading time\" \/>\n\t<meta name=\"twitter:data2\" content=\"2 minutes\" \/>\n<script type=\"application\/ld+json\" class=\"yoast-schema-graph\">{\"@context\":\"https:\\\/\\\/schema.org\",\"@graph\":[{\"@type\":\"Article\",\"@id\":\"https:\\\/\\\/agradocosmetic.com\\\/por-que-deberias-usar-protector-solar-facial-todo-el-ano-y-como-elegir-el-adecuado\\\/#article\",\"isPartOf\":{\"@id\":\"https:\\\/\\\/agradocosmetic.com\\\/por-que-deberias-usar-protector-solar-facial-todo-el-ano-y-como-elegir-el-adecuado\\\/\"},\"author\":{\"name\":\"carmen\",\"@id\":\"https:\\\/\\\/agradocosmetic.com\\\/#\\\/schema\\\/person\\\/59124921013b50f80959d84fc7219096\"},\"headline\":\"Por qu\u00e9 deber\u00edas usar protector solar facial todo el a\u00f1o (y c\u00f3mo elegir el adecuado)\",\"datePublished\":\"2026-04-24T14:00:32+00:00\",\"dateModified\":\"2026-08-31T18:43:50+00:00\",\"mainEntityOfPage\":{\"@id\":\"https:\\\/\\\/agradocosmetic.com\\\/por-que-deberias-usar-protector-solar-facial-todo-el-ano-y-como-elegir-el-adecuado\\\/\"},\"wordCount\":242,\"publisher\":{\"@id\":\"https:\\\/\\\/agradocosmetic.com\\\/#organization\"},\"image\":{\"@id\":\"https:\\\/\\\/agradocosmetic.com\\\/por-que-deberias-usar-protector-solar-facial-todo-el-ano-y-como-elegir-el-adecuado\\\/#primaryimage\"},\"thumbnailUrl\":\"https:\\\/\\\/agradocosmetic.com\\\/wp-content\\\/uploads\\\/2026\\\/08\\\/ABRIL-26-2.jpg\",\"keywords\":[\"proteccion solar fcaial\",\"cc cream\",\"spf 50+\",\"agrado sun care\",\"agrado\",\"bruma solar\",\"rutina\",\"solares\"],\"articleSection\":[\"Solar\"],\"inLanguage\":\"en-GB\"},{\"@type\":\"WebPage\",\"@id\":\"https:\\\/\\\/agradocosmetic.com\\\/por-que-deberias-usar-protector-solar-facial-todo-el-ano-y-como-elegir-el-adecuado\\\/\",\"url\":\"https:\\\/\\\/agradocosmetic.com\\\/por-que-deberias-usar-protector-solar-facial-todo-el-ano-y-como-elegir-el-adecuado\\\/\",\"name\":\"Por qu\u00e9 deber\u00edas usar protector solar facial todo el a\u00f1o (y c\u00f3mo elegir el adecuado) - Agrado\",\"isPartOf\":{\"@id\":\"https:\\\/\\\/agradocosmetic.com\\\/#website\"},\"primaryImageOfPage\":{\"@id\":\"https:\\\/\\\/agradocosmetic.com\\\/por-que-deberias-usar-protector-solar-facial-todo-el-ano-y-como-elegir-el-adecuado\\\/#primaryimage\"},\"image\":{\"@id\":\"https:\\\/\\\/agradocosmetic.com\\\/por-que-deberias-usar-protector-solar-facial-todo-el-ano-y-como-elegir-el-adecuado\\\/#primaryimage\"},\"thumbnailUrl\":\"https:\\\/\\\/agradocosmetic.com\\\/wp-content\\\/uploads\\\/2026\\\/08\\\/ABRIL-26-2.jpg\",\"datePublished\":\"2026-04-24T14:00:32+00:00\",\"dateModified\":\"2026-08-31T18:43:50+00:00\",\"description\":\"Si hay un gesto beauty que marca la diferencia, es este: usar protector solar facial cada d\u00eda (incluso cuando no es verano)\",\"breadcrumb\":{\"@id\":\"https:\\\/\\\/agradocosmetic.com\\\/por-que-deberias-usar-protector-solar-facial-todo-el-ano-y-como-elegir-el-adecuado\\\/#breadcrumb\"},\"inLanguage\":\"en-GB\",\"potentialAction\":[{\"@type\":\"ReadAction\",\"target\":[\"https:\\\/\\\/agradocosmetic.com\\\/por-que-deberias-usar-protector-solar-facial-todo-el-ano-y-como-elegir-el-adecuado\\\/\"]}]},{\"@type\":\"ImageObject\",\"inLanguage\":\"en-GB\",\"@id\":\"https:\\\/\\\/agradocosmetic.com\\\/por-que-deberias-usar-protector-solar-facial-todo-el-ano-y-como-elegir-el-adecuado\\\/#primaryimage\",\"url\":\"https:\\\/\\\/agradocosmetic.com\\\/wp-content\\\/uploads\\\/2026\\\/08\\\/ABRIL-26-2.jpg\",\"contentUrl\":\"https:\\\/\\\/agradocosmetic.com\\\/wp-content\\\/uploads\\\/2026\\\/08\\\/ABRIL-26-2.jpg\",\"width\":1140,\"height\":600,\"caption\":\"proteccion solar facial\"},{\"@type\":\"BreadcrumbList\",\"@id\":\"https:\\\/\\\/agradocosmetic.com\\\/por-que-deberias-usar-protector-solar-facial-todo-el-ano-y-como-elegir-el-adecuado\\\/#breadcrumb\",\"itemListElement\":[{\"@type\":\"ListItem\",\"position\":1,\"name\":\"Portada\",\"item\":\"https:\\\/\\\/agradocosmetic.com\\\/\"},{\"@type\":\"ListItem\",\"position\":2,\"name\":\"Por qu\u00e9 deber\u00edas usar protector solar facial todo el a\u00f1o (y c\u00f3mo elegir el adecuado)\"}]},{\"@type\":\"WebSite\",\"@id\":\"https:\\\/\\\/agradocosmetic.com\\\/#website\",\"url\":\"https:\\\/\\\/agradocosmetic.com\\\/\",\"name\":\"Agrado\",\"description\":\"Cosmetic\",\"publisher\":{\"@id\":\"https:\\\/\\\/agradocosmetic.com\\\/#organization\"},\"potentialAction\":[{\"@type\":\"SearchAction\",\"target\":{\"@type\":\"EntryPoint\",\"urlTemplate\":\"https:\\\/\\\/agradocosmetic.com\\\/?s={search_term_string}\"},\"query-input\":{\"@type\":\"PropertyValueSpecification\",\"valueRequired\":true,\"valueName\":\"search_term_string\"}}],\"inLanguage\":\"en-GB\"},{\"@type\":\"Organization\",\"@id\":\"https:\\\/\\\/agradocosmetic.com\\\/#organization\",\"name\":\"Agrado\",\"url\":\"https:\\\/\\\/agradocosmetic.com\\\/\",\"logo\":{\"@type\":\"ImageObject\",\"inLanguage\":\"en-GB\",\"@id\":\"https:\\\/\\\/agradocosmetic.com\\\/#\\\/schema\\\/logo\\\/image\\\/\",\"url\":\"https:\\\/\\\/agradocosmetic.com\\\/wp-content\\\/uploads\\\/2023\\\/07\\\/LOGO-AGRADO-WEB-01.png\",\"contentUrl\":\"https:\\\/\\\/agradocosmetic.com\\\/wp-content\\\/uploads\\\/2023\\\/07\\\/LOGO-AGRADO-WEB-01.png\",\"width\":1632,\"height\":300,\"caption\":\"Agrado\"},\"image\":{\"@id\":\"https:\\\/\\\/agradocosmetic.com\\\/#\\\/schema\\\/logo\\\/image\\\/\"}},{\"@type\":\"Person\",\"@id\":\"https:\\\/\\\/agradocosmetic.com\\\/#\\\/schema\\\/person\\\/59124921013b50f80959d84fc7219096\",\"name\":\"carmen\",\"image\":{\"@type\":\"ImageObject\",\"inLanguage\":\"en-GB\",\"@id\":\"https:\\\/\\\/secure.gravatar.com\\\/avatar\\\/2036bf58c019bb0a3f94937a2ed7cab76ae6ebe239f705f7c62ea5c48f93531f?s=96&d=mm&r=g\",\"url\":\"https:\\\/\\\/secure.gravatar.com\\\/avatar\\\/2036bf58c019bb0a3f94937a2ed7cab76ae6ebe239f705f7c62ea5c48f93531f?s=96&d=mm&r=g\",\"contentUrl\":\"https:\\\/\\\/secure.gravatar.com\\\/avatar\\\/2036bf58c019bb0a3f94937a2ed7cab76ae6ebe239f705f7c62ea5c48f93531f?s=96&d=mm&r=g\",\"caption\":\"carmen\"}}]}<\/script>\n<!-- \/ Yoast SEO plugin. -->","yoast_head_json":{"title":"Por qu\u00e9 deber\u00edas usar protector solar facial todo el a\u00f1o (y c\u00f3mo elegir el adecuado) - Agrado","description":"Si hay un gesto beauty que marca la diferencia, es este: usar protector solar facial cada d\u00eda (incluso cuando no es verano)","robots":{"index":"index","follow":"follow","max-snippet":"max-snippet:-1","max-image-preview":"max-image-preview:large","max-video-preview":"max-video-preview:-1"},"canonical":"https:\/\/agradocosmetic.com\/en\/por-que-deberias-usar-protector-solar-facial-todo-el-ano-y-como-elegir-el-adecuado\/","og_locale":"en_GB","og_type":"article","og_title":"Por qu\u00e9 deber\u00edas usar protector solar facial todo el a\u00f1o (y c\u00f3mo elegir el adecuado) - Agrado","og_description":"Si hay un gesto beauty que marca la diferencia, es este: usar protector solar facial cada d\u00eda (incluso cuando no es verano)","og_url":"https:\/\/agradocosmetic.com\/en\/por-que-deberias-usar-protector-solar-facial-todo-el-ano-y-como-elegir-el-adecuado\/","og_site_name":"Agrado","article_published_time":"2026-04-24T14:00:32+00:00","article_modified_time":"2026-08-31T18:43:50+00:00","og_image":[{"width":1140,"height":600,"url":"https:\/\/agradocosmetic.com\/wp-content\/uploads\/2026\/08\/ABRIL-26-2.jpg","type":"image\/jpeg"}],"author":"carmen","twitter_card":"summary_large_image","twitter_misc":{"Written by":"carmen","Estimated reading time":"2 minutes"},"schema":{"@context":"https:\/\/schema.org","@graph":[{"@type":"Article","@id":"https:\/\/agradocosmetic.com\/por-que-deberias-usar-protector-solar-facial-todo-el-ano-y-como-elegir-el-adecuado\/#article","isPartOf":{"@id":"https:\/\/agradocosmetic.com\/por-que-deberias-usar-protector-solar-facial-todo-el-ano-y-como-elegir-el-adecuado\/"},"author":{"name":"carmen","@id":"https:\/\/agradocosmetic.com\/#\/schema\/person\/59124921013b50f80959d84fc7219096"},"headline":"Por qu\u00e9 deber\u00edas usar protector solar facial todo el a\u00f1o (y c\u00f3mo elegir el adecuado)","datePublished":"2026-04-24T14:00:32+00:00","dateModified":"2026-08-31T18:43:50+00:00","mainEntityOfPage":{"@id":"https:\/\/agradocosmetic.com\/por-que-deberias-usar-protector-solar-facial-todo-el-ano-y-como-elegir-el-adecuado\/"},"wordCount":242,"publisher":{"@id":"https:\/\/agradocosmetic.com\/#organization"},"image":{"@id":"https:\/\/agradocosmetic.com\/por-que-deberias-usar-protector-solar-facial-todo-el-ano-y-como-elegir-el-adecuado\/#primaryimage"},"thumbnailUrl":"https:\/\/agradocosmetic.com\/wp-content\/uploads\/2026\/08\/ABRIL-26-2.jpg","keywords":["proteccion solar fcaial","cc cream","spf 50+","agrado sun care","agrado","bruma solar","rutina","solares"],"articleSection":["Solar"],"inLanguage":"en-GB"},{"@type":"WebPage","@id":"https:\/\/agradocosmetic.com\/por-que-deberias-usar-protector-solar-facial-todo-el-ano-y-como-elegir-el-adecuado\/","url":"https:\/\/agradocosmetic.com\/por-que-deberias-usar-protector-solar-facial-todo-el-ano-y-como-elegir-el-adecuado\/","name":"Por qu\u00e9 deber\u00edas usar protector solar facial todo el a\u00f1o (y c\u00f3mo elegir el adecuado) - Agrado","isPartOf":{"@id":"https:\/\/agradocosmetic.com\/#website"},"primaryImageOfPage":{"@id":"https:\/\/agradocosmetic.com\/por-que-deberias-usar-protector-solar-facial-todo-el-ano-y-como-elegir-el-adecuado\/#primaryimage"},"image":{"@id":"https:\/\/agradocosmetic.com\/por-que-deberias-usar-protector-solar-facial-todo-el-ano-y-como-elegir-el-adecuado\/#primaryimage"},"thumbnailUrl":"https:\/\/agradocosmetic.com\/wp-content\/uploads\/2026\/08\/ABRIL-26-2.jpg","datePublished":"2026-04-24T14:00:32+00:00","dateModified":"2026-08-31T18:43:50+00:00","description":"Si hay un gesto beauty que marca la diferencia, es este: usar protector solar facial cada d\u00eda (incluso cuando no es verano)","breadcrumb":{"@id":"https:\/\/agradocosmetic.com\/por-que-deberias-usar-protector-solar-facial-todo-el-ano-y-como-elegir-el-adecuado\/#breadcrumb"},"inLanguage":"en-GB","potentialAction":[{"@type":"ReadAction","target":["https:\/\/agradocosmetic.com\/por-que-deberias-usar-protector-solar-facial-todo-el-ano-y-como-elegir-el-adecuado\/"]}]},{"@type":"ImageObject","inLanguage":"en-GB","@id":"https:\/\/agradocosmetic.com\/por-que-deberias-usar-protector-solar-facial-todo-el-ano-y-como-elegir-el-adecuado\/#primaryimage","url":"https:\/\/agradocosmetic.com\/wp-content\/uploads\/2026\/08\/ABRIL-26-2.jpg","contentUrl":"https:\/\/agradocosmetic.com\/wp-content\/uploads\/2026\/08\/ABRIL-26-2.jpg","width":1140,"height":600,"caption":"proteccion solar facial"},{"@type":"BreadcrumbList","@id":"https:\/\/agradocosmetic.com\/por-que-deberias-usar-protector-solar-facial-todo-el-ano-y-como-elegir-el-adecuado\/#breadcrumb","itemListElement":[{"@type":"ListItem","position":1,"name":"Portada","item":"https:\/\/agradocosmetic.com\/"},{"@type":"ListItem","position":2,"name":"Por qu\u00e9 deber\u00edas usar protector solar facial todo el a\u00f1o (y c\u00f3mo elegir el adecuado)"}]},{"@type":"WebSite","@id":"https:\/\/agradocosmetic.com\/#website","url":"https:\/\/agradocosmetic.com\/","name":"Liking","description":"cosmetic","publisher":{"@id":"https:\/\/agradocosmetic.com\/#organization"},"potentialAction":[{"@type":"SearchAction","target":{"@type":"EntryPoint","urlTemplate":"https:\/\/agradocosmetic.com\/?s={search_term_string}"},"query-input":{"@type":"PropertyValueSpecification","valueRequired":true,"valueName":"search_term_string"}}],"inLanguage":"en-GB"},{"@type":"Organization","@id":"https:\/\/agradocosmetic.com\/#organization","name":"Liking","url":"https:\/\/agradocosmetic.com\/","logo":{"@type":"ImageObject","inLanguage":"en-GB","@id":"https:\/\/agradocosmetic.com\/#\/schema\/logo\/image\/","url":"https:\/\/agradocosmetic.com\/wp-content\/uploads\/2023\/07\/LOGO-AGRADO-WEB-01.png","contentUrl":"https:\/\/agradocosmetic.com\/wp-content\/uploads\/2023\/07\/LOGO-AGRADO-WEB-01.png","width":1632,"height":300,"caption":"Agrado"},"image":{"@id":"https:\/\/agradocosmetic.com\/#\/schema\/logo\/image\/"}},{"@type":"Person","@id":"https:\/\/agradocosmetic.com\/#\/schema\/person\/59124921013b50f80959d84fc7219096","name":"Carmen","image":{"@type":"ImageObject","inLanguage":"en-GB","@id":"https:\/\/secure.gravatar.com\/avatar\/2036bf58c019bb0a3f94937a2ed7cab76ae6ebe239f705f7c62ea5c48f93531f?s=96&d=mm&r=g","url":"https:\/\/secure.gravatar.com\/avatar\/2036bf58c019bb0a3f94937a2ed7cab76ae6ebe239f705f7c62ea5c48f93531f?s=96&d=mm&r=g","contentUrl":"https:\/\/secure.gravatar.com\/avatar\/2036bf58c019bb0a3f94937a2ed7cab76ae6ebe239f705f7c62ea5c48f93531f?s=96&d=mm&r=g","caption":"carmen"}}]}},"_links":{"self":[{"href":"https:\/\/agradocosmetic.com\/en\/wp-json\/wp\/v2\/posts\/36020","targetHints":{"allow":["GET"]}}],"collection":[{"href":"https:\/\/agradocosmetic.com\/en\/wp-json\/wp\/v2\/posts"}],"about":[{"href":"https:\/\/agradocosmetic.com\/en\/wp-json\/wp\/v2\/types\/post"}],"author":[{"embeddable":true,"href":"https:\/\/agradocosmetic.com\/en\/wp-json\/wp\/v2\/users\/11"}],"replies":[{"embeddable":true,"href":"https:\/\/agradocosmetic.com\/en\/wp-json\/wp\/v2\/comments?post=36020"}],"version-history":[{"count":1,"href":"https:\/\/agradocosmetic.com\/en\/wp-json\/wp\/v2\/posts\/36020\/revisions"}],"predecessor-version":[{"id":36021,"href":"https:\/\/agradocosmetic.com\/en\/wp-json\/wp\/v2\/posts\/36020\/revisions\/36021"}],"wp:featuredmedia":[{"embeddable":true,"href":"https:\/\/agradocosmetic.com\/en\/wp-json\/wp\/v2\/media\/36009"}],"wp:attachment":[{"href":"https:\/\/agradocosmetic.com\/en\/wp-json\/wp\/v2\/media?parent=36020"}],"wp:term":[{"taxonomy":"category","embeddable":true,"href":"https:\/\/agradocosmetic.com\/en\/wp-json\/wp\/v2\/categories?post=36020"},{"taxonomy":"post_tag","embeddable":true,"href":"https:\/\/agradocosmetic.com\/en\/wp-json\/wp\/v2\/tags?post=36020"}],"curies":[{"name":"wp","href":"https:\/\/api.w.org\/{rel}","templated":true}]}}