{"id":4461,"date":"2019-09-24T09:24:01","date_gmt":"2019-09-24T08:24:01","guid":{"rendered":"https:\/\/www.agradocosmetic.com\/?p=4461"},"modified":"2023-11-18T16:58:55","modified_gmt":"2023-11-18T16:58:55","slug":"productos-de-keratina-de-agrado","status":"publish","type":"post","link":"https:\/\/agradocosmetic.com\/en\/productos-de-keratina-de-agrado\/","title":{"rendered":"Moisturize your hair this fall with Agrado&#039;s line of keratin products"},"content":{"rendered":"<p>The month of September has arrived. Gone are the days of the beach, pool and sunsets with the sand at your ankles. The time has come to return to professional routines and also personal care. Hair is one of the parts of the body that suffers the most from the excesses of the sun, so why not dedicate a little time to it every day with the Keratin hair care line from Agrado Cosmetic?<\/p>\r\n\r\n\r\n\r\n<figure class=\"wp-block-image\"><img decoding=\"async\" class=\"wp-image-4605\" src=\"https:\/\/www.agradocosmetic.com\/wp-content\/uploads\/2019\/08\/BLOG-Keratina_peq.png\" alt=\"\" \/><\/figure>\r\n\r\n\r\n\r\n<h3 class=\"wp-block-heading\">Agrado&#039;s range of Keratin hair products restore strength and shine to your hair.<\/h3>\r\n\r\n\r\n\r\n<p>There are many factors that deteriorate the quality of our hair during the summer, such as the sun, the chlorine in swimming pools or the abusive use of a straightener or dryer so that humidity does not take its toll. Once summer ends, hair suffers and we have to get to work to regain its strength and shine.<\/p>\r\n\r\n\r\n\r\n<p>Keratin is a protein rich in sulfur that contributes to the hardening of the superficial layer of the skin and hair, nourishing it, repairing it and preventing damage. <em>frizz<\/em> either <em>frizz<\/em> that, sometimes, bothers us so much.<\/p>\r\n\r\n\r\n\r\n<p>At Agrado Cosmetic we have developed a line of products formulated to get the maximum benefit from this active ingredient, which also has very good opinions among its consumers.<\/p>\r\n\r\n\r\n\r\n<p>The Keratin range is made up of a <a href=\"\/en\/?p=616\">Professional Keratin Shampoo<\/a> to nourish hair from roots to ends and regain its strength with each wash. To give it softness, encourage brushing and avoid <em>frizz<\/em> we have developed the <a href=\"\/en\/?p=698\">Keratin Conditioning Smoothing Cream<\/a>. If you have very frizzy hair with little body, the <a href=\"\/en\/?p=707\">Keratin Hair Mask<\/a> can be your perfect ally. Apply it to washed, damp hair and leave it on for 2-3 minutes. You will notice how the hair is nourished, gaining shine and repaired with each wash.<\/p>\r\n\r\n\r\n\r\n<p>With the <a href=\"\/en\/?p=728\">Liquid Keratin <\/a>you manage to combat the <em>frizz <\/em>daily, as it is the perfect complement to each wash. Keratin allows you to treat your hair daily in a quick and comfortable way. It is important that you apply it to washed and slightly damp hair. Before brushing, give yourself a gentle relaxing massage on your scalp. You deserve it too!<\/p>\r\n\r\n\r\n\r\n<p>Last but not least, what product do you style your hair with? In Agrado we have developed a <a href=\"\/en\/?p=749\">Extra Strong Fixative with Keratin<\/a> and a <a href=\"\/en\/?p=758\">Extreme Keratin Fixative<\/a> so you can accentuate your hairstyles daily without weakening your hair.<\/p>\r\n\r\n\r\n\r\n<p>Begin the return to your routine and face the arrival of autumn with strong, healthy, hydrated hair and styled as you want. Everything you need is in Agrado.<\/p>","protected":false},"excerpt":{"rendered":"<p>Ha llegado el mes de septiembre. Atr\u00e1s quedan los d\u00edas de playa, piscina y atardeceres con la arena en los tobillos. Ha llegado el momento de volver a las rutinas profesionales y tambi\u00e9n de cuidado personal. El cabello es una de las partes del cuerpo que m\u00e1s sufren los excesos del sol, as\u00ed que \u00bfpor [&hellip;]<\/p>\n","protected":false},"author":9,"featured_media":21402,"comment_status":"open","ping_status":"closed","sticky":false,"template":"","format":"standard","meta":{"footnotes":"","_wp_rev_ctl_limit":""},"categories":[128,1],"tags":[126,137,279,280],"class_list":["post-4461","post","type-post","status-publish","format-standard","has-post-thumbnail","hentry","category-capilar","category-todos","tag-agrado","tag-agradocosmetic","tag-cuidado-del-cabello","tag-linea-keratina"],"yoast_head":"<!-- This site is optimized with the Yoast SEO plugin v27.4 - https:\/\/yoast.com\/product\/yoast-seo-wordpress\/ -->\n<title>Productos de keratina de Agrado para cuidar tu cabello - Agrado<\/title>\n<meta name=\"description\" content=\"Hidrata tu cabello con los productos de Keratina de Agrado Cosmetic: champ\u00fa, suavizante, mascarilla, gel fijador y keratina l\u00edquida.\" \/>\n<meta name=\"robots\" content=\"index, follow, max-snippet:-1, max-image-preview:large, max-video-preview:-1\" \/>\n<link rel=\"canonical\" href=\"https:\/\/agradocosmetic.com\/en\/productos-de-keratina-de-agrado\/\" \/>\n<meta property=\"og:locale\" content=\"en_GB\" \/>\n<meta property=\"og:type\" content=\"article\" \/>\n<meta property=\"og:title\" content=\"Productos de keratina de Agrado para cuidar tu cabello - Agrado\" \/>\n<meta property=\"og:description\" content=\"Hidrata tu cabello con los productos de Keratina de Agrado Cosmetic: champ\u00fa, suavizante, mascarilla, gel fijador y keratina l\u00edquida.\" \/>\n<meta property=\"og:url\" content=\"https:\/\/agradocosmetic.com\/en\/productos-de-keratina-de-agrado\/\" \/>\n<meta property=\"og:site_name\" content=\"Agrado\" \/>\n<meta property=\"article:published_time\" content=\"2019-09-24T08:24:01+00:00\" \/>\n<meta property=\"article:modified_time\" content=\"2023-11-18T16:58:55+00:00\" \/>\n<meta property=\"og:image\" content=\"https:\/\/agradocosmetic.com\/wp-content\/uploads\/2019\/09\/cabello-karatina-agrado.jpg\" \/>\n\t<meta property=\"og:image:width\" content=\"1200\" \/>\n\t<meta property=\"og:image:height\" content=\"800\" \/>\n\t<meta property=\"og:image:type\" content=\"image\/jpeg\" \/>\n<meta name=\"author\" content=\"agradocosmetic\" \/>\n<meta name=\"twitter:card\" content=\"summary_large_image\" \/>\n<meta name=\"twitter:label1\" content=\"Written by\" \/>\n\t<meta name=\"twitter:data1\" content=\"agradocosmetic\" \/>\n\t<meta name=\"twitter:label2\" content=\"Estimated reading time\" \/>\n\t<meta name=\"twitter:data2\" content=\"2 minutes\" \/>\n<script type=\"application\/ld+json\" class=\"yoast-schema-graph\">{\"@context\":\"https:\\\/\\\/schema.org\",\"@graph\":[{\"@type\":\"Article\",\"@id\":\"https:\\\/\\\/agradocosmetic.com\\\/productos-de-keratina-de-agrado\\\/#article\",\"isPartOf\":{\"@id\":\"https:\\\/\\\/agradocosmetic.com\\\/productos-de-keratina-de-agrado\\\/\"},\"author\":{\"name\":\"agradocosmetic\",\"@id\":\"https:\\\/\\\/agradocosmetic.com\\\/#\\\/schema\\\/person\\\/732e8d396022e25f9340196f83d6789d\"},\"headline\":\"Hidrata tu cabello este oto\u00f1o con la l\u00ednea de productos de keratina de Agrado\",\"datePublished\":\"2019-09-24T08:24:01+00:00\",\"dateModified\":\"2023-11-18T16:58:55+00:00\",\"mainEntityOfPage\":{\"@id\":\"https:\\\/\\\/agradocosmetic.com\\\/productos-de-keratina-de-agrado\\\/\"},\"wordCount\":479,\"commentCount\":0,\"publisher\":{\"@id\":\"https:\\\/\\\/agradocosmetic.com\\\/#organization\"},\"image\":{\"@id\":\"https:\\\/\\\/agradocosmetic.com\\\/productos-de-keratina-de-agrado\\\/#primaryimage\"},\"thumbnailUrl\":\"https:\\\/\\\/agradocosmetic.com\\\/wp-content\\\/uploads\\\/2019\\\/09\\\/cabello-karatina-agrado.jpg\",\"keywords\":[\"agrado\",\"agradocosmetic\",\"cuidado del cabello\",\"l\u00ednea keratina\"],\"articleSection\":[\"Capilar\",\"Todos\"],\"inLanguage\":\"en-GB\",\"potentialAction\":[{\"@type\":\"CommentAction\",\"name\":\"Comment\",\"target\":[\"https:\\\/\\\/agradocosmetic.com\\\/productos-de-keratina-de-agrado\\\/#respond\"]}]},{\"@type\":\"WebPage\",\"@id\":\"https:\\\/\\\/agradocosmetic.com\\\/productos-de-keratina-de-agrado\\\/\",\"url\":\"https:\\\/\\\/agradocosmetic.com\\\/productos-de-keratina-de-agrado\\\/\",\"name\":\"Productos de keratina de Agrado para cuidar tu cabello - Agrado\",\"isPartOf\":{\"@id\":\"https:\\\/\\\/agradocosmetic.com\\\/#website\"},\"primaryImageOfPage\":{\"@id\":\"https:\\\/\\\/agradocosmetic.com\\\/productos-de-keratina-de-agrado\\\/#primaryimage\"},\"image\":{\"@id\":\"https:\\\/\\\/agradocosmetic.com\\\/productos-de-keratina-de-agrado\\\/#primaryimage\"},\"thumbnailUrl\":\"https:\\\/\\\/agradocosmetic.com\\\/wp-content\\\/uploads\\\/2019\\\/09\\\/cabello-karatina-agrado.jpg\",\"datePublished\":\"2019-09-24T08:24:01+00:00\",\"dateModified\":\"2023-11-18T16:58:55+00:00\",\"description\":\"Hidrata tu cabello con los productos de Keratina de Agrado Cosmetic: champ\u00fa, suavizante, mascarilla, gel fijador y keratina l\u00edquida.\",\"breadcrumb\":{\"@id\":\"https:\\\/\\\/agradocosmetic.com\\\/productos-de-keratina-de-agrado\\\/#breadcrumb\"},\"inLanguage\":\"en-GB\",\"potentialAction\":[{\"@type\":\"ReadAction\",\"target\":[\"https:\\\/\\\/agradocosmetic.com\\\/productos-de-keratina-de-agrado\\\/\"]}]},{\"@type\":\"ImageObject\",\"inLanguage\":\"en-GB\",\"@id\":\"https:\\\/\\\/agradocosmetic.com\\\/productos-de-keratina-de-agrado\\\/#primaryimage\",\"url\":\"https:\\\/\\\/agradocosmetic.com\\\/wp-content\\\/uploads\\\/2019\\\/09\\\/cabello-karatina-agrado.jpg\",\"contentUrl\":\"https:\\\/\\\/agradocosmetic.com\\\/wp-content\\\/uploads\\\/2019\\\/09\\\/cabello-karatina-agrado.jpg\",\"width\":1200,\"height\":800},{\"@type\":\"BreadcrumbList\",\"@id\":\"https:\\\/\\\/agradocosmetic.com\\\/productos-de-keratina-de-agrado\\\/#breadcrumb\",\"itemListElement\":[{\"@type\":\"ListItem\",\"position\":1,\"name\":\"Portada\",\"item\":\"https:\\\/\\\/agradocosmetic.com\\\/\"},{\"@type\":\"ListItem\",\"position\":2,\"name\":\"Hidrata tu cabello este oto\u00f1o con la l\u00ednea de productos de keratina de Agrado\"}]},{\"@type\":\"WebSite\",\"@id\":\"https:\\\/\\\/agradocosmetic.com\\\/#website\",\"url\":\"https:\\\/\\\/agradocosmetic.com\\\/\",\"name\":\"Agrado\",\"description\":\"Cosmetic\",\"publisher\":{\"@id\":\"https:\\\/\\\/agradocosmetic.com\\\/#organization\"},\"potentialAction\":[{\"@type\":\"SearchAction\",\"target\":{\"@type\":\"EntryPoint\",\"urlTemplate\":\"https:\\\/\\\/agradocosmetic.com\\\/?s={search_term_string}\"},\"query-input\":{\"@type\":\"PropertyValueSpecification\",\"valueRequired\":true,\"valueName\":\"search_term_string\"}}],\"inLanguage\":\"en-GB\"},{\"@type\":\"Organization\",\"@id\":\"https:\\\/\\\/agradocosmetic.com\\\/#organization\",\"name\":\"Agrado\",\"url\":\"https:\\\/\\\/agradocosmetic.com\\\/\",\"logo\":{\"@type\":\"ImageObject\",\"inLanguage\":\"en-GB\",\"@id\":\"https:\\\/\\\/agradocosmetic.com\\\/#\\\/schema\\\/logo\\\/image\\\/\",\"url\":\"https:\\\/\\\/agradocosmetic.com\\\/wp-content\\\/uploads\\\/2023\\\/07\\\/LOGO-AGRADO-WEB-01.png\",\"contentUrl\":\"https:\\\/\\\/agradocosmetic.com\\\/wp-content\\\/uploads\\\/2023\\\/07\\\/LOGO-AGRADO-WEB-01.png\",\"width\":1632,\"height\":300,\"caption\":\"Agrado\"},\"image\":{\"@id\":\"https:\\\/\\\/agradocosmetic.com\\\/#\\\/schema\\\/logo\\\/image\\\/\"}},{\"@type\":\"Person\",\"@id\":\"https:\\\/\\\/agradocosmetic.com\\\/#\\\/schema\\\/person\\\/732e8d396022e25f9340196f83d6789d\",\"name\":\"agradocosmetic\",\"image\":{\"@type\":\"ImageObject\",\"inLanguage\":\"en-GB\",\"@id\":\"https:\\\/\\\/secure.gravatar.com\\\/avatar\\\/c6003e45301182b7e125463fcbec403b1980909c12edf09098526b9a15e779c0?s=96&d=mm&r=g\",\"url\":\"https:\\\/\\\/secure.gravatar.com\\\/avatar\\\/c6003e45301182b7e125463fcbec403b1980909c12edf09098526b9a15e779c0?s=96&d=mm&r=g\",\"contentUrl\":\"https:\\\/\\\/secure.gravatar.com\\\/avatar\\\/c6003e45301182b7e125463fcbec403b1980909c12edf09098526b9a15e779c0?s=96&d=mm&r=g\",\"caption\":\"agradocosmetic\"}}]}<\/script>\n<!-- \/ Yoast SEO plugin. -->","yoast_head_json":{"title":"Productos de keratina de Agrado para cuidar tu cabello - Agrado","description":"Hidrata tu cabello con los productos de Keratina de Agrado Cosmetic: champ\u00fa, suavizante, mascarilla, gel fijador y keratina l\u00edquida.","robots":{"index":"index","follow":"follow","max-snippet":"max-snippet:-1","max-image-preview":"max-image-preview:large","max-video-preview":"max-video-preview:-1"},"canonical":"https:\/\/agradocosmetic.com\/en\/productos-de-keratina-de-agrado\/","og_locale":"en_GB","og_type":"article","og_title":"Productos de keratina de Agrado para cuidar tu cabello - Agrado","og_description":"Hidrata tu cabello con los productos de Keratina de Agrado Cosmetic: champ\u00fa, suavizante, mascarilla, gel fijador y keratina l\u00edquida.","og_url":"https:\/\/agradocosmetic.com\/en\/productos-de-keratina-de-agrado\/","og_site_name":"Agrado","article_published_time":"2019-09-24T08:24:01+00:00","article_modified_time":"2023-11-18T16:58:55+00:00","og_image":[{"width":1200,"height":800,"url":"https:\/\/agradocosmetic.com\/wp-content\/uploads\/2019\/09\/cabello-karatina-agrado.jpg","type":"image\/jpeg"}],"author":"agradocosmetic","twitter_card":"summary_large_image","twitter_misc":{"Written by":"agradocosmetic","Estimated reading time":"2 minutes"},"schema":{"@context":"https:\/\/schema.org","@graph":[{"@type":"Article","@id":"https:\/\/agradocosmetic.com\/productos-de-keratina-de-agrado\/#article","isPartOf":{"@id":"https:\/\/agradocosmetic.com\/productos-de-keratina-de-agrado\/"},"author":{"name":"agradocosmetic","@id":"https:\/\/agradocosmetic.com\/#\/schema\/person\/732e8d396022e25f9340196f83d6789d"},"headline":"Hidrata tu cabello este oto\u00f1o con la l\u00ednea de productos de keratina de Agrado","datePublished":"2019-09-24T08:24:01+00:00","dateModified":"2023-11-18T16:58:55+00:00","mainEntityOfPage":{"@id":"https:\/\/agradocosmetic.com\/productos-de-keratina-de-agrado\/"},"wordCount":479,"commentCount":0,"publisher":{"@id":"https:\/\/agradocosmetic.com\/#organization"},"image":{"@id":"https:\/\/agradocosmetic.com\/productos-de-keratina-de-agrado\/#primaryimage"},"thumbnailUrl":"https:\/\/agradocosmetic.com\/wp-content\/uploads\/2019\/09\/cabello-karatina-agrado.jpg","keywords":["agrado","agradocosmetic","cuidado del cabello","l\u00ednea keratina"],"articleSection":["Capilar","Todos"],"inLanguage":"en-GB","potentialAction":[{"@type":"CommentAction","name":"Comment","target":["https:\/\/agradocosmetic.com\/productos-de-keratina-de-agrado\/#respond"]}]},{"@type":"WebPage","@id":"https:\/\/agradocosmetic.com\/productos-de-keratina-de-agrado\/","url":"https:\/\/agradocosmetic.com\/productos-de-keratina-de-agrado\/","name":"Productos de keratina de Agrado para cuidar tu cabello - Agrado","isPartOf":{"@id":"https:\/\/agradocosmetic.com\/#website"},"primaryImageOfPage":{"@id":"https:\/\/agradocosmetic.com\/productos-de-keratina-de-agrado\/#primaryimage"},"image":{"@id":"https:\/\/agradocosmetic.com\/productos-de-keratina-de-agrado\/#primaryimage"},"thumbnailUrl":"https:\/\/agradocosmetic.com\/wp-content\/uploads\/2019\/09\/cabello-karatina-agrado.jpg","datePublished":"2019-09-24T08:24:01+00:00","dateModified":"2023-11-18T16:58:55+00:00","description":"Hidrata tu cabello con los productos de Keratina de Agrado Cosmetic: champ\u00fa, suavizante, mascarilla, gel fijador y keratina l\u00edquida.","breadcrumb":{"@id":"https:\/\/agradocosmetic.com\/productos-de-keratina-de-agrado\/#breadcrumb"},"inLanguage":"en-GB","potentialAction":[{"@type":"ReadAction","target":["https:\/\/agradocosmetic.com\/productos-de-keratina-de-agrado\/"]}]},{"@type":"ImageObject","inLanguage":"en-GB","@id":"https:\/\/agradocosmetic.com\/productos-de-keratina-de-agrado\/#primaryimage","url":"https:\/\/agradocosmetic.com\/wp-content\/uploads\/2019\/09\/cabello-karatina-agrado.jpg","contentUrl":"https:\/\/agradocosmetic.com\/wp-content\/uploads\/2019\/09\/cabello-karatina-agrado.jpg","width":1200,"height":800},{"@type":"BreadcrumbList","@id":"https:\/\/agradocosmetic.com\/productos-de-keratina-de-agrado\/#breadcrumb","itemListElement":[{"@type":"ListItem","position":1,"name":"Portada","item":"https:\/\/agradocosmetic.com\/"},{"@type":"ListItem","position":2,"name":"Hidrata tu cabello este oto\u00f1o con la l\u00ednea de productos de keratina de Agrado"}]},{"@type":"WebSite","@id":"https:\/\/agradocosmetic.com\/#website","url":"https:\/\/agradocosmetic.com\/","name":"Liking","description":"cosmetic","publisher":{"@id":"https:\/\/agradocosmetic.com\/#organization"},"potentialAction":[{"@type":"SearchAction","target":{"@type":"EntryPoint","urlTemplate":"https:\/\/agradocosmetic.com\/?s={search_term_string}"},"query-input":{"@type":"PropertyValueSpecification","valueRequired":true,"valueName":"search_term_string"}}],"inLanguage":"en-GB"},{"@type":"Organization","@id":"https:\/\/agradocosmetic.com\/#organization","name":"Liking","url":"https:\/\/agradocosmetic.com\/","logo":{"@type":"ImageObject","inLanguage":"en-GB","@id":"https:\/\/agradocosmetic.com\/#\/schema\/logo\/image\/","url":"https:\/\/agradocosmetic.com\/wp-content\/uploads\/2023\/07\/LOGO-AGRADO-WEB-01.png","contentUrl":"https:\/\/agradocosmetic.com\/wp-content\/uploads\/2023\/07\/LOGO-AGRADO-WEB-01.png","width":1632,"height":300,"caption":"Agrado"},"image":{"@id":"https:\/\/agradocosmetic.com\/#\/schema\/logo\/image\/"}},{"@type":"Person","@id":"https:\/\/agradocosmetic.com\/#\/schema\/person\/732e8d396022e25f9340196f83d6789d","name":"agradocosmetic","image":{"@type":"ImageObject","inLanguage":"en-GB","@id":"https:\/\/secure.gravatar.com\/avatar\/c6003e45301182b7e125463fcbec403b1980909c12edf09098526b9a15e779c0?s=96&d=mm&r=g","url":"https:\/\/secure.gravatar.com\/avatar\/c6003e45301182b7e125463fcbec403b1980909c12edf09098526b9a15e779c0?s=96&d=mm&r=g","contentUrl":"https:\/\/secure.gravatar.com\/avatar\/c6003e45301182b7e125463fcbec403b1980909c12edf09098526b9a15e779c0?s=96&d=mm&r=g","caption":"agradocosmetic"}}]}},"_links":{"self":[{"href":"https:\/\/agradocosmetic.com\/en\/wp-json\/wp\/v2\/posts\/4461","targetHints":{"allow":["GET"]}}],"collection":[{"href":"https:\/\/agradocosmetic.com\/en\/wp-json\/wp\/v2\/posts"}],"about":[{"href":"https:\/\/agradocosmetic.com\/en\/wp-json\/wp\/v2\/types\/post"}],"author":[{"embeddable":true,"href":"https:\/\/agradocosmetic.com\/en\/wp-json\/wp\/v2\/users\/9"}],"replies":[{"embeddable":true,"href":"https:\/\/agradocosmetic.com\/en\/wp-json\/wp\/v2\/comments?post=4461"}],"version-history":[{"count":1,"href":"https:\/\/agradocosmetic.com\/en\/wp-json\/wp\/v2\/posts\/4461\/revisions"}],"predecessor-version":[{"id":21403,"href":"https:\/\/agradocosmetic.com\/en\/wp-json\/wp\/v2\/posts\/4461\/revisions\/21403"}],"wp:featuredmedia":[{"embeddable":true,"href":"https:\/\/agradocosmetic.com\/en\/wp-json\/wp\/v2\/media\/21402"}],"wp:attachment":[{"href":"https:\/\/agradocosmetic.com\/en\/wp-json\/wp\/v2\/media?parent=4461"}],"wp:term":[{"taxonomy":"category","embeddable":true,"href":"https:\/\/agradocosmetic.com\/en\/wp-json\/wp\/v2\/categories?post=4461"},{"taxonomy":"post_tag","embeddable":true,"href":"https:\/\/agradocosmetic.com\/en\/wp-json\/wp\/v2\/tags?post=4461"}],"curies":[{"name":"wp","href":"https:\/\/api.w.org\/{rel}","templated":true}]}}