{"id":5728,"date":"2019-11-04T10:20:57","date_gmt":"2019-11-04T09:20:57","guid":{"rendered":"https:\/\/www.agradocosmetic.com\/?p=5728"},"modified":"2023-11-18T16:58:55","modified_gmt":"2023-11-18T16:58:55","slug":"aprende-a-cuidar-tus-manos-en-invierno","status":"publish","type":"post","link":"https:\/\/agradocosmetic.com\/en\/aprende-a-cuidar-tus-manos-en-invierno\/","title":{"rendered":"Learn to take care of your hands in winter"},"content":{"rendered":"<p>In the cold, the skin suffers, becomes dry and sometimes cracks. The skin of the hands is an area of the body that must be treated with special attention, since they are always exposed to cold, rain or snow.<\/p>\r\n\r\n\r\n\r\n<p>From Agrado Cosmetic we recommend you use our <a href=\"\/en\/?p=487\">Concentrated Hand Cream with glycerin.<\/a><\/p>\r\n\r\n\r\n\r\n<p><strong>What is Glycerin?<\/strong><\/p>\r\n\r\n\r\n\r\n<p>Glycerin is a liquid alcohol that is used in cosmetics to make products such as soap and creams. This compound helps improve the hydration of our skin, promoting moisture retention and also providing a calming effect.<\/p>\r\n\r\n\r\n\r\n<p>Glycerin is found in all types of oils, animal or vegetable fats, as long as they are associated with other fatty acids such as oleic or staric. Therefore, it is a completely natural and necessary component to ensure hydrated and cared for skin.<\/p>\r\n\r\n\r\n\r\n<p><strong>What skins are suitable for glycerin?<\/strong><\/p>\r\n\r\n\r\n\r\n<p>This component is common in creams and soaps, and in general, it has no contraindications. Therefore, it is suitable for all skin types. It is true that in those that are especially sensitive and delicate, such as atopic, it has a very positive effect. Since this type of skin suffers from eczema, dryness and itching. A cream with glycerin helps relieve these symptoms and provides a feeling of calm, softness and hydration to the skin.<\/p>\r\n\r\n\r\n\r\n<p><strong>What uses can you give to Agrado Cosmetic&#039;s Concentrated Hand Cream with Glycerin, apart from your hands?<\/strong><\/p>\r\n\r\n\r\n\r\n<p>We give you some tricks that you can start applying to your body care routine, with this super moisturizing cream.<\/p>\r\n\r\n\r\n\r\n<ol class=\"wp-block-list\">\r\n<li>Of course, the hands. You will notice how they are soft and hydrated for longer.<\/li>\r\n<li>Cracked heels. Apply a little bit of this cream at night and you will notice how they become softer.<\/li>\r\n<li>Give your knees and elbows a smoother look. Once you get out of the shower, dry the area well and apply the Concrete Hand Cream with Glycerin, you will notice how these areas soften.<\/li>\r\n<li>Super trick! Apply a little of this glycerin cream to your legs after shaving to close pores, soften redness, and soothe pain. Infallible.<\/li>\r\n<\/ol>\r\n\r\n\r\n\r\n<p>We are looking forward to hearing about your experience with the Agrado Cosmetic Hand Cream with Glycerin. Upload your opinion to <a href=\"https:\/\/www.instagram.com\/agradocosmetic\/\">stories<\/a>!<\/p>","protected":false},"excerpt":{"rendered":"<p>Con el fr\u00edo la piel se resiente, se reseca y a veces se cuartea. La piel de las manos es una zona del cuerpo que hay que tratar con especial atenci\u00f3n, ya que siempre est\u00e1n expuestas al fr\u00edo, la lluvia o la nieve. Desde Agrado Cosmetic te recomendamos usar nuestra Crema de Manos Concentrada con [&hellip;]<\/p>\n","protected":false},"author":9,"featured_media":21396,"comment_status":"open","ping_status":"closed","sticky":false,"template":"","format":"standard","meta":{"footnotes":"","_wp_rev_ctl_limit":""},"categories":[149,1],"tags":[286,287,157,288],"class_list":["post-5728","post","type-post","status-publish","format-standard","has-post-thumbnail","hentry","category-corporal","category-todos","tag-crema-de-manos","tag-glicerina","tag-invierno","tag-manos"],"yoast_head":"<!-- This site is optimized with the Yoast SEO plugin v27.4 - https:\/\/yoast.com\/product\/yoast-seo-wordpress\/ -->\n<title>Aprende a cuidar tus manos en invierno - Agrado<\/title>\n<meta name=\"robots\" content=\"index, follow, max-snippet:-1, max-image-preview:large, max-video-preview:-1\" \/>\n<link rel=\"canonical\" href=\"https:\/\/agradocosmetic.com\/en\/aprende-a-cuidar-tus-manos-en-invierno\/\" \/>\n<meta property=\"og:locale\" content=\"en_GB\" \/>\n<meta property=\"og:type\" content=\"article\" \/>\n<meta property=\"og:title\" content=\"Aprende a cuidar tus manos en invierno - Agrado\" \/>\n<meta property=\"og:description\" content=\"Con el fr\u00edo la piel se resiente, se reseca y a veces se cuartea. La piel de las manos es una zona del cuerpo que hay que tratar con especial atenci\u00f3n, ya que siempre est\u00e1n expuestas al fr\u00edo, la lluvia o la nieve. Desde Agrado Cosmetic te recomendamos usar nuestra Crema de Manos Concentrada con [&hellip;]\" \/>\n<meta property=\"og:url\" content=\"https:\/\/agradocosmetic.com\/en\/aprende-a-cuidar-tus-manos-en-invierno\/\" \/>\n<meta property=\"og:site_name\" content=\"Agrado\" \/>\n<meta property=\"article:published_time\" content=\"2019-11-04T09:20:57+00:00\" \/>\n<meta property=\"article:modified_time\" content=\"2023-11-18T16:58:55+00:00\" \/>\n<meta property=\"og:image\" content=\"https:\/\/agradocosmetic.com\/wp-content\/uploads\/2019\/11\/cuidar-manos-invierno-agrado.jpg\" \/>\n\t<meta property=\"og:image:width\" content=\"1200\" \/>\n\t<meta property=\"og:image:height\" content=\"800\" \/>\n\t<meta property=\"og:image:type\" content=\"image\/jpeg\" \/>\n<meta name=\"author\" content=\"agradocosmetic\" \/>\n<meta name=\"twitter:card\" content=\"summary_large_image\" \/>\n<meta name=\"twitter:label1\" content=\"Written by\" \/>\n\t<meta name=\"twitter:data1\" content=\"agradocosmetic\" \/>\n\t<meta name=\"twitter:label2\" content=\"Estimated reading time\" \/>\n\t<meta name=\"twitter:data2\" content=\"2 minutes\" \/>\n<script type=\"application\/ld+json\" class=\"yoast-schema-graph\">{\"@context\":\"https:\\\/\\\/schema.org\",\"@graph\":[{\"@type\":\"Article\",\"@id\":\"https:\\\/\\\/agradocosmetic.com\\\/aprende-a-cuidar-tus-manos-en-invierno\\\/#article\",\"isPartOf\":{\"@id\":\"https:\\\/\\\/agradocosmetic.com\\\/aprende-a-cuidar-tus-manos-en-invierno\\\/\"},\"author\":{\"name\":\"agradocosmetic\",\"@id\":\"https:\\\/\\\/agradocosmetic.com\\\/#\\\/schema\\\/person\\\/732e8d396022e25f9340196f83d6789d\"},\"headline\":\"Aprende a cuidar tus manos en invierno\",\"datePublished\":\"2019-11-04T09:20:57+00:00\",\"dateModified\":\"2023-11-18T16:58:55+00:00\",\"mainEntityOfPage\":{\"@id\":\"https:\\\/\\\/agradocosmetic.com\\\/aprende-a-cuidar-tus-manos-en-invierno\\\/\"},\"wordCount\":419,\"commentCount\":0,\"publisher\":{\"@id\":\"https:\\\/\\\/agradocosmetic.com\\\/#organization\"},\"image\":{\"@id\":\"https:\\\/\\\/agradocosmetic.com\\\/aprende-a-cuidar-tus-manos-en-invierno\\\/#primaryimage\"},\"thumbnailUrl\":\"https:\\\/\\\/agradocosmetic.com\\\/wp-content\\\/uploads\\\/2019\\\/11\\\/cuidar-manos-invierno-agrado.jpg\",\"keywords\":[\"crema de manos\",\"glicerina\",\"invierno\",\"manos\"],\"articleSection\":[\"Corporal\",\"Todos\"],\"inLanguage\":\"en-GB\",\"potentialAction\":[{\"@type\":\"CommentAction\",\"name\":\"Comment\",\"target\":[\"https:\\\/\\\/agradocosmetic.com\\\/aprende-a-cuidar-tus-manos-en-invierno\\\/#respond\"]}]},{\"@type\":\"WebPage\",\"@id\":\"https:\\\/\\\/agradocosmetic.com\\\/aprende-a-cuidar-tus-manos-en-invierno\\\/\",\"url\":\"https:\\\/\\\/agradocosmetic.com\\\/aprende-a-cuidar-tus-manos-en-invierno\\\/\",\"name\":\"Aprende a cuidar tus manos en invierno - Agrado\",\"isPartOf\":{\"@id\":\"https:\\\/\\\/agradocosmetic.com\\\/#website\"},\"primaryImageOfPage\":{\"@id\":\"https:\\\/\\\/agradocosmetic.com\\\/aprende-a-cuidar-tus-manos-en-invierno\\\/#primaryimage\"},\"image\":{\"@id\":\"https:\\\/\\\/agradocosmetic.com\\\/aprende-a-cuidar-tus-manos-en-invierno\\\/#primaryimage\"},\"thumbnailUrl\":\"https:\\\/\\\/agradocosmetic.com\\\/wp-content\\\/uploads\\\/2019\\\/11\\\/cuidar-manos-invierno-agrado.jpg\",\"datePublished\":\"2019-11-04T09:20:57+00:00\",\"dateModified\":\"2023-11-18T16:58:55+00:00\",\"breadcrumb\":{\"@id\":\"https:\\\/\\\/agradocosmetic.com\\\/aprende-a-cuidar-tus-manos-en-invierno\\\/#breadcrumb\"},\"inLanguage\":\"en-GB\",\"potentialAction\":[{\"@type\":\"ReadAction\",\"target\":[\"https:\\\/\\\/agradocosmetic.com\\\/aprende-a-cuidar-tus-manos-en-invierno\\\/\"]}]},{\"@type\":\"ImageObject\",\"inLanguage\":\"en-GB\",\"@id\":\"https:\\\/\\\/agradocosmetic.com\\\/aprende-a-cuidar-tus-manos-en-invierno\\\/#primaryimage\",\"url\":\"https:\\\/\\\/agradocosmetic.com\\\/wp-content\\\/uploads\\\/2019\\\/11\\\/cuidar-manos-invierno-agrado.jpg\",\"contentUrl\":\"https:\\\/\\\/agradocosmetic.com\\\/wp-content\\\/uploads\\\/2019\\\/11\\\/cuidar-manos-invierno-agrado.jpg\",\"width\":1200,\"height\":800},{\"@type\":\"BreadcrumbList\",\"@id\":\"https:\\\/\\\/agradocosmetic.com\\\/aprende-a-cuidar-tus-manos-en-invierno\\\/#breadcrumb\",\"itemListElement\":[{\"@type\":\"ListItem\",\"position\":1,\"name\":\"Portada\",\"item\":\"https:\\\/\\\/agradocosmetic.com\\\/\"},{\"@type\":\"ListItem\",\"position\":2,\"name\":\"Aprende a cuidar tus manos en invierno\"}]},{\"@type\":\"WebSite\",\"@id\":\"https:\\\/\\\/agradocosmetic.com\\\/#website\",\"url\":\"https:\\\/\\\/agradocosmetic.com\\\/\",\"name\":\"Agrado\",\"description\":\"Cosmetic\",\"publisher\":{\"@id\":\"https:\\\/\\\/agradocosmetic.com\\\/#organization\"},\"potentialAction\":[{\"@type\":\"SearchAction\",\"target\":{\"@type\":\"EntryPoint\",\"urlTemplate\":\"https:\\\/\\\/agradocosmetic.com\\\/?s={search_term_string}\"},\"query-input\":{\"@type\":\"PropertyValueSpecification\",\"valueRequired\":true,\"valueName\":\"search_term_string\"}}],\"inLanguage\":\"en-GB\"},{\"@type\":\"Organization\",\"@id\":\"https:\\\/\\\/agradocosmetic.com\\\/#organization\",\"name\":\"Agrado\",\"url\":\"https:\\\/\\\/agradocosmetic.com\\\/\",\"logo\":{\"@type\":\"ImageObject\",\"inLanguage\":\"en-GB\",\"@id\":\"https:\\\/\\\/agradocosmetic.com\\\/#\\\/schema\\\/logo\\\/image\\\/\",\"url\":\"https:\\\/\\\/agradocosmetic.com\\\/wp-content\\\/uploads\\\/2023\\\/07\\\/LOGO-AGRADO-WEB-01.png\",\"contentUrl\":\"https:\\\/\\\/agradocosmetic.com\\\/wp-content\\\/uploads\\\/2023\\\/07\\\/LOGO-AGRADO-WEB-01.png\",\"width\":1632,\"height\":300,\"caption\":\"Agrado\"},\"image\":{\"@id\":\"https:\\\/\\\/agradocosmetic.com\\\/#\\\/schema\\\/logo\\\/image\\\/\"}},{\"@type\":\"Person\",\"@id\":\"https:\\\/\\\/agradocosmetic.com\\\/#\\\/schema\\\/person\\\/732e8d396022e25f9340196f83d6789d\",\"name\":\"agradocosmetic\",\"image\":{\"@type\":\"ImageObject\",\"inLanguage\":\"en-GB\",\"@id\":\"https:\\\/\\\/secure.gravatar.com\\\/avatar\\\/c6003e45301182b7e125463fcbec403b1980909c12edf09098526b9a15e779c0?s=96&d=mm&r=g\",\"url\":\"https:\\\/\\\/secure.gravatar.com\\\/avatar\\\/c6003e45301182b7e125463fcbec403b1980909c12edf09098526b9a15e779c0?s=96&d=mm&r=g\",\"contentUrl\":\"https:\\\/\\\/secure.gravatar.com\\\/avatar\\\/c6003e45301182b7e125463fcbec403b1980909c12edf09098526b9a15e779c0?s=96&d=mm&r=g\",\"caption\":\"agradocosmetic\"}}]}<\/script>\n<!-- \/ Yoast SEO plugin. -->","yoast_head_json":{"title":"Aprende a cuidar tus manos en invierno - Agrado","robots":{"index":"index","follow":"follow","max-snippet":"max-snippet:-1","max-image-preview":"max-image-preview:large","max-video-preview":"max-video-preview:-1"},"canonical":"https:\/\/agradocosmetic.com\/en\/aprende-a-cuidar-tus-manos-en-invierno\/","og_locale":"en_GB","og_type":"article","og_title":"Aprende a cuidar tus manos en invierno - Agrado","og_description":"Con el fr\u00edo la piel se resiente, se reseca y a veces se cuartea. La piel de las manos es una zona del cuerpo que hay que tratar con especial atenci\u00f3n, ya que siempre est\u00e1n expuestas al fr\u00edo, la lluvia o la nieve. Desde Agrado Cosmetic te recomendamos usar nuestra Crema de Manos Concentrada con [&hellip;]","og_url":"https:\/\/agradocosmetic.com\/en\/aprende-a-cuidar-tus-manos-en-invierno\/","og_site_name":"Agrado","article_published_time":"2019-11-04T09:20:57+00:00","article_modified_time":"2023-11-18T16:58:55+00:00","og_image":[{"width":1200,"height":800,"url":"https:\/\/agradocosmetic.com\/wp-content\/uploads\/2019\/11\/cuidar-manos-invierno-agrado.jpg","type":"image\/jpeg"}],"author":"agradocosmetic","twitter_card":"summary_large_image","twitter_misc":{"Written by":"agradocosmetic","Estimated reading time":"2 minutes"},"schema":{"@context":"https:\/\/schema.org","@graph":[{"@type":"Article","@id":"https:\/\/agradocosmetic.com\/aprende-a-cuidar-tus-manos-en-invierno\/#article","isPartOf":{"@id":"https:\/\/agradocosmetic.com\/aprende-a-cuidar-tus-manos-en-invierno\/"},"author":{"name":"agradocosmetic","@id":"https:\/\/agradocosmetic.com\/#\/schema\/person\/732e8d396022e25f9340196f83d6789d"},"headline":"Aprende a cuidar tus manos en invierno","datePublished":"2019-11-04T09:20:57+00:00","dateModified":"2023-11-18T16:58:55+00:00","mainEntityOfPage":{"@id":"https:\/\/agradocosmetic.com\/aprende-a-cuidar-tus-manos-en-invierno\/"},"wordCount":419,"commentCount":0,"publisher":{"@id":"https:\/\/agradocosmetic.com\/#organization"},"image":{"@id":"https:\/\/agradocosmetic.com\/aprende-a-cuidar-tus-manos-en-invierno\/#primaryimage"},"thumbnailUrl":"https:\/\/agradocosmetic.com\/wp-content\/uploads\/2019\/11\/cuidar-manos-invierno-agrado.jpg","keywords":["crema de manos","glicerina","invierno","manos"],"articleSection":["Corporal","Todos"],"inLanguage":"en-GB","potentialAction":[{"@type":"CommentAction","name":"Comment","target":["https:\/\/agradocosmetic.com\/aprende-a-cuidar-tus-manos-en-invierno\/#respond"]}]},{"@type":"WebPage","@id":"https:\/\/agradocosmetic.com\/aprende-a-cuidar-tus-manos-en-invierno\/","url":"https:\/\/agradocosmetic.com\/aprende-a-cuidar-tus-manos-en-invierno\/","name":"Aprende a cuidar tus manos en invierno - Agrado","isPartOf":{"@id":"https:\/\/agradocosmetic.com\/#website"},"primaryImageOfPage":{"@id":"https:\/\/agradocosmetic.com\/aprende-a-cuidar-tus-manos-en-invierno\/#primaryimage"},"image":{"@id":"https:\/\/agradocosmetic.com\/aprende-a-cuidar-tus-manos-en-invierno\/#primaryimage"},"thumbnailUrl":"https:\/\/agradocosmetic.com\/wp-content\/uploads\/2019\/11\/cuidar-manos-invierno-agrado.jpg","datePublished":"2019-11-04T09:20:57+00:00","dateModified":"2023-11-18T16:58:55+00:00","breadcrumb":{"@id":"https:\/\/agradocosmetic.com\/aprende-a-cuidar-tus-manos-en-invierno\/#breadcrumb"},"inLanguage":"en-GB","potentialAction":[{"@type":"ReadAction","target":["https:\/\/agradocosmetic.com\/aprende-a-cuidar-tus-manos-en-invierno\/"]}]},{"@type":"ImageObject","inLanguage":"en-GB","@id":"https:\/\/agradocosmetic.com\/aprende-a-cuidar-tus-manos-en-invierno\/#primaryimage","url":"https:\/\/agradocosmetic.com\/wp-content\/uploads\/2019\/11\/cuidar-manos-invierno-agrado.jpg","contentUrl":"https:\/\/agradocosmetic.com\/wp-content\/uploads\/2019\/11\/cuidar-manos-invierno-agrado.jpg","width":1200,"height":800},{"@type":"BreadcrumbList","@id":"https:\/\/agradocosmetic.com\/aprende-a-cuidar-tus-manos-en-invierno\/#breadcrumb","itemListElement":[{"@type":"ListItem","position":1,"name":"Portada","item":"https:\/\/agradocosmetic.com\/"},{"@type":"ListItem","position":2,"name":"Aprende a cuidar tus manos en invierno"}]},{"@type":"WebSite","@id":"https:\/\/agradocosmetic.com\/#website","url":"https:\/\/agradocosmetic.com\/","name":"Liking","description":"cosmetic","publisher":{"@id":"https:\/\/agradocosmetic.com\/#organization"},"potentialAction":[{"@type":"SearchAction","target":{"@type":"EntryPoint","urlTemplate":"https:\/\/agradocosmetic.com\/?s={search_term_string}"},"query-input":{"@type":"PropertyValueSpecification","valueRequired":true,"valueName":"search_term_string"}}],"inLanguage":"en-GB"},{"@type":"Organization","@id":"https:\/\/agradocosmetic.com\/#organization","name":"Liking","url":"https:\/\/agradocosmetic.com\/","logo":{"@type":"ImageObject","inLanguage":"en-GB","@id":"https:\/\/agradocosmetic.com\/#\/schema\/logo\/image\/","url":"https:\/\/agradocosmetic.com\/wp-content\/uploads\/2023\/07\/LOGO-AGRADO-WEB-01.png","contentUrl":"https:\/\/agradocosmetic.com\/wp-content\/uploads\/2023\/07\/LOGO-AGRADO-WEB-01.png","width":1632,"height":300,"caption":"Agrado"},"image":{"@id":"https:\/\/agradocosmetic.com\/#\/schema\/logo\/image\/"}},{"@type":"Person","@id":"https:\/\/agradocosmetic.com\/#\/schema\/person\/732e8d396022e25f9340196f83d6789d","name":"agradocosmetic","image":{"@type":"ImageObject","inLanguage":"en-GB","@id":"https:\/\/secure.gravatar.com\/avatar\/c6003e45301182b7e125463fcbec403b1980909c12edf09098526b9a15e779c0?s=96&d=mm&r=g","url":"https:\/\/secure.gravatar.com\/avatar\/c6003e45301182b7e125463fcbec403b1980909c12edf09098526b9a15e779c0?s=96&d=mm&r=g","contentUrl":"https:\/\/secure.gravatar.com\/avatar\/c6003e45301182b7e125463fcbec403b1980909c12edf09098526b9a15e779c0?s=96&d=mm&r=g","caption":"agradocosmetic"}}]}},"_links":{"self":[{"href":"https:\/\/agradocosmetic.com\/en\/wp-json\/wp\/v2\/posts\/5728","targetHints":{"allow":["GET"]}}],"collection":[{"href":"https:\/\/agradocosmetic.com\/en\/wp-json\/wp\/v2\/posts"}],"about":[{"href":"https:\/\/agradocosmetic.com\/en\/wp-json\/wp\/v2\/types\/post"}],"author":[{"embeddable":true,"href":"https:\/\/agradocosmetic.com\/en\/wp-json\/wp\/v2\/users\/9"}],"replies":[{"embeddable":true,"href":"https:\/\/agradocosmetic.com\/en\/wp-json\/wp\/v2\/comments?post=5728"}],"version-history":[{"count":1,"href":"https:\/\/agradocosmetic.com\/en\/wp-json\/wp\/v2\/posts\/5728\/revisions"}],"predecessor-version":[{"id":21397,"href":"https:\/\/agradocosmetic.com\/en\/wp-json\/wp\/v2\/posts\/5728\/revisions\/21397"}],"wp:featuredmedia":[{"embeddable":true,"href":"https:\/\/agradocosmetic.com\/en\/wp-json\/wp\/v2\/media\/21396"}],"wp:attachment":[{"href":"https:\/\/agradocosmetic.com\/en\/wp-json\/wp\/v2\/media?parent=5728"}],"wp:term":[{"taxonomy":"category","embeddable":true,"href":"https:\/\/agradocosmetic.com\/en\/wp-json\/wp\/v2\/categories?post=5728"},{"taxonomy":"post_tag","embeddable":true,"href":"https:\/\/agradocosmetic.com\/en\/wp-json\/wp\/v2\/tags?post=5728"}],"curies":[{"name":"wp","href":"https:\/\/api.w.org\/{rel}","templated":true}]}}