{"id":6116,"date":"2019-12-18T09:15:20","date_gmt":"2019-12-18T08:15:20","guid":{"rendered":"https:\/\/www.agradocosmetic.com\/?p=6116"},"modified":"2023-11-18T16:58:55","modified_gmt":"2023-11-18T16:58:55","slug":"bebes-cuidados-bebes-felices-con-agrado-baby","status":"publish","type":"post","link":"https:\/\/agradocosmetic.com\/en\/bebes-cuidados-bebes-felices-con-agrado-baby\/","title":{"rendered":"Cared for babies, happy babies with Agrado Baby"},"content":{"rendered":"<p>There is nothing softer and more sensitive than a baby&#039;s skin, it acts as a barrier to prevent water loss, protects against temperature changes and matures gradually from the first months. That is why you have to take maximum care of it for them, taking extreme care, especially in the bathing routine.<\/p>\r\n\r\n\r\n\r\n<p>The new line for babies <strong>I like Baby<\/strong> is a complete selection of products that cover all the baby&#039;s daily care and hygiene needs, guaranteeing their well-being. With formulas dermatologically tested and under pediatric control, tear-proof and with comfortable double-height dispensers, perfect for handling with one hand during grooming. Ease for daddies!<\/p>\r\n\r\n\r\n\r\n<div class=\"wp-block-image\">\r\n<figure class=\"aligncenter is-resized\"><img fetchpriority=\"high\" decoding=\"async\" class=\"wp-image-6132\" src=\"https:\/\/www.agradocosmetic.com\/wp-content\/uploads\/2019\/11\/6353_SET-DE-BAN\u0303O-AGRADO-BABY_CARA-JABON-Y-CHAMPU-819x1024.jpg\" alt=\"\" width=\"364\" height=\"454\" \/><\/figure>\r\n<\/div>\r\n\r\n\r\n\r\n<p><strong>Gentle chamomile shampoo.<\/strong><\/p>\r\n\r\n\r\n\r\n<p>Thanks to chamomile and its natural relaxing and anti-inflammatory properties, you will ensure that the scalp of the little ones is irritable-proof, in addition to achieving more shine and luminosity. Quite a win win. \u00a0\u00a0<\/p>\r\n\r\n\r\n\r\n<p><strong>Aloe vera liquid soap.<\/strong><\/p>\r\n\r\n\r\n\r\n<p><strong>Aloe vera body lotion and other agents that are gentle on baby&#039;s skin.<\/strong><\/p>\r\n\r\n\r\n\r\n<p>Both products are made up of a component that makes them the star, aloe vera. A medicinal plant with essential nutrients for the skin and especially that of babies due to its healing capacity and help with cell regeneration, in cases of flaking or easily dry skin due to its high hydration power.<\/p>\r\n\r\n\r\n\r\n<p><strong>Fresh cologne water for a feeling of freshness. <\/strong><\/p>\r\n\r\n\r\n\r\n<p>The power of smell affects memory, and there is no better way to start creating this olfactory memory than from the beginning with Agrado Baby water drops.<\/p>\r\n\r\n\r\n\r\n<ul class=\"wp-block-gallery columns-2 is-cropped wp-block-gallery-1 is-layout-flex wp-block-gallery-is-layout-flex\">\r\n<li class=\"blocks-gallery-item\">\r\n<figure><img decoding=\"async\" class=\"wp-image-6135\" src=\"https:\/\/www.agradocosmetic.com\/wp-content\/uploads\/2019\/11\/locion-hidratante-y-colonia-01-01-603x1024.png\" alt=\"\" data-id=\"6135\" data-link=\"https:\/\/www.agradocosmetic.com\/?attachment_id=6135\" \/><\/figure>\r\n<\/li>\r\n<li class=\"blocks-gallery-item\">\r\n<figure><img decoding=\"async\" class=\"wp-image-6138\" src=\"https:\/\/www.agradocosmetic.com\/wp-content\/uploads\/2019\/11\/jabon-y-champu-01-603x1024.png\" alt=\"\" data-id=\"6138\" data-link=\"https:\/\/www.agradocosmetic.com\/?attachment_id=6138\" \/><\/figure>\r\n<\/li>\r\n<\/ul>\r\n\r\n\r\n\r\n<p>The <strong>better care<\/strong> for your baby they are in <strong>Liking<\/strong>.<\/p>\r\n\r\n\r\n\r\n<p>Take the test and tell us about your experience, we will read you in <a href=\"https:\/\/www.facebook.com\/agradocosmetic\">networks<\/a> <a href=\"https:\/\/instagram.com\/agradocosmetic\">social<\/a>.<\/p>","protected":false},"excerpt":{"rendered":"<p>No hay nada m\u00e1s suave y sensible que la piel de un beb\u00e9, act\u00faa como barrera para evitar p\u00e9rdida de agua, protege contra los cambios de temperatura y madura de forma gradual desde los primeros meses. Es por eso que hay que cuidarla al m\u00e1ximo por ellos extremando los cuidados, sobre todo en la rutina [&hellip;]<\/p>\n","protected":false},"author":9,"featured_media":21390,"comment_status":"open","ping_status":"closed","sticky":false,"template":"","format":"standard","meta":{"footnotes":"","_wp_rev_ctl_limit":""},"categories":[128,149,1],"tags":[],"class_list":["post-6116","post","type-post","status-publish","format-standard","has-post-thumbnail","hentry","category-capilar","category-corporal","category-todos"],"yoast_head":"<!-- This site is optimized with the Yoast SEO plugin v27.4 - https:\/\/yoast.com\/product\/yoast-seo-wordpress\/ -->\n<title>Beb\u00e9s cuidados, beb\u00e9s felices con Agrado Baby - Agrado<\/title>\n<meta name=\"robots\" content=\"index, follow, max-snippet:-1, max-image-preview:large, max-video-preview:-1\" \/>\n<link rel=\"canonical\" href=\"https:\/\/agradocosmetic.com\/en\/bebes-cuidados-bebes-felices-con-agrado-baby\/\" \/>\n<meta property=\"og:locale\" content=\"en_GB\" \/>\n<meta property=\"og:type\" content=\"article\" \/>\n<meta property=\"og:title\" content=\"Beb\u00e9s cuidados, beb\u00e9s felices con Agrado Baby - Agrado\" \/>\n<meta property=\"og:description\" content=\"No hay nada m\u00e1s suave y sensible que la piel de un beb\u00e9, act\u00faa como barrera para evitar p\u00e9rdida de agua, protege contra los cambios de temperatura y madura de forma gradual desde los primeros meses. Es por eso que hay que cuidarla al m\u00e1ximo por ellos extremando los cuidados, sobre todo en la rutina [&hellip;]\" \/>\n<meta property=\"og:url\" content=\"https:\/\/agradocosmetic.com\/en\/bebes-cuidados-bebes-felices-con-agrado-baby\/\" \/>\n<meta property=\"og:site_name\" content=\"Agrado\" \/>\n<meta property=\"article:published_time\" content=\"2019-12-18T08:15:20+00:00\" \/>\n<meta property=\"article:modified_time\" content=\"2023-11-18T16:58:55+00:00\" \/>\n<meta property=\"og:image\" content=\"https:\/\/agradocosmetic.com\/wp-content\/uploads\/2019\/12\/cuidados-bebes-agrado.jpg\" \/>\n\t<meta property=\"og:image:width\" content=\"1200\" \/>\n\t<meta property=\"og:image:height\" content=\"800\" \/>\n\t<meta property=\"og:image:type\" content=\"image\/jpeg\" \/>\n<meta name=\"author\" content=\"agradocosmetic\" \/>\n<meta name=\"twitter:card\" content=\"summary_large_image\" \/>\n<meta name=\"twitter:label1\" content=\"Written by\" \/>\n\t<meta name=\"twitter:data1\" content=\"agradocosmetic\" \/>\n\t<meta name=\"twitter:label2\" content=\"Estimated reading time\" \/>\n\t<meta name=\"twitter:data2\" content=\"2 minutes\" \/>\n<script type=\"application\/ld+json\" class=\"yoast-schema-graph\">{\"@context\":\"https:\\\/\\\/schema.org\",\"@graph\":[{\"@type\":\"Article\",\"@id\":\"https:\\\/\\\/agradocosmetic.com\\\/bebes-cuidados-bebes-felices-con-agrado-baby\\\/#article\",\"isPartOf\":{\"@id\":\"https:\\\/\\\/agradocosmetic.com\\\/bebes-cuidados-bebes-felices-con-agrado-baby\\\/\"},\"author\":{\"name\":\"agradocosmetic\",\"@id\":\"https:\\\/\\\/agradocosmetic.com\\\/#\\\/schema\\\/person\\\/732e8d396022e25f9340196f83d6789d\"},\"headline\":\"Beb\u00e9s cuidados, beb\u00e9s felices con Agrado Baby\",\"datePublished\":\"2019-12-18T08:15:20+00:00\",\"dateModified\":\"2023-11-18T16:58:55+00:00\",\"mainEntityOfPage\":{\"@id\":\"https:\\\/\\\/agradocosmetic.com\\\/bebes-cuidados-bebes-felices-con-agrado-baby\\\/\"},\"wordCount\":334,\"commentCount\":0,\"publisher\":{\"@id\":\"https:\\\/\\\/agradocosmetic.com\\\/#organization\"},\"image\":{\"@id\":\"https:\\\/\\\/agradocosmetic.com\\\/bebes-cuidados-bebes-felices-con-agrado-baby\\\/#primaryimage\"},\"thumbnailUrl\":\"https:\\\/\\\/agradocosmetic.com\\\/wp-content\\\/uploads\\\/2019\\\/12\\\/cuidados-bebes-agrado.jpg\",\"articleSection\":[\"Capilar\",\"Corporal\",\"Todos\"],\"inLanguage\":\"en-GB\",\"potentialAction\":[{\"@type\":\"CommentAction\",\"name\":\"Comment\",\"target\":[\"https:\\\/\\\/agradocosmetic.com\\\/bebes-cuidados-bebes-felices-con-agrado-baby\\\/#respond\"]}]},{\"@type\":\"WebPage\",\"@id\":\"https:\\\/\\\/agradocosmetic.com\\\/bebes-cuidados-bebes-felices-con-agrado-baby\\\/\",\"url\":\"https:\\\/\\\/agradocosmetic.com\\\/bebes-cuidados-bebes-felices-con-agrado-baby\\\/\",\"name\":\"Beb\u00e9s cuidados, beb\u00e9s felices con Agrado Baby - Agrado\",\"isPartOf\":{\"@id\":\"https:\\\/\\\/agradocosmetic.com\\\/#website\"},\"primaryImageOfPage\":{\"@id\":\"https:\\\/\\\/agradocosmetic.com\\\/bebes-cuidados-bebes-felices-con-agrado-baby\\\/#primaryimage\"},\"image\":{\"@id\":\"https:\\\/\\\/agradocosmetic.com\\\/bebes-cuidados-bebes-felices-con-agrado-baby\\\/#primaryimage\"},\"thumbnailUrl\":\"https:\\\/\\\/agradocosmetic.com\\\/wp-content\\\/uploads\\\/2019\\\/12\\\/cuidados-bebes-agrado.jpg\",\"datePublished\":\"2019-12-18T08:15:20+00:00\",\"dateModified\":\"2023-11-18T16:58:55+00:00\",\"breadcrumb\":{\"@id\":\"https:\\\/\\\/agradocosmetic.com\\\/bebes-cuidados-bebes-felices-con-agrado-baby\\\/#breadcrumb\"},\"inLanguage\":\"en-GB\",\"potentialAction\":[{\"@type\":\"ReadAction\",\"target\":[\"https:\\\/\\\/agradocosmetic.com\\\/bebes-cuidados-bebes-felices-con-agrado-baby\\\/\"]}]},{\"@type\":\"ImageObject\",\"inLanguage\":\"en-GB\",\"@id\":\"https:\\\/\\\/agradocosmetic.com\\\/bebes-cuidados-bebes-felices-con-agrado-baby\\\/#primaryimage\",\"url\":\"https:\\\/\\\/agradocosmetic.com\\\/wp-content\\\/uploads\\\/2019\\\/12\\\/cuidados-bebes-agrado.jpg\",\"contentUrl\":\"https:\\\/\\\/agradocosmetic.com\\\/wp-content\\\/uploads\\\/2019\\\/12\\\/cuidados-bebes-agrado.jpg\",\"width\":1200,\"height\":800},{\"@type\":\"BreadcrumbList\",\"@id\":\"https:\\\/\\\/agradocosmetic.com\\\/bebes-cuidados-bebes-felices-con-agrado-baby\\\/#breadcrumb\",\"itemListElement\":[{\"@type\":\"ListItem\",\"position\":1,\"name\":\"Portada\",\"item\":\"https:\\\/\\\/agradocosmetic.com\\\/\"},{\"@type\":\"ListItem\",\"position\":2,\"name\":\"Beb\u00e9s cuidados, beb\u00e9s felices con Agrado Baby\"}]},{\"@type\":\"WebSite\",\"@id\":\"https:\\\/\\\/agradocosmetic.com\\\/#website\",\"url\":\"https:\\\/\\\/agradocosmetic.com\\\/\",\"name\":\"Agrado\",\"description\":\"Cosmetic\",\"publisher\":{\"@id\":\"https:\\\/\\\/agradocosmetic.com\\\/#organization\"},\"potentialAction\":[{\"@type\":\"SearchAction\",\"target\":{\"@type\":\"EntryPoint\",\"urlTemplate\":\"https:\\\/\\\/agradocosmetic.com\\\/?s={search_term_string}\"},\"query-input\":{\"@type\":\"PropertyValueSpecification\",\"valueRequired\":true,\"valueName\":\"search_term_string\"}}],\"inLanguage\":\"en-GB\"},{\"@type\":\"Organization\",\"@id\":\"https:\\\/\\\/agradocosmetic.com\\\/#organization\",\"name\":\"Agrado\",\"url\":\"https:\\\/\\\/agradocosmetic.com\\\/\",\"logo\":{\"@type\":\"ImageObject\",\"inLanguage\":\"en-GB\",\"@id\":\"https:\\\/\\\/agradocosmetic.com\\\/#\\\/schema\\\/logo\\\/image\\\/\",\"url\":\"https:\\\/\\\/agradocosmetic.com\\\/wp-content\\\/uploads\\\/2023\\\/07\\\/LOGO-AGRADO-WEB-01.png\",\"contentUrl\":\"https:\\\/\\\/agradocosmetic.com\\\/wp-content\\\/uploads\\\/2023\\\/07\\\/LOGO-AGRADO-WEB-01.png\",\"width\":1632,\"height\":300,\"caption\":\"Agrado\"},\"image\":{\"@id\":\"https:\\\/\\\/agradocosmetic.com\\\/#\\\/schema\\\/logo\\\/image\\\/\"}},{\"@type\":\"Person\",\"@id\":\"https:\\\/\\\/agradocosmetic.com\\\/#\\\/schema\\\/person\\\/732e8d396022e25f9340196f83d6789d\",\"name\":\"agradocosmetic\",\"image\":{\"@type\":\"ImageObject\",\"inLanguage\":\"en-GB\",\"@id\":\"https:\\\/\\\/secure.gravatar.com\\\/avatar\\\/c6003e45301182b7e125463fcbec403b1980909c12edf09098526b9a15e779c0?s=96&d=mm&r=g\",\"url\":\"https:\\\/\\\/secure.gravatar.com\\\/avatar\\\/c6003e45301182b7e125463fcbec403b1980909c12edf09098526b9a15e779c0?s=96&d=mm&r=g\",\"contentUrl\":\"https:\\\/\\\/secure.gravatar.com\\\/avatar\\\/c6003e45301182b7e125463fcbec403b1980909c12edf09098526b9a15e779c0?s=96&d=mm&r=g\",\"caption\":\"agradocosmetic\"}}]}<\/script>\n<!-- \/ Yoast SEO plugin. -->","yoast_head_json":{"title":"Beb\u00e9s cuidados, beb\u00e9s felices con Agrado Baby - Agrado","robots":{"index":"index","follow":"follow","max-snippet":"max-snippet:-1","max-image-preview":"max-image-preview:large","max-video-preview":"max-video-preview:-1"},"canonical":"https:\/\/agradocosmetic.com\/en\/bebes-cuidados-bebes-felices-con-agrado-baby\/","og_locale":"en_GB","og_type":"article","og_title":"Beb\u00e9s cuidados, beb\u00e9s felices con Agrado Baby - Agrado","og_description":"No hay nada m\u00e1s suave y sensible que la piel de un beb\u00e9, act\u00faa como barrera para evitar p\u00e9rdida de agua, protege contra los cambios de temperatura y madura de forma gradual desde los primeros meses. Es por eso que hay que cuidarla al m\u00e1ximo por ellos extremando los cuidados, sobre todo en la rutina [&hellip;]","og_url":"https:\/\/agradocosmetic.com\/en\/bebes-cuidados-bebes-felices-con-agrado-baby\/","og_site_name":"Agrado","article_published_time":"2019-12-18T08:15:20+00:00","article_modified_time":"2023-11-18T16:58:55+00:00","og_image":[{"width":1200,"height":800,"url":"https:\/\/agradocosmetic.com\/wp-content\/uploads\/2019\/12\/cuidados-bebes-agrado.jpg","type":"image\/jpeg"}],"author":"agradocosmetic","twitter_card":"summary_large_image","twitter_misc":{"Written by":"agradocosmetic","Estimated reading time":"2 minutes"},"schema":{"@context":"https:\/\/schema.org","@graph":[{"@type":"Article","@id":"https:\/\/agradocosmetic.com\/bebes-cuidados-bebes-felices-con-agrado-baby\/#article","isPartOf":{"@id":"https:\/\/agradocosmetic.com\/bebes-cuidados-bebes-felices-con-agrado-baby\/"},"author":{"name":"agradocosmetic","@id":"https:\/\/agradocosmetic.com\/#\/schema\/person\/732e8d396022e25f9340196f83d6789d"},"headline":"Beb\u00e9s cuidados, beb\u00e9s felices con Agrado Baby","datePublished":"2019-12-18T08:15:20+00:00","dateModified":"2023-11-18T16:58:55+00:00","mainEntityOfPage":{"@id":"https:\/\/agradocosmetic.com\/bebes-cuidados-bebes-felices-con-agrado-baby\/"},"wordCount":334,"commentCount":0,"publisher":{"@id":"https:\/\/agradocosmetic.com\/#organization"},"image":{"@id":"https:\/\/agradocosmetic.com\/bebes-cuidados-bebes-felices-con-agrado-baby\/#primaryimage"},"thumbnailUrl":"https:\/\/agradocosmetic.com\/wp-content\/uploads\/2019\/12\/cuidados-bebes-agrado.jpg","articleSection":["Capilar","Corporal","Todos"],"inLanguage":"en-GB","potentialAction":[{"@type":"CommentAction","name":"Comment","target":["https:\/\/agradocosmetic.com\/bebes-cuidados-bebes-felices-con-agrado-baby\/#respond"]}]},{"@type":"WebPage","@id":"https:\/\/agradocosmetic.com\/bebes-cuidados-bebes-felices-con-agrado-baby\/","url":"https:\/\/agradocosmetic.com\/bebes-cuidados-bebes-felices-con-agrado-baby\/","name":"Beb\u00e9s cuidados, beb\u00e9s felices con Agrado Baby - Agrado","isPartOf":{"@id":"https:\/\/agradocosmetic.com\/#website"},"primaryImageOfPage":{"@id":"https:\/\/agradocosmetic.com\/bebes-cuidados-bebes-felices-con-agrado-baby\/#primaryimage"},"image":{"@id":"https:\/\/agradocosmetic.com\/bebes-cuidados-bebes-felices-con-agrado-baby\/#primaryimage"},"thumbnailUrl":"https:\/\/agradocosmetic.com\/wp-content\/uploads\/2019\/12\/cuidados-bebes-agrado.jpg","datePublished":"2019-12-18T08:15:20+00:00","dateModified":"2023-11-18T16:58:55+00:00","breadcrumb":{"@id":"https:\/\/agradocosmetic.com\/bebes-cuidados-bebes-felices-con-agrado-baby\/#breadcrumb"},"inLanguage":"en-GB","potentialAction":[{"@type":"ReadAction","target":["https:\/\/agradocosmetic.com\/bebes-cuidados-bebes-felices-con-agrado-baby\/"]}]},{"@type":"ImageObject","inLanguage":"en-GB","@id":"https:\/\/agradocosmetic.com\/bebes-cuidados-bebes-felices-con-agrado-baby\/#primaryimage","url":"https:\/\/agradocosmetic.com\/wp-content\/uploads\/2019\/12\/cuidados-bebes-agrado.jpg","contentUrl":"https:\/\/agradocosmetic.com\/wp-content\/uploads\/2019\/12\/cuidados-bebes-agrado.jpg","width":1200,"height":800},{"@type":"BreadcrumbList","@id":"https:\/\/agradocosmetic.com\/bebes-cuidados-bebes-felices-con-agrado-baby\/#breadcrumb","itemListElement":[{"@type":"ListItem","position":1,"name":"Portada","item":"https:\/\/agradocosmetic.com\/"},{"@type":"ListItem","position":2,"name":"Beb\u00e9s cuidados, beb\u00e9s felices con Agrado Baby"}]},{"@type":"WebSite","@id":"https:\/\/agradocosmetic.com\/#website","url":"https:\/\/agradocosmetic.com\/","name":"Liking","description":"cosmetic","publisher":{"@id":"https:\/\/agradocosmetic.com\/#organization"},"potentialAction":[{"@type":"SearchAction","target":{"@type":"EntryPoint","urlTemplate":"https:\/\/agradocosmetic.com\/?s={search_term_string}"},"query-input":{"@type":"PropertyValueSpecification","valueRequired":true,"valueName":"search_term_string"}}],"inLanguage":"en-GB"},{"@type":"Organization","@id":"https:\/\/agradocosmetic.com\/#organization","name":"Liking","url":"https:\/\/agradocosmetic.com\/","logo":{"@type":"ImageObject","inLanguage":"en-GB","@id":"https:\/\/agradocosmetic.com\/#\/schema\/logo\/image\/","url":"https:\/\/agradocosmetic.com\/wp-content\/uploads\/2023\/07\/LOGO-AGRADO-WEB-01.png","contentUrl":"https:\/\/agradocosmetic.com\/wp-content\/uploads\/2023\/07\/LOGO-AGRADO-WEB-01.png","width":1632,"height":300,"caption":"Agrado"},"image":{"@id":"https:\/\/agradocosmetic.com\/#\/schema\/logo\/image\/"}},{"@type":"Person","@id":"https:\/\/agradocosmetic.com\/#\/schema\/person\/732e8d396022e25f9340196f83d6789d","name":"agradocosmetic","image":{"@type":"ImageObject","inLanguage":"en-GB","@id":"https:\/\/secure.gravatar.com\/avatar\/c6003e45301182b7e125463fcbec403b1980909c12edf09098526b9a15e779c0?s=96&d=mm&r=g","url":"https:\/\/secure.gravatar.com\/avatar\/c6003e45301182b7e125463fcbec403b1980909c12edf09098526b9a15e779c0?s=96&d=mm&r=g","contentUrl":"https:\/\/secure.gravatar.com\/avatar\/c6003e45301182b7e125463fcbec403b1980909c12edf09098526b9a15e779c0?s=96&d=mm&r=g","caption":"agradocosmetic"}}]}},"_links":{"self":[{"href":"https:\/\/agradocosmetic.com\/en\/wp-json\/wp\/v2\/posts\/6116","targetHints":{"allow":["GET"]}}],"collection":[{"href":"https:\/\/agradocosmetic.com\/en\/wp-json\/wp\/v2\/posts"}],"about":[{"href":"https:\/\/agradocosmetic.com\/en\/wp-json\/wp\/v2\/types\/post"}],"author":[{"embeddable":true,"href":"https:\/\/agradocosmetic.com\/en\/wp-json\/wp\/v2\/users\/9"}],"replies":[{"embeddable":true,"href":"https:\/\/agradocosmetic.com\/en\/wp-json\/wp\/v2\/comments?post=6116"}],"version-history":[{"count":1,"href":"https:\/\/agradocosmetic.com\/en\/wp-json\/wp\/v2\/posts\/6116\/revisions"}],"predecessor-version":[{"id":21391,"href":"https:\/\/agradocosmetic.com\/en\/wp-json\/wp\/v2\/posts\/6116\/revisions\/21391"}],"wp:featuredmedia":[{"embeddable":true,"href":"https:\/\/agradocosmetic.com\/en\/wp-json\/wp\/v2\/media\/21390"}],"wp:attachment":[{"href":"https:\/\/agradocosmetic.com\/en\/wp-json\/wp\/v2\/media?parent=6116"}],"wp:term":[{"taxonomy":"category","embeddable":true,"href":"https:\/\/agradocosmetic.com\/en\/wp-json\/wp\/v2\/categories?post=6116"},{"taxonomy":"post_tag","embeddable":true,"href":"https:\/\/agradocosmetic.com\/en\/wp-json\/wp\/v2\/tags?post=6116"}],"curies":[{"name":"wp","href":"https:\/\/api.w.org\/{rel}","templated":true}]}}