{"id":11291,"date":"2020-06-29T11:49:05","date_gmt":"2020-06-29T10:49:05","guid":{"rendered":"https:\/\/www.agradocosmetic.com\/?p=11291"},"modified":"2023-11-18T16:58:54","modified_gmt":"2023-11-18T16:58:54","slug":"5-tips-para-proteger-tu-piel-por-moderna-de-pueblo","status":"publish","type":"post","link":"https:\/\/agradocosmetic.com\/fr\/5-tips-para-proteger-tu-piel-por-moderna-de-pueblo\/","title":{"rendered":"5 conseils pour prot\u00e9ger votre peau par Moderna de Pueblo"},"content":{"rendered":"<p>Nous pouvons aller \u00e0 la plage et \u00e0 la piscine depuis des semaines maintenant, et la nouvelle normalit\u00e9 est bien meilleure ! Nous avons tout pr\u00eat pour profiter du soleil cet \u00e9t\u00e9, avec nos panneaux solaires Agrado et notre super flotteur ! Vous savez d\u00e9j\u00e0 ce que vous pouvez obtenir avec vos achats en ligne. Nous n\u2019avons besoin que des conseils de Moderna de Pueblo pour prot\u00e9ger notre peau et oublier tout ce qui se passe \u00e0 la plage ou \u00e0 la piscine !<\/p>\r\n\r\n\r\n\r\n<ol class=\"wp-block-list\">\r\n<li>Faites attention \u00e0 vos taches ou grains de beaut\u00e9. S&#039;ils sont fr\u00e9quents sur votre peau, consultez votre dermatologue chaque ann\u00e9e pour v\u00e9rifier qu&#039;ils restent les m\u00eames et qu&#039;ils ne grandissent pas ou ne prennent pas de formes \u00e9tranges. La pr\u00e9vention est la cl\u00e9 pour \u00e9viter le m\u00e9lanome\u00a0!<\/li>\r\n<li>Choisissez une cr\u00e8me solaire imperm\u00e9able. Avec la chaleur qu&#039;il fait, mieux vaut tremper toute la journ\u00e9e ! Afin de ne pas avoir \u00e0 interrompre les creux, le <a href=\"\/fr\/?p=1829\">Brume Solaire S\u00e8che SPF 30<\/a> L\u2019imperm\u00e9able sera votre meilleur alli\u00e9. \u00c9galement disponible en SPF 15 et 50.<\/li>\r\n<li>L&#039;apr\u00e8s-soleil est indispensable pour un bronzage beau et uniforme. Hydrater sa peau avec un soin post-solaire qui calme et rafra\u00eechit votre peau est essentiel. Chez Agrado vous les trouverez en version <a href=\"\/fr\/?p=1837\">a\u00e9rosol<\/a> soit <a href=\"\/fr\/?p=3570\">hydrogel<\/a>. Et comme le dit Moderna de Pueblo dans ses dessins anim\u00e9s, ne laissez pas les marques sur votre beau maillot de bain vous rendre la vie am\u00e8re !<\/li>\r\n<li>Les tout-petits ont besoin d\u2019une protection solaire suppl\u00e9mentaire. Il est essentiel de r\u00e9p\u00e9ter l&#039;application pour \u00e9viter les br\u00fblures sur votre peau d\u00e9licate, alors choisissez le <a href=\"\/fr\/?p=3578\">KIDS Brume Solaire Peaux Sensibles SPF50+<\/a> C&#039;est toujours un succ\u00e8s, de par sa rapidit\u00e9 d&#039;application par simple pulv\u00e9risation, sa rapide absorption et son efficacit\u00e9 contre les rayons UVA et UVB. En plus, il est \u00e9galement \u00e9tanche !<\/li>\r\n<li>Choisissez une cr\u00e8me solaire pour le visage avec un FPS tr\u00e8s \u00e9lev\u00e9. 50 est recommand\u00e9 pour garder votre beau visage exempt d&#039;imperfections, d&#039;irritations et pr\u00e9venir les rides. N\u2019oubliez pas que le meilleur anti-\u00e2ge est une bonne cr\u00e8me solaire ! Choisissez entre le format <a href=\"\/fr\/?p=3560\">Mousse<\/a> soit <a href=\"\/fr\/?p=3558\">Brume<\/a> de plaisir.<\/li>\r\n<\/ol>\r\n\r\n\r\n\r\n<p>Il ne reste plus qu&#039;\u00e0 profiter de l&#039;\u00e9t\u00e9 ! Avec prudence et responsabilit\u00e9, mais en vivant pleinement ces petites choses qui nous rendent heureux. Et si vous n&#039;avez pas vu les vignettes de Moderna de Pueblo qui ont apport\u00e9 tant de sourires, nous vous encourageons \u00e0 les voir\u00a0! <a href=\"https:\/\/www.instagram.com\/p\/CBVP6fdg5VT\/\">ICI<\/a>!<\/p>","protected":false},"excerpt":{"rendered":"<p>Ya hace semanas que podemos ir a la playa y a las piscinas, \u00a1y es que la nueva normalidad as\u00ed se lleva much\u00edsimo mejor! Tenemos todo listo para disfrutar del sol este verano, \u00a1con nuestros solares Agrado y nuestro s\u00faper flotador! Que ya sab\u00e9is que pod\u00e9is conseguir con vuestras compras online. \u00a1Solo nos faltan los [&hellip;]<\/p>\n","protected":false},"author":9,"featured_media":21366,"comment_status":"open","ping_status":"closed","sticky":false,"template":"","format":"standard","meta":{"footnotes":"","_wp_rev_ctl_limit":""},"categories":[118,116,1],"tags":[289,316,317,229,219],"class_list":["post-11291","post","type-post","status-publish","format-standard","has-post-thumbnail","hentry","category-lifestyle","category-solar","category-todos","tag-cuidado-de-la-piel","tag-moderna-de-pueblo","tag-proteccion-solar","tag-solares","tag-tips"],"yoast_head":"<!-- This site is optimized with the Yoast SEO plugin v27.4 - https:\/\/yoast.com\/product\/yoast-seo-wordpress\/ -->\n<title>5 tips para proteger tu piel por Moderna de Pueblo - Agrado<\/title>\n<meta name=\"description\" content=\"Toma nota de los consejos de Moderna de Pueblo y Agrado para cuidar tu piel en verano y disfrutar del sol con responsabilidad.\" \/>\n<meta name=\"robots\" content=\"index, follow, max-snippet:-1, max-image-preview:large, max-video-preview:-1\" \/>\n<link rel=\"canonical\" href=\"https:\/\/agradocosmetic.com\/fr\/5-tips-para-proteger-tu-piel-por-moderna-de-pueblo\/\" \/>\n<meta property=\"og:locale\" content=\"fr_FR\" \/>\n<meta property=\"og:type\" content=\"article\" \/>\n<meta property=\"og:title\" content=\"5 tips para proteger tu piel por Moderna de Pueblo - Agrado\" \/>\n<meta property=\"og:description\" content=\"Toma nota de los consejos de Moderna de Pueblo y Agrado para cuidar tu piel en verano y disfrutar del sol con responsabilidad.\" \/>\n<meta property=\"og:url\" content=\"https:\/\/agradocosmetic.com\/fr\/5-tips-para-proteger-tu-piel-por-moderna-de-pueblo\/\" \/>\n<meta property=\"og:site_name\" content=\"Agrado\" \/>\n<meta property=\"article:published_time\" content=\"2020-06-29T10:49:05+00:00\" \/>\n<meta property=\"article:modified_time\" content=\"2023-11-18T16:58:54+00:00\" \/>\n<meta property=\"og:image\" content=\"https:\/\/agradocosmetic.com\/wp-content\/uploads\/2020\/06\/tips-proteger-piel-agrado.jpg\" \/>\n\t<meta property=\"og:image:width\" content=\"1200\" \/>\n\t<meta property=\"og:image:height\" content=\"800\" \/>\n\t<meta property=\"og:image:type\" content=\"image\/jpeg\" \/>\n<meta name=\"author\" content=\"agradocosmetic\" \/>\n<meta name=\"twitter:card\" content=\"summary_large_image\" \/>\n<meta name=\"twitter:label1\" content=\"\u00c9crit par\" \/>\n\t<meta name=\"twitter:data1\" content=\"agradocosmetic\" \/>\n\t<meta name=\"twitter:label2\" content=\"Dur\u00e9e de lecture estim\u00e9e\" \/>\n\t<meta name=\"twitter:data2\" content=\"2 minutes\" \/>\n<script type=\"application\/ld+json\" class=\"yoast-schema-graph\">{\"@context\":\"https:\\\/\\\/schema.org\",\"@graph\":[{\"@type\":\"Article\",\"@id\":\"https:\\\/\\\/agradocosmetic.com\\\/5-tips-para-proteger-tu-piel-por-moderna-de-pueblo\\\/#article\",\"isPartOf\":{\"@id\":\"https:\\\/\\\/agradocosmetic.com\\\/5-tips-para-proteger-tu-piel-por-moderna-de-pueblo\\\/\"},\"author\":{\"name\":\"agradocosmetic\",\"@id\":\"https:\\\/\\\/agradocosmetic.com\\\/#\\\/schema\\\/person\\\/732e8d396022e25f9340196f83d6789d\"},\"headline\":\"5 tips para proteger tu piel por Moderna de Pueblo\",\"datePublished\":\"2020-06-29T10:49:05+00:00\",\"dateModified\":\"2023-11-18T16:58:54+00:00\",\"mainEntityOfPage\":{\"@id\":\"https:\\\/\\\/agradocosmetic.com\\\/5-tips-para-proteger-tu-piel-por-moderna-de-pueblo\\\/\"},\"wordCount\":389,\"commentCount\":0,\"publisher\":{\"@id\":\"https:\\\/\\\/agradocosmetic.com\\\/#organization\"},\"image\":{\"@id\":\"https:\\\/\\\/agradocosmetic.com\\\/5-tips-para-proteger-tu-piel-por-moderna-de-pueblo\\\/#primaryimage\"},\"thumbnailUrl\":\"https:\\\/\\\/agradocosmetic.com\\\/wp-content\\\/uploads\\\/2020\\\/06\\\/tips-proteger-piel-agrado.jpg\",\"keywords\":[\"cuidado de la piel\",\"moderna de pueblo\",\"proteccion solar\",\"solares\",\"tips\"],\"articleSection\":[\"Lifestyle\",\"Solar\",\"Todos\"],\"inLanguage\":\"fr-FR\",\"potentialAction\":[{\"@type\":\"CommentAction\",\"name\":\"Comment\",\"target\":[\"https:\\\/\\\/agradocosmetic.com\\\/5-tips-para-proteger-tu-piel-por-moderna-de-pueblo\\\/#respond\"]}]},{\"@type\":\"WebPage\",\"@id\":\"https:\\\/\\\/agradocosmetic.com\\\/5-tips-para-proteger-tu-piel-por-moderna-de-pueblo\\\/\",\"url\":\"https:\\\/\\\/agradocosmetic.com\\\/5-tips-para-proteger-tu-piel-por-moderna-de-pueblo\\\/\",\"name\":\"5 tips para proteger tu piel por Moderna de Pueblo - Agrado\",\"isPartOf\":{\"@id\":\"https:\\\/\\\/agradocosmetic.com\\\/#website\"},\"primaryImageOfPage\":{\"@id\":\"https:\\\/\\\/agradocosmetic.com\\\/5-tips-para-proteger-tu-piel-por-moderna-de-pueblo\\\/#primaryimage\"},\"image\":{\"@id\":\"https:\\\/\\\/agradocosmetic.com\\\/5-tips-para-proteger-tu-piel-por-moderna-de-pueblo\\\/#primaryimage\"},\"thumbnailUrl\":\"https:\\\/\\\/agradocosmetic.com\\\/wp-content\\\/uploads\\\/2020\\\/06\\\/tips-proteger-piel-agrado.jpg\",\"datePublished\":\"2020-06-29T10:49:05+00:00\",\"dateModified\":\"2023-11-18T16:58:54+00:00\",\"description\":\"Toma nota de los consejos de Moderna de Pueblo y Agrado para cuidar tu piel en verano y disfrutar del sol con responsabilidad.\",\"breadcrumb\":{\"@id\":\"https:\\\/\\\/agradocosmetic.com\\\/5-tips-para-proteger-tu-piel-por-moderna-de-pueblo\\\/#breadcrumb\"},\"inLanguage\":\"fr-FR\",\"potentialAction\":[{\"@type\":\"ReadAction\",\"target\":[\"https:\\\/\\\/agradocosmetic.com\\\/5-tips-para-proteger-tu-piel-por-moderna-de-pueblo\\\/\"]}]},{\"@type\":\"ImageObject\",\"inLanguage\":\"fr-FR\",\"@id\":\"https:\\\/\\\/agradocosmetic.com\\\/5-tips-para-proteger-tu-piel-por-moderna-de-pueblo\\\/#primaryimage\",\"url\":\"https:\\\/\\\/agradocosmetic.com\\\/wp-content\\\/uploads\\\/2020\\\/06\\\/tips-proteger-piel-agrado.jpg\",\"contentUrl\":\"https:\\\/\\\/agradocosmetic.com\\\/wp-content\\\/uploads\\\/2020\\\/06\\\/tips-proteger-piel-agrado.jpg\",\"width\":1200,\"height\":800},{\"@type\":\"BreadcrumbList\",\"@id\":\"https:\\\/\\\/agradocosmetic.com\\\/5-tips-para-proteger-tu-piel-por-moderna-de-pueblo\\\/#breadcrumb\",\"itemListElement\":[{\"@type\":\"ListItem\",\"position\":1,\"name\":\"Portada\",\"item\":\"https:\\\/\\\/agradocosmetic.com\\\/\"},{\"@type\":\"ListItem\",\"position\":2,\"name\":\"5 tips para proteger tu piel por Moderna de Pueblo\"}]},{\"@type\":\"WebSite\",\"@id\":\"https:\\\/\\\/agradocosmetic.com\\\/#website\",\"url\":\"https:\\\/\\\/agradocosmetic.com\\\/\",\"name\":\"Agrado\",\"description\":\"Cosmetic\",\"publisher\":{\"@id\":\"https:\\\/\\\/agradocosmetic.com\\\/#organization\"},\"potentialAction\":[{\"@type\":\"SearchAction\",\"target\":{\"@type\":\"EntryPoint\",\"urlTemplate\":\"https:\\\/\\\/agradocosmetic.com\\\/?s={search_term_string}\"},\"query-input\":{\"@type\":\"PropertyValueSpecification\",\"valueRequired\":true,\"valueName\":\"search_term_string\"}}],\"inLanguage\":\"fr-FR\"},{\"@type\":\"Organization\",\"@id\":\"https:\\\/\\\/agradocosmetic.com\\\/#organization\",\"name\":\"Agrado\",\"url\":\"https:\\\/\\\/agradocosmetic.com\\\/\",\"logo\":{\"@type\":\"ImageObject\",\"inLanguage\":\"fr-FR\",\"@id\":\"https:\\\/\\\/agradocosmetic.com\\\/#\\\/schema\\\/logo\\\/image\\\/\",\"url\":\"https:\\\/\\\/agradocosmetic.com\\\/wp-content\\\/uploads\\\/2023\\\/07\\\/LOGO-AGRADO-WEB-01.png\",\"contentUrl\":\"https:\\\/\\\/agradocosmetic.com\\\/wp-content\\\/uploads\\\/2023\\\/07\\\/LOGO-AGRADO-WEB-01.png\",\"width\":1632,\"height\":300,\"caption\":\"Agrado\"},\"image\":{\"@id\":\"https:\\\/\\\/agradocosmetic.com\\\/#\\\/schema\\\/logo\\\/image\\\/\"}},{\"@type\":\"Person\",\"@id\":\"https:\\\/\\\/agradocosmetic.com\\\/#\\\/schema\\\/person\\\/732e8d396022e25f9340196f83d6789d\",\"name\":\"agradocosmetic\",\"image\":{\"@type\":\"ImageObject\",\"inLanguage\":\"fr-FR\",\"@id\":\"https:\\\/\\\/secure.gravatar.com\\\/avatar\\\/c6003e45301182b7e125463fcbec403b1980909c12edf09098526b9a15e779c0?s=96&d=mm&r=g\",\"url\":\"https:\\\/\\\/secure.gravatar.com\\\/avatar\\\/c6003e45301182b7e125463fcbec403b1980909c12edf09098526b9a15e779c0?s=96&d=mm&r=g\",\"contentUrl\":\"https:\\\/\\\/secure.gravatar.com\\\/avatar\\\/c6003e45301182b7e125463fcbec403b1980909c12edf09098526b9a15e779c0?s=96&d=mm&r=g\",\"caption\":\"agradocosmetic\"}}]}<\/script>\n<!-- \/ Yoast SEO plugin. -->","yoast_head_json":{"title":"5 tips para proteger tu piel por Moderna de Pueblo - Agrado","description":"Toma nota de los consejos de Moderna de Pueblo y Agrado para cuidar tu piel en verano y disfrutar del sol con responsabilidad.","robots":{"index":"index","follow":"follow","max-snippet":"max-snippet:-1","max-image-preview":"max-image-preview:large","max-video-preview":"max-video-preview:-1"},"canonical":"https:\/\/agradocosmetic.com\/fr\/5-tips-para-proteger-tu-piel-por-moderna-de-pueblo\/","og_locale":"fr_FR","og_type":"article","og_title":"5 tips para proteger tu piel por Moderna de Pueblo - Agrado","og_description":"Toma nota de los consejos de Moderna de Pueblo y Agrado para cuidar tu piel en verano y disfrutar del sol con responsabilidad.","og_url":"https:\/\/agradocosmetic.com\/fr\/5-tips-para-proteger-tu-piel-por-moderna-de-pueblo\/","og_site_name":"Agrado","article_published_time":"2020-06-29T10:49:05+00:00","article_modified_time":"2023-11-18T16:58:54+00:00","og_image":[{"width":1200,"height":800,"url":"https:\/\/agradocosmetic.com\/wp-content\/uploads\/2020\/06\/tips-proteger-piel-agrado.jpg","type":"image\/jpeg"}],"author":"agradocosmetic","twitter_card":"summary_large_image","twitter_misc":{"\u00c9crit par":"agradocosmetic","Dur\u00e9e de lecture estim\u00e9e":"2 minutes"},"schema":{"@context":"https:\/\/schema.org","@graph":[{"@type":"Article","@id":"https:\/\/agradocosmetic.com\/5-tips-para-proteger-tu-piel-por-moderna-de-pueblo\/#article","isPartOf":{"@id":"https:\/\/agradocosmetic.com\/5-tips-para-proteger-tu-piel-por-moderna-de-pueblo\/"},"author":{"name":"agradocosmetic","@id":"https:\/\/agradocosmetic.com\/#\/schema\/person\/732e8d396022e25f9340196f83d6789d"},"headline":"5 tips para proteger tu piel por Moderna de Pueblo","datePublished":"2020-06-29T10:49:05+00:00","dateModified":"2023-11-18T16:58:54+00:00","mainEntityOfPage":{"@id":"https:\/\/agradocosmetic.com\/5-tips-para-proteger-tu-piel-por-moderna-de-pueblo\/"},"wordCount":389,"commentCount":0,"publisher":{"@id":"https:\/\/agradocosmetic.com\/#organization"},"image":{"@id":"https:\/\/agradocosmetic.com\/5-tips-para-proteger-tu-piel-por-moderna-de-pueblo\/#primaryimage"},"thumbnailUrl":"https:\/\/agradocosmetic.com\/wp-content\/uploads\/2020\/06\/tips-proteger-piel-agrado.jpg","keywords":["cuidado de la piel","moderna de pueblo","proteccion solar","solares","tips"],"articleSection":["Lifestyle","Solar","Todos"],"inLanguage":"fr-FR","potentialAction":[{"@type":"CommentAction","name":"Comment","target":["https:\/\/agradocosmetic.com\/5-tips-para-proteger-tu-piel-por-moderna-de-pueblo\/#respond"]}]},{"@type":"WebPage","@id":"https:\/\/agradocosmetic.com\/5-tips-para-proteger-tu-piel-por-moderna-de-pueblo\/","url":"https:\/\/agradocosmetic.com\/5-tips-para-proteger-tu-piel-por-moderna-de-pueblo\/","name":"5 tips para proteger tu piel por Moderna de Pueblo - Agrado","isPartOf":{"@id":"https:\/\/agradocosmetic.com\/#website"},"primaryImageOfPage":{"@id":"https:\/\/agradocosmetic.com\/5-tips-para-proteger-tu-piel-por-moderna-de-pueblo\/#primaryimage"},"image":{"@id":"https:\/\/agradocosmetic.com\/5-tips-para-proteger-tu-piel-por-moderna-de-pueblo\/#primaryimage"},"thumbnailUrl":"https:\/\/agradocosmetic.com\/wp-content\/uploads\/2020\/06\/tips-proteger-piel-agrado.jpg","datePublished":"2020-06-29T10:49:05+00:00","dateModified":"2023-11-18T16:58:54+00:00","description":"Toma nota de los consejos de Moderna de Pueblo y Agrado para cuidar tu piel en verano y disfrutar del sol con responsabilidad.","breadcrumb":{"@id":"https:\/\/agradocosmetic.com\/5-tips-para-proteger-tu-piel-por-moderna-de-pueblo\/#breadcrumb"},"inLanguage":"fr-FR","potentialAction":[{"@type":"ReadAction","target":["https:\/\/agradocosmetic.com\/5-tips-para-proteger-tu-piel-por-moderna-de-pueblo\/"]}]},{"@type":"ImageObject","inLanguage":"fr-FR","@id":"https:\/\/agradocosmetic.com\/5-tips-para-proteger-tu-piel-por-moderna-de-pueblo\/#primaryimage","url":"https:\/\/agradocosmetic.com\/wp-content\/uploads\/2020\/06\/tips-proteger-piel-agrado.jpg","contentUrl":"https:\/\/agradocosmetic.com\/wp-content\/uploads\/2020\/06\/tips-proteger-piel-agrado.jpg","width":1200,"height":800},{"@type":"BreadcrumbList","@id":"https:\/\/agradocosmetic.com\/5-tips-para-proteger-tu-piel-por-moderna-de-pueblo\/#breadcrumb","itemListElement":[{"@type":"ListItem","position":1,"name":"Portada","item":"https:\/\/agradocosmetic.com\/"},{"@type":"ListItem","position":2,"name":"5 tips para proteger tu piel por Moderna de Pueblo"}]},{"@type":"WebSite","@id":"https:\/\/agradocosmetic.com\/#website","url":"https:\/\/agradocosmetic.com\/","name":"Aimer","description":"cosm\u00e9tique","publisher":{"@id":"https:\/\/agradocosmetic.com\/#organization"},"potentialAction":[{"@type":"SearchAction","target":{"@type":"EntryPoint","urlTemplate":"https:\/\/agradocosmetic.com\/?s={search_term_string}"},"query-input":{"@type":"PropertyValueSpecification","valueRequired":true,"valueName":"search_term_string"}}],"inLanguage":"fr-FR"},{"@type":"Organization","@id":"https:\/\/agradocosmetic.com\/#organization","name":"Aimer","url":"https:\/\/agradocosmetic.com\/","logo":{"@type":"ImageObject","inLanguage":"fr-FR","@id":"https:\/\/agradocosmetic.com\/#\/schema\/logo\/image\/","url":"https:\/\/agradocosmetic.com\/wp-content\/uploads\/2023\/07\/LOGO-AGRADO-WEB-01.png","contentUrl":"https:\/\/agradocosmetic.com\/wp-content\/uploads\/2023\/07\/LOGO-AGRADO-WEB-01.png","width":1632,"height":300,"caption":"Agrado"},"image":{"@id":"https:\/\/agradocosmetic.com\/#\/schema\/logo\/image\/"}},{"@type":"Person","@id":"https:\/\/agradocosmetic.com\/#\/schema\/person\/732e8d396022e25f9340196f83d6789d","name":"agradocosm\u00e9tique","image":{"@type":"ImageObject","inLanguage":"fr-FR","@id":"https:\/\/secure.gravatar.com\/avatar\/c6003e45301182b7e125463fcbec403b1980909c12edf09098526b9a15e779c0?s=96&d=mm&r=g","url":"https:\/\/secure.gravatar.com\/avatar\/c6003e45301182b7e125463fcbec403b1980909c12edf09098526b9a15e779c0?s=96&d=mm&r=g","contentUrl":"https:\/\/secure.gravatar.com\/avatar\/c6003e45301182b7e125463fcbec403b1980909c12edf09098526b9a15e779c0?s=96&d=mm&r=g","caption":"agradocosmetic"}}]}},"_links":{"self":[{"href":"https:\/\/agradocosmetic.com\/fr\/wp-json\/wp\/v2\/posts\/11291","targetHints":{"allow":["GET"]}}],"collection":[{"href":"https:\/\/agradocosmetic.com\/fr\/wp-json\/wp\/v2\/posts"}],"about":[{"href":"https:\/\/agradocosmetic.com\/fr\/wp-json\/wp\/v2\/types\/post"}],"author":[{"embeddable":true,"href":"https:\/\/agradocosmetic.com\/fr\/wp-json\/wp\/v2\/users\/9"}],"replies":[{"embeddable":true,"href":"https:\/\/agradocosmetic.com\/fr\/wp-json\/wp\/v2\/comments?post=11291"}],"version-history":[{"count":1,"href":"https:\/\/agradocosmetic.com\/fr\/wp-json\/wp\/v2\/posts\/11291\/revisions"}],"predecessor-version":[{"id":21367,"href":"https:\/\/agradocosmetic.com\/fr\/wp-json\/wp\/v2\/posts\/11291\/revisions\/21367"}],"wp:featuredmedia":[{"embeddable":true,"href":"https:\/\/agradocosmetic.com\/fr\/wp-json\/wp\/v2\/media\/21366"}],"wp:attachment":[{"href":"https:\/\/agradocosmetic.com\/fr\/wp-json\/wp\/v2\/media?parent=11291"}],"wp:term":[{"taxonomy":"category","embeddable":true,"href":"https:\/\/agradocosmetic.com\/fr\/wp-json\/wp\/v2\/categories?post=11291"},{"taxonomy":"post_tag","embeddable":true,"href":"https:\/\/agradocosmetic.com\/fr\/wp-json\/wp\/v2\/tags?post=11291"}],"curies":[{"name":"wp","href":"https:\/\/api.w.org\/{rel}","templated":true}]}}