{"id":11765,"date":"2020-07-14T10:21:44","date_gmt":"2020-07-14T09:21:44","guid":{"rendered":"https:\/\/www.agradocosmetic.com\/?p=11765"},"modified":"2023-11-18T16:58:54","modified_gmt":"2023-11-18T16:58:54","slug":"reto-tiktok-con-valeria-monerri","status":"publish","type":"post","link":"https:\/\/agradocosmetic.com\/fr\/reto-tiktok-con-valeria-monerri\/","title":{"rendered":"D\u00e9fi TikTok avec Valeria Monerri"},"content":{"rendered":"<p>\u00cates-vous d\u00e9j\u00e0 devenu accro \u00e0 TikTok ? Le r\u00e9seau social de clips et de doublages qui a du succ\u00e8s aupr\u00e8s des plus jeunes s\u00e9duit un grand nombre de personnes et de marques, dont nous ! Nous trouvons cela tellement amusant et original que nous sommes tomb\u00e9s dans la tentation. Et depuis que nous sommes nouveaux, Valeria Monerri, une TikTokeuse tr\u00e8s exp\u00e9riment\u00e9e, nous a aid\u00e9 \u00e0 cr\u00e9er des vid\u00e9os d&#039;\u00e9t\u00e9 sympas avec notre ligne solaire.<\/p>\r\n\r\n\r\n\r\n<p>Vous souhaitez gagner un kit d&#039;\u00e9t\u00e9 comme celui de Valeria ? Nous vous invitons \u00e0 cr\u00e9er un <a href=\"https:\/\/www.tiktok.com\/@agradocosmetic?source=h5_t\" target=\"_blank\" rel=\"noreferrer noopener\" aria-label=\"non d\u00e9fini (s&#039;ouvre dans un nouvel onglet)\">profil sur TikTok<\/a>Si vous ne l&#039;avez pas d\u00e9j\u00e0, essayez votre cr\u00e9ativit\u00e9 avec une vid\u00e9o d&#039;\u00e9t\u00e9. Pensez \u00e0 nous mentionner et \u00e0 ajouter notre hashtag ! #agradocrew @agradocosmetic sur Instagram <a href=\"https:\/\/www.instagram.com\/valeriaamonerri\/\" target=\"_blank\" rel=\"noreferrer noopener\" aria-label=\"non d\u00e9fini (s&#039;ouvre dans un nouvel onglet)\">@valeriaamonerri <\/a>Vous pouvez suivre les \u00e9tapes pour participer ! Et regardez leurs TikToks pour vous inspirer.<\/p>\r\n\r\n\r\n\r\n<p>Le kit \u00e9t\u00e9 comprend notre <a href=\"\/fr\/?linea=solares\" target=\"_blank\" rel=\"noreferrer noopener\" aria-label=\"non d\u00e9fini (s&#039;ouvre dans un nouvel onglet)\">gamme compl\u00e8te de solaire<\/a>, le top flotteur flamant paillet\u00e9 de l&#039;\u00e9t\u00e9, une illustration personnalis\u00e9e et le livre de Valeria qui lui est d\u00e9di\u00e9. Nous vous laissons le <a href=\"https:\/\/www.instagram.com\/p\/CCVwQe9gnoA\/\" target=\"_blank\" rel=\"noreferrer noopener\" aria-label=\"non d\u00e9fini (s&#039;ouvre dans un nouvel onglet)\">lien direct ICI<\/a> pour participer!<\/p>\r\n\r\n\r\n\r\n<p>Si vous ne connaissez pas encore nos produits solaires, vous allez les adorer ! Ils p\u00e9n\u00e8trent rapidement et vous prot\u00e8gent pour \u00e9viter les irritations et les br\u00fblures. De plus, vous trouverez diff\u00e9rents formats afin que vous puissiez choisir celui qui vous convient le mieux. Brume s\u00e8che, cr\u00e8me, mousse... A vous de choisir ! De plus, nous vous rappelons que, si vous n&#039;\u00eates pas l&#039;heureux gagnant, vous pouvez les acheter dans les principales parfumeries et supermarch\u00e9s. Et si vous \u00eates d\u00e9j\u00e0 tomb\u00e9 amoureux de notre flotteur flamant rose, nous vous l&#039;offrons gratuitement \u00e0 l&#039;achat de deux produits solaires Agrado ou plus dans les principales parfumeries.<\/p>\r\n\r\n\r\n\r\n<p>Cet \u00e9t\u00e9, c&#039;est le moment de profiter des petites choses ! Et la seule chose dont vous vous souciez \u00e0 la plage ou \u00e0 la piscine est de prot\u00e9ger votre peau. Place \u00e0 un \u00e9t\u00e9 sans filtres, sans complexes ! Naturel et agr\u00e9able. \ud83d\ude42 Etes-vous partant ? Oubliez la photo parfaite et profitez du moment !<\/p>\r\n\r\n\r\n\r\n<p>Rendez-vous sur TikTok pour passer un bon moment ensemble.<\/p>","protected":false},"excerpt":{"rendered":"<p>\u00bfYa te has enganchado a TikTok? La red social de v\u00eddeos musicales y con doblajes que triunfa entre los m\u00e1s j\u00f3venes, est\u00e1 captando a un gran n\u00famero de personas y marcas, \u00a1entre las que nos incluimos! Nos parece tan divertida y original, que hemos ca\u00eddo en la tentaci\u00f3n. Y como somos nuevos, Valeria Monerri, TikToker [&hellip;]<\/p>\n","protected":false},"author":9,"featured_media":21364,"comment_status":"open","ping_status":"closed","sticky":false,"template":"","format":"standard","meta":{"footnotes":"","_wp_rev_ctl_limit":""},"categories":[116,1],"tags":[],"class_list":["post-11765","post","type-post","status-publish","format-standard","has-post-thumbnail","hentry","category-solar","category-todos"],"yoast_head":"<!-- This site is optimized with the Yoast SEO plugin v27.4 - https:\/\/yoast.com\/product\/yoast-seo-wordpress\/ -->\n<title>Reto en TikTok con Valeria Monerri - Agrado<\/title>\n<meta name=\"description\" content=\"\u00a1Te retamos en TikTok! Consigue un Summer Kit de Agrado muy especial participando en nuestro reto veraniego. \u00a1Saca tu cara m\u00e1s creativa!\" \/>\n<meta name=\"robots\" content=\"index, follow, max-snippet:-1, max-image-preview:large, max-video-preview:-1\" \/>\n<link rel=\"canonical\" href=\"https:\/\/agradocosmetic.com\/fr\/reto-tiktok-con-valeria-monerri\/\" \/>\n<meta property=\"og:locale\" content=\"fr_FR\" \/>\n<meta property=\"og:type\" content=\"article\" \/>\n<meta property=\"og:title\" content=\"Reto en TikTok con Valeria Monerri - Agrado\" \/>\n<meta property=\"og:description\" content=\"\u00a1Te retamos en TikTok! Consigue un Summer Kit de Agrado muy especial participando en nuestro reto veraniego. \u00a1Saca tu cara m\u00e1s creativa!\" \/>\n<meta property=\"og:url\" content=\"https:\/\/agradocosmetic.com\/fr\/reto-tiktok-con-valeria-monerri\/\" \/>\n<meta property=\"og:site_name\" content=\"Agrado\" \/>\n<meta property=\"article:published_time\" content=\"2020-07-14T09:21:44+00:00\" \/>\n<meta property=\"article:modified_time\" content=\"2023-11-18T16:58:54+00:00\" \/>\n<meta property=\"og:image\" content=\"https:\/\/agradocosmetic.com\/wp-content\/uploads\/2020\/07\/reto-tiktok-agrado.jpg\" \/>\n\t<meta property=\"og:image:width\" content=\"1200\" \/>\n\t<meta property=\"og:image:height\" content=\"800\" \/>\n\t<meta property=\"og:image:type\" content=\"image\/jpeg\" \/>\n<meta name=\"author\" content=\"agradocosmetic\" \/>\n<meta name=\"twitter:card\" content=\"summary_large_image\" \/>\n<meta name=\"twitter:label1\" content=\"\u00c9crit par\" \/>\n\t<meta name=\"twitter:data1\" content=\"agradocosmetic\" \/>\n\t<meta name=\"twitter:label2\" content=\"Dur\u00e9e de lecture estim\u00e9e\" \/>\n\t<meta name=\"twitter:data2\" content=\"2 minutes\" \/>\n<script type=\"application\/ld+json\" class=\"yoast-schema-graph\">{\"@context\":\"https:\\\/\\\/schema.org\",\"@graph\":[{\"@type\":\"Article\",\"@id\":\"https:\\\/\\\/agradocosmetic.com\\\/reto-tiktok-con-valeria-monerri\\\/#article\",\"isPartOf\":{\"@id\":\"https:\\\/\\\/agradocosmetic.com\\\/reto-tiktok-con-valeria-monerri\\\/\"},\"author\":{\"name\":\"agradocosmetic\",\"@id\":\"https:\\\/\\\/agradocosmetic.com\\\/#\\\/schema\\\/person\\\/732e8d396022e25f9340196f83d6789d\"},\"headline\":\"Reto en TikTok con Valeria Monerri\",\"datePublished\":\"2020-07-14T09:21:44+00:00\",\"dateModified\":\"2023-11-18T16:58:54+00:00\",\"mainEntityOfPage\":{\"@id\":\"https:\\\/\\\/agradocosmetic.com\\\/reto-tiktok-con-valeria-monerri\\\/\"},\"wordCount\":337,\"commentCount\":0,\"publisher\":{\"@id\":\"https:\\\/\\\/agradocosmetic.com\\\/#organization\"},\"image\":{\"@id\":\"https:\\\/\\\/agradocosmetic.com\\\/reto-tiktok-con-valeria-monerri\\\/#primaryimage\"},\"thumbnailUrl\":\"https:\\\/\\\/agradocosmetic.com\\\/wp-content\\\/uploads\\\/2020\\\/07\\\/reto-tiktok-agrado.jpg\",\"articleSection\":[\"Solar\",\"Todos\"],\"inLanguage\":\"fr-FR\",\"potentialAction\":[{\"@type\":\"CommentAction\",\"name\":\"Comment\",\"target\":[\"https:\\\/\\\/agradocosmetic.com\\\/reto-tiktok-con-valeria-monerri\\\/#respond\"]}]},{\"@type\":\"WebPage\",\"@id\":\"https:\\\/\\\/agradocosmetic.com\\\/reto-tiktok-con-valeria-monerri\\\/\",\"url\":\"https:\\\/\\\/agradocosmetic.com\\\/reto-tiktok-con-valeria-monerri\\\/\",\"name\":\"Reto en TikTok con Valeria Monerri - Agrado\",\"isPartOf\":{\"@id\":\"https:\\\/\\\/agradocosmetic.com\\\/#website\"},\"primaryImageOfPage\":{\"@id\":\"https:\\\/\\\/agradocosmetic.com\\\/reto-tiktok-con-valeria-monerri\\\/#primaryimage\"},\"image\":{\"@id\":\"https:\\\/\\\/agradocosmetic.com\\\/reto-tiktok-con-valeria-monerri\\\/#primaryimage\"},\"thumbnailUrl\":\"https:\\\/\\\/agradocosmetic.com\\\/wp-content\\\/uploads\\\/2020\\\/07\\\/reto-tiktok-agrado.jpg\",\"datePublished\":\"2020-07-14T09:21:44+00:00\",\"dateModified\":\"2023-11-18T16:58:54+00:00\",\"description\":\"\u00a1Te retamos en TikTok! Consigue un Summer Kit de Agrado muy especial participando en nuestro reto veraniego. \u00a1Saca tu cara m\u00e1s creativa!\",\"breadcrumb\":{\"@id\":\"https:\\\/\\\/agradocosmetic.com\\\/reto-tiktok-con-valeria-monerri\\\/#breadcrumb\"},\"inLanguage\":\"fr-FR\",\"potentialAction\":[{\"@type\":\"ReadAction\",\"target\":[\"https:\\\/\\\/agradocosmetic.com\\\/reto-tiktok-con-valeria-monerri\\\/\"]}]},{\"@type\":\"ImageObject\",\"inLanguage\":\"fr-FR\",\"@id\":\"https:\\\/\\\/agradocosmetic.com\\\/reto-tiktok-con-valeria-monerri\\\/#primaryimage\",\"url\":\"https:\\\/\\\/agradocosmetic.com\\\/wp-content\\\/uploads\\\/2020\\\/07\\\/reto-tiktok-agrado.jpg\",\"contentUrl\":\"https:\\\/\\\/agradocosmetic.com\\\/wp-content\\\/uploads\\\/2020\\\/07\\\/reto-tiktok-agrado.jpg\",\"width\":1200,\"height\":800},{\"@type\":\"BreadcrumbList\",\"@id\":\"https:\\\/\\\/agradocosmetic.com\\\/reto-tiktok-con-valeria-monerri\\\/#breadcrumb\",\"itemListElement\":[{\"@type\":\"ListItem\",\"position\":1,\"name\":\"Portada\",\"item\":\"https:\\\/\\\/agradocosmetic.com\\\/\"},{\"@type\":\"ListItem\",\"position\":2,\"name\":\"Reto en TikTok con Valeria Monerri\"}]},{\"@type\":\"WebSite\",\"@id\":\"https:\\\/\\\/agradocosmetic.com\\\/#website\",\"url\":\"https:\\\/\\\/agradocosmetic.com\\\/\",\"name\":\"Agrado\",\"description\":\"Cosmetic\",\"publisher\":{\"@id\":\"https:\\\/\\\/agradocosmetic.com\\\/#organization\"},\"potentialAction\":[{\"@type\":\"SearchAction\",\"target\":{\"@type\":\"EntryPoint\",\"urlTemplate\":\"https:\\\/\\\/agradocosmetic.com\\\/?s={search_term_string}\"},\"query-input\":{\"@type\":\"PropertyValueSpecification\",\"valueRequired\":true,\"valueName\":\"search_term_string\"}}],\"inLanguage\":\"fr-FR\"},{\"@type\":\"Organization\",\"@id\":\"https:\\\/\\\/agradocosmetic.com\\\/#organization\",\"name\":\"Agrado\",\"url\":\"https:\\\/\\\/agradocosmetic.com\\\/\",\"logo\":{\"@type\":\"ImageObject\",\"inLanguage\":\"fr-FR\",\"@id\":\"https:\\\/\\\/agradocosmetic.com\\\/#\\\/schema\\\/logo\\\/image\\\/\",\"url\":\"https:\\\/\\\/agradocosmetic.com\\\/wp-content\\\/uploads\\\/2023\\\/07\\\/LOGO-AGRADO-WEB-01.png\",\"contentUrl\":\"https:\\\/\\\/agradocosmetic.com\\\/wp-content\\\/uploads\\\/2023\\\/07\\\/LOGO-AGRADO-WEB-01.png\",\"width\":1632,\"height\":300,\"caption\":\"Agrado\"},\"image\":{\"@id\":\"https:\\\/\\\/agradocosmetic.com\\\/#\\\/schema\\\/logo\\\/image\\\/\"}},{\"@type\":\"Person\",\"@id\":\"https:\\\/\\\/agradocosmetic.com\\\/#\\\/schema\\\/person\\\/732e8d396022e25f9340196f83d6789d\",\"name\":\"agradocosmetic\",\"image\":{\"@type\":\"ImageObject\",\"inLanguage\":\"fr-FR\",\"@id\":\"https:\\\/\\\/secure.gravatar.com\\\/avatar\\\/c6003e45301182b7e125463fcbec403b1980909c12edf09098526b9a15e779c0?s=96&d=mm&r=g\",\"url\":\"https:\\\/\\\/secure.gravatar.com\\\/avatar\\\/c6003e45301182b7e125463fcbec403b1980909c12edf09098526b9a15e779c0?s=96&d=mm&r=g\",\"contentUrl\":\"https:\\\/\\\/secure.gravatar.com\\\/avatar\\\/c6003e45301182b7e125463fcbec403b1980909c12edf09098526b9a15e779c0?s=96&d=mm&r=g\",\"caption\":\"agradocosmetic\"}}]}<\/script>\n<!-- \/ Yoast SEO plugin. -->","yoast_head_json":{"title":"Reto en TikTok con Valeria Monerri - Agrado","description":"\u00a1Te retamos en TikTok! Consigue un Summer Kit de Agrado muy especial participando en nuestro reto veraniego. \u00a1Saca tu cara m\u00e1s creativa!","robots":{"index":"index","follow":"follow","max-snippet":"max-snippet:-1","max-image-preview":"max-image-preview:large","max-video-preview":"max-video-preview:-1"},"canonical":"https:\/\/agradocosmetic.com\/fr\/reto-tiktok-con-valeria-monerri\/","og_locale":"fr_FR","og_type":"article","og_title":"Reto en TikTok con Valeria Monerri - Agrado","og_description":"\u00a1Te retamos en TikTok! Consigue un Summer Kit de Agrado muy especial participando en nuestro reto veraniego. \u00a1Saca tu cara m\u00e1s creativa!","og_url":"https:\/\/agradocosmetic.com\/fr\/reto-tiktok-con-valeria-monerri\/","og_site_name":"Agrado","article_published_time":"2020-07-14T09:21:44+00:00","article_modified_time":"2023-11-18T16:58:54+00:00","og_image":[{"width":1200,"height":800,"url":"https:\/\/agradocosmetic.com\/wp-content\/uploads\/2020\/07\/reto-tiktok-agrado.jpg","type":"image\/jpeg"}],"author":"agradocosmetic","twitter_card":"summary_large_image","twitter_misc":{"\u00c9crit par":"agradocosmetic","Dur\u00e9e de lecture estim\u00e9e":"2 minutes"},"schema":{"@context":"https:\/\/schema.org","@graph":[{"@type":"Article","@id":"https:\/\/agradocosmetic.com\/reto-tiktok-con-valeria-monerri\/#article","isPartOf":{"@id":"https:\/\/agradocosmetic.com\/reto-tiktok-con-valeria-monerri\/"},"author":{"name":"agradocosmetic","@id":"https:\/\/agradocosmetic.com\/#\/schema\/person\/732e8d396022e25f9340196f83d6789d"},"headline":"Reto en TikTok con Valeria Monerri","datePublished":"2020-07-14T09:21:44+00:00","dateModified":"2023-11-18T16:58:54+00:00","mainEntityOfPage":{"@id":"https:\/\/agradocosmetic.com\/reto-tiktok-con-valeria-monerri\/"},"wordCount":337,"commentCount":0,"publisher":{"@id":"https:\/\/agradocosmetic.com\/#organization"},"image":{"@id":"https:\/\/agradocosmetic.com\/reto-tiktok-con-valeria-monerri\/#primaryimage"},"thumbnailUrl":"https:\/\/agradocosmetic.com\/wp-content\/uploads\/2020\/07\/reto-tiktok-agrado.jpg","articleSection":["Solar","Todos"],"inLanguage":"fr-FR","potentialAction":[{"@type":"CommentAction","name":"Comment","target":["https:\/\/agradocosmetic.com\/reto-tiktok-con-valeria-monerri\/#respond"]}]},{"@type":"WebPage","@id":"https:\/\/agradocosmetic.com\/reto-tiktok-con-valeria-monerri\/","url":"https:\/\/agradocosmetic.com\/reto-tiktok-con-valeria-monerri\/","name":"Reto en TikTok con Valeria Monerri - Agrado","isPartOf":{"@id":"https:\/\/agradocosmetic.com\/#website"},"primaryImageOfPage":{"@id":"https:\/\/agradocosmetic.com\/reto-tiktok-con-valeria-monerri\/#primaryimage"},"image":{"@id":"https:\/\/agradocosmetic.com\/reto-tiktok-con-valeria-monerri\/#primaryimage"},"thumbnailUrl":"https:\/\/agradocosmetic.com\/wp-content\/uploads\/2020\/07\/reto-tiktok-agrado.jpg","datePublished":"2020-07-14T09:21:44+00:00","dateModified":"2023-11-18T16:58:54+00:00","description":"\u00a1Te retamos en TikTok! Consigue un Summer Kit de Agrado muy especial participando en nuestro reto veraniego. \u00a1Saca tu cara m\u00e1s creativa!","breadcrumb":{"@id":"https:\/\/agradocosmetic.com\/reto-tiktok-con-valeria-monerri\/#breadcrumb"},"inLanguage":"fr-FR","potentialAction":[{"@type":"ReadAction","target":["https:\/\/agradocosmetic.com\/reto-tiktok-con-valeria-monerri\/"]}]},{"@type":"ImageObject","inLanguage":"fr-FR","@id":"https:\/\/agradocosmetic.com\/reto-tiktok-con-valeria-monerri\/#primaryimage","url":"https:\/\/agradocosmetic.com\/wp-content\/uploads\/2020\/07\/reto-tiktok-agrado.jpg","contentUrl":"https:\/\/agradocosmetic.com\/wp-content\/uploads\/2020\/07\/reto-tiktok-agrado.jpg","width":1200,"height":800},{"@type":"BreadcrumbList","@id":"https:\/\/agradocosmetic.com\/reto-tiktok-con-valeria-monerri\/#breadcrumb","itemListElement":[{"@type":"ListItem","position":1,"name":"Portada","item":"https:\/\/agradocosmetic.com\/"},{"@type":"ListItem","position":2,"name":"Reto en TikTok con Valeria Monerri"}]},{"@type":"WebSite","@id":"https:\/\/agradocosmetic.com\/#website","url":"https:\/\/agradocosmetic.com\/","name":"Aimer","description":"cosm\u00e9tique","publisher":{"@id":"https:\/\/agradocosmetic.com\/#organization"},"potentialAction":[{"@type":"SearchAction","target":{"@type":"EntryPoint","urlTemplate":"https:\/\/agradocosmetic.com\/?s={search_term_string}"},"query-input":{"@type":"PropertyValueSpecification","valueRequired":true,"valueName":"search_term_string"}}],"inLanguage":"fr-FR"},{"@type":"Organization","@id":"https:\/\/agradocosmetic.com\/#organization","name":"Aimer","url":"https:\/\/agradocosmetic.com\/","logo":{"@type":"ImageObject","inLanguage":"fr-FR","@id":"https:\/\/agradocosmetic.com\/#\/schema\/logo\/image\/","url":"https:\/\/agradocosmetic.com\/wp-content\/uploads\/2023\/07\/LOGO-AGRADO-WEB-01.png","contentUrl":"https:\/\/agradocosmetic.com\/wp-content\/uploads\/2023\/07\/LOGO-AGRADO-WEB-01.png","width":1632,"height":300,"caption":"Agrado"},"image":{"@id":"https:\/\/agradocosmetic.com\/#\/schema\/logo\/image\/"}},{"@type":"Person","@id":"https:\/\/agradocosmetic.com\/#\/schema\/person\/732e8d396022e25f9340196f83d6789d","name":"agradocosm\u00e9tique","image":{"@type":"ImageObject","inLanguage":"fr-FR","@id":"https:\/\/secure.gravatar.com\/avatar\/c6003e45301182b7e125463fcbec403b1980909c12edf09098526b9a15e779c0?s=96&d=mm&r=g","url":"https:\/\/secure.gravatar.com\/avatar\/c6003e45301182b7e125463fcbec403b1980909c12edf09098526b9a15e779c0?s=96&d=mm&r=g","contentUrl":"https:\/\/secure.gravatar.com\/avatar\/c6003e45301182b7e125463fcbec403b1980909c12edf09098526b9a15e779c0?s=96&d=mm&r=g","caption":"agradocosmetic"}}]}},"_links":{"self":[{"href":"https:\/\/agradocosmetic.com\/fr\/wp-json\/wp\/v2\/posts\/11765","targetHints":{"allow":["GET"]}}],"collection":[{"href":"https:\/\/agradocosmetic.com\/fr\/wp-json\/wp\/v2\/posts"}],"about":[{"href":"https:\/\/agradocosmetic.com\/fr\/wp-json\/wp\/v2\/types\/post"}],"author":[{"embeddable":true,"href":"https:\/\/agradocosmetic.com\/fr\/wp-json\/wp\/v2\/users\/9"}],"replies":[{"embeddable":true,"href":"https:\/\/agradocosmetic.com\/fr\/wp-json\/wp\/v2\/comments?post=11765"}],"version-history":[{"count":1,"href":"https:\/\/agradocosmetic.com\/fr\/wp-json\/wp\/v2\/posts\/11765\/revisions"}],"predecessor-version":[{"id":21365,"href":"https:\/\/agradocosmetic.com\/fr\/wp-json\/wp\/v2\/posts\/11765\/revisions\/21365"}],"wp:featuredmedia":[{"embeddable":true,"href":"https:\/\/agradocosmetic.com\/fr\/wp-json\/wp\/v2\/media\/21364"}],"wp:attachment":[{"href":"https:\/\/agradocosmetic.com\/fr\/wp-json\/wp\/v2\/media?parent=11765"}],"wp:term":[{"taxonomy":"category","embeddable":true,"href":"https:\/\/agradocosmetic.com\/fr\/wp-json\/wp\/v2\/categories?post=11765"},{"taxonomy":"post_tag","embeddable":true,"href":"https:\/\/agradocosmetic.com\/fr\/wp-json\/wp\/v2\/tags?post=11765"}],"curies":[{"name":"wp","href":"https:\/\/api.w.org\/{rel}","templated":true}]}}