{"id":11805,"date":"2020-07-16T08:21:34","date_gmt":"2020-07-16T07:21:34","guid":{"rendered":"https:\/\/www.agradocosmetic.com\/?p=11805"},"modified":"2023-11-18T16:58:54","modified_gmt":"2023-11-18T16:58:54","slug":"manifiesto-de-verano-tus-imprescindibles","status":"publish","type":"post","link":"https:\/\/agradocosmetic.com\/fr\/manifiesto-de-verano-tus-imprescindibles\/","title":{"rendered":"Manifeste de l&#039;\u00e9t\u00e9, vos indispensables !"},"content":{"rendered":"<p>Un \u00e9t\u00e9 atypique, mais l&#039;\u00e9t\u00e9 quand m\u00eame ! Cette ann\u00e9e, nous avons d\u00e9cid\u00e9 de profiter des petites choses qui nous rendent heureux, et nous y travaillons ! Pour s\u2019y conformer strictement, nous avons pr\u00e9par\u00e9 notre propre liste de \u00ab musts \u00bb, tout ce que vous ne pouvez pas manquer ! Un manifeste d&#039;\u00e9t\u00e9 avec beaucoup d&#039;amour et d&#039;affection pour ne pas manquer un sourire. Et nous vous assurons que la plupart des points sont gratuits. \ud83d\ude42<\/p>\r\n\r\n\r\n\r\n<ol class=\"wp-block-list\">\r\n<li><strong>Tes amies<\/strong>. Parce que les appels vid\u00e9o, c&#039;est tr\u00e8s bien, mais m\u00eame avec prudence, les #agradocrew sont en contact ! Et une apr\u00e8s-midi au bar de plage (en respectant les mesures de s\u00e9curit\u00e9) entre amis vaut mieux qu&#039;un voyage dans les Cara\u00efbes !<\/li>\r\n<li><strong>Appr\u00e9cie l&#039;eau. <\/strong>Surtout si vous habitez dans des zones chaudes ! Qu&#039;il s&#039;agisse d&#039;organiser une journ\u00e9e \u00e0 la plage, \u00e0 la piscine ou dans un spa. L\u2019important ici est de se rafra\u00eechir et de passer un bon moment ! Et si vous poss\u00e9dez en plus notre flotteur flamant rose paillet\u00e9, vous serez la reine des mers ! \ud83d\ude09<\/li>\r\n<li><strong>Oubliez les complexes. <\/strong>Et c\u2019est l\u2019un des points les plus importants du manifeste de l\u2019\u00e9t\u00e9 ! Parce qu&#039;\u00e0 cette \u00e9poque, certaines ins\u00e9curit\u00e9s et complexes ont tendance \u00e0 \u00e9merger avec notre corps, mais lorsque vous r\u00e9aliserez que tous les corps sont beaux et que le v\u00f4tre est un temple que vous devez chouchouter et respecter, vous commencerez s\u00fbrement \u00e0 vous valoriser et \u00e0 vous aimer davantage ! !<\/li>\r\n<li><strong>Prenez soin de votre corps<\/strong>. Dedans mais aussi dehors ! Faites-vous plaisir avec votre glace pr\u00e9f\u00e9r\u00e9e, mais ne perdez pas non plus la t\u00eate avec les exc\u00e8s. Cela vous fera vous sentir ballonn\u00e9 et avec une mauvaise conscience. N&#039;oubliez pas votre peau, c&#039;est la seule chose dont vous devez vous soucier sur la plage. Prot\u00e9gez-le avec <a href=\"\/fr\/?linea=solares\" target=\"_blank\" rel=\"noreferrer noopener\" aria-label=\"non d\u00e9fini (s&#039;ouvre dans un nouvel onglet)\">solaire Agrado<\/a> Celui que vous pr\u00e9f\u00e9rez pour \u00eatre jolie et bronz\u00e9e !<\/li>\r\n<li><strong>Essayez un nouveau sport.<\/strong> Si vous n&#039;avez pas l&#039;habitude de faire de l&#039;exercice, il est temps de d\u00e9couvrir quelque chose de nouveau\u00a0! Tout ce qui implique de bouger votre corps et de faire battre votre c\u0153ur est une bonne option. Et si vous pouvez innover, alors tant mieux ! Paddle surf, kayak, plong\u00e9e, escalade, balades dans la nature... Les options sont infinies !<\/li>\r\n<li><strong>Cr\u00e9ez des moments inoubliables !<\/strong> Le dernier et fondamental. A vous de faire de chaque jour un moment privil\u00e9gi\u00e9. Partagez avec vos proches, cuisinez le plat pr\u00e9f\u00e9r\u00e9 de votre partenaire, surprenez vos amis avec un plan original, organisez une journ\u00e9e nature en famille, d\u00e9gustez un bon livre ou d\u00e9tendez-vous avec un long bain. C&#039;est entre vos mains de faire de cet \u00e9t\u00e9 un moment unique\u00a0!<\/li>\r\n<\/ol>\r\n\r\n\r\n\r\n<p>Comme vous pouvez le constater, nous le disons tr\u00e8s clairement : personne ne peut nous priver de nos plaisirs estivaux ! Nous esp\u00e9rons que ce manifeste estival vous a fait sourire et vous a encourag\u00e9 \u00e0 profiter des petites choses.<\/p>","protected":false},"excerpt":{"rendered":"<p>Verano at\u00edpico, \u00a1pero verano al fin y al cabo! Este a\u00f1o nos propusimos disfrutar de las peque\u00f1as cosas que nos hacen felices, \u00a1y en ello estamos! Para cumplirlo a rajatabla, hemos elaborado nuestra propia lista de \u00abmusts\u00bb, \u00a1todo lo que no te puede faltar! Un manifiesto de verano con mucho amor y cari\u00f1o para que [&hellip;]<\/p>\n","protected":false},"author":9,"featured_media":21362,"comment_status":"open","ping_status":"closed","sticky":false,"template":"","format":"standard","meta":{"footnotes":"","_wp_rev_ctl_limit":""},"categories":[118,116,1],"tags":[319,320,228,321],"class_list":["post-11805","post","type-post","status-publish","format-standard","has-post-thumbnail","hentry","category-lifestyle","category-solar","category-todos","tag-autoestimas","tag-manifiesto","tag-solar","tag-verano"],"yoast_head":"<!-- This site is optimized with the Yoast SEO plugin v27.4 - https:\/\/yoast.com\/product\/yoast-seo-wordpress\/ -->\n<title>Manifiesto de verano, \u00a1tus imprescindibles! - Agrado<\/title>\n<meta name=\"description\" content=\"Hemos elaborado el manifiesto de verano m\u00e1s disfrut\u00f3n de la temporada. \u00a1Porque nos hemos propuesto disfrutar de las peque\u00f1as cosas y lo vamos a cumplir!\" \/>\n<meta name=\"robots\" content=\"index, follow, max-snippet:-1, max-image-preview:large, max-video-preview:-1\" \/>\n<link rel=\"canonical\" href=\"https:\/\/agradocosmetic.com\/fr\/manifiesto-de-verano-tus-imprescindibles\/\" \/>\n<meta property=\"og:locale\" content=\"fr_FR\" \/>\n<meta property=\"og:type\" content=\"article\" \/>\n<meta property=\"og:title\" content=\"Manifiesto de verano, \u00a1tus imprescindibles! - Agrado\" \/>\n<meta property=\"og:description\" content=\"Hemos elaborado el manifiesto de verano m\u00e1s disfrut\u00f3n de la temporada. \u00a1Porque nos hemos propuesto disfrutar de las peque\u00f1as cosas y lo vamos a cumplir!\" \/>\n<meta property=\"og:url\" content=\"https:\/\/agradocosmetic.com\/fr\/manifiesto-de-verano-tus-imprescindibles\/\" \/>\n<meta property=\"og:site_name\" content=\"Agrado\" \/>\n<meta property=\"article:published_time\" content=\"2020-07-16T07:21:34+00:00\" \/>\n<meta property=\"article:modified_time\" content=\"2023-11-18T16:58:54+00:00\" \/>\n<meta property=\"og:image\" content=\"https:\/\/agradocosmetic.com\/wp-content\/uploads\/2020\/07\/manifiesto-verano-agrado.jpg\" \/>\n\t<meta property=\"og:image:width\" content=\"1200\" \/>\n\t<meta property=\"og:image:height\" content=\"800\" \/>\n\t<meta property=\"og:image:type\" content=\"image\/jpeg\" \/>\n<meta name=\"author\" content=\"agradocosmetic\" \/>\n<meta name=\"twitter:card\" content=\"summary_large_image\" \/>\n<meta name=\"twitter:label1\" content=\"\u00c9crit par\" \/>\n\t<meta name=\"twitter:data1\" content=\"agradocosmetic\" \/>\n\t<meta name=\"twitter:label2\" content=\"Dur\u00e9e de lecture estim\u00e9e\" \/>\n\t<meta name=\"twitter:data2\" content=\"2 minutes\" \/>\n<script type=\"application\/ld+json\" class=\"yoast-schema-graph\">{\"@context\":\"https:\\\/\\\/schema.org\",\"@graph\":[{\"@type\":\"Article\",\"@id\":\"https:\\\/\\\/agradocosmetic.com\\\/manifiesto-de-verano-tus-imprescindibles\\\/#article\",\"isPartOf\":{\"@id\":\"https:\\\/\\\/agradocosmetic.com\\\/manifiesto-de-verano-tus-imprescindibles\\\/\"},\"author\":{\"name\":\"agradocosmetic\",\"@id\":\"https:\\\/\\\/agradocosmetic.com\\\/#\\\/schema\\\/person\\\/732e8d396022e25f9340196f83d6789d\"},\"headline\":\"Manifiesto de verano, \u00a1tus imprescindibles!\",\"datePublished\":\"2020-07-16T07:21:34+00:00\",\"dateModified\":\"2023-11-18T16:58:54+00:00\",\"mainEntityOfPage\":{\"@id\":\"https:\\\/\\\/agradocosmetic.com\\\/manifiesto-de-verano-tus-imprescindibles\\\/\"},\"wordCount\":461,\"commentCount\":0,\"publisher\":{\"@id\":\"https:\\\/\\\/agradocosmetic.com\\\/#organization\"},\"image\":{\"@id\":\"https:\\\/\\\/agradocosmetic.com\\\/manifiesto-de-verano-tus-imprescindibles\\\/#primaryimage\"},\"thumbnailUrl\":\"https:\\\/\\\/agradocosmetic.com\\\/wp-content\\\/uploads\\\/2020\\\/07\\\/manifiesto-verano-agrado.jpg\",\"keywords\":[\"autoestimas\",\"manifiesto\",\"solar\",\"verano\"],\"articleSection\":[\"Lifestyle\",\"Solar\",\"Todos\"],\"inLanguage\":\"fr-FR\",\"potentialAction\":[{\"@type\":\"CommentAction\",\"name\":\"Comment\",\"target\":[\"https:\\\/\\\/agradocosmetic.com\\\/manifiesto-de-verano-tus-imprescindibles\\\/#respond\"]}]},{\"@type\":\"WebPage\",\"@id\":\"https:\\\/\\\/agradocosmetic.com\\\/manifiesto-de-verano-tus-imprescindibles\\\/\",\"url\":\"https:\\\/\\\/agradocosmetic.com\\\/manifiesto-de-verano-tus-imprescindibles\\\/\",\"name\":\"Manifiesto de verano, \u00a1tus imprescindibles! - Agrado\",\"isPartOf\":{\"@id\":\"https:\\\/\\\/agradocosmetic.com\\\/#website\"},\"primaryImageOfPage\":{\"@id\":\"https:\\\/\\\/agradocosmetic.com\\\/manifiesto-de-verano-tus-imprescindibles\\\/#primaryimage\"},\"image\":{\"@id\":\"https:\\\/\\\/agradocosmetic.com\\\/manifiesto-de-verano-tus-imprescindibles\\\/#primaryimage\"},\"thumbnailUrl\":\"https:\\\/\\\/agradocosmetic.com\\\/wp-content\\\/uploads\\\/2020\\\/07\\\/manifiesto-verano-agrado.jpg\",\"datePublished\":\"2020-07-16T07:21:34+00:00\",\"dateModified\":\"2023-11-18T16:58:54+00:00\",\"description\":\"Hemos elaborado el manifiesto de verano m\u00e1s disfrut\u00f3n de la temporada. \u00a1Porque nos hemos propuesto disfrutar de las peque\u00f1as cosas y lo vamos a cumplir!\",\"breadcrumb\":{\"@id\":\"https:\\\/\\\/agradocosmetic.com\\\/manifiesto-de-verano-tus-imprescindibles\\\/#breadcrumb\"},\"inLanguage\":\"fr-FR\",\"potentialAction\":[{\"@type\":\"ReadAction\",\"target\":[\"https:\\\/\\\/agradocosmetic.com\\\/manifiesto-de-verano-tus-imprescindibles\\\/\"]}]},{\"@type\":\"ImageObject\",\"inLanguage\":\"fr-FR\",\"@id\":\"https:\\\/\\\/agradocosmetic.com\\\/manifiesto-de-verano-tus-imprescindibles\\\/#primaryimage\",\"url\":\"https:\\\/\\\/agradocosmetic.com\\\/wp-content\\\/uploads\\\/2020\\\/07\\\/manifiesto-verano-agrado.jpg\",\"contentUrl\":\"https:\\\/\\\/agradocosmetic.com\\\/wp-content\\\/uploads\\\/2020\\\/07\\\/manifiesto-verano-agrado.jpg\",\"width\":1200,\"height\":800},{\"@type\":\"BreadcrumbList\",\"@id\":\"https:\\\/\\\/agradocosmetic.com\\\/manifiesto-de-verano-tus-imprescindibles\\\/#breadcrumb\",\"itemListElement\":[{\"@type\":\"ListItem\",\"position\":1,\"name\":\"Portada\",\"item\":\"https:\\\/\\\/agradocosmetic.com\\\/\"},{\"@type\":\"ListItem\",\"position\":2,\"name\":\"Manifiesto de verano, \u00a1tus imprescindibles!\"}]},{\"@type\":\"WebSite\",\"@id\":\"https:\\\/\\\/agradocosmetic.com\\\/#website\",\"url\":\"https:\\\/\\\/agradocosmetic.com\\\/\",\"name\":\"Agrado\",\"description\":\"Cosmetic\",\"publisher\":{\"@id\":\"https:\\\/\\\/agradocosmetic.com\\\/#organization\"},\"potentialAction\":[{\"@type\":\"SearchAction\",\"target\":{\"@type\":\"EntryPoint\",\"urlTemplate\":\"https:\\\/\\\/agradocosmetic.com\\\/?s={search_term_string}\"},\"query-input\":{\"@type\":\"PropertyValueSpecification\",\"valueRequired\":true,\"valueName\":\"search_term_string\"}}],\"inLanguage\":\"fr-FR\"},{\"@type\":\"Organization\",\"@id\":\"https:\\\/\\\/agradocosmetic.com\\\/#organization\",\"name\":\"Agrado\",\"url\":\"https:\\\/\\\/agradocosmetic.com\\\/\",\"logo\":{\"@type\":\"ImageObject\",\"inLanguage\":\"fr-FR\",\"@id\":\"https:\\\/\\\/agradocosmetic.com\\\/#\\\/schema\\\/logo\\\/image\\\/\",\"url\":\"https:\\\/\\\/agradocosmetic.com\\\/wp-content\\\/uploads\\\/2023\\\/07\\\/LOGO-AGRADO-WEB-01.png\",\"contentUrl\":\"https:\\\/\\\/agradocosmetic.com\\\/wp-content\\\/uploads\\\/2023\\\/07\\\/LOGO-AGRADO-WEB-01.png\",\"width\":1632,\"height\":300,\"caption\":\"Agrado\"},\"image\":{\"@id\":\"https:\\\/\\\/agradocosmetic.com\\\/#\\\/schema\\\/logo\\\/image\\\/\"}},{\"@type\":\"Person\",\"@id\":\"https:\\\/\\\/agradocosmetic.com\\\/#\\\/schema\\\/person\\\/732e8d396022e25f9340196f83d6789d\",\"name\":\"agradocosmetic\",\"image\":{\"@type\":\"ImageObject\",\"inLanguage\":\"fr-FR\",\"@id\":\"https:\\\/\\\/secure.gravatar.com\\\/avatar\\\/c6003e45301182b7e125463fcbec403b1980909c12edf09098526b9a15e779c0?s=96&d=mm&r=g\",\"url\":\"https:\\\/\\\/secure.gravatar.com\\\/avatar\\\/c6003e45301182b7e125463fcbec403b1980909c12edf09098526b9a15e779c0?s=96&d=mm&r=g\",\"contentUrl\":\"https:\\\/\\\/secure.gravatar.com\\\/avatar\\\/c6003e45301182b7e125463fcbec403b1980909c12edf09098526b9a15e779c0?s=96&d=mm&r=g\",\"caption\":\"agradocosmetic\"}}]}<\/script>\n<!-- \/ Yoast SEO plugin. -->","yoast_head_json":{"title":"Manifiesto de verano, \u00a1tus imprescindibles! - Agrado","description":"Hemos elaborado el manifiesto de verano m\u00e1s disfrut\u00f3n de la temporada. \u00a1Porque nos hemos propuesto disfrutar de las peque\u00f1as cosas y lo vamos a cumplir!","robots":{"index":"index","follow":"follow","max-snippet":"max-snippet:-1","max-image-preview":"max-image-preview:large","max-video-preview":"max-video-preview:-1"},"canonical":"https:\/\/agradocosmetic.com\/fr\/manifiesto-de-verano-tus-imprescindibles\/","og_locale":"fr_FR","og_type":"article","og_title":"Manifiesto de verano, \u00a1tus imprescindibles! - Agrado","og_description":"Hemos elaborado el manifiesto de verano m\u00e1s disfrut\u00f3n de la temporada. \u00a1Porque nos hemos propuesto disfrutar de las peque\u00f1as cosas y lo vamos a cumplir!","og_url":"https:\/\/agradocosmetic.com\/fr\/manifiesto-de-verano-tus-imprescindibles\/","og_site_name":"Agrado","article_published_time":"2020-07-16T07:21:34+00:00","article_modified_time":"2023-11-18T16:58:54+00:00","og_image":[{"width":1200,"height":800,"url":"https:\/\/agradocosmetic.com\/wp-content\/uploads\/2020\/07\/manifiesto-verano-agrado.jpg","type":"image\/jpeg"}],"author":"agradocosmetic","twitter_card":"summary_large_image","twitter_misc":{"\u00c9crit par":"agradocosmetic","Dur\u00e9e de lecture estim\u00e9e":"2 minutes"},"schema":{"@context":"https:\/\/schema.org","@graph":[{"@type":"Article","@id":"https:\/\/agradocosmetic.com\/manifiesto-de-verano-tus-imprescindibles\/#article","isPartOf":{"@id":"https:\/\/agradocosmetic.com\/manifiesto-de-verano-tus-imprescindibles\/"},"author":{"name":"agradocosmetic","@id":"https:\/\/agradocosmetic.com\/#\/schema\/person\/732e8d396022e25f9340196f83d6789d"},"headline":"Manifiesto de verano, \u00a1tus imprescindibles!","datePublished":"2020-07-16T07:21:34+00:00","dateModified":"2023-11-18T16:58:54+00:00","mainEntityOfPage":{"@id":"https:\/\/agradocosmetic.com\/manifiesto-de-verano-tus-imprescindibles\/"},"wordCount":461,"commentCount":0,"publisher":{"@id":"https:\/\/agradocosmetic.com\/#organization"},"image":{"@id":"https:\/\/agradocosmetic.com\/manifiesto-de-verano-tus-imprescindibles\/#primaryimage"},"thumbnailUrl":"https:\/\/agradocosmetic.com\/wp-content\/uploads\/2020\/07\/manifiesto-verano-agrado.jpg","keywords":["autoestimas","manifiesto","solar","verano"],"articleSection":["Lifestyle","Solar","Todos"],"inLanguage":"fr-FR","potentialAction":[{"@type":"CommentAction","name":"Comment","target":["https:\/\/agradocosmetic.com\/manifiesto-de-verano-tus-imprescindibles\/#respond"]}]},{"@type":"WebPage","@id":"https:\/\/agradocosmetic.com\/manifiesto-de-verano-tus-imprescindibles\/","url":"https:\/\/agradocosmetic.com\/manifiesto-de-verano-tus-imprescindibles\/","name":"Manifiesto de verano, \u00a1tus imprescindibles! - Agrado","isPartOf":{"@id":"https:\/\/agradocosmetic.com\/#website"},"primaryImageOfPage":{"@id":"https:\/\/agradocosmetic.com\/manifiesto-de-verano-tus-imprescindibles\/#primaryimage"},"image":{"@id":"https:\/\/agradocosmetic.com\/manifiesto-de-verano-tus-imprescindibles\/#primaryimage"},"thumbnailUrl":"https:\/\/agradocosmetic.com\/wp-content\/uploads\/2020\/07\/manifiesto-verano-agrado.jpg","datePublished":"2020-07-16T07:21:34+00:00","dateModified":"2023-11-18T16:58:54+00:00","description":"Hemos elaborado el manifiesto de verano m\u00e1s disfrut\u00f3n de la temporada. \u00a1Porque nos hemos propuesto disfrutar de las peque\u00f1as cosas y lo vamos a cumplir!","breadcrumb":{"@id":"https:\/\/agradocosmetic.com\/manifiesto-de-verano-tus-imprescindibles\/#breadcrumb"},"inLanguage":"fr-FR","potentialAction":[{"@type":"ReadAction","target":["https:\/\/agradocosmetic.com\/manifiesto-de-verano-tus-imprescindibles\/"]}]},{"@type":"ImageObject","inLanguage":"fr-FR","@id":"https:\/\/agradocosmetic.com\/manifiesto-de-verano-tus-imprescindibles\/#primaryimage","url":"https:\/\/agradocosmetic.com\/wp-content\/uploads\/2020\/07\/manifiesto-verano-agrado.jpg","contentUrl":"https:\/\/agradocosmetic.com\/wp-content\/uploads\/2020\/07\/manifiesto-verano-agrado.jpg","width":1200,"height":800},{"@type":"BreadcrumbList","@id":"https:\/\/agradocosmetic.com\/manifiesto-de-verano-tus-imprescindibles\/#breadcrumb","itemListElement":[{"@type":"ListItem","position":1,"name":"Portada","item":"https:\/\/agradocosmetic.com\/"},{"@type":"ListItem","position":2,"name":"Manifiesto de verano, \u00a1tus imprescindibles!"}]},{"@type":"WebSite","@id":"https:\/\/agradocosmetic.com\/#website","url":"https:\/\/agradocosmetic.com\/","name":"Aimer","description":"cosm\u00e9tique","publisher":{"@id":"https:\/\/agradocosmetic.com\/#organization"},"potentialAction":[{"@type":"SearchAction","target":{"@type":"EntryPoint","urlTemplate":"https:\/\/agradocosmetic.com\/?s={search_term_string}"},"query-input":{"@type":"PropertyValueSpecification","valueRequired":true,"valueName":"search_term_string"}}],"inLanguage":"fr-FR"},{"@type":"Organization","@id":"https:\/\/agradocosmetic.com\/#organization","name":"Aimer","url":"https:\/\/agradocosmetic.com\/","logo":{"@type":"ImageObject","inLanguage":"fr-FR","@id":"https:\/\/agradocosmetic.com\/#\/schema\/logo\/image\/","url":"https:\/\/agradocosmetic.com\/wp-content\/uploads\/2023\/07\/LOGO-AGRADO-WEB-01.png","contentUrl":"https:\/\/agradocosmetic.com\/wp-content\/uploads\/2023\/07\/LOGO-AGRADO-WEB-01.png","width":1632,"height":300,"caption":"Agrado"},"image":{"@id":"https:\/\/agradocosmetic.com\/#\/schema\/logo\/image\/"}},{"@type":"Person","@id":"https:\/\/agradocosmetic.com\/#\/schema\/person\/732e8d396022e25f9340196f83d6789d","name":"agradocosm\u00e9tique","image":{"@type":"ImageObject","inLanguage":"fr-FR","@id":"https:\/\/secure.gravatar.com\/avatar\/c6003e45301182b7e125463fcbec403b1980909c12edf09098526b9a15e779c0?s=96&d=mm&r=g","url":"https:\/\/secure.gravatar.com\/avatar\/c6003e45301182b7e125463fcbec403b1980909c12edf09098526b9a15e779c0?s=96&d=mm&r=g","contentUrl":"https:\/\/secure.gravatar.com\/avatar\/c6003e45301182b7e125463fcbec403b1980909c12edf09098526b9a15e779c0?s=96&d=mm&r=g","caption":"agradocosmetic"}}]}},"_links":{"self":[{"href":"https:\/\/agradocosmetic.com\/fr\/wp-json\/wp\/v2\/posts\/11805","targetHints":{"allow":["GET"]}}],"collection":[{"href":"https:\/\/agradocosmetic.com\/fr\/wp-json\/wp\/v2\/posts"}],"about":[{"href":"https:\/\/agradocosmetic.com\/fr\/wp-json\/wp\/v2\/types\/post"}],"author":[{"embeddable":true,"href":"https:\/\/agradocosmetic.com\/fr\/wp-json\/wp\/v2\/users\/9"}],"replies":[{"embeddable":true,"href":"https:\/\/agradocosmetic.com\/fr\/wp-json\/wp\/v2\/comments?post=11805"}],"version-history":[{"count":1,"href":"https:\/\/agradocosmetic.com\/fr\/wp-json\/wp\/v2\/posts\/11805\/revisions"}],"predecessor-version":[{"id":21363,"href":"https:\/\/agradocosmetic.com\/fr\/wp-json\/wp\/v2\/posts\/11805\/revisions\/21363"}],"wp:featuredmedia":[{"embeddable":true,"href":"https:\/\/agradocosmetic.com\/fr\/wp-json\/wp\/v2\/media\/21362"}],"wp:attachment":[{"href":"https:\/\/agradocosmetic.com\/fr\/wp-json\/wp\/v2\/media?parent=11805"}],"wp:term":[{"taxonomy":"category","embeddable":true,"href":"https:\/\/agradocosmetic.com\/fr\/wp-json\/wp\/v2\/categories?post=11805"},{"taxonomy":"post_tag","embeddable":true,"href":"https:\/\/agradocosmetic.com\/fr\/wp-json\/wp\/v2\/tags?post=11805"}],"curies":[{"name":"wp","href":"https:\/\/api.w.org\/{rel}","templated":true}]}}