{"id":14284,"date":"2020-10-21T09:21:31","date_gmt":"2020-10-21T08:21:31","guid":{"rendered":"https:\/\/www.agradocosmetic.com\/?p=14284"},"modified":"2023-11-18T16:58:53","modified_gmt":"2023-11-18T16:58:53","slug":"como-combatir-el-maskne","status":"publish","type":"post","link":"https:\/\/agradocosmetic.com\/fr\/como-combatir-el-maskne\/","title":{"rendered":"Comment combattre le maskn\u00e9"},"content":{"rendered":"<p>Maskn\u00e9 est entr\u00e9 dans nos vies. Ce dont nous avions besoin ! D\u00e9sormais, les boutons sont plus difficiles \u00e0 contr\u00f4ler, car avec le masque, les pores se bouchent et davantage de s\u00e9bum s&#039;accumule au niveau du menton et autour de la bouche. Des conditions optimales pour l\u2019apparition de points noirs et boutons, un bluff total ! Comme les choses vont prendre du temps, nous avons d\u00e9cid\u00e9 de leur tenir t\u00eate ! Nous vous donnons quelques conseils pour lutter contre le maskn\u00e9 et partageons avec vos amis \u00e0 quel point votre peau est ph\u00e9nom\u00e9nale. \ud83d\ude09 Attention !<\/p>\r\n\r\n\r\n\r\n<ol class=\"wp-block-list\">\r\n<li>Changez fr\u00e9quemment de masque, m\u00eame si cela semble \u00e9vident ! De nombreuses bact\u00e9ries s\u2019accumulent et, \u00e0 force de frotter contre votre peau, vous provoquerez de nouveaux boutons. Si vous n&#039;en utilisez pas chirurgicaux, optez pour des tissus en coton doux et respectueux de votre peau.<\/li>\r\n<li>Nettoyez votre visage avec <a href=\"\/fr\/?p=4132\" target=\"_blank\" rel=\"noreferrer noopener\" aria-label=\"non d\u00e9fini (s&#039;ouvre dans un nouvel onglet)\">Eau Micellaire Hypoallerg\u00e9nique<\/a> chaque fois que tu rentres \u00e0 la maison. Il est important d\u2019\u00eatre toujours tr\u00e8s strict en mati\u00e8re d\u2019hygi\u00e8ne du visage, mais surtout maintenant, surtout au niveau de la zone du masque.<\/li>\r\n<li>Exfolie et purifie. Un masque ou un traitement nettoyant en profondeur une fois par semaine aidera \u00e0 garder votre peau exempte de s\u00e9bum et de r\u00e9sidus. Il existe de nombreuses options en parfumerie, en plus de <a href=\"https:\/\/www.enfemenino.com\/tratamientos\/mascarillas-caseras-para-una-piel-perfecta-s1927239.html#af_intertitre_19\" target=\"_blank\" rel=\"noreferrer noopener\" aria-label=\"non d\u00e9fini (s&#039;ouvre dans un nouvel onglet)\">astuces maison tr\u00e8s bon march\u00e9 et simples<\/a>.<\/li>\r\n<li>\u00c9vitez de vous maquiller pour \u00e9viter d&#039;obstruer les pores. Imaginez ce qui arrive \u00e0 votre peau avec le maquillage et la chaleur localis\u00e9e. C&#039;est l&#039;occasion id\u00e9ale de laisser votre peau se reposer tout en \u00e9vitant le maskn\u00e9.<\/li>\r\n<li>Sublimez votre look, misez tout sur vos yeux ! Il est temps de pratiquer l&#039;eye-liner et d&#039;appliquer plusieurs couches de mascara. Si c&#039;est la seule chose qu&#039;on porte, on la porte bien ! \ud83d\ude01<\/li>\r\n<\/ol>\r\n\r\n\r\n\r\n<p>Comme vous pouvez le constater, lutter contre le maskn\u00e9 n\u2019est pas si compliqu\u00e9, il suffit de maximiser l\u2019hygi\u00e8ne et de prendre quelques pr\u00e9cautions. On esp\u00e8re bient\u00f4t oublier le masque, mais en attendant, chouchoutons notre peau ! Si vous aussi avez des astuces pour lutter contre les boutons, on a h\u00e2te de les lire !<\/p>\r\n\r\n\r\n\r\n<p>&nbsp;<\/p>","protected":false},"excerpt":{"rendered":"<p>El maskn\u00e9 ha llegado a nuestras vida. \u00a1Lo que nos faltaba! Ahora los granitos son m\u00e1s dif\u00edciles de controlar, y es que con la mascarilla los poros se obstruyen y se acumula m\u00e1s grasa en la zona de la barbilla y alrededor de la boca. Unas condiciones \u00f3ptimas para la aparici\u00f3n de puntos negros y [&hellip;]<\/p>\n","protected":false},"author":9,"featured_media":21350,"comment_status":"open","ping_status":"closed","sticky":false,"template":"","format":"standard","meta":{"footnotes":"","_wp_rev_ctl_limit":""},"categories":[149,1],"tags":[],"class_list":["post-14284","post","type-post","status-publish","format-standard","has-post-thumbnail","hentry","category-corporal","category-todos"],"yoast_head":"<!-- This site is optimized with the Yoast SEO plugin v27.4 - https:\/\/yoast.com\/product\/yoast-seo-wordpress\/ -->\n<title>C\u00f3mo combatir el maskn\u00e9 - Agrado Cosmetic Blog<\/title>\n<meta name=\"description\" content=\"La aparici\u00f3n de granitos en la zona de la mascarilla es una nueva afecci\u00f3n de la piel muy frecuente. \u00a1Te ense\u00f1amos c\u00f3mo combartir el maskn\u00e9!\" \/>\n<meta name=\"robots\" content=\"index, follow, max-snippet:-1, max-image-preview:large, max-video-preview:-1\" \/>\n<link rel=\"canonical\" href=\"https:\/\/agradocosmetic.com\/fr\/como-combatir-el-maskne\/\" \/>\n<meta property=\"og:locale\" content=\"fr_FR\" \/>\n<meta property=\"og:type\" content=\"article\" \/>\n<meta property=\"og:title\" content=\"C\u00f3mo combatir el maskn\u00e9 - Agrado Cosmetic Blog\" \/>\n<meta property=\"og:description\" content=\"La aparici\u00f3n de granitos en la zona de la mascarilla es una nueva afecci\u00f3n de la piel muy frecuente. \u00a1Te ense\u00f1amos c\u00f3mo combartir el maskn\u00e9!\" \/>\n<meta property=\"og:url\" content=\"https:\/\/agradocosmetic.com\/fr\/como-combatir-el-maskne\/\" \/>\n<meta property=\"og:site_name\" content=\"Agrado\" \/>\n<meta property=\"article:published_time\" content=\"2020-10-21T08:21:31+00:00\" \/>\n<meta property=\"article:modified_time\" content=\"2023-11-18T16:58:53+00:00\" \/>\n<meta property=\"og:image\" content=\"https:\/\/agradocosmetic.com\/wp-content\/uploads\/2020\/10\/como-combatir-el-maskne-agrado.jpg\" \/>\n\t<meta property=\"og:image:width\" content=\"1200\" \/>\n\t<meta property=\"og:image:height\" content=\"800\" \/>\n\t<meta property=\"og:image:type\" content=\"image\/jpeg\" \/>\n<meta name=\"author\" content=\"agradocosmetic\" \/>\n<meta name=\"twitter:card\" content=\"summary_large_image\" \/>\n<meta name=\"twitter:label1\" content=\"\u00c9crit par\" \/>\n\t<meta name=\"twitter:data1\" content=\"agradocosmetic\" \/>\n\t<meta name=\"twitter:label2\" content=\"Dur\u00e9e de lecture estim\u00e9e\" \/>\n\t<meta name=\"twitter:data2\" content=\"2 minutes\" \/>\n<script type=\"application\/ld+json\" class=\"yoast-schema-graph\">{\"@context\":\"https:\\\/\\\/schema.org\",\"@graph\":[{\"@type\":\"Article\",\"@id\":\"https:\\\/\\\/agradocosmetic.com\\\/como-combatir-el-maskne\\\/#article\",\"isPartOf\":{\"@id\":\"https:\\\/\\\/agradocosmetic.com\\\/como-combatir-el-maskne\\\/\"},\"author\":{\"name\":\"agradocosmetic\",\"@id\":\"https:\\\/\\\/agradocosmetic.com\\\/#\\\/schema\\\/person\\\/732e8d396022e25f9340196f83d6789d\"},\"headline\":\"C\u00f3mo combatir el maskn\u00e9\",\"datePublished\":\"2020-10-21T08:21:31+00:00\",\"dateModified\":\"2023-11-18T16:58:53+00:00\",\"mainEntityOfPage\":{\"@id\":\"https:\\\/\\\/agradocosmetic.com\\\/como-combatir-el-maskne\\\/\"},\"wordCount\":342,\"commentCount\":0,\"publisher\":{\"@id\":\"https:\\\/\\\/agradocosmetic.com\\\/#organization\"},\"image\":{\"@id\":\"https:\\\/\\\/agradocosmetic.com\\\/como-combatir-el-maskne\\\/#primaryimage\"},\"thumbnailUrl\":\"https:\\\/\\\/agradocosmetic.com\\\/wp-content\\\/uploads\\\/2020\\\/10\\\/como-combatir-el-maskne-agrado.jpg\",\"articleSection\":[\"Corporal\",\"Todos\"],\"inLanguage\":\"fr-FR\",\"potentialAction\":[{\"@type\":\"CommentAction\",\"name\":\"Comment\",\"target\":[\"https:\\\/\\\/agradocosmetic.com\\\/como-combatir-el-maskne\\\/#respond\"]}]},{\"@type\":\"WebPage\",\"@id\":\"https:\\\/\\\/agradocosmetic.com\\\/como-combatir-el-maskne\\\/\",\"url\":\"https:\\\/\\\/agradocosmetic.com\\\/como-combatir-el-maskne\\\/\",\"name\":\"C\u00f3mo combatir el maskn\u00e9 - Agrado Cosmetic Blog\",\"isPartOf\":{\"@id\":\"https:\\\/\\\/agradocosmetic.com\\\/#website\"},\"primaryImageOfPage\":{\"@id\":\"https:\\\/\\\/agradocosmetic.com\\\/como-combatir-el-maskne\\\/#primaryimage\"},\"image\":{\"@id\":\"https:\\\/\\\/agradocosmetic.com\\\/como-combatir-el-maskne\\\/#primaryimage\"},\"thumbnailUrl\":\"https:\\\/\\\/agradocosmetic.com\\\/wp-content\\\/uploads\\\/2020\\\/10\\\/como-combatir-el-maskne-agrado.jpg\",\"datePublished\":\"2020-10-21T08:21:31+00:00\",\"dateModified\":\"2023-11-18T16:58:53+00:00\",\"description\":\"La aparici\u00f3n de granitos en la zona de la mascarilla es una nueva afecci\u00f3n de la piel muy frecuente. \u00a1Te ense\u00f1amos c\u00f3mo combartir el maskn\u00e9!\",\"breadcrumb\":{\"@id\":\"https:\\\/\\\/agradocosmetic.com\\\/como-combatir-el-maskne\\\/#breadcrumb\"},\"inLanguage\":\"fr-FR\",\"potentialAction\":[{\"@type\":\"ReadAction\",\"target\":[\"https:\\\/\\\/agradocosmetic.com\\\/como-combatir-el-maskne\\\/\"]}]},{\"@type\":\"ImageObject\",\"inLanguage\":\"fr-FR\",\"@id\":\"https:\\\/\\\/agradocosmetic.com\\\/como-combatir-el-maskne\\\/#primaryimage\",\"url\":\"https:\\\/\\\/agradocosmetic.com\\\/wp-content\\\/uploads\\\/2020\\\/10\\\/como-combatir-el-maskne-agrado.jpg\",\"contentUrl\":\"https:\\\/\\\/agradocosmetic.com\\\/wp-content\\\/uploads\\\/2020\\\/10\\\/como-combatir-el-maskne-agrado.jpg\",\"width\":1200,\"height\":800},{\"@type\":\"BreadcrumbList\",\"@id\":\"https:\\\/\\\/agradocosmetic.com\\\/como-combatir-el-maskne\\\/#breadcrumb\",\"itemListElement\":[{\"@type\":\"ListItem\",\"position\":1,\"name\":\"Portada\",\"item\":\"https:\\\/\\\/agradocosmetic.com\\\/\"},{\"@type\":\"ListItem\",\"position\":2,\"name\":\"C\u00f3mo combatir el maskn\u00e9\"}]},{\"@type\":\"WebSite\",\"@id\":\"https:\\\/\\\/agradocosmetic.com\\\/#website\",\"url\":\"https:\\\/\\\/agradocosmetic.com\\\/\",\"name\":\"Agrado\",\"description\":\"Cosmetic\",\"publisher\":{\"@id\":\"https:\\\/\\\/agradocosmetic.com\\\/#organization\"},\"potentialAction\":[{\"@type\":\"SearchAction\",\"target\":{\"@type\":\"EntryPoint\",\"urlTemplate\":\"https:\\\/\\\/agradocosmetic.com\\\/?s={search_term_string}\"},\"query-input\":{\"@type\":\"PropertyValueSpecification\",\"valueRequired\":true,\"valueName\":\"search_term_string\"}}],\"inLanguage\":\"fr-FR\"},{\"@type\":\"Organization\",\"@id\":\"https:\\\/\\\/agradocosmetic.com\\\/#organization\",\"name\":\"Agrado\",\"url\":\"https:\\\/\\\/agradocosmetic.com\\\/\",\"logo\":{\"@type\":\"ImageObject\",\"inLanguage\":\"fr-FR\",\"@id\":\"https:\\\/\\\/agradocosmetic.com\\\/#\\\/schema\\\/logo\\\/image\\\/\",\"url\":\"https:\\\/\\\/agradocosmetic.com\\\/wp-content\\\/uploads\\\/2023\\\/07\\\/LOGO-AGRADO-WEB-01.png\",\"contentUrl\":\"https:\\\/\\\/agradocosmetic.com\\\/wp-content\\\/uploads\\\/2023\\\/07\\\/LOGO-AGRADO-WEB-01.png\",\"width\":1632,\"height\":300,\"caption\":\"Agrado\"},\"image\":{\"@id\":\"https:\\\/\\\/agradocosmetic.com\\\/#\\\/schema\\\/logo\\\/image\\\/\"}},{\"@type\":\"Person\",\"@id\":\"https:\\\/\\\/agradocosmetic.com\\\/#\\\/schema\\\/person\\\/732e8d396022e25f9340196f83d6789d\",\"name\":\"agradocosmetic\",\"image\":{\"@type\":\"ImageObject\",\"inLanguage\":\"fr-FR\",\"@id\":\"https:\\\/\\\/secure.gravatar.com\\\/avatar\\\/c6003e45301182b7e125463fcbec403b1980909c12edf09098526b9a15e779c0?s=96&d=mm&r=g\",\"url\":\"https:\\\/\\\/secure.gravatar.com\\\/avatar\\\/c6003e45301182b7e125463fcbec403b1980909c12edf09098526b9a15e779c0?s=96&d=mm&r=g\",\"contentUrl\":\"https:\\\/\\\/secure.gravatar.com\\\/avatar\\\/c6003e45301182b7e125463fcbec403b1980909c12edf09098526b9a15e779c0?s=96&d=mm&r=g\",\"caption\":\"agradocosmetic\"}}]}<\/script>\n<!-- \/ Yoast SEO plugin. -->","yoast_head_json":{"title":"C\u00f3mo combatir el maskn\u00e9 - Agrado Cosmetic Blog","description":"La aparici\u00f3n de granitos en la zona de la mascarilla es una nueva afecci\u00f3n de la piel muy frecuente. \u00a1Te ense\u00f1amos c\u00f3mo combartir el maskn\u00e9!","robots":{"index":"index","follow":"follow","max-snippet":"max-snippet:-1","max-image-preview":"max-image-preview:large","max-video-preview":"max-video-preview:-1"},"canonical":"https:\/\/agradocosmetic.com\/fr\/como-combatir-el-maskne\/","og_locale":"fr_FR","og_type":"article","og_title":"C\u00f3mo combatir el maskn\u00e9 - Agrado Cosmetic Blog","og_description":"La aparici\u00f3n de granitos en la zona de la mascarilla es una nueva afecci\u00f3n de la piel muy frecuente. \u00a1Te ense\u00f1amos c\u00f3mo combartir el maskn\u00e9!","og_url":"https:\/\/agradocosmetic.com\/fr\/como-combatir-el-maskne\/","og_site_name":"Agrado","article_published_time":"2020-10-21T08:21:31+00:00","article_modified_time":"2023-11-18T16:58:53+00:00","og_image":[{"width":1200,"height":800,"url":"https:\/\/agradocosmetic.com\/wp-content\/uploads\/2020\/10\/como-combatir-el-maskne-agrado.jpg","type":"image\/jpeg"}],"author":"agradocosmetic","twitter_card":"summary_large_image","twitter_misc":{"\u00c9crit par":"agradocosmetic","Dur\u00e9e de lecture estim\u00e9e":"2 minutes"},"schema":{"@context":"https:\/\/schema.org","@graph":[{"@type":"Article","@id":"https:\/\/agradocosmetic.com\/como-combatir-el-maskne\/#article","isPartOf":{"@id":"https:\/\/agradocosmetic.com\/como-combatir-el-maskne\/"},"author":{"name":"agradocosmetic","@id":"https:\/\/agradocosmetic.com\/#\/schema\/person\/732e8d396022e25f9340196f83d6789d"},"headline":"C\u00f3mo combatir el maskn\u00e9","datePublished":"2020-10-21T08:21:31+00:00","dateModified":"2023-11-18T16:58:53+00:00","mainEntityOfPage":{"@id":"https:\/\/agradocosmetic.com\/como-combatir-el-maskne\/"},"wordCount":342,"commentCount":0,"publisher":{"@id":"https:\/\/agradocosmetic.com\/#organization"},"image":{"@id":"https:\/\/agradocosmetic.com\/como-combatir-el-maskne\/#primaryimage"},"thumbnailUrl":"https:\/\/agradocosmetic.com\/wp-content\/uploads\/2020\/10\/como-combatir-el-maskne-agrado.jpg","articleSection":["Corporal","Todos"],"inLanguage":"fr-FR","potentialAction":[{"@type":"CommentAction","name":"Comment","target":["https:\/\/agradocosmetic.com\/como-combatir-el-maskne\/#respond"]}]},{"@type":"WebPage","@id":"https:\/\/agradocosmetic.com\/como-combatir-el-maskne\/","url":"https:\/\/agradocosmetic.com\/como-combatir-el-maskne\/","name":"C\u00f3mo combatir el maskn\u00e9 - Agrado Cosmetic Blog","isPartOf":{"@id":"https:\/\/agradocosmetic.com\/#website"},"primaryImageOfPage":{"@id":"https:\/\/agradocosmetic.com\/como-combatir-el-maskne\/#primaryimage"},"image":{"@id":"https:\/\/agradocosmetic.com\/como-combatir-el-maskne\/#primaryimage"},"thumbnailUrl":"https:\/\/agradocosmetic.com\/wp-content\/uploads\/2020\/10\/como-combatir-el-maskne-agrado.jpg","datePublished":"2020-10-21T08:21:31+00:00","dateModified":"2023-11-18T16:58:53+00:00","description":"La aparici\u00f3n de granitos en la zona de la mascarilla es una nueva afecci\u00f3n de la piel muy frecuente. \u00a1Te ense\u00f1amos c\u00f3mo combartir el maskn\u00e9!","breadcrumb":{"@id":"https:\/\/agradocosmetic.com\/como-combatir-el-maskne\/#breadcrumb"},"inLanguage":"fr-FR","potentialAction":[{"@type":"ReadAction","target":["https:\/\/agradocosmetic.com\/como-combatir-el-maskne\/"]}]},{"@type":"ImageObject","inLanguage":"fr-FR","@id":"https:\/\/agradocosmetic.com\/como-combatir-el-maskne\/#primaryimage","url":"https:\/\/agradocosmetic.com\/wp-content\/uploads\/2020\/10\/como-combatir-el-maskne-agrado.jpg","contentUrl":"https:\/\/agradocosmetic.com\/wp-content\/uploads\/2020\/10\/como-combatir-el-maskne-agrado.jpg","width":1200,"height":800},{"@type":"BreadcrumbList","@id":"https:\/\/agradocosmetic.com\/como-combatir-el-maskne\/#breadcrumb","itemListElement":[{"@type":"ListItem","position":1,"name":"Portada","item":"https:\/\/agradocosmetic.com\/"},{"@type":"ListItem","position":2,"name":"C\u00f3mo combatir el maskn\u00e9"}]},{"@type":"WebSite","@id":"https:\/\/agradocosmetic.com\/#website","url":"https:\/\/agradocosmetic.com\/","name":"Aimer","description":"cosm\u00e9tique","publisher":{"@id":"https:\/\/agradocosmetic.com\/#organization"},"potentialAction":[{"@type":"SearchAction","target":{"@type":"EntryPoint","urlTemplate":"https:\/\/agradocosmetic.com\/?s={search_term_string}"},"query-input":{"@type":"PropertyValueSpecification","valueRequired":true,"valueName":"search_term_string"}}],"inLanguage":"fr-FR"},{"@type":"Organization","@id":"https:\/\/agradocosmetic.com\/#organization","name":"Aimer","url":"https:\/\/agradocosmetic.com\/","logo":{"@type":"ImageObject","inLanguage":"fr-FR","@id":"https:\/\/agradocosmetic.com\/#\/schema\/logo\/image\/","url":"https:\/\/agradocosmetic.com\/wp-content\/uploads\/2023\/07\/LOGO-AGRADO-WEB-01.png","contentUrl":"https:\/\/agradocosmetic.com\/wp-content\/uploads\/2023\/07\/LOGO-AGRADO-WEB-01.png","width":1632,"height":300,"caption":"Agrado"},"image":{"@id":"https:\/\/agradocosmetic.com\/#\/schema\/logo\/image\/"}},{"@type":"Person","@id":"https:\/\/agradocosmetic.com\/#\/schema\/person\/732e8d396022e25f9340196f83d6789d","name":"agradocosm\u00e9tique","image":{"@type":"ImageObject","inLanguage":"fr-FR","@id":"https:\/\/secure.gravatar.com\/avatar\/c6003e45301182b7e125463fcbec403b1980909c12edf09098526b9a15e779c0?s=96&d=mm&r=g","url":"https:\/\/secure.gravatar.com\/avatar\/c6003e45301182b7e125463fcbec403b1980909c12edf09098526b9a15e779c0?s=96&d=mm&r=g","contentUrl":"https:\/\/secure.gravatar.com\/avatar\/c6003e45301182b7e125463fcbec403b1980909c12edf09098526b9a15e779c0?s=96&d=mm&r=g","caption":"agradocosmetic"}}]}},"_links":{"self":[{"href":"https:\/\/agradocosmetic.com\/fr\/wp-json\/wp\/v2\/posts\/14284","targetHints":{"allow":["GET"]}}],"collection":[{"href":"https:\/\/agradocosmetic.com\/fr\/wp-json\/wp\/v2\/posts"}],"about":[{"href":"https:\/\/agradocosmetic.com\/fr\/wp-json\/wp\/v2\/types\/post"}],"author":[{"embeddable":true,"href":"https:\/\/agradocosmetic.com\/fr\/wp-json\/wp\/v2\/users\/9"}],"replies":[{"embeddable":true,"href":"https:\/\/agradocosmetic.com\/fr\/wp-json\/wp\/v2\/comments?post=14284"}],"version-history":[{"count":1,"href":"https:\/\/agradocosmetic.com\/fr\/wp-json\/wp\/v2\/posts\/14284\/revisions"}],"predecessor-version":[{"id":21351,"href":"https:\/\/agradocosmetic.com\/fr\/wp-json\/wp\/v2\/posts\/14284\/revisions\/21351"}],"wp:featuredmedia":[{"embeddable":true,"href":"https:\/\/agradocosmetic.com\/fr\/wp-json\/wp\/v2\/media\/21350"}],"wp:attachment":[{"href":"https:\/\/agradocosmetic.com\/fr\/wp-json\/wp\/v2\/media?parent=14284"}],"wp:term":[{"taxonomy":"category","embeddable":true,"href":"https:\/\/agradocosmetic.com\/fr\/wp-json\/wp\/v2\/categories?post=14284"},{"taxonomy":"post_tag","embeddable":true,"href":"https:\/\/agradocosmetic.com\/fr\/wp-json\/wp\/v2\/tags?post=14284"}],"curies":[{"name":"wp","href":"https:\/\/api.w.org\/{rel}","templated":true}]}}