{"id":17507,"date":"2021-02-16T08:57:59","date_gmt":"2021-02-16T07:57:59","guid":{"rendered":"https:\/\/www.agradocosmetic.com\/?p=17507"},"modified":"2023-11-18T16:58:52","modified_gmt":"2023-11-18T16:58:52","slug":"como-proteger-tus-manos","status":"publish","type":"post","link":"https:\/\/agradocosmetic.com\/fr\/como-proteger-tus-manos\/","title":{"rendered":"Comment prot\u00e9ger vos mains"},"content":{"rendered":"<p>Les mains sont l\u2019une des zones de notre corps les plus expos\u00e9es \u00e0 diff\u00e9rents types d\u2019agressions ext\u00e9rieures, comme le froid, les bact\u00e9ries et les germes. L\u2019ann\u00e9e derni\u00e8re, elles sont devenues au centre de notre hygi\u00e8ne pour pr\u00e9venir les infections au Covid-19, mais savez-vous comment prot\u00e9ger correctement vos mains ?<\/p>\r\n\r\n\r\n\r\n<p>Les autorit\u00e9s et les professionnels accordent une grande importance \u00e0 <strong>lavage des mains<\/strong>, et c&#039;est vrai que c&#039;est la premi\u00e8re \u00e9tape pour prot\u00e9ger ses mains et avoir <strong>bonne hygi\u00e8ne<\/strong>, mais il faut bien choisir <a href=\"\/fr\/?categoria-producto=jabon-de-manos\" target=\"_blank\" rel=\"noreferrer noopener\">savon pour les mains<\/a>. Ceux d&#039;Agrado ont un pH neutre et ont des ar\u00f4mes d\u00e9licieux, m\u00eame pour les plus petits de la maison. Choisissez votre pr\u00e9f\u00e9r\u00e9 pour votre hygi\u00e8ne quotidienne ! Et n&#039;oubliez pas, si possible, de toujours vous laver les mains \u00e0 l&#039;eau ti\u00e8de et de terminer \u00e0 l&#039;eau froide, pour r\u00e9activer la circulation. Une eau trop chaude peut endommager notre \u00e9piderme.<\/p>\r\n\r\n\r\n\r\n<p>D&#039;un autre c\u00f4t\u00e9, le <strong>gels d\u00e9sinfectants<\/strong> Ils font d\u00e9j\u00e0 partie de notre quotidien, et c&#039;est pourquoi vous disposez de plus en plus d&#039;options pour prot\u00e9ger vos mains contre les virus et autres bact\u00e9ries selon vos pr\u00e9f\u00e9rences. Chez Agrado, nous avons formul\u00e9 une large gamme de <a href=\"\/fr\/?categoria-producto=higienizante\" target=\"_blank\" rel=\"noreferrer noopener\">d\u00e9sinfecter<\/a>, dans diff\u00e9rents formats, avec ar\u00f4me et neutre.<\/p>\r\n\r\n\r\n\r\n<p>Cependant, le lavage continu des mains et l&#039;utilisation de d\u00e9sinfectants peuvent \u00e9galement ass\u00e9cher consid\u00e9rablement nos mains, ainsi que les basses temp\u00e9ratures que nous avons encore dans de nombreuses villes. C&#039;est pourquoi il est essentiel d&#039;appliquer plusieurs fois par jour <strong>ongle <a href=\"\/fr\/?p=487\" target=\"_blank\" rel=\"noreferrer noopener\">Cr\u00e8me de mains<\/a> Concentr\u00e9<\/strong>. Le n\u00f4tre est enrichi en Glyc\u00e9rine, qui prot\u00e8ge et acc\u00e9l\u00e8re le processus de r\u00e9paration de la peau, et contient \u00e9galement du Beurre de Karit\u00e9 qui nourrit intens\u00e9ment. Parfait \u00e0 emporter toujours avec soi !<\/p>\r\n\r\n\r\n\r\n<p>Rappelle-toi que <strong>alimentation correcte<\/strong> \u00c0 base de fruits et l\u00e9gumes, il est toujours essentiel d&#039;avoir une peau belle et saine, en plus de boire au moins deux litres d&#039;eau par jour. Ces conseils vous aideront \u00e0 prot\u00e9ger vos mains et \u00e0 les conserver en bon \u00e9tat, sans irritation ni blessure. Et n&#039;oubliez pas de porter des gants, si les temp\u00e9ratures sont tr\u00e8s basses, le <strong>des gants ou des mitaines<\/strong> le tissu respirant vous aidera \u00e0 garder vos mains au chaud et prot\u00e9g\u00e9es.<\/p>","protected":false},"excerpt":{"rendered":"<p>Las manos son una de las zonas m\u00e1s expuestas de nuestro cuerpo a diferentes tipos de agresiones externas, como el fr\u00edo, las bacterias y los g\u00e9rmenes. En el \u00faltimo a\u00f1o se han convertido en el foco de nuestra higiene para prevenir contagios por el Covid-19, pero, \u00bfsabes c\u00f3mo proteger tus manos correctamente? Las autoridades y [&hellip;]<\/p>\n","protected":false},"author":9,"featured_media":0,"comment_status":"open","ping_status":"closed","sticky":false,"template":"","format":"standard","meta":{"footnotes":"","_wp_rev_ctl_limit":""},"categories":[149,1],"tags":[289,341,205,288],"class_list":["post-17507","post","type-post","status-publish","format-standard","hentry","category-corporal","category-todos","tag-cuidado-de-la-piel","tag-cuidado-de-manos","tag-hidratacion","tag-manos"],"yoast_head":"<!-- This site is optimized with the Yoast SEO plugin v27.4 - https:\/\/yoast.com\/product\/yoast-seo-wordpress\/ -->\n<title>C\u00f3mo proteger tus manos - Agrado<\/title>\n<meta name=\"description\" content=\"Proteger tus manos de agresiones externas, como el fr\u00edo y las bacterias, es fundamental. \u00a1Sigue estos sencillos consejos!\" \/>\n<meta name=\"robots\" content=\"index, follow, max-snippet:-1, max-image-preview:large, max-video-preview:-1\" \/>\n<link rel=\"canonical\" href=\"https:\/\/agradocosmetic.com\/fr\/como-proteger-tus-manos\/\" \/>\n<meta property=\"og:locale\" content=\"fr_FR\" \/>\n<meta property=\"og:type\" content=\"article\" \/>\n<meta property=\"og:title\" content=\"C\u00f3mo proteger tus manos - Agrado\" \/>\n<meta property=\"og:description\" content=\"Proteger tus manos de agresiones externas, como el fr\u00edo y las bacterias, es fundamental. \u00a1Sigue estos sencillos consejos!\" \/>\n<meta property=\"og:url\" content=\"https:\/\/agradocosmetic.com\/fr\/como-proteger-tus-manos\/\" \/>\n<meta property=\"og:site_name\" content=\"Agrado\" \/>\n<meta property=\"article:published_time\" content=\"2021-02-16T07:57:59+00:00\" \/>\n<meta property=\"article:modified_time\" content=\"2023-11-18T16:58:52+00:00\" \/>\n<meta property=\"og:image\" content=\"https:\/\/agradocosmetic.com\/wp-content\/uploads\/2021\/02\/proteger-manos-agrado.jpg\" \/>\n\t<meta property=\"og:image:width\" content=\"1200\" \/>\n\t<meta property=\"og:image:height\" content=\"800\" \/>\n\t<meta property=\"og:image:type\" content=\"image\/jpeg\" \/>\n<meta name=\"author\" content=\"agradocosmetic\" \/>\n<meta name=\"twitter:card\" content=\"summary_large_image\" \/>\n<meta name=\"twitter:label1\" content=\"\u00c9crit par\" \/>\n\t<meta name=\"twitter:data1\" content=\"agradocosmetic\" \/>\n\t<meta name=\"twitter:label2\" content=\"Dur\u00e9e de lecture estim\u00e9e\" \/>\n\t<meta name=\"twitter:data2\" content=\"2 minutes\" \/>\n<script type=\"application\/ld+json\" class=\"yoast-schema-graph\">{\"@context\":\"https:\\\/\\\/schema.org\",\"@graph\":[{\"@type\":\"Article\",\"@id\":\"https:\\\/\\\/agradocosmetic.com\\\/como-proteger-tus-manos\\\/#article\",\"isPartOf\":{\"@id\":\"https:\\\/\\\/agradocosmetic.com\\\/como-proteger-tus-manos\\\/\"},\"author\":{\"name\":\"agradocosmetic\",\"@id\":\"https:\\\/\\\/agradocosmetic.com\\\/#\\\/schema\\\/person\\\/732e8d396022e25f9340196f83d6789d\"},\"headline\":\"C\u00f3mo proteger tus manos\",\"datePublished\":\"2021-02-16T07:57:59+00:00\",\"dateModified\":\"2023-11-18T16:58:52+00:00\",\"mainEntityOfPage\":{\"@id\":\"https:\\\/\\\/agradocosmetic.com\\\/como-proteger-tus-manos\\\/\"},\"wordCount\":381,\"commentCount\":0,\"publisher\":{\"@id\":\"https:\\\/\\\/agradocosmetic.com\\\/#organization\"},\"keywords\":[\"cuidado de la piel\",\"cuidado de manos\",\"hidrataci\u00f3n\",\"manos\"],\"articleSection\":[\"Corporal\",\"Todos\"],\"inLanguage\":\"fr-FR\",\"potentialAction\":[{\"@type\":\"CommentAction\",\"name\":\"Comment\",\"target\":[\"https:\\\/\\\/agradocosmetic.com\\\/como-proteger-tus-manos\\\/#respond\"]}]},{\"@type\":\"WebPage\",\"@id\":\"https:\\\/\\\/agradocosmetic.com\\\/como-proteger-tus-manos\\\/\",\"url\":\"https:\\\/\\\/agradocosmetic.com\\\/como-proteger-tus-manos\\\/\",\"name\":\"C\u00f3mo proteger tus manos - Agrado\",\"isPartOf\":{\"@id\":\"https:\\\/\\\/agradocosmetic.com\\\/#website\"},\"datePublished\":\"2021-02-16T07:57:59+00:00\",\"dateModified\":\"2023-11-18T16:58:52+00:00\",\"description\":\"Proteger tus manos de agresiones externas, como el fr\u00edo y las bacterias, es fundamental. \u00a1Sigue estos sencillos consejos!\",\"breadcrumb\":{\"@id\":\"https:\\\/\\\/agradocosmetic.com\\\/como-proteger-tus-manos\\\/#breadcrumb\"},\"inLanguage\":\"fr-FR\",\"potentialAction\":[{\"@type\":\"ReadAction\",\"target\":[\"https:\\\/\\\/agradocosmetic.com\\\/como-proteger-tus-manos\\\/\"]}]},{\"@type\":\"BreadcrumbList\",\"@id\":\"https:\\\/\\\/agradocosmetic.com\\\/como-proteger-tus-manos\\\/#breadcrumb\",\"itemListElement\":[{\"@type\":\"ListItem\",\"position\":1,\"name\":\"Portada\",\"item\":\"https:\\\/\\\/agradocosmetic.com\\\/\"},{\"@type\":\"ListItem\",\"position\":2,\"name\":\"C\u00f3mo proteger tus manos\"}]},{\"@type\":\"WebSite\",\"@id\":\"https:\\\/\\\/agradocosmetic.com\\\/#website\",\"url\":\"https:\\\/\\\/agradocosmetic.com\\\/\",\"name\":\"Agrado\",\"description\":\"Cosmetic\",\"publisher\":{\"@id\":\"https:\\\/\\\/agradocosmetic.com\\\/#organization\"},\"potentialAction\":[{\"@type\":\"SearchAction\",\"target\":{\"@type\":\"EntryPoint\",\"urlTemplate\":\"https:\\\/\\\/agradocosmetic.com\\\/?s={search_term_string}\"},\"query-input\":{\"@type\":\"PropertyValueSpecification\",\"valueRequired\":true,\"valueName\":\"search_term_string\"}}],\"inLanguage\":\"fr-FR\"},{\"@type\":\"Organization\",\"@id\":\"https:\\\/\\\/agradocosmetic.com\\\/#organization\",\"name\":\"Agrado\",\"url\":\"https:\\\/\\\/agradocosmetic.com\\\/\",\"logo\":{\"@type\":\"ImageObject\",\"inLanguage\":\"fr-FR\",\"@id\":\"https:\\\/\\\/agradocosmetic.com\\\/#\\\/schema\\\/logo\\\/image\\\/\",\"url\":\"https:\\\/\\\/agradocosmetic.com\\\/wp-content\\\/uploads\\\/2023\\\/07\\\/LOGO-AGRADO-WEB-01.png\",\"contentUrl\":\"https:\\\/\\\/agradocosmetic.com\\\/wp-content\\\/uploads\\\/2023\\\/07\\\/LOGO-AGRADO-WEB-01.png\",\"width\":1632,\"height\":300,\"caption\":\"Agrado\"},\"image\":{\"@id\":\"https:\\\/\\\/agradocosmetic.com\\\/#\\\/schema\\\/logo\\\/image\\\/\"}},{\"@type\":\"Person\",\"@id\":\"https:\\\/\\\/agradocosmetic.com\\\/#\\\/schema\\\/person\\\/732e8d396022e25f9340196f83d6789d\",\"name\":\"agradocosmetic\",\"image\":{\"@type\":\"ImageObject\",\"inLanguage\":\"fr-FR\",\"@id\":\"https:\\\/\\\/secure.gravatar.com\\\/avatar\\\/c6003e45301182b7e125463fcbec403b1980909c12edf09098526b9a15e779c0?s=96&d=mm&r=g\",\"url\":\"https:\\\/\\\/secure.gravatar.com\\\/avatar\\\/c6003e45301182b7e125463fcbec403b1980909c12edf09098526b9a15e779c0?s=96&d=mm&r=g\",\"contentUrl\":\"https:\\\/\\\/secure.gravatar.com\\\/avatar\\\/c6003e45301182b7e125463fcbec403b1980909c12edf09098526b9a15e779c0?s=96&d=mm&r=g\",\"caption\":\"agradocosmetic\"}}]}<\/script>\n<!-- \/ Yoast SEO plugin. -->","yoast_head_json":{"title":"Comment prot\u00e9ger vos mains - Agrado","description":"Prot\u00e9ger ses mains des agressions ext\u00e9rieures, comme le froid et les bact\u00e9ries, est essentiel. Suivez ces conseils simples\u00a0!","robots":{"index":"index","follow":"follow","max-snippet":"max-snippet:-1","max-image-preview":"max-image-preview:large","max-video-preview":"max-video-preview:-1"},"canonical":"https:\/\/agradocosmetic.com\/fr\/como-proteger-tus-manos\/","og_locale":"fr_FR","og_type":"article","og_title":"C\u00f3mo proteger tus manos - Agrado","og_description":"Proteger tus manos de agresiones externas, como el fr\u00edo y las bacterias, es fundamental. \u00a1Sigue estos sencillos consejos!","og_url":"https:\/\/agradocosmetic.com\/fr\/como-proteger-tus-manos\/","og_site_name":"Agrado","article_published_time":"2021-02-16T07:57:59+00:00","article_modified_time":"2023-11-18T16:58:52+00:00","og_image":[{"width":1200,"height":800,"url":"https:\/\/agradocosmetic.com\/wp-content\/uploads\/2021\/02\/proteger-manos-agrado.jpg","type":"image\/jpeg"}],"author":"agradocosmetic","twitter_card":"summary_large_image","twitter_misc":{"\u00c9crit par":"agradocosmetic","Dur\u00e9e de lecture estim\u00e9e":"2 minutes"},"schema":{"@context":"https:\/\/schema.org","@graph":[{"@type":"Article","@id":"https:\/\/agradocosmetic.com\/como-proteger-tus-manos\/#article","isPartOf":{"@id":"https:\/\/agradocosmetic.com\/como-proteger-tus-manos\/"},"author":{"name":"agradocosmetic","@id":"https:\/\/agradocosmetic.com\/#\/schema\/person\/732e8d396022e25f9340196f83d6789d"},"headline":"C\u00f3mo proteger tus manos","datePublished":"2021-02-16T07:57:59+00:00","dateModified":"2023-11-18T16:58:52+00:00","mainEntityOfPage":{"@id":"https:\/\/agradocosmetic.com\/como-proteger-tus-manos\/"},"wordCount":381,"commentCount":0,"publisher":{"@id":"https:\/\/agradocosmetic.com\/#organization"},"keywords":["cuidado de la piel","cuidado de manos","hidrataci\u00f3n","manos"],"articleSection":["Corporal","Todos"],"inLanguage":"fr-FR","potentialAction":[{"@type":"CommentAction","name":"Comment","target":["https:\/\/agradocosmetic.com\/como-proteger-tus-manos\/#respond"]}]},{"@type":"WebPage","@id":"https:\/\/agradocosmetic.com\/como-proteger-tus-manos\/","url":"https:\/\/agradocosmetic.com\/como-proteger-tus-manos\/","name":"Comment prot\u00e9ger vos mains - Agrado","isPartOf":{"@id":"https:\/\/agradocosmetic.com\/#website"},"datePublished":"2021-02-16T07:57:59+00:00","dateModified":"2023-11-18T16:58:52+00:00","description":"Prot\u00e9ger ses mains des agressions ext\u00e9rieures, comme le froid et les bact\u00e9ries, est essentiel. Suivez ces conseils simples\u00a0!","breadcrumb":{"@id":"https:\/\/agradocosmetic.com\/como-proteger-tus-manos\/#breadcrumb"},"inLanguage":"fr-FR","potentialAction":[{"@type":"ReadAction","target":["https:\/\/agradocosmetic.com\/como-proteger-tus-manos\/"]}]},{"@type":"BreadcrumbList","@id":"https:\/\/agradocosmetic.com\/como-proteger-tus-manos\/#breadcrumb","itemListElement":[{"@type":"ListItem","position":1,"name":"Portada","item":"https:\/\/agradocosmetic.com\/"},{"@type":"ListItem","position":2,"name":"C\u00f3mo proteger tus manos"}]},{"@type":"WebSite","@id":"https:\/\/agradocosmetic.com\/#website","url":"https:\/\/agradocosmetic.com\/","name":"Aimer","description":"cosm\u00e9tique","publisher":{"@id":"https:\/\/agradocosmetic.com\/#organization"},"potentialAction":[{"@type":"SearchAction","target":{"@type":"EntryPoint","urlTemplate":"https:\/\/agradocosmetic.com\/?s={search_term_string}"},"query-input":{"@type":"PropertyValueSpecification","valueRequired":true,"valueName":"search_term_string"}}],"inLanguage":"fr-FR"},{"@type":"Organization","@id":"https:\/\/agradocosmetic.com\/#organization","name":"Aimer","url":"https:\/\/agradocosmetic.com\/","logo":{"@type":"ImageObject","inLanguage":"fr-FR","@id":"https:\/\/agradocosmetic.com\/#\/schema\/logo\/image\/","url":"https:\/\/agradocosmetic.com\/wp-content\/uploads\/2023\/07\/LOGO-AGRADO-WEB-01.png","contentUrl":"https:\/\/agradocosmetic.com\/wp-content\/uploads\/2023\/07\/LOGO-AGRADO-WEB-01.png","width":1632,"height":300,"caption":"Agrado"},"image":{"@id":"https:\/\/agradocosmetic.com\/#\/schema\/logo\/image\/"}},{"@type":"Person","@id":"https:\/\/agradocosmetic.com\/#\/schema\/person\/732e8d396022e25f9340196f83d6789d","name":"agradocosm\u00e9tique","image":{"@type":"ImageObject","inLanguage":"fr-FR","@id":"https:\/\/secure.gravatar.com\/avatar\/c6003e45301182b7e125463fcbec403b1980909c12edf09098526b9a15e779c0?s=96&d=mm&r=g","url":"https:\/\/secure.gravatar.com\/avatar\/c6003e45301182b7e125463fcbec403b1980909c12edf09098526b9a15e779c0?s=96&d=mm&r=g","contentUrl":"https:\/\/secure.gravatar.com\/avatar\/c6003e45301182b7e125463fcbec403b1980909c12edf09098526b9a15e779c0?s=96&d=mm&r=g","caption":"agradocosmetic"}}]}},"_links":{"self":[{"href":"https:\/\/agradocosmetic.com\/fr\/wp-json\/wp\/v2\/posts\/17507","targetHints":{"allow":["GET"]}}],"collection":[{"href":"https:\/\/agradocosmetic.com\/fr\/wp-json\/wp\/v2\/posts"}],"about":[{"href":"https:\/\/agradocosmetic.com\/fr\/wp-json\/wp\/v2\/types\/post"}],"author":[{"embeddable":true,"href":"https:\/\/agradocosmetic.com\/fr\/wp-json\/wp\/v2\/users\/9"}],"replies":[{"embeddable":true,"href":"https:\/\/agradocosmetic.com\/fr\/wp-json\/wp\/v2\/comments?post=17507"}],"version-history":[{"count":1,"href":"https:\/\/agradocosmetic.com\/fr\/wp-json\/wp\/v2\/posts\/17507\/revisions"}],"predecessor-version":[{"id":21341,"href":"https:\/\/agradocosmetic.com\/fr\/wp-json\/wp\/v2\/posts\/17507\/revisions\/21341"}],"wp:attachment":[{"href":"https:\/\/agradocosmetic.com\/fr\/wp-json\/wp\/v2\/media?parent=17507"}],"wp:term":[{"taxonomy":"category","embeddable":true,"href":"https:\/\/agradocosmetic.com\/fr\/wp-json\/wp\/v2\/categories?post=17507"},{"taxonomy":"post_tag","embeddable":true,"href":"https:\/\/agradocosmetic.com\/fr\/wp-json\/wp\/v2\/tags?post=17507"}],"curies":[{"name":"wp","href":"https:\/\/api.w.org\/{rel}","templated":true}]}}