{"id":18569,"date":"2021-07-22T16:11:27","date_gmt":"2021-07-22T15:11:27","guid":{"rendered":"https:\/\/www.agradocosmetic.com\/?p=18569"},"modified":"2023-11-18T16:58:52","modified_gmt":"2023-11-18T16:58:52","slug":"como-protegerte-del-sol-durante-el-embarazo","status":"publish","type":"post","link":"https:\/\/agradocosmetic.com\/fr\/como-protegerte-del-sol-durante-el-embarazo\/","title":{"rendered":"Comment se prot\u00e9ger du soleil pendant la grossesse"},"content":{"rendered":"<p>Puisqu&#039;une femme tombe enceinte, ses recherches sur Google et ses consultations avec d&#039;autres mamans sont interminables, il est in\u00e9vitable d&#039;\u00eatre avide d&#039;informations \u00e0 ce stade, surtout s&#039;il s&#039;agit de votre premier b\u00e9b\u00e9. <strong>Comment se prot\u00e9ger du soleil pendant la grossesse <\/strong>C\u2019est l\u2019un des plus recherch\u00e9s sur Google. Le corps subit de nombreux changements et processus que nous ne comprenons pas pleinement, c&#039;est pourquoi il est important de bien s&#039;informer et de consulter des professionnels chaque fois que n\u00e9cessaire. Notre peau subit g\u00e9n\u00e9ralement des changements hormonaux pendant cette \u00e9tape passionnante, c&#039;est pourquoi nous devons plus que jamais en prendre soin et la prot\u00e9ger. Aujourd&#039;hui, nous r\u00e9pondons aux questions les plus courantes sur le soleil et la grossesse et vous donnons quelques conseils utiles !<\/p>\r\n\r\n\r\n\r\n<p><strong>1. Profitez des bienfaits du soleil avec prudence. <\/strong>Pendant la grossesse, les femmes ont la peau plus sensible et, bien s\u00fbr, il faut \u00e9viter les expositions prolong\u00e9es, les heures de rayonnement les plus fortes et appliquer et r\u00e9appliquer. <a href=\"\/fr\/?linea=solares\" target=\"_blank\" rel=\"noreferrer noopener\">cr\u00e8me solaire SPF 50+<\/a> large spectre. Mais il est \u00e9galement int\u00e9ressant de savoir que le soleil aide \u00e0 synth\u00e9tiser la vitamine D, ce qui contribue \u00e0 renforcer les os en contribuant \u00e0 la bonne absorption du calcium, ce qui est b\u00e9n\u00e9fique tant pour la m\u00e8re que pour le b\u00e9b\u00e9, en cours de croissance et de d\u00e9veloppement.<\/p>\r\n\r\n\r\n\r\n<p><strong>2. Attention aux taches ! <\/strong>Se prot\u00e9ger du soleil pendant la grossesse est essentiel pour \u00e9viter les chloasmas, connus sous le nom de \u00ab masque de grossesse \u00bb, qui peuvent appara\u00eetre sur votre visage si vous n&#039;utilisez pas une haute protection solaire du visage, non seulement en \u00e9t\u00e9, mais tous les jours. La zone de la l\u00e8vre sup\u00e9rieure et du cou est g\u00e9n\u00e9ralement la plus touch\u00e9e. \u00c9vitez-les gr\u00e2ce \u00e0 la Brume Solaire Faciale SPF50+, qui vous permet de la r\u00e9appliquer dans la journ\u00e9e et de toujours l&#039;emporter avec vous.<\/p>\r\n\r\n\r\n\r\n<p><strong>3. Le chapeau sera votre grand alli\u00e9. <\/strong>Vous \u00e9viterez d\u2019\u00e9ventuelles insolations et vous \u00e9viterez \u00e9galement l\u2019apparition de taches. Un deux en un parfait ! En plus de compl\u00e9ter vos looks de grossesse avec une touche \u00e9l\u00e9gante. Se prot\u00e9ger du soleil pendant la grossesse avec style, c&#039;est possible !<\/p>\r\n\r\n\r\n\r\n<p><strong>4. Hydratez-vous de l\u2019int\u00e9rieur.<\/strong> Ayez toujours une bouteille d\u2019eau avec vous et mangez beaucoup de fruits et l\u00e9gumes. Avec le soleil et les temp\u00e9ratures \u00e9lev\u00e9es. Nous pouvons perdre des liquides et souffrir de d\u00e9shydratation et d\u2019hypotension. \u00c9quilibrez votre corps, soignez votre alimentation et votre hydratation en \u00e9t\u00e9 plus que jamais pendant la grossesse.<\/p>\r\n\r\n\r\n\r\n<p><strong>5. Hydratez beaucoup votre peau. Surtout apr\u00e8s le soleil. <\/strong>UN <a href=\"\/fr\/?p=3570\" target=\"_blank\" rel=\"noreferrer noopener\">gel d&#039;aloe vera comme celui d&#039;Agrado<\/a>, vous aidera \u00e0 calmer, apaiser et apporter une hydratation suppl\u00e9mentaire \u00e0 votre peau, avec l&#039;extrait d&#039;Aloe Vera 100% et la Glyc\u00e9rine.<\/p>\r\n\r\n\r\n\r\n<p>Comme on vous le disait, se prot\u00e9ger du soleil pendant la grossesse est indispensable, mais c&#039;est tr\u00e8s simple si vous prenez ces pr\u00e9cautions. Et profitez du temps sur le ventre et des poses estivales\u00a0!<\/p>\r\n\r\n\r\n\r\n<p>&nbsp;<\/p>","protected":false},"excerpt":{"rendered":"<p>Desde que una mujer se queda embarazada, sus b\u00fasquedas en Google y consultas con otras mamis son infinitas, es irremediable estar ansiosas de informaci\u00f3n en esta etapa, sobre todo si es tu primer beb\u00e9. C\u00f3mo protegerte del sol durante el embarazo es de las m\u00e1s googleadas. El cuerpo sufre muchos cambios y procesos que no [&hellip;]<\/p>\n","protected":false},"author":9,"featured_media":21320,"comment_status":"open","ping_status":"closed","sticky":false,"template":"","format":"standard","meta":{"footnotes":"","_wp_rev_ctl_limit":""},"categories":[116,1],"tags":[],"class_list":["post-18569","post","type-post","status-publish","format-standard","has-post-thumbnail","hentry","category-solar","category-todos"],"yoast_head":"<!-- This site is optimized with the Yoast SEO plugin v27.4 - https:\/\/yoast.com\/product\/yoast-seo-wordpress\/ -->\n<title>C\u00f3mo protegerte del sol durante el embarazo - Agrado<\/title>\n<meta name=\"description\" content=\"\u00a1Resolvemos las dudas m\u00e1s frecuentes sobre el sol y el embarazo! Aprende a protegerte del sol durante el embarazo y toma nota de estos tips.\" \/>\n<meta name=\"robots\" content=\"index, follow, max-snippet:-1, max-image-preview:large, max-video-preview:-1\" \/>\n<link rel=\"canonical\" href=\"https:\/\/agradocosmetic.com\/fr\/como-protegerte-del-sol-durante-el-embarazo\/\" \/>\n<meta property=\"og:locale\" content=\"fr_FR\" \/>\n<meta property=\"og:type\" content=\"article\" \/>\n<meta property=\"og:title\" content=\"C\u00f3mo protegerte del sol durante el embarazo - Agrado\" \/>\n<meta property=\"og:description\" content=\"\u00a1Resolvemos las dudas m\u00e1s frecuentes sobre el sol y el embarazo! Aprende a protegerte del sol durante el embarazo y toma nota de estos tips.\" \/>\n<meta property=\"og:url\" content=\"https:\/\/agradocosmetic.com\/fr\/como-protegerte-del-sol-durante-el-embarazo\/\" \/>\n<meta property=\"og:site_name\" content=\"Agrado\" \/>\n<meta property=\"article:published_time\" content=\"2021-07-22T15:11:27+00:00\" \/>\n<meta property=\"article:modified_time\" content=\"2023-11-18T16:58:52+00:00\" \/>\n<meta property=\"og:image\" content=\"https:\/\/agradocosmetic.com\/wp-content\/uploads\/2021\/07\/protegerse-embarazo-sol-verano-agrado.jpg\" \/>\n\t<meta property=\"og:image:width\" content=\"1200\" \/>\n\t<meta property=\"og:image:height\" content=\"800\" \/>\n\t<meta property=\"og:image:type\" content=\"image\/jpeg\" \/>\n<meta name=\"author\" content=\"agradocosmetic\" \/>\n<meta name=\"twitter:card\" content=\"summary_large_image\" \/>\n<meta name=\"twitter:label1\" content=\"\u00c9crit par\" \/>\n\t<meta name=\"twitter:data1\" content=\"agradocosmetic\" \/>\n\t<meta name=\"twitter:label2\" content=\"Dur\u00e9e de lecture estim\u00e9e\" \/>\n\t<meta name=\"twitter:data2\" content=\"2 minutes\" \/>\n<script type=\"application\/ld+json\" class=\"yoast-schema-graph\">{\"@context\":\"https:\\\/\\\/schema.org\",\"@graph\":[{\"@type\":\"Article\",\"@id\":\"https:\\\/\\\/agradocosmetic.com\\\/como-protegerte-del-sol-durante-el-embarazo\\\/#article\",\"isPartOf\":{\"@id\":\"https:\\\/\\\/agradocosmetic.com\\\/como-protegerte-del-sol-durante-el-embarazo\\\/\"},\"author\":{\"name\":\"agradocosmetic\",\"@id\":\"https:\\\/\\\/agradocosmetic.com\\\/#\\\/schema\\\/person\\\/732e8d396022e25f9340196f83d6789d\"},\"headline\":\"C\u00f3mo protegerte del sol durante el embarazo\",\"datePublished\":\"2021-07-22T15:11:27+00:00\",\"dateModified\":\"2023-11-18T16:58:52+00:00\",\"mainEntityOfPage\":{\"@id\":\"https:\\\/\\\/agradocosmetic.com\\\/como-protegerte-del-sol-durante-el-embarazo\\\/\"},\"wordCount\":476,\"commentCount\":0,\"publisher\":{\"@id\":\"https:\\\/\\\/agradocosmetic.com\\\/#organization\"},\"image\":{\"@id\":\"https:\\\/\\\/agradocosmetic.com\\\/como-protegerte-del-sol-durante-el-embarazo\\\/#primaryimage\"},\"thumbnailUrl\":\"https:\\\/\\\/agradocosmetic.com\\\/wp-content\\\/uploads\\\/2021\\\/07\\\/protegerse-embarazo-sol-verano-agrado.jpg\",\"articleSection\":[\"Solar\",\"Todos\"],\"inLanguage\":\"fr-FR\",\"potentialAction\":[{\"@type\":\"CommentAction\",\"name\":\"Comment\",\"target\":[\"https:\\\/\\\/agradocosmetic.com\\\/como-protegerte-del-sol-durante-el-embarazo\\\/#respond\"]}]},{\"@type\":\"WebPage\",\"@id\":\"https:\\\/\\\/agradocosmetic.com\\\/como-protegerte-del-sol-durante-el-embarazo\\\/\",\"url\":\"https:\\\/\\\/agradocosmetic.com\\\/como-protegerte-del-sol-durante-el-embarazo\\\/\",\"name\":\"C\u00f3mo protegerte del sol durante el embarazo - Agrado\",\"isPartOf\":{\"@id\":\"https:\\\/\\\/agradocosmetic.com\\\/#website\"},\"primaryImageOfPage\":{\"@id\":\"https:\\\/\\\/agradocosmetic.com\\\/como-protegerte-del-sol-durante-el-embarazo\\\/#primaryimage\"},\"image\":{\"@id\":\"https:\\\/\\\/agradocosmetic.com\\\/como-protegerte-del-sol-durante-el-embarazo\\\/#primaryimage\"},\"thumbnailUrl\":\"https:\\\/\\\/agradocosmetic.com\\\/wp-content\\\/uploads\\\/2021\\\/07\\\/protegerse-embarazo-sol-verano-agrado.jpg\",\"datePublished\":\"2021-07-22T15:11:27+00:00\",\"dateModified\":\"2023-11-18T16:58:52+00:00\",\"description\":\"\u00a1Resolvemos las dudas m\u00e1s frecuentes sobre el sol y el embarazo! Aprende a protegerte del sol durante el embarazo y toma nota de estos tips.\",\"breadcrumb\":{\"@id\":\"https:\\\/\\\/agradocosmetic.com\\\/como-protegerte-del-sol-durante-el-embarazo\\\/#breadcrumb\"},\"inLanguage\":\"fr-FR\",\"potentialAction\":[{\"@type\":\"ReadAction\",\"target\":[\"https:\\\/\\\/agradocosmetic.com\\\/como-protegerte-del-sol-durante-el-embarazo\\\/\"]}]},{\"@type\":\"ImageObject\",\"inLanguage\":\"fr-FR\",\"@id\":\"https:\\\/\\\/agradocosmetic.com\\\/como-protegerte-del-sol-durante-el-embarazo\\\/#primaryimage\",\"url\":\"https:\\\/\\\/agradocosmetic.com\\\/wp-content\\\/uploads\\\/2021\\\/07\\\/protegerse-embarazo-sol-verano-agrado.jpg\",\"contentUrl\":\"https:\\\/\\\/agradocosmetic.com\\\/wp-content\\\/uploads\\\/2021\\\/07\\\/protegerse-embarazo-sol-verano-agrado.jpg\",\"width\":1200,\"height\":800},{\"@type\":\"BreadcrumbList\",\"@id\":\"https:\\\/\\\/agradocosmetic.com\\\/como-protegerte-del-sol-durante-el-embarazo\\\/#breadcrumb\",\"itemListElement\":[{\"@type\":\"ListItem\",\"position\":1,\"name\":\"Portada\",\"item\":\"https:\\\/\\\/agradocosmetic.com\\\/\"},{\"@type\":\"ListItem\",\"position\":2,\"name\":\"C\u00f3mo protegerte del sol durante el embarazo\"}]},{\"@type\":\"WebSite\",\"@id\":\"https:\\\/\\\/agradocosmetic.com\\\/#website\",\"url\":\"https:\\\/\\\/agradocosmetic.com\\\/\",\"name\":\"Agrado\",\"description\":\"Cosmetic\",\"publisher\":{\"@id\":\"https:\\\/\\\/agradocosmetic.com\\\/#organization\"},\"potentialAction\":[{\"@type\":\"SearchAction\",\"target\":{\"@type\":\"EntryPoint\",\"urlTemplate\":\"https:\\\/\\\/agradocosmetic.com\\\/?s={search_term_string}\"},\"query-input\":{\"@type\":\"PropertyValueSpecification\",\"valueRequired\":true,\"valueName\":\"search_term_string\"}}],\"inLanguage\":\"fr-FR\"},{\"@type\":\"Organization\",\"@id\":\"https:\\\/\\\/agradocosmetic.com\\\/#organization\",\"name\":\"Agrado\",\"url\":\"https:\\\/\\\/agradocosmetic.com\\\/\",\"logo\":{\"@type\":\"ImageObject\",\"inLanguage\":\"fr-FR\",\"@id\":\"https:\\\/\\\/agradocosmetic.com\\\/#\\\/schema\\\/logo\\\/image\\\/\",\"url\":\"https:\\\/\\\/agradocosmetic.com\\\/wp-content\\\/uploads\\\/2023\\\/07\\\/LOGO-AGRADO-WEB-01.png\",\"contentUrl\":\"https:\\\/\\\/agradocosmetic.com\\\/wp-content\\\/uploads\\\/2023\\\/07\\\/LOGO-AGRADO-WEB-01.png\",\"width\":1632,\"height\":300,\"caption\":\"Agrado\"},\"image\":{\"@id\":\"https:\\\/\\\/agradocosmetic.com\\\/#\\\/schema\\\/logo\\\/image\\\/\"}},{\"@type\":\"Person\",\"@id\":\"https:\\\/\\\/agradocosmetic.com\\\/#\\\/schema\\\/person\\\/732e8d396022e25f9340196f83d6789d\",\"name\":\"agradocosmetic\",\"image\":{\"@type\":\"ImageObject\",\"inLanguage\":\"fr-FR\",\"@id\":\"https:\\\/\\\/secure.gravatar.com\\\/avatar\\\/c6003e45301182b7e125463fcbec403b1980909c12edf09098526b9a15e779c0?s=96&d=mm&r=g\",\"url\":\"https:\\\/\\\/secure.gravatar.com\\\/avatar\\\/c6003e45301182b7e125463fcbec403b1980909c12edf09098526b9a15e779c0?s=96&d=mm&r=g\",\"contentUrl\":\"https:\\\/\\\/secure.gravatar.com\\\/avatar\\\/c6003e45301182b7e125463fcbec403b1980909c12edf09098526b9a15e779c0?s=96&d=mm&r=g\",\"caption\":\"agradocosmetic\"}}]}<\/script>\n<!-- \/ Yoast SEO plugin. -->","yoast_head_json":{"title":"Comment se prot\u00e9ger du soleil pendant la grossesse - Agrado","description":"Nous r\u00e9pondons aux questions les plus fr\u00e9quentes sur le soleil et la grossesse\u00a0! Apprenez comment vous prot\u00e9ger du soleil pendant votre grossesse et prenez note de ces conseils.","robots":{"index":"index","follow":"follow","max-snippet":"max-snippet:-1","max-image-preview":"max-image-preview:large","max-video-preview":"max-video-preview:-1"},"canonical":"https:\/\/agradocosmetic.com\/fr\/como-protegerte-del-sol-durante-el-embarazo\/","og_locale":"fr_FR","og_type":"article","og_title":"C\u00f3mo protegerte del sol durante el embarazo - Agrado","og_description":"\u00a1Resolvemos las dudas m\u00e1s frecuentes sobre el sol y el embarazo! Aprende a protegerte del sol durante el embarazo y toma nota de estos tips.","og_url":"https:\/\/agradocosmetic.com\/fr\/como-protegerte-del-sol-durante-el-embarazo\/","og_site_name":"Agrado","article_published_time":"2021-07-22T15:11:27+00:00","article_modified_time":"2023-11-18T16:58:52+00:00","og_image":[{"width":1200,"height":800,"url":"https:\/\/agradocosmetic.com\/wp-content\/uploads\/2021\/07\/protegerse-embarazo-sol-verano-agrado.jpg","type":"image\/jpeg"}],"author":"agradocosmetic","twitter_card":"summary_large_image","twitter_misc":{"\u00c9crit par":"agradocosmetic","Dur\u00e9e de lecture estim\u00e9e":"2 minutes"},"schema":{"@context":"https:\/\/schema.org","@graph":[{"@type":"Article","@id":"https:\/\/agradocosmetic.com\/como-protegerte-del-sol-durante-el-embarazo\/#article","isPartOf":{"@id":"https:\/\/agradocosmetic.com\/como-protegerte-del-sol-durante-el-embarazo\/"},"author":{"name":"agradocosmetic","@id":"https:\/\/agradocosmetic.com\/#\/schema\/person\/732e8d396022e25f9340196f83d6789d"},"headline":"C\u00f3mo protegerte del sol durante el embarazo","datePublished":"2021-07-22T15:11:27+00:00","dateModified":"2023-11-18T16:58:52+00:00","mainEntityOfPage":{"@id":"https:\/\/agradocosmetic.com\/como-protegerte-del-sol-durante-el-embarazo\/"},"wordCount":476,"commentCount":0,"publisher":{"@id":"https:\/\/agradocosmetic.com\/#organization"},"image":{"@id":"https:\/\/agradocosmetic.com\/como-protegerte-del-sol-durante-el-embarazo\/#primaryimage"},"thumbnailUrl":"https:\/\/agradocosmetic.com\/wp-content\/uploads\/2021\/07\/protegerse-embarazo-sol-verano-agrado.jpg","articleSection":["Solar","Todos"],"inLanguage":"fr-FR","potentialAction":[{"@type":"CommentAction","name":"Comment","target":["https:\/\/agradocosmetic.com\/como-protegerte-del-sol-durante-el-embarazo\/#respond"]}]},{"@type":"WebPage","@id":"https:\/\/agradocosmetic.com\/como-protegerte-del-sol-durante-el-embarazo\/","url":"https:\/\/agradocosmetic.com\/como-protegerte-del-sol-durante-el-embarazo\/","name":"Comment se prot\u00e9ger du soleil pendant la grossesse - Agrado","isPartOf":{"@id":"https:\/\/agradocosmetic.com\/#website"},"primaryImageOfPage":{"@id":"https:\/\/agradocosmetic.com\/como-protegerte-del-sol-durante-el-embarazo\/#primaryimage"},"image":{"@id":"https:\/\/agradocosmetic.com\/como-protegerte-del-sol-durante-el-embarazo\/#primaryimage"},"thumbnailUrl":"https:\/\/agradocosmetic.com\/wp-content\/uploads\/2021\/07\/protegerse-embarazo-sol-verano-agrado.jpg","datePublished":"2021-07-22T15:11:27+00:00","dateModified":"2023-11-18T16:58:52+00:00","description":"Nous r\u00e9pondons aux questions les plus fr\u00e9quentes sur le soleil et la grossesse\u00a0! Apprenez comment vous prot\u00e9ger du soleil pendant votre grossesse et prenez note de ces conseils.","breadcrumb":{"@id":"https:\/\/agradocosmetic.com\/como-protegerte-del-sol-durante-el-embarazo\/#breadcrumb"},"inLanguage":"fr-FR","potentialAction":[{"@type":"ReadAction","target":["https:\/\/agradocosmetic.com\/como-protegerte-del-sol-durante-el-embarazo\/"]}]},{"@type":"ImageObject","inLanguage":"fr-FR","@id":"https:\/\/agradocosmetic.com\/como-protegerte-del-sol-durante-el-embarazo\/#primaryimage","url":"https:\/\/agradocosmetic.com\/wp-content\/uploads\/2021\/07\/protegerse-embarazo-sol-verano-agrado.jpg","contentUrl":"https:\/\/agradocosmetic.com\/wp-content\/uploads\/2021\/07\/protegerse-embarazo-sol-verano-agrado.jpg","width":1200,"height":800},{"@type":"BreadcrumbList","@id":"https:\/\/agradocosmetic.com\/como-protegerte-del-sol-durante-el-embarazo\/#breadcrumb","itemListElement":[{"@type":"ListItem","position":1,"name":"Portada","item":"https:\/\/agradocosmetic.com\/"},{"@type":"ListItem","position":2,"name":"C\u00f3mo protegerte del sol durante el embarazo"}]},{"@type":"WebSite","@id":"https:\/\/agradocosmetic.com\/#website","url":"https:\/\/agradocosmetic.com\/","name":"Aimer","description":"cosm\u00e9tique","publisher":{"@id":"https:\/\/agradocosmetic.com\/#organization"},"potentialAction":[{"@type":"SearchAction","target":{"@type":"EntryPoint","urlTemplate":"https:\/\/agradocosmetic.com\/?s={search_term_string}"},"query-input":{"@type":"PropertyValueSpecification","valueRequired":true,"valueName":"search_term_string"}}],"inLanguage":"fr-FR"},{"@type":"Organization","@id":"https:\/\/agradocosmetic.com\/#organization","name":"Aimer","url":"https:\/\/agradocosmetic.com\/","logo":{"@type":"ImageObject","inLanguage":"fr-FR","@id":"https:\/\/agradocosmetic.com\/#\/schema\/logo\/image\/","url":"https:\/\/agradocosmetic.com\/wp-content\/uploads\/2023\/07\/LOGO-AGRADO-WEB-01.png","contentUrl":"https:\/\/agradocosmetic.com\/wp-content\/uploads\/2023\/07\/LOGO-AGRADO-WEB-01.png","width":1632,"height":300,"caption":"Agrado"},"image":{"@id":"https:\/\/agradocosmetic.com\/#\/schema\/logo\/image\/"}},{"@type":"Person","@id":"https:\/\/agradocosmetic.com\/#\/schema\/person\/732e8d396022e25f9340196f83d6789d","name":"agradocosm\u00e9tique","image":{"@type":"ImageObject","inLanguage":"fr-FR","@id":"https:\/\/secure.gravatar.com\/avatar\/c6003e45301182b7e125463fcbec403b1980909c12edf09098526b9a15e779c0?s=96&d=mm&r=g","url":"https:\/\/secure.gravatar.com\/avatar\/c6003e45301182b7e125463fcbec403b1980909c12edf09098526b9a15e779c0?s=96&d=mm&r=g","contentUrl":"https:\/\/secure.gravatar.com\/avatar\/c6003e45301182b7e125463fcbec403b1980909c12edf09098526b9a15e779c0?s=96&d=mm&r=g","caption":"agradocosmetic"}}]}},"_links":{"self":[{"href":"https:\/\/agradocosmetic.com\/fr\/wp-json\/wp\/v2\/posts\/18569","targetHints":{"allow":["GET"]}}],"collection":[{"href":"https:\/\/agradocosmetic.com\/fr\/wp-json\/wp\/v2\/posts"}],"about":[{"href":"https:\/\/agradocosmetic.com\/fr\/wp-json\/wp\/v2\/types\/post"}],"author":[{"embeddable":true,"href":"https:\/\/agradocosmetic.com\/fr\/wp-json\/wp\/v2\/users\/9"}],"replies":[{"embeddable":true,"href":"https:\/\/agradocosmetic.com\/fr\/wp-json\/wp\/v2\/comments?post=18569"}],"version-history":[{"count":1,"href":"https:\/\/agradocosmetic.com\/fr\/wp-json\/wp\/v2\/posts\/18569\/revisions"}],"predecessor-version":[{"id":21321,"href":"https:\/\/agradocosmetic.com\/fr\/wp-json\/wp\/v2\/posts\/18569\/revisions\/21321"}],"wp:featuredmedia":[{"embeddable":true,"href":"https:\/\/agradocosmetic.com\/fr\/wp-json\/wp\/v2\/media\/21320"}],"wp:attachment":[{"href":"https:\/\/agradocosmetic.com\/fr\/wp-json\/wp\/v2\/media?parent=18569"}],"wp:term":[{"taxonomy":"category","embeddable":true,"href":"https:\/\/agradocosmetic.com\/fr\/wp-json\/wp\/v2\/categories?post=18569"},{"taxonomy":"post_tag","embeddable":true,"href":"https:\/\/agradocosmetic.com\/fr\/wp-json\/wp\/v2\/tags?post=18569"}],"curies":[{"name":"wp","href":"https:\/\/api.w.org\/{rel}","templated":true}]}}