{"id":18702,"date":"2021-07-05T15:23:05","date_gmt":"2021-07-05T14:23:05","guid":{"rendered":"https:\/\/www.agradocosmetic.com\/?p=18702"},"modified":"2023-11-18T16:58:52","modified_gmt":"2023-11-18T16:58:52","slug":"los-solares-agrado-cuidan-de-los-oceanos","status":"publish","type":"post","link":"https:\/\/agradocosmetic.com\/fr\/los-solares-agrado-cuidan-de-los-oceanos\/","title":{"rendered":"Les Agrado Solares prennent soin des oc\u00e9ans !"},"content":{"rendered":"<p>Saviez-vous que notre <a href=\"\/fr\/?linea=solares\" target=\"_blank\" rel=\"noreferrer noopener\">solaire<\/a> Sont-ils conformes \u00e0 la loi hawa\u00efenne sur la protection des coraux SB2571\u00a0? Cela signifie qu\u2019ils prennent soin des oc\u00e9ans, respectent l\u2019\u00e9cosyst\u00e8me marin et prot\u00e8gent les r\u00e9cifs coralliens.<\/p>\r\n\r\n\r\n\r\n<p>Chez Agrado Cosmetic, nous avons mis en \u0153uvre de nombreuses mesures ces derni\u00e8res ann\u00e9es pour produire de mani\u00e8re plus durable et respectueuse de notre environnement, en misant sur des lignes d&#039;origine naturelle, telles que <a href=\"\/fr\/?linea=agrado-nature\" target=\"_blank\" rel=\"noreferrer noopener\">J&#039;aime la nature<\/a>, entre autres produits v\u00e9g\u00e9taliens de notre gamme, comme <a href=\"\/fr\/?categoria-producto=hidroalcoholico\" target=\"_blank\" rel=\"noreferrer noopener\">Gels hydroalcooliques<\/a>, entre autres. C&#039;est pourquoi l&#039;une de nos lignes les plus importantes devait contribuer \u00e0 la protection de l&#039;un des \u00e9cosyst\u00e8mes les plus pr\u00e9cieux de la plan\u00e8te. Redonnant ainsi \u00e0 l&#039;oc\u00e9an tout ce qu&#039;il nous donne.<\/p>\r\n\r\n\r\n\r\n<p>Le maintien de la biodiversit\u00e9 est essentiel, car ces derni\u00e8res ann\u00e9es, 50% des coraux mondiaux ont disparu. Les plastiques d\u00e9vers\u00e9s dans la mer, le changement climatique et les principes actifs chimiques des cr\u00e8mes solaires en sont les principales causes. C&#039;est pourquoi il est essentiel pour nous de veiller \u00e0 ce que nos Solares prennent soin des oc\u00e9ans, en supprimant les filtres UV oxybenzone (benzoph\u00e9none-3) et octinoxate (m\u00e9thoxycinnamate d&#039;\u00e9thylhexyle), soup\u00e7onn\u00e9s d&#039;acc\u00e9l\u00e9rer le blanchissement des coraux.<\/p>\r\n\r\n\r\n\r\n<p>Ce projet est promu par l&#039;\u00c9tat d&#039;Hawa\u00ef depuis janvier 2021, mais chez Agrado nous travaillons depuis longtemps pour que nos cr\u00e8mes solaires prennent soin de notre peau avec un impact minimal sur l&#039;environnement. Choisir des parcelles qui prennent soin de nos oc\u00e9ans, c&#039;est contribuer \u00e0 prot\u00e9ger la vie marine. Et il est tout aussi important de prot\u00e9ger notre peau que notre environnement. Petit \u00e0 petit, nous prenons conscience de l\u2019impact de nos d\u00e9cisions de consommation, et c\u2019est la voie du changement !<\/p>\r\n\r\n\r\n\r\n<p>Cet \u00e9t\u00e9, optez pour la gamme de cr\u00e8mes solaires Agrado Cosmetic pour prot\u00e9ger votre peau, celle de votre famille et la biodiversit\u00e9 marine. Choisissez vos favoris parmi les diff\u00e9rents formats \u2013 brume, cr\u00e8me, huile ou mousse \u2013 et indices de protection solaire, jusqu&#039;\u00e0 SPF 50+.<\/p>","protected":false},"excerpt":{"rendered":"<p>Saviez-vous que nos lots sont conformes \u00e0 la loi SB2571 d&#039;Hawa\u00ef sur la protection des coraux ? Cela signifie qu\u2019ils prennent soin des oc\u00e9ans, respectent l\u2019\u00e9cosyst\u00e8me marin et prot\u00e8gent les r\u00e9cifs coralliens. Misez sur des parcelles responsables et contribuez au maintien de la biodiversit\u00e9 !<\/p>","protected":false},"author":9,"featured_media":21322,"comment_status":"open","ping_status":"closed","sticky":false,"template":"","format":"standard","meta":{"footnotes":"","_wp_rev_ctl_limit":""},"categories":[116,1],"tags":[350,317,351,229],"class_list":["post-18702","post","type-post","status-publish","format-standard","has-post-thumbnail","hentry","category-solar","category-todos","tag-arrecife-de-coral","tag-proteccion-solar","tag-responsables","tag-solares"],"yoast_head":"<!-- This site is optimized with the Yoast SEO plugin v27.4 - https:\/\/yoast.com\/product\/yoast-seo-wordpress\/ -->\n<title>\u00a1Los Solares Agrado cuidan de los oc\u00e9anos! - Agrado<\/title>\n<meta name=\"description\" content=\"Los solares Agrado cuidan de los oc\u00e9anos, protegiendo la biodiversidad marina, apuesta por solares responsables y protege el arrecife de coral\" \/>\n<meta name=\"robots\" content=\"index, follow, max-snippet:-1, max-image-preview:large, max-video-preview:-1\" \/>\n<link rel=\"canonical\" href=\"https:\/\/agradocosmetic.com\/fr\/los-solares-agrado-cuidan-de-los-oceanos\/\" \/>\n<meta property=\"og:locale\" content=\"fr_FR\" \/>\n<meta property=\"og:type\" content=\"article\" \/>\n<meta property=\"og:title\" content=\"\u00a1Los Solares Agrado cuidan de los oc\u00e9anos! - Agrado\" \/>\n<meta property=\"og:description\" content=\"Los solares Agrado cuidan de los oc\u00e9anos, protegiendo la biodiversidad marina, apuesta por solares responsables y protege el arrecife de coral\" \/>\n<meta property=\"og:url\" content=\"https:\/\/agradocosmetic.com\/fr\/los-solares-agrado-cuidan-de-los-oceanos\/\" \/>\n<meta property=\"og:site_name\" content=\"Agrado\" \/>\n<meta property=\"article:published_time\" content=\"2021-07-05T14:23:05+00:00\" \/>\n<meta property=\"article:modified_time\" content=\"2023-11-18T16:58:52+00:00\" \/>\n<meta property=\"og:image\" content=\"https:\/\/agradocosmetic.com\/wp-content\/uploads\/2021\/07\/cuidado-oceanos-agrado.jpg\" \/>\n\t<meta property=\"og:image:width\" content=\"1200\" \/>\n\t<meta property=\"og:image:height\" content=\"800\" \/>\n\t<meta property=\"og:image:type\" content=\"image\/jpeg\" \/>\n<meta name=\"author\" content=\"agradocosmetic\" \/>\n<meta name=\"twitter:card\" content=\"summary_large_image\" \/>\n<meta name=\"twitter:label1\" content=\"\u00c9crit par\" \/>\n\t<meta name=\"twitter:data1\" content=\"agradocosmetic\" \/>\n\t<meta name=\"twitter:label2\" content=\"Dur\u00e9e de lecture estim\u00e9e\" \/>\n\t<meta name=\"twitter:data2\" content=\"2 minutes\" \/>\n<script type=\"application\/ld+json\" class=\"yoast-schema-graph\">{\"@context\":\"https:\\\/\\\/schema.org\",\"@graph\":[{\"@type\":\"Article\",\"@id\":\"https:\\\/\\\/agradocosmetic.com\\\/los-solares-agrado-cuidan-de-los-oceanos\\\/#article\",\"isPartOf\":{\"@id\":\"https:\\\/\\\/agradocosmetic.com\\\/los-solares-agrado-cuidan-de-los-oceanos\\\/\"},\"author\":{\"name\":\"agradocosmetic\",\"@id\":\"https:\\\/\\\/agradocosmetic.com\\\/#\\\/schema\\\/person\\\/732e8d396022e25f9340196f83d6789d\"},\"headline\":\"\u00a1Los Solares Agrado cuidan de los oc\u00e9anos!\",\"datePublished\":\"2021-07-05T14:23:05+00:00\",\"dateModified\":\"2023-11-18T16:58:52+00:00\",\"mainEntityOfPage\":{\"@id\":\"https:\\\/\\\/agradocosmetic.com\\\/los-solares-agrado-cuidan-de-los-oceanos\\\/\"},\"wordCount\":353,\"commentCount\":0,\"publisher\":{\"@id\":\"https:\\\/\\\/agradocosmetic.com\\\/#organization\"},\"image\":{\"@id\":\"https:\\\/\\\/agradocosmetic.com\\\/los-solares-agrado-cuidan-de-los-oceanos\\\/#primaryimage\"},\"thumbnailUrl\":\"https:\\\/\\\/agradocosmetic.com\\\/wp-content\\\/uploads\\\/2021\\\/07\\\/cuidado-oceanos-agrado.jpg\",\"keywords\":[\"arrecife de coral\",\"proteccion solar\",\"responsables\",\"solares\"],\"articleSection\":[\"Solar\",\"Todos\"],\"inLanguage\":\"fr-FR\",\"potentialAction\":[{\"@type\":\"CommentAction\",\"name\":\"Comment\",\"target\":[\"https:\\\/\\\/agradocosmetic.com\\\/los-solares-agrado-cuidan-de-los-oceanos\\\/#respond\"]}]},{\"@type\":\"WebPage\",\"@id\":\"https:\\\/\\\/agradocosmetic.com\\\/los-solares-agrado-cuidan-de-los-oceanos\\\/\",\"url\":\"https:\\\/\\\/agradocosmetic.com\\\/los-solares-agrado-cuidan-de-los-oceanos\\\/\",\"name\":\"\u00a1Los Solares Agrado cuidan de los oc\u00e9anos! - Agrado\",\"isPartOf\":{\"@id\":\"https:\\\/\\\/agradocosmetic.com\\\/#website\"},\"primaryImageOfPage\":{\"@id\":\"https:\\\/\\\/agradocosmetic.com\\\/los-solares-agrado-cuidan-de-los-oceanos\\\/#primaryimage\"},\"image\":{\"@id\":\"https:\\\/\\\/agradocosmetic.com\\\/los-solares-agrado-cuidan-de-los-oceanos\\\/#primaryimage\"},\"thumbnailUrl\":\"https:\\\/\\\/agradocosmetic.com\\\/wp-content\\\/uploads\\\/2021\\\/07\\\/cuidado-oceanos-agrado.jpg\",\"datePublished\":\"2021-07-05T14:23:05+00:00\",\"dateModified\":\"2023-11-18T16:58:52+00:00\",\"description\":\"Los solares Agrado cuidan de los oc\u00e9anos, protegiendo la biodiversidad marina, apuesta por solares responsables y protege el arrecife de coral\",\"breadcrumb\":{\"@id\":\"https:\\\/\\\/agradocosmetic.com\\\/los-solares-agrado-cuidan-de-los-oceanos\\\/#breadcrumb\"},\"inLanguage\":\"fr-FR\",\"potentialAction\":[{\"@type\":\"ReadAction\",\"target\":[\"https:\\\/\\\/agradocosmetic.com\\\/los-solares-agrado-cuidan-de-los-oceanos\\\/\"]}]},{\"@type\":\"ImageObject\",\"inLanguage\":\"fr-FR\",\"@id\":\"https:\\\/\\\/agradocosmetic.com\\\/los-solares-agrado-cuidan-de-los-oceanos\\\/#primaryimage\",\"url\":\"https:\\\/\\\/agradocosmetic.com\\\/wp-content\\\/uploads\\\/2021\\\/07\\\/cuidado-oceanos-agrado.jpg\",\"contentUrl\":\"https:\\\/\\\/agradocosmetic.com\\\/wp-content\\\/uploads\\\/2021\\\/07\\\/cuidado-oceanos-agrado.jpg\",\"width\":1200,\"height\":800},{\"@type\":\"BreadcrumbList\",\"@id\":\"https:\\\/\\\/agradocosmetic.com\\\/los-solares-agrado-cuidan-de-los-oceanos\\\/#breadcrumb\",\"itemListElement\":[{\"@type\":\"ListItem\",\"position\":1,\"name\":\"Portada\",\"item\":\"https:\\\/\\\/agradocosmetic.com\\\/\"},{\"@type\":\"ListItem\",\"position\":2,\"name\":\"\u00a1Los Solares Agrado cuidan de los oc\u00e9anos!\"}]},{\"@type\":\"WebSite\",\"@id\":\"https:\\\/\\\/agradocosmetic.com\\\/#website\",\"url\":\"https:\\\/\\\/agradocosmetic.com\\\/\",\"name\":\"Agrado\",\"description\":\"Cosmetic\",\"publisher\":{\"@id\":\"https:\\\/\\\/agradocosmetic.com\\\/#organization\"},\"potentialAction\":[{\"@type\":\"SearchAction\",\"target\":{\"@type\":\"EntryPoint\",\"urlTemplate\":\"https:\\\/\\\/agradocosmetic.com\\\/?s={search_term_string}\"},\"query-input\":{\"@type\":\"PropertyValueSpecification\",\"valueRequired\":true,\"valueName\":\"search_term_string\"}}],\"inLanguage\":\"fr-FR\"},{\"@type\":\"Organization\",\"@id\":\"https:\\\/\\\/agradocosmetic.com\\\/#organization\",\"name\":\"Agrado\",\"url\":\"https:\\\/\\\/agradocosmetic.com\\\/\",\"logo\":{\"@type\":\"ImageObject\",\"inLanguage\":\"fr-FR\",\"@id\":\"https:\\\/\\\/agradocosmetic.com\\\/#\\\/schema\\\/logo\\\/image\\\/\",\"url\":\"https:\\\/\\\/agradocosmetic.com\\\/wp-content\\\/uploads\\\/2023\\\/07\\\/LOGO-AGRADO-WEB-01.png\",\"contentUrl\":\"https:\\\/\\\/agradocosmetic.com\\\/wp-content\\\/uploads\\\/2023\\\/07\\\/LOGO-AGRADO-WEB-01.png\",\"width\":1632,\"height\":300,\"caption\":\"Agrado\"},\"image\":{\"@id\":\"https:\\\/\\\/agradocosmetic.com\\\/#\\\/schema\\\/logo\\\/image\\\/\"}},{\"@type\":\"Person\",\"@id\":\"https:\\\/\\\/agradocosmetic.com\\\/#\\\/schema\\\/person\\\/732e8d396022e25f9340196f83d6789d\",\"name\":\"agradocosmetic\",\"image\":{\"@type\":\"ImageObject\",\"inLanguage\":\"fr-FR\",\"@id\":\"https:\\\/\\\/secure.gravatar.com\\\/avatar\\\/c6003e45301182b7e125463fcbec403b1980909c12edf09098526b9a15e779c0?s=96&d=mm&r=g\",\"url\":\"https:\\\/\\\/secure.gravatar.com\\\/avatar\\\/c6003e45301182b7e125463fcbec403b1980909c12edf09098526b9a15e779c0?s=96&d=mm&r=g\",\"contentUrl\":\"https:\\\/\\\/secure.gravatar.com\\\/avatar\\\/c6003e45301182b7e125463fcbec403b1980909c12edf09098526b9a15e779c0?s=96&d=mm&r=g\",\"caption\":\"agradocosmetic\"}}]}<\/script>\n<!-- \/ Yoast SEO plugin. -->","yoast_head_json":{"title":"\u00a1Los Solares Agrado cuidan de los oc\u00e9anos! - Agrado","description":"Los solares Agrado cuidan de los oc\u00e9anos, protegiendo la biodiversidad marina, apuesta por solares responsables y protege el arrecife de coral","robots":{"index":"index","follow":"follow","max-snippet":"max-snippet:-1","max-image-preview":"max-image-preview:large","max-video-preview":"max-video-preview:-1"},"canonical":"https:\/\/agradocosmetic.com\/fr\/los-solares-agrado-cuidan-de-los-oceanos\/","og_locale":"fr_FR","og_type":"article","og_title":"\u00a1Los Solares Agrado cuidan de los oc\u00e9anos! - Agrado","og_description":"Los solares Agrado cuidan de los oc\u00e9anos, protegiendo la biodiversidad marina, apuesta por solares responsables y protege el arrecife de coral","og_url":"https:\/\/agradocosmetic.com\/fr\/los-solares-agrado-cuidan-de-los-oceanos\/","og_site_name":"Agrado","article_published_time":"2021-07-05T14:23:05+00:00","article_modified_time":"2023-11-18T16:58:52+00:00","og_image":[{"width":1200,"height":800,"url":"https:\/\/agradocosmetic.com\/wp-content\/uploads\/2021\/07\/cuidado-oceanos-agrado.jpg","type":"image\/jpeg"}],"author":"agradocosmetic","twitter_card":"summary_large_image","twitter_misc":{"\u00c9crit par":"agradocosmetic","Dur\u00e9e de lecture estim\u00e9e":"2 minutes"},"schema":{"@context":"https:\/\/schema.org","@graph":[{"@type":"Article","@id":"https:\/\/agradocosmetic.com\/los-solares-agrado-cuidan-de-los-oceanos\/#article","isPartOf":{"@id":"https:\/\/agradocosmetic.com\/los-solares-agrado-cuidan-de-los-oceanos\/"},"author":{"name":"agradocosmetic","@id":"https:\/\/agradocosmetic.com\/#\/schema\/person\/732e8d396022e25f9340196f83d6789d"},"headline":"\u00a1Los Solares Agrado cuidan de los oc\u00e9anos!","datePublished":"2021-07-05T14:23:05+00:00","dateModified":"2023-11-18T16:58:52+00:00","mainEntityOfPage":{"@id":"https:\/\/agradocosmetic.com\/los-solares-agrado-cuidan-de-los-oceanos\/"},"wordCount":353,"commentCount":0,"publisher":{"@id":"https:\/\/agradocosmetic.com\/#organization"},"image":{"@id":"https:\/\/agradocosmetic.com\/los-solares-agrado-cuidan-de-los-oceanos\/#primaryimage"},"thumbnailUrl":"https:\/\/agradocosmetic.com\/wp-content\/uploads\/2021\/07\/cuidado-oceanos-agrado.jpg","keywords":["arrecife de coral","proteccion solar","responsables","solares"],"articleSection":["Solar","Todos"],"inLanguage":"fr-FR","potentialAction":[{"@type":"CommentAction","name":"Comment","target":["https:\/\/agradocosmetic.com\/los-solares-agrado-cuidan-de-los-oceanos\/#respond"]}]},{"@type":"WebPage","@id":"https:\/\/agradocosmetic.com\/los-solares-agrado-cuidan-de-los-oceanos\/","url":"https:\/\/agradocosmetic.com\/los-solares-agrado-cuidan-de-los-oceanos\/","name":"\u00a1Los Solares Agrado cuidan de los oc\u00e9anos! - Agrado","isPartOf":{"@id":"https:\/\/agradocosmetic.com\/#website"},"primaryImageOfPage":{"@id":"https:\/\/agradocosmetic.com\/los-solares-agrado-cuidan-de-los-oceanos\/#primaryimage"},"image":{"@id":"https:\/\/agradocosmetic.com\/los-solares-agrado-cuidan-de-los-oceanos\/#primaryimage"},"thumbnailUrl":"https:\/\/agradocosmetic.com\/wp-content\/uploads\/2021\/07\/cuidado-oceanos-agrado.jpg","datePublished":"2021-07-05T14:23:05+00:00","dateModified":"2023-11-18T16:58:52+00:00","description":"Los solares Agrado cuidan de los oc\u00e9anos, protegiendo la biodiversidad marina, apuesta por solares responsables y protege el arrecife de coral","breadcrumb":{"@id":"https:\/\/agradocosmetic.com\/los-solares-agrado-cuidan-de-los-oceanos\/#breadcrumb"},"inLanguage":"fr-FR","potentialAction":[{"@type":"ReadAction","target":["https:\/\/agradocosmetic.com\/los-solares-agrado-cuidan-de-los-oceanos\/"]}]},{"@type":"ImageObject","inLanguage":"fr-FR","@id":"https:\/\/agradocosmetic.com\/los-solares-agrado-cuidan-de-los-oceanos\/#primaryimage","url":"https:\/\/agradocosmetic.com\/wp-content\/uploads\/2021\/07\/cuidado-oceanos-agrado.jpg","contentUrl":"https:\/\/agradocosmetic.com\/wp-content\/uploads\/2021\/07\/cuidado-oceanos-agrado.jpg","width":1200,"height":800},{"@type":"BreadcrumbList","@id":"https:\/\/agradocosmetic.com\/los-solares-agrado-cuidan-de-los-oceanos\/#breadcrumb","itemListElement":[{"@type":"ListItem","position":1,"name":"Portada","item":"https:\/\/agradocosmetic.com\/"},{"@type":"ListItem","position":2,"name":"\u00a1Los Solares Agrado cuidan de los oc\u00e9anos!"}]},{"@type":"WebSite","@id":"https:\/\/agradocosmetic.com\/#website","url":"https:\/\/agradocosmetic.com\/","name":"Aimer","description":"cosm\u00e9tique","publisher":{"@id":"https:\/\/agradocosmetic.com\/#organization"},"potentialAction":[{"@type":"SearchAction","target":{"@type":"EntryPoint","urlTemplate":"https:\/\/agradocosmetic.com\/?s={search_term_string}"},"query-input":{"@type":"PropertyValueSpecification","valueRequired":true,"valueName":"search_term_string"}}],"inLanguage":"fr-FR"},{"@type":"Organization","@id":"https:\/\/agradocosmetic.com\/#organization","name":"Aimer","url":"https:\/\/agradocosmetic.com\/","logo":{"@type":"ImageObject","inLanguage":"fr-FR","@id":"https:\/\/agradocosmetic.com\/#\/schema\/logo\/image\/","url":"https:\/\/agradocosmetic.com\/wp-content\/uploads\/2023\/07\/LOGO-AGRADO-WEB-01.png","contentUrl":"https:\/\/agradocosmetic.com\/wp-content\/uploads\/2023\/07\/LOGO-AGRADO-WEB-01.png","width":1632,"height":300,"caption":"Agrado"},"image":{"@id":"https:\/\/agradocosmetic.com\/#\/schema\/logo\/image\/"}},{"@type":"Person","@id":"https:\/\/agradocosmetic.com\/#\/schema\/person\/732e8d396022e25f9340196f83d6789d","name":"agradocosm\u00e9tique","image":{"@type":"ImageObject","inLanguage":"fr-FR","@id":"https:\/\/secure.gravatar.com\/avatar\/c6003e45301182b7e125463fcbec403b1980909c12edf09098526b9a15e779c0?s=96&d=mm&r=g","url":"https:\/\/secure.gravatar.com\/avatar\/c6003e45301182b7e125463fcbec403b1980909c12edf09098526b9a15e779c0?s=96&d=mm&r=g","contentUrl":"https:\/\/secure.gravatar.com\/avatar\/c6003e45301182b7e125463fcbec403b1980909c12edf09098526b9a15e779c0?s=96&d=mm&r=g","caption":"agradocosmetic"}}]}},"_links":{"self":[{"href":"https:\/\/agradocosmetic.com\/fr\/wp-json\/wp\/v2\/posts\/18702","targetHints":{"allow":["GET"]}}],"collection":[{"href":"https:\/\/agradocosmetic.com\/fr\/wp-json\/wp\/v2\/posts"}],"about":[{"href":"https:\/\/agradocosmetic.com\/fr\/wp-json\/wp\/v2\/types\/post"}],"author":[{"embeddable":true,"href":"https:\/\/agradocosmetic.com\/fr\/wp-json\/wp\/v2\/users\/9"}],"replies":[{"embeddable":true,"href":"https:\/\/agradocosmetic.com\/fr\/wp-json\/wp\/v2\/comments?post=18702"}],"version-history":[{"count":1,"href":"https:\/\/agradocosmetic.com\/fr\/wp-json\/wp\/v2\/posts\/18702\/revisions"}],"predecessor-version":[{"id":21323,"href":"https:\/\/agradocosmetic.com\/fr\/wp-json\/wp\/v2\/posts\/18702\/revisions\/21323"}],"wp:featuredmedia":[{"embeddable":true,"href":"https:\/\/agradocosmetic.com\/fr\/wp-json\/wp\/v2\/media\/21322"}],"wp:attachment":[{"href":"https:\/\/agradocosmetic.com\/fr\/wp-json\/wp\/v2\/media?parent=18702"}],"wp:term":[{"taxonomy":"category","embeddable":true,"href":"https:\/\/agradocosmetic.com\/fr\/wp-json\/wp\/v2\/categories?post=18702"},{"taxonomy":"post_tag","embeddable":true,"href":"https:\/\/agradocosmetic.com\/fr\/wp-json\/wp\/v2\/tags?post=18702"}],"curies":[{"name":"wp","href":"https:\/\/api.w.org\/{rel}","templated":true}]}}