{"id":18954,"date":"2021-10-13T11:18:41","date_gmt":"2021-10-13T10:18:41","guid":{"rendered":"https:\/\/www.agradocosmetic.com\/?p=18954"},"modified":"2023-11-18T16:58:52","modified_gmt":"2023-11-18T16:58:52","slug":"3-mascarillas-para-recuperar-tu-pelo-tras-el-verano","status":"publish","type":"post","link":"https:\/\/agradocosmetic.com\/fr\/3-mascarillas-para-recuperar-tu-pelo-tras-el-verano\/","title":{"rendered":"3 masques pour r\u00e9cup\u00e9rer vos cheveux apr\u00e8s l&#039;\u00e9t\u00e9"},"content":{"rendered":"<p>Nous sommes d\u00e9j\u00e0 en plein automne et il semble que l&#039;\u00e9t\u00e9 soit tr\u00e8s loin, mais vos cheveux subissent s\u00fbrement encore les ravages du soleil, du sel ou du chlore et crient au secours. Si vous n\u2019\u00eates pas d\u2019humeur \u00e0 rogner sur les raccourcis\u2026 ne vous inqui\u00e9tez pas, ce n\u2019est pas n\u00e9cessaire ! Avec une bonne routine de soins et en choisissant le masque parfait en fonction de vos besoins, vous pourrez retrouver les cheveux sains que vous souhaitez. Aujourd&#039;hui, nous vous recommandons les 3 masques parfaits pour r\u00e9cup\u00e9rer vos cheveux apr\u00e8s l&#039;\u00e9t\u00e9, continuez \u00e0 lire et choisissez celui qui vous convient le mieux !<\/p>\r\n\r\n\r\n\r\n<p>R\u00e9paration de masque<\/p>\r\n\r\n\r\n\r\n<p>La<a href=\"https:\/\/agradocosmetic.com\/fr\/producto\/mascarilla-reparadora\/\" target=\"_blank\" rel=\"noreferrer noopener\"> <strong>Masque capillaire r\u00e9parateur Agrado<\/strong><\/a> Il est indiqu\u00e9 pour les cheveux ab\u00eem\u00e9s et ternes, d\u00e9vitalis\u00e9s apr\u00e8s deux longs mois d&#039;\u00e9t\u00e9. Ses prot\u00e9ines de soie <strong>Ils aident \u00e0 r\u00e9parer la cuticule des fibres, donnant \u00e0 vos cheveux la douceur et la vitalit\u00e9 dont ils ont besoin.<\/strong> Il contient \u00e9galement du collag\u00e8ne qui nourrit et donne de l&#039;\u00e9lasticit\u00e9, obtenant des cheveux avec une brillance \u00e9blouissante.<\/p>\r\n\r\n\r\n\r\n<p>Masque Nutritionnel<\/p>\r\n\r\n\r\n\r\n<p>Si vos cheveux sont secs, cassants et sans vie, votre cheval gagnant sera <strong><a href=\"https:\/\/agradocosmetic.com\/fr\/producto\/mascarilla-nutritiva\/\" target=\"_blank\" rel=\"noreferrer noopener\">Masque capillaire Agrado Nutrition<\/a><\/strong>. Il contient du germe de bl\u00e9 qui hydrate en profondeur les racines, apportant brillance et vitalit\u00e9 aux cheveux. Il est \u00e9galement parfait pour prot\u00e9ger vos cheveux des dommages futurs, puisque sa teneur en k\u00e9ratine augmente la r\u00e9sistance \u00e0 la casse et les renforce. <strong>Adoucit, nourrit, r\u00e9pare et prot\u00e8ge<\/strong> Parfait pour retrouver ses cheveux apr\u00e8s l&#039;\u00e9t\u00e9 !<\/p>\r\n\r\n\r\n\r\n<p>Masque de chromoth\u00e9rapie<\/p>\r\n\r\n\r\n\r\n<p>Les choses changent quand on parle de cheveux teints ou m\u00e9ch\u00e9s, dans ce cas il est essentiel de maintenir une routine aussi bien pendant qu&#039;apr\u00e8s l&#039;\u00e9t\u00e9. La <a href=\"https:\/\/agradocosmetic.com\/fr\/linea\/colorterapia\/\" target=\"_blank\" rel=\"noreferrer noopener\">Ligne de chromoth\u00e9rapie Agrado<\/a> C&#039;est parfait pour vous aider dans vos devoirs, et c&#039;est <strong><a href=\"https:\/\/agradocosmetic.com\/fr\/producto\/mascarilla-colorterapia\/\" target=\"_blank\" rel=\"noreferrer noopener\">Masque capillaire chromoth\u00e9rapie<\/a><\/strong> y mettra la touche finale. Contient de la provitamine B5 (panth\u00e9nol) qui hydrate et <strong>renforce le follicule pileux, scelle les cheveux et les prot\u00e8ge de l&#039;humidit\u00e9 et des agents naturels<\/strong>. Ainsi, avec son utilisation quotidienne vous pourrez adoucir vos cheveux, les remplir de brillance et <strong>garder la couleur comme au premier jour<\/strong>.<\/p>\r\n\r\n\r\n\r\n<p>Choisissez celui qui correspond le mieux \u00e0 vos besoins et appliquez-le apr\u00e8s chaque lavage sur cheveux humides et laissez agir 2-3 minutes avant de rincer. Vous pouvez \u00e9galement l&#039;appliquer et le laisser agir 2 heures pour obtenir une action plus profonde une fois par mois. Maintenant que vous disposez des outils pour r\u00e9cup\u00e9rer vos cheveux apr\u00e8s l\u2019\u00e9t\u00e9, n\u2019h\u00e9sitez pas \u00e0 les mettre en pratique !<\/p>","protected":false},"excerpt":{"rendered":"<p>Ya estamos en pleno oto\u00f1o y parece que el verano queda muy lejos, pero seguro que tu pelo a\u00fan est\u00e1 sufriendo los estragos del sol, la sal o el cloro, y pide a gritos un rescate. Si no est\u00e1s por la labor de cortar por lo sano\u2026 tranquila, \u00a1no es necesario! Con una buena rutina [&hellip;]<\/p>\n","protected":false},"author":9,"featured_media":21307,"comment_status":"open","ping_status":"closed","sticky":false,"template":"","format":"standard","meta":{"footnotes":"","_wp_rev_ctl_limit":""},"categories":[128,1],"tags":[],"class_list":["post-18954","post","type-post","status-publish","format-standard","has-post-thumbnail","hentry","category-capilar","category-todos"],"yoast_head":"<!-- This site is optimized with the Yoast SEO plugin v27.4 - https:\/\/yoast.com\/product\/yoast-seo-wordpress\/ -->\n<title>3 mascarillas para recuperar el pelo tras el verano | Agrado Cosmetic<\/title>\n<meta name=\"description\" content=\"\u00bfSabes c\u00f3mo recuperar el pelo tras el verano de sol, sal y cloro? \u00a1Te recomendamos el mejor tratamiento seg\u00fan tus necesidades!\" \/>\n<meta name=\"robots\" content=\"index, follow, max-snippet:-1, max-image-preview:large, max-video-preview:-1\" \/>\n<link rel=\"canonical\" href=\"https:\/\/agradocosmetic.com\/fr\/3-mascarillas-para-recuperar-tu-pelo-tras-el-verano\/\" \/>\n<meta property=\"og:locale\" content=\"fr_FR\" \/>\n<meta property=\"og:type\" content=\"article\" \/>\n<meta property=\"og:title\" content=\"3 mascarillas para recuperar el pelo tras el verano | Agrado Cosmetic\" \/>\n<meta property=\"og:description\" content=\"\u00bfSabes c\u00f3mo recuperar el pelo tras el verano de sol, sal y cloro? \u00a1Te recomendamos el mejor tratamiento seg\u00fan tus necesidades!\" \/>\n<meta property=\"og:url\" content=\"https:\/\/agradocosmetic.com\/fr\/3-mascarillas-para-recuperar-tu-pelo-tras-el-verano\/\" \/>\n<meta property=\"og:site_name\" content=\"Agrado\" \/>\n<meta property=\"article:published_time\" content=\"2021-10-13T10:18:41+00:00\" \/>\n<meta property=\"article:modified_time\" content=\"2023-11-18T16:58:52+00:00\" \/>\n<meta property=\"og:image\" content=\"https:\/\/agradocosmetic.com\/wp-content\/uploads\/2021\/10\/mascarilla-profesional-agrado.jpg\" \/>\n\t<meta property=\"og:image:width\" content=\"1200\" \/>\n\t<meta property=\"og:image:height\" content=\"800\" \/>\n\t<meta property=\"og:image:type\" content=\"image\/jpeg\" \/>\n<meta name=\"author\" content=\"agradocosmetic\" \/>\n<meta name=\"twitter:card\" content=\"summary_large_image\" \/>\n<meta name=\"twitter:label1\" content=\"\u00c9crit par\" \/>\n\t<meta name=\"twitter:data1\" content=\"agradocosmetic\" \/>\n\t<meta name=\"twitter:label2\" content=\"Dur\u00e9e de lecture estim\u00e9e\" \/>\n\t<meta name=\"twitter:data2\" content=\"2 minutes\" \/>\n<script type=\"application\/ld+json\" class=\"yoast-schema-graph\">{\"@context\":\"https:\\\/\\\/schema.org\",\"@graph\":[{\"@type\":\"Article\",\"@id\":\"https:\\\/\\\/agradocosmetic.com\\\/3-mascarillas-para-recuperar-tu-pelo-tras-el-verano\\\/#article\",\"isPartOf\":{\"@id\":\"https:\\\/\\\/agradocosmetic.com\\\/3-mascarillas-para-recuperar-tu-pelo-tras-el-verano\\\/\"},\"author\":{\"name\":\"agradocosmetic\",\"@id\":\"https:\\\/\\\/agradocosmetic.com\\\/#\\\/schema\\\/person\\\/732e8d396022e25f9340196f83d6789d\"},\"headline\":\"3 mascarillas para recuperar tu pelo tras el verano\",\"datePublished\":\"2021-10-13T10:18:41+00:00\",\"dateModified\":\"2023-11-18T16:58:52+00:00\",\"mainEntityOfPage\":{\"@id\":\"https:\\\/\\\/agradocosmetic.com\\\/3-mascarillas-para-recuperar-tu-pelo-tras-el-verano\\\/\"},\"wordCount\":432,\"commentCount\":0,\"publisher\":{\"@id\":\"https:\\\/\\\/agradocosmetic.com\\\/#organization\"},\"image\":{\"@id\":\"https:\\\/\\\/agradocosmetic.com\\\/3-mascarillas-para-recuperar-tu-pelo-tras-el-verano\\\/#primaryimage\"},\"thumbnailUrl\":\"https:\\\/\\\/agradocosmetic.com\\\/wp-content\\\/uploads\\\/2021\\\/10\\\/mascarilla-profesional-agrado.jpg\",\"articleSection\":[\"Capilar\",\"Todos\"],\"inLanguage\":\"fr-FR\",\"potentialAction\":[{\"@type\":\"CommentAction\",\"name\":\"Comment\",\"target\":[\"https:\\\/\\\/agradocosmetic.com\\\/3-mascarillas-para-recuperar-tu-pelo-tras-el-verano\\\/#respond\"]}]},{\"@type\":\"WebPage\",\"@id\":\"https:\\\/\\\/agradocosmetic.com\\\/3-mascarillas-para-recuperar-tu-pelo-tras-el-verano\\\/\",\"url\":\"https:\\\/\\\/agradocosmetic.com\\\/3-mascarillas-para-recuperar-tu-pelo-tras-el-verano\\\/\",\"name\":\"3 mascarillas para recuperar el pelo tras el verano | Agrado Cosmetic\",\"isPartOf\":{\"@id\":\"https:\\\/\\\/agradocosmetic.com\\\/#website\"},\"primaryImageOfPage\":{\"@id\":\"https:\\\/\\\/agradocosmetic.com\\\/3-mascarillas-para-recuperar-tu-pelo-tras-el-verano\\\/#primaryimage\"},\"image\":{\"@id\":\"https:\\\/\\\/agradocosmetic.com\\\/3-mascarillas-para-recuperar-tu-pelo-tras-el-verano\\\/#primaryimage\"},\"thumbnailUrl\":\"https:\\\/\\\/agradocosmetic.com\\\/wp-content\\\/uploads\\\/2021\\\/10\\\/mascarilla-profesional-agrado.jpg\",\"datePublished\":\"2021-10-13T10:18:41+00:00\",\"dateModified\":\"2023-11-18T16:58:52+00:00\",\"description\":\"\u00bfSabes c\u00f3mo recuperar el pelo tras el verano de sol, sal y cloro? \u00a1Te recomendamos el mejor tratamiento seg\u00fan tus necesidades!\",\"breadcrumb\":{\"@id\":\"https:\\\/\\\/agradocosmetic.com\\\/3-mascarillas-para-recuperar-tu-pelo-tras-el-verano\\\/#breadcrumb\"},\"inLanguage\":\"fr-FR\",\"potentialAction\":[{\"@type\":\"ReadAction\",\"target\":[\"https:\\\/\\\/agradocosmetic.com\\\/3-mascarillas-para-recuperar-tu-pelo-tras-el-verano\\\/\"]}]},{\"@type\":\"ImageObject\",\"inLanguage\":\"fr-FR\",\"@id\":\"https:\\\/\\\/agradocosmetic.com\\\/3-mascarillas-para-recuperar-tu-pelo-tras-el-verano\\\/#primaryimage\",\"url\":\"https:\\\/\\\/agradocosmetic.com\\\/wp-content\\\/uploads\\\/2021\\\/10\\\/mascarilla-profesional-agrado.jpg\",\"contentUrl\":\"https:\\\/\\\/agradocosmetic.com\\\/wp-content\\\/uploads\\\/2021\\\/10\\\/mascarilla-profesional-agrado.jpg\",\"width\":1200,\"height\":800},{\"@type\":\"BreadcrumbList\",\"@id\":\"https:\\\/\\\/agradocosmetic.com\\\/3-mascarillas-para-recuperar-tu-pelo-tras-el-verano\\\/#breadcrumb\",\"itemListElement\":[{\"@type\":\"ListItem\",\"position\":1,\"name\":\"Portada\",\"item\":\"https:\\\/\\\/agradocosmetic.com\\\/\"},{\"@type\":\"ListItem\",\"position\":2,\"name\":\"3 mascarillas para recuperar tu pelo tras el verano\"}]},{\"@type\":\"WebSite\",\"@id\":\"https:\\\/\\\/agradocosmetic.com\\\/#website\",\"url\":\"https:\\\/\\\/agradocosmetic.com\\\/\",\"name\":\"Agrado\",\"description\":\"Cosmetic\",\"publisher\":{\"@id\":\"https:\\\/\\\/agradocosmetic.com\\\/#organization\"},\"potentialAction\":[{\"@type\":\"SearchAction\",\"target\":{\"@type\":\"EntryPoint\",\"urlTemplate\":\"https:\\\/\\\/agradocosmetic.com\\\/?s={search_term_string}\"},\"query-input\":{\"@type\":\"PropertyValueSpecification\",\"valueRequired\":true,\"valueName\":\"search_term_string\"}}],\"inLanguage\":\"fr-FR\"},{\"@type\":\"Organization\",\"@id\":\"https:\\\/\\\/agradocosmetic.com\\\/#organization\",\"name\":\"Agrado\",\"url\":\"https:\\\/\\\/agradocosmetic.com\\\/\",\"logo\":{\"@type\":\"ImageObject\",\"inLanguage\":\"fr-FR\",\"@id\":\"https:\\\/\\\/agradocosmetic.com\\\/#\\\/schema\\\/logo\\\/image\\\/\",\"url\":\"https:\\\/\\\/agradocosmetic.com\\\/wp-content\\\/uploads\\\/2023\\\/07\\\/LOGO-AGRADO-WEB-01.png\",\"contentUrl\":\"https:\\\/\\\/agradocosmetic.com\\\/wp-content\\\/uploads\\\/2023\\\/07\\\/LOGO-AGRADO-WEB-01.png\",\"width\":1632,\"height\":300,\"caption\":\"Agrado\"},\"image\":{\"@id\":\"https:\\\/\\\/agradocosmetic.com\\\/#\\\/schema\\\/logo\\\/image\\\/\"}},{\"@type\":\"Person\",\"@id\":\"https:\\\/\\\/agradocosmetic.com\\\/#\\\/schema\\\/person\\\/732e8d396022e25f9340196f83d6789d\",\"name\":\"agradocosmetic\",\"image\":{\"@type\":\"ImageObject\",\"inLanguage\":\"fr-FR\",\"@id\":\"https:\\\/\\\/secure.gravatar.com\\\/avatar\\\/c6003e45301182b7e125463fcbec403b1980909c12edf09098526b9a15e779c0?s=96&d=mm&r=g\",\"url\":\"https:\\\/\\\/secure.gravatar.com\\\/avatar\\\/c6003e45301182b7e125463fcbec403b1980909c12edf09098526b9a15e779c0?s=96&d=mm&r=g\",\"contentUrl\":\"https:\\\/\\\/secure.gravatar.com\\\/avatar\\\/c6003e45301182b7e125463fcbec403b1980909c12edf09098526b9a15e779c0?s=96&d=mm&r=g\",\"caption\":\"agradocosmetic\"}}]}<\/script>\n<!-- \/ Yoast SEO plugin. -->","yoast_head_json":{"title":"3 mascarillas para recuperar el pelo tras el verano | Agrado Cosmetic","description":"\u00bfSabes c\u00f3mo recuperar el pelo tras el verano de sol, sal y cloro? \u00a1Te recomendamos el mejor tratamiento seg\u00fan tus necesidades!","robots":{"index":"index","follow":"follow","max-snippet":"max-snippet:-1","max-image-preview":"max-image-preview:large","max-video-preview":"max-video-preview:-1"},"canonical":"https:\/\/agradocosmetic.com\/fr\/3-mascarillas-para-recuperar-tu-pelo-tras-el-verano\/","og_locale":"fr_FR","og_type":"article","og_title":"3 mascarillas para recuperar el pelo tras el verano | Agrado Cosmetic","og_description":"\u00bfSabes c\u00f3mo recuperar el pelo tras el verano de sol, sal y cloro? \u00a1Te recomendamos el mejor tratamiento seg\u00fan tus necesidades!","og_url":"https:\/\/agradocosmetic.com\/fr\/3-mascarillas-para-recuperar-tu-pelo-tras-el-verano\/","og_site_name":"Agrado","article_published_time":"2021-10-13T10:18:41+00:00","article_modified_time":"2023-11-18T16:58:52+00:00","og_image":[{"width":1200,"height":800,"url":"https:\/\/agradocosmetic.com\/wp-content\/uploads\/2021\/10\/mascarilla-profesional-agrado.jpg","type":"image\/jpeg"}],"author":"agradocosmetic","twitter_card":"summary_large_image","twitter_misc":{"\u00c9crit par":"agradocosmetic","Dur\u00e9e de lecture estim\u00e9e":"2 minutes"},"schema":{"@context":"https:\/\/schema.org","@graph":[{"@type":"Article","@id":"https:\/\/agradocosmetic.com\/3-mascarillas-para-recuperar-tu-pelo-tras-el-verano\/#article","isPartOf":{"@id":"https:\/\/agradocosmetic.com\/3-mascarillas-para-recuperar-tu-pelo-tras-el-verano\/"},"author":{"name":"agradocosmetic","@id":"https:\/\/agradocosmetic.com\/#\/schema\/person\/732e8d396022e25f9340196f83d6789d"},"headline":"3 mascarillas para recuperar tu pelo tras el verano","datePublished":"2021-10-13T10:18:41+00:00","dateModified":"2023-11-18T16:58:52+00:00","mainEntityOfPage":{"@id":"https:\/\/agradocosmetic.com\/3-mascarillas-para-recuperar-tu-pelo-tras-el-verano\/"},"wordCount":432,"commentCount":0,"publisher":{"@id":"https:\/\/agradocosmetic.com\/#organization"},"image":{"@id":"https:\/\/agradocosmetic.com\/3-mascarillas-para-recuperar-tu-pelo-tras-el-verano\/#primaryimage"},"thumbnailUrl":"https:\/\/agradocosmetic.com\/wp-content\/uploads\/2021\/10\/mascarilla-profesional-agrado.jpg","articleSection":["Capilar","Todos"],"inLanguage":"fr-FR","potentialAction":[{"@type":"CommentAction","name":"Comment","target":["https:\/\/agradocosmetic.com\/3-mascarillas-para-recuperar-tu-pelo-tras-el-verano\/#respond"]}]},{"@type":"WebPage","@id":"https:\/\/agradocosmetic.com\/3-mascarillas-para-recuperar-tu-pelo-tras-el-verano\/","url":"https:\/\/agradocosmetic.com\/3-mascarillas-para-recuperar-tu-pelo-tras-el-verano\/","name":"3 mascarillas para recuperar el pelo tras el verano | Agrado Cosmetic","isPartOf":{"@id":"https:\/\/agradocosmetic.com\/#website"},"primaryImageOfPage":{"@id":"https:\/\/agradocosmetic.com\/3-mascarillas-para-recuperar-tu-pelo-tras-el-verano\/#primaryimage"},"image":{"@id":"https:\/\/agradocosmetic.com\/3-mascarillas-para-recuperar-tu-pelo-tras-el-verano\/#primaryimage"},"thumbnailUrl":"https:\/\/agradocosmetic.com\/wp-content\/uploads\/2021\/10\/mascarilla-profesional-agrado.jpg","datePublished":"2021-10-13T10:18:41+00:00","dateModified":"2023-11-18T16:58:52+00:00","description":"\u00bfSabes c\u00f3mo recuperar el pelo tras el verano de sol, sal y cloro? \u00a1Te recomendamos el mejor tratamiento seg\u00fan tus necesidades!","breadcrumb":{"@id":"https:\/\/agradocosmetic.com\/3-mascarillas-para-recuperar-tu-pelo-tras-el-verano\/#breadcrumb"},"inLanguage":"fr-FR","potentialAction":[{"@type":"ReadAction","target":["https:\/\/agradocosmetic.com\/3-mascarillas-para-recuperar-tu-pelo-tras-el-verano\/"]}]},{"@type":"ImageObject","inLanguage":"fr-FR","@id":"https:\/\/agradocosmetic.com\/3-mascarillas-para-recuperar-tu-pelo-tras-el-verano\/#primaryimage","url":"https:\/\/agradocosmetic.com\/wp-content\/uploads\/2021\/10\/mascarilla-profesional-agrado.jpg","contentUrl":"https:\/\/agradocosmetic.com\/wp-content\/uploads\/2021\/10\/mascarilla-profesional-agrado.jpg","width":1200,"height":800},{"@type":"BreadcrumbList","@id":"https:\/\/agradocosmetic.com\/3-mascarillas-para-recuperar-tu-pelo-tras-el-verano\/#breadcrumb","itemListElement":[{"@type":"ListItem","position":1,"name":"Portada","item":"https:\/\/agradocosmetic.com\/"},{"@type":"ListItem","position":2,"name":"3 mascarillas para recuperar tu pelo tras el verano"}]},{"@type":"WebSite","@id":"https:\/\/agradocosmetic.com\/#website","url":"https:\/\/agradocosmetic.com\/","name":"Aimer","description":"cosm\u00e9tique","publisher":{"@id":"https:\/\/agradocosmetic.com\/#organization"},"potentialAction":[{"@type":"SearchAction","target":{"@type":"EntryPoint","urlTemplate":"https:\/\/agradocosmetic.com\/?s={search_term_string}"},"query-input":{"@type":"PropertyValueSpecification","valueRequired":true,"valueName":"search_term_string"}}],"inLanguage":"fr-FR"},{"@type":"Organization","@id":"https:\/\/agradocosmetic.com\/#organization","name":"Aimer","url":"https:\/\/agradocosmetic.com\/","logo":{"@type":"ImageObject","inLanguage":"fr-FR","@id":"https:\/\/agradocosmetic.com\/#\/schema\/logo\/image\/","url":"https:\/\/agradocosmetic.com\/wp-content\/uploads\/2023\/07\/LOGO-AGRADO-WEB-01.png","contentUrl":"https:\/\/agradocosmetic.com\/wp-content\/uploads\/2023\/07\/LOGO-AGRADO-WEB-01.png","width":1632,"height":300,"caption":"Agrado"},"image":{"@id":"https:\/\/agradocosmetic.com\/#\/schema\/logo\/image\/"}},{"@type":"Person","@id":"https:\/\/agradocosmetic.com\/#\/schema\/person\/732e8d396022e25f9340196f83d6789d","name":"agradocosm\u00e9tique","image":{"@type":"ImageObject","inLanguage":"fr-FR","@id":"https:\/\/secure.gravatar.com\/avatar\/c6003e45301182b7e125463fcbec403b1980909c12edf09098526b9a15e779c0?s=96&d=mm&r=g","url":"https:\/\/secure.gravatar.com\/avatar\/c6003e45301182b7e125463fcbec403b1980909c12edf09098526b9a15e779c0?s=96&d=mm&r=g","contentUrl":"https:\/\/secure.gravatar.com\/avatar\/c6003e45301182b7e125463fcbec403b1980909c12edf09098526b9a15e779c0?s=96&d=mm&r=g","caption":"agradocosmetic"}}]}},"_links":{"self":[{"href":"https:\/\/agradocosmetic.com\/fr\/wp-json\/wp\/v2\/posts\/18954","targetHints":{"allow":["GET"]}}],"collection":[{"href":"https:\/\/agradocosmetic.com\/fr\/wp-json\/wp\/v2\/posts"}],"about":[{"href":"https:\/\/agradocosmetic.com\/fr\/wp-json\/wp\/v2\/types\/post"}],"author":[{"embeddable":true,"href":"https:\/\/agradocosmetic.com\/fr\/wp-json\/wp\/v2\/users\/9"}],"replies":[{"embeddable":true,"href":"https:\/\/agradocosmetic.com\/fr\/wp-json\/wp\/v2\/comments?post=18954"}],"version-history":[{"count":1,"href":"https:\/\/agradocosmetic.com\/fr\/wp-json\/wp\/v2\/posts\/18954\/revisions"}],"predecessor-version":[{"id":21308,"href":"https:\/\/agradocosmetic.com\/fr\/wp-json\/wp\/v2\/posts\/18954\/revisions\/21308"}],"wp:featuredmedia":[{"embeddable":true,"href":"https:\/\/agradocosmetic.com\/fr\/wp-json\/wp\/v2\/media\/21307"}],"wp:attachment":[{"href":"https:\/\/agradocosmetic.com\/fr\/wp-json\/wp\/v2\/media?parent=18954"}],"wp:term":[{"taxonomy":"category","embeddable":true,"href":"https:\/\/agradocosmetic.com\/fr\/wp-json\/wp\/v2\/categories?post=18954"},{"taxonomy":"post_tag","embeddable":true,"href":"https:\/\/agradocosmetic.com\/fr\/wp-json\/wp\/v2\/tags?post=18954"}],"curies":[{"name":"wp","href":"https:\/\/api.w.org\/{rel}","templated":true}]}}