{"id":19088,"date":"2021-11-08T10:21:17","date_gmt":"2021-11-08T09:21:17","guid":{"rendered":"https:\/\/www.agradocosmetic.com\/?p=19088"},"modified":"2023-11-18T16:58:52","modified_gmt":"2023-11-18T16:58:52","slug":"beneficios-de-la-keratina-para-tu-pelo","status":"publish","type":"post","link":"https:\/\/agradocosmetic.com\/fr\/beneficios-de-la-keratina-para-tu-pelo\/","title":{"rendered":"Avantages de la k\u00e9ratine pour vos cheveux"},"content":{"rendered":"<p>Vous avez s\u00fbrement d\u00e9j\u00e0 entendu parler du <strong>K\u00e9ratine<\/strong> et ses multiples bienfaits, tant en traitement sp\u00e9cifique qu&#039;en utilisation quotidienne. Mais savez-vous vraiment ce que c&#039;est ? Aujourd&#039;hui, nous vous expliquons tous les d\u00e9tails de cette prot\u00e9ine et tout ce qu&#039;elle peut faire pour vos cheveux en utilisant les bons produits. Prends note!<\/p>\r\n\r\n\r\n\r\n<p>Qu\u2019est-ce que la k\u00e9ratine ?<\/p>\r\n\r\n\r\n\r\n<p>La k\u00e9ratine est un <strong>prot\u00e9ine riche en soufre pr\u00e9sente naturellement dans nos cheveux<\/strong>. C&#039;est une grande protagoniste, car avoir les cheveux boucl\u00e9s, raides ou ondul\u00e9s d\u00e9pend m\u00eame d&#039;elle. De plus, la quantit\u00e9 de liaisons k\u00e9ratiniques que poss\u00e8dent nos cheveux est \u00e9galement directement li\u00e9e \u00e0 leur couleur et \u00e0 leur niveau de brillance. L&#039;un des plus grands bienfaits de la k\u00e9ratine est qu&#039;elle est charg\u00e9e de durcir la couche superficielle des cheveux, de les nourrir, de les r\u00e9parer et de pr\u00e9venir les frisottis tant redout\u00e9s.<\/p>\r\n\r\n\r\n\r\n<p>Au fur et \u00e0 mesure que nous grandissons et en raison des dommages que nous soumettons \u00e0 nos cheveux, <strong>ses niveaux diminuent<\/strong>. Et comme cons\u00e9quence de cette perte de k\u00e9ratine, <strong>les cheveux paraissent plus fragiles, ternes et cr\u00e9pus<\/strong>. C\u2019est l\u00e0 que les produits \u00e0 base de k\u00e9ratine que nous aimons entrent en action, car ils fournissent cette prot\u00e9ine \u00e0 nos cheveux de mani\u00e8re externe.\u00a0<\/p>\r\n\r\n\r\n\r\n<p><strong>Ligne K\u00e9ratine AGRADO<\/strong><\/p>\r\n\r\n\r\n\r\n<p>L&#039;incorporation de produits riches en cet ingr\u00e9dient actif dans votre routine vous aidera \u00e0 restaurer les niveaux perdus, vous laissant des cheveux plus doux, plus sains et plus faciles \u00e0 coiffer. La<a href=\"https:\/\/agradocosmetic.com\/fr\/linea\/keratina\/\" target=\"_blank\" rel=\"noreferrer noopener\"> <strong>Ligne K\u00e9ratine d&#039;Agrado Cosmetic<\/strong><\/a> Cela vous facilite grandement la t\u00e2che, puisqu&#039;il se compose de quatre produits pour un traitement complet. Vous remarquerez le changement dans vos cheveux d\u00e8s la premi\u00e8re semaine !<\/p>\r\n\r\n\r\n\r\n<p>Il <strong><a href=\"https:\/\/agradocosmetic.com\/fr\/producto\/champu-professional-keratina-2\/\" target=\"_blank\" rel=\"noreferrer noopener\">Shampoing professionnel \u00e0 la k\u00e9ratine<\/a><\/strong> Il se charge de nourrir vos cheveux des racines aux pointes, en leur donnant de la force \u00e0 chaque lavage. Pour ce shot de douceur, il est suivi de <strong><a href=\"https:\/\/agradocosmetic.com\/fr\/producto\/crema-suavizante-acondicionadora-keratina\/\" target=\"_blank\" rel=\"noreferrer noopener\">Cr\u00e8me Lissante Revitalisante \u00e0 la K\u00e9ratine<\/a><\/strong>, que vous pouvez utiliser \u00e0 chaque fois que vous vous lavez les cheveux car il ne laissera pas vos racines grasses. Si vous avez des cheveux tr\u00e8s cr\u00e9pus avec peu de corps ou si vous avez besoin d&#039;un suppl\u00e9ment de vitalit\u00e9, utilisez le produit au moins une fois par semaine. <strong><a href=\"https:\/\/agradocosmetic.com\/fr\/producto\/mascarilla-keratina\/\" target=\"_blank\" rel=\"noreferrer noopener\">Masque \u00e0 la K\u00e9ratine<\/a><\/strong>. En le laissant agir quelques minutes, vous remarquerez les bienfaits de la k\u00e9ratine, obtenant des cheveux doux, brillants et plus forts. Et la touche finale est apport\u00e9e par le<a href=\"https:\/\/agradocosmetic.com\/fr\/producto\/keratina-liquida\/\" target=\"_blank\" rel=\"noreferrer noopener\"> <strong>K\u00e9ratine Liquide<\/strong><\/a>, le produit star de la gamme. Appliquez-le partout sur cheveux fra\u00eechement lav\u00e9s et l\u00e9g\u00e8rement humides, brossez-les et utilisez un s\u00e8che-cheveux pour finir de l&#039;activer. Vous pourrez \u00e9liminer instantan\u00e9ment les frisottis et avoir des cheveux beaucoup plus doux et plus lisses.\u00a0<\/p>\r\n\r\n\r\n\r\n<p>Maintenant que vous en savez plus sur les bienfaits de la k\u00e9ratine, introduisez-la dans votre routine quotidienne. Vous allez adorer le r\u00e9sultat !<\/p>","protected":false},"excerpt":{"rendered":"<p>Seguro que ya has o\u00eddo hablar mil veces sobre la Keratina y sus m\u00faltiples beneficios, tanto en tratamiento espec\u00edfico como en su uso diario. Pero, \u00bfsabes realmente qu\u00e9 es? Hoy te contamos cada detalle de esta prote\u00edna y todo lo que puede hacer por tu pelo usando los productos adecuados. \u00a1Toma nota! \u00bfQu\u00e9 es la [&hellip;]<\/p>\n","protected":false},"author":9,"featured_media":21305,"comment_status":"open","ping_status":"closed","sticky":false,"template":"","format":"standard","meta":{"footnotes":"","_wp_rev_ctl_limit":""},"categories":[128,1],"tags":[126,355,245,129,356,205,357,182,358],"class_list":["post-19088","post","type-post","status-publish","format-standard","has-post-thumbnail","hentry","category-capilar","category-todos","tag-agrado","tag-beneficios","tag-cabello","tag-capilar","tag-cuidado-del-pelo","tag-hidratacion","tag-keratina","tag-pelo","tag-productos-de-keratina"],"yoast_head":"<!-- This site is optimized with the Yoast SEO plugin v27.4 - https:\/\/yoast.com\/product\/yoast-seo-wordpress\/ -->\n<title>Beneficios de la Keratina para tu pelo - Agrado<\/title>\n<meta name=\"description\" content=\"\u00bfConoces todos los beneficios de la Keratina? \u00a1Te lo contamos! Si tienes el cabello indomable, seco y encrespado, \u00a1esto te interesa!\" \/>\n<meta name=\"robots\" content=\"index, follow, max-snippet:-1, max-image-preview:large, max-video-preview:-1\" \/>\n<link rel=\"canonical\" href=\"https:\/\/agradocosmetic.com\/fr\/beneficios-de-la-keratina-para-tu-pelo\/\" \/>\n<meta property=\"og:locale\" content=\"fr_FR\" \/>\n<meta property=\"og:type\" content=\"article\" \/>\n<meta property=\"og:title\" content=\"Beneficios de la Keratina para tu pelo - Agrado\" \/>\n<meta property=\"og:description\" content=\"\u00bfConoces todos los beneficios de la Keratina? \u00a1Te lo contamos! Si tienes el cabello indomable, seco y encrespado, \u00a1esto te interesa!\" \/>\n<meta property=\"og:url\" content=\"https:\/\/agradocosmetic.com\/fr\/beneficios-de-la-keratina-para-tu-pelo\/\" \/>\n<meta property=\"og:site_name\" content=\"Agrado\" \/>\n<meta property=\"article:published_time\" content=\"2021-11-08T09:21:17+00:00\" \/>\n<meta property=\"article:modified_time\" content=\"2023-11-18T16:58:52+00:00\" \/>\n<meta property=\"og:image\" content=\"https:\/\/agradocosmetic.com\/wp-content\/uploads\/2021\/11\/karatina-agrado.jpg\" \/>\n\t<meta property=\"og:image:width\" content=\"1200\" \/>\n\t<meta property=\"og:image:height\" content=\"800\" \/>\n\t<meta property=\"og:image:type\" content=\"image\/jpeg\" \/>\n<meta name=\"author\" content=\"agradocosmetic\" \/>\n<meta name=\"twitter:card\" content=\"summary_large_image\" \/>\n<meta name=\"twitter:label1\" content=\"\u00c9crit par\" \/>\n\t<meta name=\"twitter:data1\" content=\"agradocosmetic\" \/>\n\t<meta name=\"twitter:label2\" content=\"Dur\u00e9e de lecture estim\u00e9e\" \/>\n\t<meta name=\"twitter:data2\" content=\"2 minutes\" \/>\n<script type=\"application\/ld+json\" class=\"yoast-schema-graph\">{\"@context\":\"https:\\\/\\\/schema.org\",\"@graph\":[{\"@type\":\"Article\",\"@id\":\"https:\\\/\\\/agradocosmetic.com\\\/beneficios-de-la-keratina-para-tu-pelo\\\/#article\",\"isPartOf\":{\"@id\":\"https:\\\/\\\/agradocosmetic.com\\\/beneficios-de-la-keratina-para-tu-pelo\\\/\"},\"author\":{\"name\":\"agradocosmetic\",\"@id\":\"https:\\\/\\\/agradocosmetic.com\\\/#\\\/schema\\\/person\\\/732e8d396022e25f9340196f83d6789d\"},\"headline\":\"Beneficios de la Keratina para tu pelo\",\"datePublished\":\"2021-11-08T09:21:17+00:00\",\"dateModified\":\"2023-11-18T16:58:52+00:00\",\"mainEntityOfPage\":{\"@id\":\"https:\\\/\\\/agradocosmetic.com\\\/beneficios-de-la-keratina-para-tu-pelo\\\/\"},\"wordCount\":470,\"commentCount\":0,\"publisher\":{\"@id\":\"https:\\\/\\\/agradocosmetic.com\\\/#organization\"},\"image\":{\"@id\":\"https:\\\/\\\/agradocosmetic.com\\\/beneficios-de-la-keratina-para-tu-pelo\\\/#primaryimage\"},\"thumbnailUrl\":\"https:\\\/\\\/agradocosmetic.com\\\/wp-content\\\/uploads\\\/2021\\\/11\\\/karatina-agrado.jpg\",\"keywords\":[\"agrado\",\"beneficios\",\"cabello\",\"capilar\",\"cuidado del pelo\",\"hidrataci\u00f3n\",\"keratina\",\"pelo\",\"productos de keratina\"],\"articleSection\":[\"Capilar\",\"Todos\"],\"inLanguage\":\"fr-FR\",\"potentialAction\":[{\"@type\":\"CommentAction\",\"name\":\"Comment\",\"target\":[\"https:\\\/\\\/agradocosmetic.com\\\/beneficios-de-la-keratina-para-tu-pelo\\\/#respond\"]}]},{\"@type\":\"WebPage\",\"@id\":\"https:\\\/\\\/agradocosmetic.com\\\/beneficios-de-la-keratina-para-tu-pelo\\\/\",\"url\":\"https:\\\/\\\/agradocosmetic.com\\\/beneficios-de-la-keratina-para-tu-pelo\\\/\",\"name\":\"Beneficios de la Keratina para tu pelo - Agrado\",\"isPartOf\":{\"@id\":\"https:\\\/\\\/agradocosmetic.com\\\/#website\"},\"primaryImageOfPage\":{\"@id\":\"https:\\\/\\\/agradocosmetic.com\\\/beneficios-de-la-keratina-para-tu-pelo\\\/#primaryimage\"},\"image\":{\"@id\":\"https:\\\/\\\/agradocosmetic.com\\\/beneficios-de-la-keratina-para-tu-pelo\\\/#primaryimage\"},\"thumbnailUrl\":\"https:\\\/\\\/agradocosmetic.com\\\/wp-content\\\/uploads\\\/2021\\\/11\\\/karatina-agrado.jpg\",\"datePublished\":\"2021-11-08T09:21:17+00:00\",\"dateModified\":\"2023-11-18T16:58:52+00:00\",\"description\":\"\u00bfConoces todos los beneficios de la Keratina? \u00a1Te lo contamos! Si tienes el cabello indomable, seco y encrespado, \u00a1esto te interesa!\",\"breadcrumb\":{\"@id\":\"https:\\\/\\\/agradocosmetic.com\\\/beneficios-de-la-keratina-para-tu-pelo\\\/#breadcrumb\"},\"inLanguage\":\"fr-FR\",\"potentialAction\":[{\"@type\":\"ReadAction\",\"target\":[\"https:\\\/\\\/agradocosmetic.com\\\/beneficios-de-la-keratina-para-tu-pelo\\\/\"]}]},{\"@type\":\"ImageObject\",\"inLanguage\":\"fr-FR\",\"@id\":\"https:\\\/\\\/agradocosmetic.com\\\/beneficios-de-la-keratina-para-tu-pelo\\\/#primaryimage\",\"url\":\"https:\\\/\\\/agradocosmetic.com\\\/wp-content\\\/uploads\\\/2021\\\/11\\\/karatina-agrado.jpg\",\"contentUrl\":\"https:\\\/\\\/agradocosmetic.com\\\/wp-content\\\/uploads\\\/2021\\\/11\\\/karatina-agrado.jpg\",\"width\":1200,\"height\":800},{\"@type\":\"BreadcrumbList\",\"@id\":\"https:\\\/\\\/agradocosmetic.com\\\/beneficios-de-la-keratina-para-tu-pelo\\\/#breadcrumb\",\"itemListElement\":[{\"@type\":\"ListItem\",\"position\":1,\"name\":\"Portada\",\"item\":\"https:\\\/\\\/agradocosmetic.com\\\/\"},{\"@type\":\"ListItem\",\"position\":2,\"name\":\"Beneficios de la Keratina para tu pelo\"}]},{\"@type\":\"WebSite\",\"@id\":\"https:\\\/\\\/agradocosmetic.com\\\/#website\",\"url\":\"https:\\\/\\\/agradocosmetic.com\\\/\",\"name\":\"Agrado\",\"description\":\"Cosmetic\",\"publisher\":{\"@id\":\"https:\\\/\\\/agradocosmetic.com\\\/#organization\"},\"potentialAction\":[{\"@type\":\"SearchAction\",\"target\":{\"@type\":\"EntryPoint\",\"urlTemplate\":\"https:\\\/\\\/agradocosmetic.com\\\/?s={search_term_string}\"},\"query-input\":{\"@type\":\"PropertyValueSpecification\",\"valueRequired\":true,\"valueName\":\"search_term_string\"}}],\"inLanguage\":\"fr-FR\"},{\"@type\":\"Organization\",\"@id\":\"https:\\\/\\\/agradocosmetic.com\\\/#organization\",\"name\":\"Agrado\",\"url\":\"https:\\\/\\\/agradocosmetic.com\\\/\",\"logo\":{\"@type\":\"ImageObject\",\"inLanguage\":\"fr-FR\",\"@id\":\"https:\\\/\\\/agradocosmetic.com\\\/#\\\/schema\\\/logo\\\/image\\\/\",\"url\":\"https:\\\/\\\/agradocosmetic.com\\\/wp-content\\\/uploads\\\/2023\\\/07\\\/LOGO-AGRADO-WEB-01.png\",\"contentUrl\":\"https:\\\/\\\/agradocosmetic.com\\\/wp-content\\\/uploads\\\/2023\\\/07\\\/LOGO-AGRADO-WEB-01.png\",\"width\":1632,\"height\":300,\"caption\":\"Agrado\"},\"image\":{\"@id\":\"https:\\\/\\\/agradocosmetic.com\\\/#\\\/schema\\\/logo\\\/image\\\/\"}},{\"@type\":\"Person\",\"@id\":\"https:\\\/\\\/agradocosmetic.com\\\/#\\\/schema\\\/person\\\/732e8d396022e25f9340196f83d6789d\",\"name\":\"agradocosmetic\",\"image\":{\"@type\":\"ImageObject\",\"inLanguage\":\"fr-FR\",\"@id\":\"https:\\\/\\\/secure.gravatar.com\\\/avatar\\\/c6003e45301182b7e125463fcbec403b1980909c12edf09098526b9a15e779c0?s=96&d=mm&r=g\",\"url\":\"https:\\\/\\\/secure.gravatar.com\\\/avatar\\\/c6003e45301182b7e125463fcbec403b1980909c12edf09098526b9a15e779c0?s=96&d=mm&r=g\",\"contentUrl\":\"https:\\\/\\\/secure.gravatar.com\\\/avatar\\\/c6003e45301182b7e125463fcbec403b1980909c12edf09098526b9a15e779c0?s=96&d=mm&r=g\",\"caption\":\"agradocosmetic\"}}]}<\/script>\n<!-- \/ Yoast SEO plugin. -->","yoast_head_json":{"title":"Beneficios de la Keratina para tu pelo - Agrado","description":"\u00bfConoces todos los beneficios de la Keratina? \u00a1Te lo contamos! Si tienes el cabello indomable, seco y encrespado, \u00a1esto te interesa!","robots":{"index":"index","follow":"follow","max-snippet":"max-snippet:-1","max-image-preview":"max-image-preview:large","max-video-preview":"max-video-preview:-1"},"canonical":"https:\/\/agradocosmetic.com\/fr\/beneficios-de-la-keratina-para-tu-pelo\/","og_locale":"fr_FR","og_type":"article","og_title":"Beneficios de la Keratina para tu pelo - Agrado","og_description":"\u00bfConoces todos los beneficios de la Keratina? \u00a1Te lo contamos! Si tienes el cabello indomable, seco y encrespado, \u00a1esto te interesa!","og_url":"https:\/\/agradocosmetic.com\/fr\/beneficios-de-la-keratina-para-tu-pelo\/","og_site_name":"Agrado","article_published_time":"2021-11-08T09:21:17+00:00","article_modified_time":"2023-11-18T16:58:52+00:00","og_image":[{"width":1200,"height":800,"url":"https:\/\/agradocosmetic.com\/wp-content\/uploads\/2021\/11\/karatina-agrado.jpg","type":"image\/jpeg"}],"author":"agradocosmetic","twitter_card":"summary_large_image","twitter_misc":{"\u00c9crit par":"agradocosmetic","Dur\u00e9e de lecture estim\u00e9e":"2 minutes"},"schema":{"@context":"https:\/\/schema.org","@graph":[{"@type":"Article","@id":"https:\/\/agradocosmetic.com\/beneficios-de-la-keratina-para-tu-pelo\/#article","isPartOf":{"@id":"https:\/\/agradocosmetic.com\/beneficios-de-la-keratina-para-tu-pelo\/"},"author":{"name":"agradocosmetic","@id":"https:\/\/agradocosmetic.com\/#\/schema\/person\/732e8d396022e25f9340196f83d6789d"},"headline":"Beneficios de la Keratina para tu pelo","datePublished":"2021-11-08T09:21:17+00:00","dateModified":"2023-11-18T16:58:52+00:00","mainEntityOfPage":{"@id":"https:\/\/agradocosmetic.com\/beneficios-de-la-keratina-para-tu-pelo\/"},"wordCount":470,"commentCount":0,"publisher":{"@id":"https:\/\/agradocosmetic.com\/#organization"},"image":{"@id":"https:\/\/agradocosmetic.com\/beneficios-de-la-keratina-para-tu-pelo\/#primaryimage"},"thumbnailUrl":"https:\/\/agradocosmetic.com\/wp-content\/uploads\/2021\/11\/karatina-agrado.jpg","keywords":["agrado","beneficios","cabello","capilar","cuidado del pelo","hidrataci\u00f3n","keratina","pelo","productos de keratina"],"articleSection":["Capilar","Todos"],"inLanguage":"fr-FR","potentialAction":[{"@type":"CommentAction","name":"Comment","target":["https:\/\/agradocosmetic.com\/beneficios-de-la-keratina-para-tu-pelo\/#respond"]}]},{"@type":"WebPage","@id":"https:\/\/agradocosmetic.com\/beneficios-de-la-keratina-para-tu-pelo\/","url":"https:\/\/agradocosmetic.com\/beneficios-de-la-keratina-para-tu-pelo\/","name":"Beneficios de la Keratina para tu pelo - Agrado","isPartOf":{"@id":"https:\/\/agradocosmetic.com\/#website"},"primaryImageOfPage":{"@id":"https:\/\/agradocosmetic.com\/beneficios-de-la-keratina-para-tu-pelo\/#primaryimage"},"image":{"@id":"https:\/\/agradocosmetic.com\/beneficios-de-la-keratina-para-tu-pelo\/#primaryimage"},"thumbnailUrl":"https:\/\/agradocosmetic.com\/wp-content\/uploads\/2021\/11\/karatina-agrado.jpg","datePublished":"2021-11-08T09:21:17+00:00","dateModified":"2023-11-18T16:58:52+00:00","description":"\u00bfConoces todos los beneficios de la Keratina? \u00a1Te lo contamos! Si tienes el cabello indomable, seco y encrespado, \u00a1esto te interesa!","breadcrumb":{"@id":"https:\/\/agradocosmetic.com\/beneficios-de-la-keratina-para-tu-pelo\/#breadcrumb"},"inLanguage":"fr-FR","potentialAction":[{"@type":"ReadAction","target":["https:\/\/agradocosmetic.com\/beneficios-de-la-keratina-para-tu-pelo\/"]}]},{"@type":"ImageObject","inLanguage":"fr-FR","@id":"https:\/\/agradocosmetic.com\/beneficios-de-la-keratina-para-tu-pelo\/#primaryimage","url":"https:\/\/agradocosmetic.com\/wp-content\/uploads\/2021\/11\/karatina-agrado.jpg","contentUrl":"https:\/\/agradocosmetic.com\/wp-content\/uploads\/2021\/11\/karatina-agrado.jpg","width":1200,"height":800},{"@type":"BreadcrumbList","@id":"https:\/\/agradocosmetic.com\/beneficios-de-la-keratina-para-tu-pelo\/#breadcrumb","itemListElement":[{"@type":"ListItem","position":1,"name":"Portada","item":"https:\/\/agradocosmetic.com\/"},{"@type":"ListItem","position":2,"name":"Beneficios de la Keratina para tu pelo"}]},{"@type":"WebSite","@id":"https:\/\/agradocosmetic.com\/#website","url":"https:\/\/agradocosmetic.com\/","name":"Aimer","description":"cosm\u00e9tique","publisher":{"@id":"https:\/\/agradocosmetic.com\/#organization"},"potentialAction":[{"@type":"SearchAction","target":{"@type":"EntryPoint","urlTemplate":"https:\/\/agradocosmetic.com\/?s={search_term_string}"},"query-input":{"@type":"PropertyValueSpecification","valueRequired":true,"valueName":"search_term_string"}}],"inLanguage":"fr-FR"},{"@type":"Organization","@id":"https:\/\/agradocosmetic.com\/#organization","name":"Aimer","url":"https:\/\/agradocosmetic.com\/","logo":{"@type":"ImageObject","inLanguage":"fr-FR","@id":"https:\/\/agradocosmetic.com\/#\/schema\/logo\/image\/","url":"https:\/\/agradocosmetic.com\/wp-content\/uploads\/2023\/07\/LOGO-AGRADO-WEB-01.png","contentUrl":"https:\/\/agradocosmetic.com\/wp-content\/uploads\/2023\/07\/LOGO-AGRADO-WEB-01.png","width":1632,"height":300,"caption":"Agrado"},"image":{"@id":"https:\/\/agradocosmetic.com\/#\/schema\/logo\/image\/"}},{"@type":"Person","@id":"https:\/\/agradocosmetic.com\/#\/schema\/person\/732e8d396022e25f9340196f83d6789d","name":"agradocosm\u00e9tique","image":{"@type":"ImageObject","inLanguage":"fr-FR","@id":"https:\/\/secure.gravatar.com\/avatar\/c6003e45301182b7e125463fcbec403b1980909c12edf09098526b9a15e779c0?s=96&d=mm&r=g","url":"https:\/\/secure.gravatar.com\/avatar\/c6003e45301182b7e125463fcbec403b1980909c12edf09098526b9a15e779c0?s=96&d=mm&r=g","contentUrl":"https:\/\/secure.gravatar.com\/avatar\/c6003e45301182b7e125463fcbec403b1980909c12edf09098526b9a15e779c0?s=96&d=mm&r=g","caption":"agradocosmetic"}}]}},"_links":{"self":[{"href":"https:\/\/agradocosmetic.com\/fr\/wp-json\/wp\/v2\/posts\/19088","targetHints":{"allow":["GET"]}}],"collection":[{"href":"https:\/\/agradocosmetic.com\/fr\/wp-json\/wp\/v2\/posts"}],"about":[{"href":"https:\/\/agradocosmetic.com\/fr\/wp-json\/wp\/v2\/types\/post"}],"author":[{"embeddable":true,"href":"https:\/\/agradocosmetic.com\/fr\/wp-json\/wp\/v2\/users\/9"}],"replies":[{"embeddable":true,"href":"https:\/\/agradocosmetic.com\/fr\/wp-json\/wp\/v2\/comments?post=19088"}],"version-history":[{"count":1,"href":"https:\/\/agradocosmetic.com\/fr\/wp-json\/wp\/v2\/posts\/19088\/revisions"}],"predecessor-version":[{"id":21306,"href":"https:\/\/agradocosmetic.com\/fr\/wp-json\/wp\/v2\/posts\/19088\/revisions\/21306"}],"wp:featuredmedia":[{"embeddable":true,"href":"https:\/\/agradocosmetic.com\/fr\/wp-json\/wp\/v2\/media\/21305"}],"wp:attachment":[{"href":"https:\/\/agradocosmetic.com\/fr\/wp-json\/wp\/v2\/media?parent=19088"}],"wp:term":[{"taxonomy":"category","embeddable":true,"href":"https:\/\/agradocosmetic.com\/fr\/wp-json\/wp\/v2\/categories?post=19088"},{"taxonomy":"post_tag","embeddable":true,"href":"https:\/\/agradocosmetic.com\/fr\/wp-json\/wp\/v2\/tags?post=19088"}],"curies":[{"name":"wp","href":"https:\/\/api.w.org\/{rel}","templated":true}]}}