{"id":19289,"date":"2022-01-12T09:20:29","date_gmt":"2022-01-12T08:20:29","guid":{"rendered":"https:\/\/www.agradocosmetic.com\/?p=19289"},"modified":"2023-11-18T16:58:51","modified_gmt":"2023-11-18T16:58:51","slug":"dime-como-eres-y-te-dire-cual-es-tu-gel-de-bano","status":"publish","type":"post","link":"https:\/\/agradocosmetic.com\/fr\/dime-como-eres-y-te-dire-cual-es-tu-gel-de-bano\/","title":{"rendered":"Dis-moi comment tu es et je te dirai quel est ton gel douche"},"content":{"rendered":"<p>L\u2019heure de la douche est essentielle dans notre quotidien, m\u00eame si parfois nous la sous-estimons.<strong> Il ne s\u2019agit pas seulement de nettoyage et d\u2019hygi\u00e8ne corporelle, mais aussi de d\u00e9tente et de soin de notre peau.<\/strong>. Passer ce moment de d\u00e9tente et de connexion avec nous-m\u00eames nous aidera \u00e0 commencer ou terminer la journ\u00e9e dans le calme et le bien-\u00eatre. Et pour ce faire, nous avons besoin d&#039;un gel douche adapt\u00e9 \u00e0 nos go\u00fbts et \u00e0 nos besoins, qui nous aide \u00e0 obtenir une exp\u00e9rience compl\u00e8te.<\/p>\r\n\r\n\r\n\r\n<p>Chez Agrado Cosmetic, nous sommes experts en soins de la peau depuis des ann\u00e9es, et c&#039;est pourquoi nous proposons une large gamme pour couvrir les diff\u00e9rents besoins et go\u00fbts de la peau. Nous savons que parfois le choix peut \u00eatre difficile, c&#039;est pourquoi dans cet article nous vous aidons \u00e0 d\u00e9couvrir <strong>quel est le gel douche parfait pour vous<\/strong> avec un test amusant. Pr\u00eat?<\/p>\r\n\r\n\r\n\r\n<ol class=\"wp-block-list\">\r\n<li>\u00a0Lorsqu&#039;il s&#039;agit d&#039;un nettoyant pour le corps, la premi\u00e8re chose \u00e0 prendre en compte est votre type de peau :<\/li>\r\n<\/ol>\r\n\r\n\r\n\r\n<p>A. Peau s\u00e8che<br \/>B. Peaux sensibles<br \/>C. Peaux mixtes<br \/>D. Peau normale<\/p>\r\n\r\n\r\n\r\n<ol class=\"wp-block-list\" start=\"2\">\r\n<li>Que recherchez-vous dans un nettoyant pour le corps, \u00e0 part un nettoyage en profondeur\u00a0?<\/li>\r\n<\/ol>\r\n\r\n\r\n\r\n<p>A. Hydratation<br \/>B. Protection de ma peau <br \/>C. Douceur suppl\u00e9mentaire<br \/>D. Un bon parfum<\/p>\r\n\r\n\r\n\r\n<ol class=\"wp-block-list\" start=\"3\">\r\n<li>Combien de temps consacrez-vous \u00e0 vos douches ?<\/li>\r\n<\/ol>\r\n\r\n\r\n\r\n<p>A. Douche express, en 5 minutes je suis pr\u00eate<br \/>B. Je prends mon temps, mais je n&#039;y passe pas plus de 15 minutes<br \/>C. Bain moussant (avec bougies incluses)<br \/>D. Spa \u00e0 domicile. Mon moment de d\u00e9tente !<\/p>\r\n\r\n\r\n\r\n<ol class=\"wp-block-list\" start=\"4\">\r\n<li>Quels ar\u00f4mes aimez-vous dans un gel douche ?<\/li>\r\n<\/ol>\r\n\r\n\r\n\r\n<p>A. Doux et d\u00e9licat<br \/>B. Frais et revitalisant<br \/>C. Agrumes et rafra\u00eechissant<br \/>D. Doux et puissant<\/p>\r\n\r\n\r\n\r\n\r\n\r\n<h5 class=\"wp-block-heading\"><strong>MAJORIT\u00c9 DE A\u00a0:<\/strong><\/h5>\r\n\r\n\r\n\r\n<p><em><a href=\"https:\/\/agradocosmetic.com\/fr\/producto\/gel-bano-ducha-rosa-mosqueta-2\/\" target=\"_blank\" rel=\"noreferrer noopener\">Gel bain et douche \u00e0 la rose musqu\u00e9e<\/a><\/em><\/p>\r\n\r\n\r\n\r\n<p>Ce gel maintient votre peau parfaitement hydrat\u00e9e et lui apporte une surprenante dose de vitalit\u00e9. Il p\u00e9n\u00e8tre par l\u2019odorat, passe par le toucher et, mieux encore, reste sur votre peau gr\u00e2ce \u00e0 une nutrition en profondeur. C&#039;est exactement ce dont vous avez besoin\u00a0!\u00a0<\/p>\r\n\r\n\r\n\r\n<h5 class=\"wp-block-heading\"><strong>MAJORIT\u00c9 DE B\u00a0:<\/strong><\/h5>\r\n\r\n\r\n\r\n<p><em><a href=\"https:\/\/agradocosmetic.com\/fr\/producto\/gel-micelar-bano-ducha-pieles-atopicas\/\" target=\"_blank\" rel=\"noreferrer noopener\">Gel bain et douche pour peaux atopiques<\/a><\/em><\/p>\r\n\r\n\r\n\r\n<p>Formul\u00e9 pour l&#039;hygi\u00e8ne quotidienne des peaux sensibles et atopiques, ce gel douche est addictif. Sa formule micellaire ne contient pas de savon et a \u00e9t\u00e9 test\u00e9e dermatologiquement pour laisser la peau extr\u00eamement douce sans l&#039;agresser. Si d\u00e9licat que toute la famille peut l&#039;utiliser !<\/p>\r\n\r\n\r\n\r\n<h5 class=\"wp-block-heading\"><strong>MAJORIT\u00c9 DE C\u00a0:<\/strong><\/h5>\r\n\r\n\r\n\r\n<p><em><a href=\"https:\/\/agradocosmetic.com\/fr\/producto\/gel-de-bano-y-ducha-mediterraneo\/\" target=\"_blank\" rel=\"noreferrer noopener\">Gel bain et douche m\u00e9diterran\u00e9en<\/a><\/em><\/p>\r\n\r\n\r\n\r\n<p>Avec ses ar\u00f4mes d&#039;agrumes typiques de la M\u00e9diterran\u00e9e, ce gel douche est couronn\u00e9 comme le choix parfait pour entrer dans l&#039;intimit\u00e9 de votre douche. Un truc? Laissez-le agir quelques minutes sur la peau tout en la massant pour renforcer ses effets. Hydratation suppl\u00e9mentaire pour que votre peau soit super douce, revitalis\u00e9e et renouvel\u00e9e. Irr\u00e9sistible!<\/p>\r\n\r\n\r\n\r\n<h5 class=\"wp-block-heading\"><strong>MAJORIT\u00c9 DE D\u00a0:<\/strong><\/h5>\r\n\r\n\r\n\r\n<p><em><a href=\"https:\/\/agradocosmetic.com\/fr\/producto\/gel-de-bano-y-ducha-oriental\/\" target=\"_blank\" rel=\"noreferrer noopener\">Gel bain et douche oriental<\/a><\/em><\/p>\r\n\r\n\r\n\r\n<p>Au sein de la nouvelle ligne AGRADO World Gels, le Gel Bain et Douche Oriental vous emm\u00e8ne en Asie avec son d\u00e9licieux parfum de fleur de cerisier, l&#039;alliance parfaite entre calme et s\u00e9duction. Si vous recherchez un nettoyage hydratant en profondeur qui laisse un ar\u00f4me tr\u00e8s riche sur votre peau, c&#039;est votre formule gagnante.\u00a0<\/p>\r\n\r\n\r\n\r\n<p>Maintenant que vous savez quel est le gel douche parfait pour vous, n&#039;h\u00e9sitez plus et<strong> Dorlotez votre peau de la meilleure des mani\u00e8res avec AGRADO COSMETIC.<\/strong><\/p>","protected":false},"excerpt":{"rendered":"<p>El momento de la ducha es imprescindible en nuestra vida cotidiana, aunque a veces lo subestimemos. No solo se trata de limpieza e higiene corporal, sino tambi\u00e9n de relax y cuidado para nuestra piel. Destinar ese momento a relajarnos y conectar con nosotros mismos nos ayudar\u00e1 a iniciar o terminar el d\u00eda con calma y [&hellip;]<\/p>\n","protected":false},"author":9,"featured_media":21296,"comment_status":"open","ping_status":"closed","sticky":false,"template":"","format":"standard","meta":{"footnotes":"","_wp_rev_ctl_limit":""},"categories":[149,117,1],"tags":[126,375,289,360,376,377,378,205],"class_list":["post-19289","post","type-post","status-publish","format-standard","has-post-thumbnail","hentry","category-corporal","category-higiene","category-todos","tag-agrado","tag-cuidado-corporal","tag-cuidado-de-la-piel","tag-gel-de-bano","tag-gel-de-ducha","tag-gel-para-pieles-atopicas","tag-gel-para-pieles-sensibles","tag-hidratacion"],"yoast_head":"<!-- This site is optimized with the Yoast SEO plugin v27.4 - https:\/\/yoast.com\/product\/yoast-seo-wordpress\/ -->\n<title>Dime c\u00f3mo eres y te dir\u00e9 cu\u00e1l es tu gel de ba\u00f1o - Agrado Cosmetic<\/title>\n<meta name=\"description\" content=\"\u00bfQuieres saber cu\u00e1l es el gel de ba\u00f1o perfecto para ti y tu piel? \u00a1Desc\u00fabrelo ahora con nuestro divertido test!\" \/>\n<meta name=\"robots\" content=\"index, follow, max-snippet:-1, max-image-preview:large, max-video-preview:-1\" \/>\n<link rel=\"canonical\" href=\"https:\/\/agradocosmetic.com\/fr\/dime-como-eres-y-te-dire-cual-es-tu-gel-de-bano\/\" \/>\n<meta property=\"og:locale\" content=\"fr_FR\" \/>\n<meta property=\"og:type\" content=\"article\" \/>\n<meta property=\"og:title\" content=\"Dime c\u00f3mo eres y te dir\u00e9 cu\u00e1l es tu gel de ba\u00f1o - Agrado Cosmetic\" \/>\n<meta property=\"og:description\" content=\"\u00bfQuieres saber cu\u00e1l es el gel de ba\u00f1o perfecto para ti y tu piel? \u00a1Desc\u00fabrelo ahora con nuestro divertido test!\" \/>\n<meta property=\"og:url\" content=\"https:\/\/agradocosmetic.com\/fr\/dime-como-eres-y-te-dire-cual-es-tu-gel-de-bano\/\" \/>\n<meta property=\"og:site_name\" content=\"Agrado\" \/>\n<meta property=\"article:published_time\" content=\"2022-01-12T08:20:29+00:00\" \/>\n<meta property=\"article:modified_time\" content=\"2023-11-18T16:58:51+00:00\" \/>\n<meta property=\"og:image\" content=\"https:\/\/agradocosmetic.com\/wp-content\/uploads\/2022\/01\/gel-de-bano-agrado.jpg\" \/>\n\t<meta property=\"og:image:width\" content=\"1200\" \/>\n\t<meta property=\"og:image:height\" content=\"800\" \/>\n\t<meta property=\"og:image:type\" content=\"image\/jpeg\" \/>\n<meta name=\"author\" content=\"agradocosmetic\" \/>\n<meta name=\"twitter:card\" content=\"summary_large_image\" \/>\n<meta name=\"twitter:label1\" content=\"\u00c9crit par\" \/>\n\t<meta name=\"twitter:data1\" content=\"agradocosmetic\" \/>\n\t<meta name=\"twitter:label2\" content=\"Dur\u00e9e de lecture estim\u00e9e\" \/>\n\t<meta name=\"twitter:data2\" content=\"3 minutes\" \/>\n<script type=\"application\/ld+json\" class=\"yoast-schema-graph\">{\"@context\":\"https:\\\/\\\/schema.org\",\"@graph\":[{\"@type\":\"Article\",\"@id\":\"https:\\\/\\\/agradocosmetic.com\\\/fr\\\/dime-como-eres-y-te-dire-cual-es-tu-gel-de-bano\\\/#article\",\"isPartOf\":{\"@id\":\"https:\\\/\\\/agradocosmetic.com\\\/fr\\\/dime-como-eres-y-te-dire-cual-es-tu-gel-de-bano\\\/\"},\"author\":{\"name\":\"agradocosmetic\",\"@id\":\"https:\\\/\\\/agradocosmetic.com\\\/#\\\/schema\\\/person\\\/732e8d396022e25f9340196f83d6789d\"},\"headline\":\"Dime c\u00f3mo eres y te dir\u00e9 cu\u00e1l es tu gel de ba\u00f1o\",\"datePublished\":\"2022-01-12T08:20:29+00:00\",\"dateModified\":\"2023-11-18T16:58:51+00:00\",\"mainEntityOfPage\":{\"@id\":\"https:\\\/\\\/agradocosmetic.com\\\/fr\\\/dime-como-eres-y-te-dire-cual-es-tu-gel-de-bano\\\/\"},\"wordCount\":589,\"commentCount\":0,\"publisher\":{\"@id\":\"https:\\\/\\\/agradocosmetic.com\\\/#organization\"},\"image\":{\"@id\":\"https:\\\/\\\/agradocosmetic.com\\\/fr\\\/dime-como-eres-y-te-dire-cual-es-tu-gel-de-bano\\\/#primaryimage\"},\"thumbnailUrl\":\"https:\\\/\\\/agradocosmetic.com\\\/wp-content\\\/uploads\\\/2022\\\/01\\\/gel-de-bano-agrado.jpg\",\"keywords\":[\"agrado\",\"cuidado corporal\",\"cuidado de la piel\",\"gel de ba\u00f1o\",\"gel de ducha\",\"gel para pieles at\u00f3picas\",\"gel para pieles sensibles\",\"hidrataci\u00f3n\"],\"articleSection\":[\"Corporal\",\"Higiene\",\"Todos\"],\"inLanguage\":\"fr-FR\",\"potentialAction\":[{\"@type\":\"CommentAction\",\"name\":\"Comment\",\"target\":[\"https:\\\/\\\/agradocosmetic.com\\\/fr\\\/dime-como-eres-y-te-dire-cual-es-tu-gel-de-bano\\\/#respond\"]}]},{\"@type\":\"WebPage\",\"@id\":\"https:\\\/\\\/agradocosmetic.com\\\/fr\\\/dime-como-eres-y-te-dire-cual-es-tu-gel-de-bano\\\/\",\"url\":\"https:\\\/\\\/agradocosmetic.com\\\/fr\\\/dime-como-eres-y-te-dire-cual-es-tu-gel-de-bano\\\/\",\"name\":\"Dime c\u00f3mo eres y te dir\u00e9 cu\u00e1l es tu gel de ba\u00f1o - Agrado Cosmetic\",\"isPartOf\":{\"@id\":\"https:\\\/\\\/agradocosmetic.com\\\/#website\"},\"primaryImageOfPage\":{\"@id\":\"https:\\\/\\\/agradocosmetic.com\\\/fr\\\/dime-como-eres-y-te-dire-cual-es-tu-gel-de-bano\\\/#primaryimage\"},\"image\":{\"@id\":\"https:\\\/\\\/agradocosmetic.com\\\/fr\\\/dime-como-eres-y-te-dire-cual-es-tu-gel-de-bano\\\/#primaryimage\"},\"thumbnailUrl\":\"https:\\\/\\\/agradocosmetic.com\\\/wp-content\\\/uploads\\\/2022\\\/01\\\/gel-de-bano-agrado.jpg\",\"datePublished\":\"2022-01-12T08:20:29+00:00\",\"dateModified\":\"2023-11-18T16:58:51+00:00\",\"description\":\"\u00bfQuieres saber cu\u00e1l es el gel de ba\u00f1o perfecto para ti y tu piel? \u00a1Desc\u00fabrelo ahora con nuestro divertido test!\",\"breadcrumb\":{\"@id\":\"https:\\\/\\\/agradocosmetic.com\\\/fr\\\/dime-como-eres-y-te-dire-cual-es-tu-gel-de-bano\\\/#breadcrumb\"},\"inLanguage\":\"fr-FR\",\"potentialAction\":[{\"@type\":\"ReadAction\",\"target\":[\"https:\\\/\\\/agradocosmetic.com\\\/fr\\\/dime-como-eres-y-te-dire-cual-es-tu-gel-de-bano\\\/\"]}]},{\"@type\":\"ImageObject\",\"inLanguage\":\"fr-FR\",\"@id\":\"https:\\\/\\\/agradocosmetic.com\\\/fr\\\/dime-como-eres-y-te-dire-cual-es-tu-gel-de-bano\\\/#primaryimage\",\"url\":\"https:\\\/\\\/agradocosmetic.com\\\/wp-content\\\/uploads\\\/2022\\\/01\\\/gel-de-bano-agrado.jpg\",\"contentUrl\":\"https:\\\/\\\/agradocosmetic.com\\\/wp-content\\\/uploads\\\/2022\\\/01\\\/gel-de-bano-agrado.jpg\",\"width\":1200,\"height\":800},{\"@type\":\"BreadcrumbList\",\"@id\":\"https:\\\/\\\/agradocosmetic.com\\\/fr\\\/dime-como-eres-y-te-dire-cual-es-tu-gel-de-bano\\\/#breadcrumb\",\"itemListElement\":[{\"@type\":\"ListItem\",\"position\":1,\"name\":\"Portada\",\"item\":\"https:\\\/\\\/agradocosmetic.com\\\/\"},{\"@type\":\"ListItem\",\"position\":2,\"name\":\"Dime c\u00f3mo eres y te dir\u00e9 cu\u00e1l es tu gel de ba\u00f1o\"}]},{\"@type\":\"WebSite\",\"@id\":\"https:\\\/\\\/agradocosmetic.com\\\/#website\",\"url\":\"https:\\\/\\\/agradocosmetic.com\\\/\",\"name\":\"Agrado\",\"description\":\"Cosmetic\",\"publisher\":{\"@id\":\"https:\\\/\\\/agradocosmetic.com\\\/#organization\"},\"potentialAction\":[{\"@type\":\"SearchAction\",\"target\":{\"@type\":\"EntryPoint\",\"urlTemplate\":\"https:\\\/\\\/agradocosmetic.com\\\/?s={search_term_string}\"},\"query-input\":{\"@type\":\"PropertyValueSpecification\",\"valueRequired\":true,\"valueName\":\"search_term_string\"}}],\"inLanguage\":\"fr-FR\"},{\"@type\":\"Organization\",\"@id\":\"https:\\\/\\\/agradocosmetic.com\\\/#organization\",\"name\":\"Agrado\",\"url\":\"https:\\\/\\\/agradocosmetic.com\\\/\",\"logo\":{\"@type\":\"ImageObject\",\"inLanguage\":\"fr-FR\",\"@id\":\"https:\\\/\\\/agradocosmetic.com\\\/#\\\/schema\\\/logo\\\/image\\\/\",\"url\":\"https:\\\/\\\/agradocosmetic.com\\\/wp-content\\\/uploads\\\/2023\\\/07\\\/LOGO-AGRADO-WEB-01.png\",\"contentUrl\":\"https:\\\/\\\/agradocosmetic.com\\\/wp-content\\\/uploads\\\/2023\\\/07\\\/LOGO-AGRADO-WEB-01.png\",\"width\":1632,\"height\":300,\"caption\":\"Agrado\"},\"image\":{\"@id\":\"https:\\\/\\\/agradocosmetic.com\\\/#\\\/schema\\\/logo\\\/image\\\/\"}},{\"@type\":\"Person\",\"@id\":\"https:\\\/\\\/agradocosmetic.com\\\/#\\\/schema\\\/person\\\/732e8d396022e25f9340196f83d6789d\",\"name\":\"agradocosmetic\",\"image\":{\"@type\":\"ImageObject\",\"inLanguage\":\"fr-FR\",\"@id\":\"https:\\\/\\\/secure.gravatar.com\\\/avatar\\\/c6003e45301182b7e125463fcbec403b1980909c12edf09098526b9a15e779c0?s=96&d=mm&r=g\",\"url\":\"https:\\\/\\\/secure.gravatar.com\\\/avatar\\\/c6003e45301182b7e125463fcbec403b1980909c12edf09098526b9a15e779c0?s=96&d=mm&r=g\",\"contentUrl\":\"https:\\\/\\\/secure.gravatar.com\\\/avatar\\\/c6003e45301182b7e125463fcbec403b1980909c12edf09098526b9a15e779c0?s=96&d=mm&r=g\",\"caption\":\"agradocosmetic\"}}]}<\/script>\n<!-- \/ Yoast SEO plugin. -->","yoast_head_json":{"title":"Dime c\u00f3mo eres y te dir\u00e9 cu\u00e1l es tu gel de ba\u00f1o - Agrado Cosmetic","description":"\u00bfQuieres saber cu\u00e1l es el gel de ba\u00f1o perfecto para ti y tu piel? \u00a1Desc\u00fabrelo ahora con nuestro divertido test!","robots":{"index":"index","follow":"follow","max-snippet":"max-snippet:-1","max-image-preview":"max-image-preview:large","max-video-preview":"max-video-preview:-1"},"canonical":"https:\/\/agradocosmetic.com\/fr\/dime-como-eres-y-te-dire-cual-es-tu-gel-de-bano\/","og_locale":"fr_FR","og_type":"article","og_title":"Dime c\u00f3mo eres y te dir\u00e9 cu\u00e1l es tu gel de ba\u00f1o - Agrado Cosmetic","og_description":"\u00bfQuieres saber cu\u00e1l es el gel de ba\u00f1o perfecto para ti y tu piel? \u00a1Desc\u00fabrelo ahora con nuestro divertido test!","og_url":"https:\/\/agradocosmetic.com\/fr\/dime-como-eres-y-te-dire-cual-es-tu-gel-de-bano\/","og_site_name":"Agrado","article_published_time":"2022-01-12T08:20:29+00:00","article_modified_time":"2023-11-18T16:58:51+00:00","og_image":[{"width":1200,"height":800,"url":"https:\/\/agradocosmetic.com\/wp-content\/uploads\/2022\/01\/gel-de-bano-agrado.jpg","type":"image\/jpeg"}],"author":"agradocosmetic","twitter_card":"summary_large_image","twitter_misc":{"\u00c9crit par":"agradocosmetic","Dur\u00e9e de lecture estim\u00e9e":"3 minutes"},"schema":{"@context":"https:\/\/schema.org","@graph":[{"@type":"Article","@id":"https:\/\/agradocosmetic.com\/fr\/dime-como-eres-y-te-dire-cual-es-tu-gel-de-bano\/#article","isPartOf":{"@id":"https:\/\/agradocosmetic.com\/fr\/dime-como-eres-y-te-dire-cual-es-tu-gel-de-bano\/"},"author":{"name":"agradocosmetic","@id":"https:\/\/agradocosmetic.com\/#\/schema\/person\/732e8d396022e25f9340196f83d6789d"},"headline":"Dime c\u00f3mo eres y te dir\u00e9 cu\u00e1l es tu gel de ba\u00f1o","datePublished":"2022-01-12T08:20:29+00:00","dateModified":"2023-11-18T16:58:51+00:00","mainEntityOfPage":{"@id":"https:\/\/agradocosmetic.com\/fr\/dime-como-eres-y-te-dire-cual-es-tu-gel-de-bano\/"},"wordCount":589,"commentCount":0,"publisher":{"@id":"https:\/\/agradocosmetic.com\/#organization"},"image":{"@id":"https:\/\/agradocosmetic.com\/fr\/dime-como-eres-y-te-dire-cual-es-tu-gel-de-bano\/#primaryimage"},"thumbnailUrl":"https:\/\/agradocosmetic.com\/wp-content\/uploads\/2022\/01\/gel-de-bano-agrado.jpg","keywords":["agrado","cuidado corporal","cuidado de la piel","gel de ba\u00f1o","gel de ducha","gel para pieles at\u00f3picas","gel para pieles sensibles","hidrataci\u00f3n"],"articleSection":["Corporal","Higiene","Todos"],"inLanguage":"fr-FR","potentialAction":[{"@type":"CommentAction","name":"Comment","target":["https:\/\/agradocosmetic.com\/fr\/dime-como-eres-y-te-dire-cual-es-tu-gel-de-bano\/#respond"]}]},{"@type":"WebPage","@id":"https:\/\/agradocosmetic.com\/fr\/dime-como-eres-y-te-dire-cual-es-tu-gel-de-bano\/","url":"https:\/\/agradocosmetic.com\/fr\/dime-como-eres-y-te-dire-cual-es-tu-gel-de-bano\/","name":"Dime c\u00f3mo eres y te dir\u00e9 cu\u00e1l es tu gel de ba\u00f1o - Agrado Cosmetic","isPartOf":{"@id":"https:\/\/agradocosmetic.com\/#website"},"primaryImageOfPage":{"@id":"https:\/\/agradocosmetic.com\/fr\/dime-como-eres-y-te-dire-cual-es-tu-gel-de-bano\/#primaryimage"},"image":{"@id":"https:\/\/agradocosmetic.com\/fr\/dime-como-eres-y-te-dire-cual-es-tu-gel-de-bano\/#primaryimage"},"thumbnailUrl":"https:\/\/agradocosmetic.com\/wp-content\/uploads\/2022\/01\/gel-de-bano-agrado.jpg","datePublished":"2022-01-12T08:20:29+00:00","dateModified":"2023-11-18T16:58:51+00:00","description":"\u00bfQuieres saber cu\u00e1l es el gel de ba\u00f1o perfecto para ti y tu piel? \u00a1Desc\u00fabrelo ahora con nuestro divertido test!","breadcrumb":{"@id":"https:\/\/agradocosmetic.com\/fr\/dime-como-eres-y-te-dire-cual-es-tu-gel-de-bano\/#breadcrumb"},"inLanguage":"fr-FR","potentialAction":[{"@type":"ReadAction","target":["https:\/\/agradocosmetic.com\/fr\/dime-como-eres-y-te-dire-cual-es-tu-gel-de-bano\/"]}]},{"@type":"ImageObject","inLanguage":"fr-FR","@id":"https:\/\/agradocosmetic.com\/fr\/dime-como-eres-y-te-dire-cual-es-tu-gel-de-bano\/#primaryimage","url":"https:\/\/agradocosmetic.com\/wp-content\/uploads\/2022\/01\/gel-de-bano-agrado.jpg","contentUrl":"https:\/\/agradocosmetic.com\/wp-content\/uploads\/2022\/01\/gel-de-bano-agrado.jpg","width":1200,"height":800},{"@type":"BreadcrumbList","@id":"https:\/\/agradocosmetic.com\/fr\/dime-como-eres-y-te-dire-cual-es-tu-gel-de-bano\/#breadcrumb","itemListElement":[{"@type":"ListItem","position":1,"name":"Portada","item":"https:\/\/agradocosmetic.com\/"},{"@type":"ListItem","position":2,"name":"Dime c\u00f3mo eres y te dir\u00e9 cu\u00e1l es tu gel de ba\u00f1o"}]},{"@type":"WebSite","@id":"https:\/\/agradocosmetic.com\/#website","url":"https:\/\/agradocosmetic.com\/","name":"Aimer","description":"cosm\u00e9tique","publisher":{"@id":"https:\/\/agradocosmetic.com\/#organization"},"potentialAction":[{"@type":"SearchAction","target":{"@type":"EntryPoint","urlTemplate":"https:\/\/agradocosmetic.com\/?s={search_term_string}"},"query-input":{"@type":"PropertyValueSpecification","valueRequired":true,"valueName":"search_term_string"}}],"inLanguage":"fr-FR"},{"@type":"Organization","@id":"https:\/\/agradocosmetic.com\/#organization","name":"Aimer","url":"https:\/\/agradocosmetic.com\/","logo":{"@type":"ImageObject","inLanguage":"fr-FR","@id":"https:\/\/agradocosmetic.com\/#\/schema\/logo\/image\/","url":"https:\/\/agradocosmetic.com\/wp-content\/uploads\/2023\/07\/LOGO-AGRADO-WEB-01.png","contentUrl":"https:\/\/agradocosmetic.com\/wp-content\/uploads\/2023\/07\/LOGO-AGRADO-WEB-01.png","width":1632,"height":300,"caption":"Agrado"},"image":{"@id":"https:\/\/agradocosmetic.com\/#\/schema\/logo\/image\/"}},{"@type":"Person","@id":"https:\/\/agradocosmetic.com\/#\/schema\/person\/732e8d396022e25f9340196f83d6789d","name":"agradocosm\u00e9tique","image":{"@type":"ImageObject","inLanguage":"fr-FR","@id":"https:\/\/secure.gravatar.com\/avatar\/c6003e45301182b7e125463fcbec403b1980909c12edf09098526b9a15e779c0?s=96&d=mm&r=g","url":"https:\/\/secure.gravatar.com\/avatar\/c6003e45301182b7e125463fcbec403b1980909c12edf09098526b9a15e779c0?s=96&d=mm&r=g","contentUrl":"https:\/\/secure.gravatar.com\/avatar\/c6003e45301182b7e125463fcbec403b1980909c12edf09098526b9a15e779c0?s=96&d=mm&r=g","caption":"agradocosmetic"}}]}},"_links":{"self":[{"href":"https:\/\/agradocosmetic.com\/fr\/wp-json\/wp\/v2\/posts\/19289","targetHints":{"allow":["GET"]}}],"collection":[{"href":"https:\/\/agradocosmetic.com\/fr\/wp-json\/wp\/v2\/posts"}],"about":[{"href":"https:\/\/agradocosmetic.com\/fr\/wp-json\/wp\/v2\/types\/post"}],"author":[{"embeddable":true,"href":"https:\/\/agradocosmetic.com\/fr\/wp-json\/wp\/v2\/users\/9"}],"replies":[{"embeddable":true,"href":"https:\/\/agradocosmetic.com\/fr\/wp-json\/wp\/v2\/comments?post=19289"}],"version-history":[{"count":1,"href":"https:\/\/agradocosmetic.com\/fr\/wp-json\/wp\/v2\/posts\/19289\/revisions"}],"predecessor-version":[{"id":21297,"href":"https:\/\/agradocosmetic.com\/fr\/wp-json\/wp\/v2\/posts\/19289\/revisions\/21297"}],"wp:featuredmedia":[{"embeddable":true,"href":"https:\/\/agradocosmetic.com\/fr\/wp-json\/wp\/v2\/media\/21296"}],"wp:attachment":[{"href":"https:\/\/agradocosmetic.com\/fr\/wp-json\/wp\/v2\/media?parent=19289"}],"wp:term":[{"taxonomy":"category","embeddable":true,"href":"https:\/\/agradocosmetic.com\/fr\/wp-json\/wp\/v2\/categories?post=19289"},{"taxonomy":"post_tag","embeddable":true,"href":"https:\/\/agradocosmetic.com\/fr\/wp-json\/wp\/v2\/tags?post=19289"}],"curies":[{"name":"wp","href":"https:\/\/api.w.org\/{rel}","templated":true}]}}