{"id":19603,"date":"2022-04-21T12:29:48","date_gmt":"2022-04-21T11:29:48","guid":{"rendered":"https:\/\/www.agradocosmetic.com\/?p=19603"},"modified":"2023-11-18T16:58:51","modified_gmt":"2023-11-18T16:58:51","slug":"ondas-surferas-sin-calor","status":"publish","type":"post","link":"https:\/\/agradocosmetic.com\/fr\/ondas-surferas-sin-calor\/","title":{"rendered":"Surfer des vagues sans chaleur : suivez la tendance sans ab\u00eemer vos cheveux"},"content":{"rendered":"<p>S\u2019il y a une coiffure que tous les cheveux longs veulent arborer cette saison, ce sont bien les cheveux ondul\u00e9s, comme s\u2019ils venaient de sortir de la mer. Adapt\u00e9es \u00e0 tous types de coupes, celles dites \u00ab beach wave \u00bb sont flatteuses, ludiques et en plus tr\u00e8s faciles \u00e0 r\u00e9aliser ! Obtenir cette coiffure tendance est le d\u00e9sir de beaucoup, c&#039;est pourquoi dans cet article nous vous apprenons \u00e0 r\u00e9aliser des vagues de surfeur sans chaleur. Pr\u00eat \u00e0 avoir de superbes cheveux de sir\u00e8ne ?<\/p>\r\n\r\n\r\n\r\n<p><strong>Les vagues de surf ou \u00ab vagues de plage \u00bb sont la coiffure star de cette saison<\/strong>. De nombreux influenceurs et c\u00e9l\u00e9brit\u00e9s, comme Mar\u00eda Pombo, optent pour ce style, aussi bien dans leur vie quotidienne que lors d&#039;occasions plus formelles. Et on n\u2019est pas surpris car c\u2019est super flatteur. Pour que vous aussi puissiez afficher de belles vagues de surf sans utiliser de lisseur, de fer \u00e0 friser ou de s\u00e8che-cheveux, nous vous confions notre secret. Prends note!<\/p>\r\n\r\n\r\n\r\n<p>Il est vrai qu&#039;il existe de nombreuses fa\u00e7ons d&#039;obtenir des vagues de surfeur, mais parmi toutes, il y en a une qui nous fascine car elle est rapide, confortable, facile et non agressive pour les cheveux. Et le meilleur de tout, c&#039;est que vous n&#039;avez besoin que de quelques chaussettes. Oui, tel que vous le lisez. Vous pouvez faire cette coiffure avant de vous coucher et vous r\u00e9veiller comme si vous veniez de sortir des cheveux. Tout simplement id\u00e9al !\u00a0<\/p>\r\n\r\n\r\n\r\n<p><strong>N&#039;oubliez pas qu&#039;avant de vous coiffer, il est important de travailler vos cheveux avec les produits appropri\u00e9s pour que le r\u00e9sultat soit le meilleur.<\/strong>. Nous vous recommandons de laver vos cheveux avec un shampoing volumateur qui g\u00e9n\u00e8re volume et \u00e9paisseur, puis d&#039;utiliser un apr\u00e8s-shampooing qui leur apporte les nutriments qui leur manquent. Enfin, l\u2019\u00e9tape la plus importante consiste \u00e0 utiliser un produit coiffant sp\u00e9cifique \u00e0 votre type de cheveux. Dans ce cas, vous pouvez utiliser le <a href=\"https:\/\/agradocosmetic.com\/fr\/producto\/ondas-surferas\/\" target=\"_blank\" rel=\"noreferrer noopener\">Spray agr\u00e9able pour les vagues de surf<\/a>, produit choisi de l&#039;ann\u00e9e 2018, qui gr\u00e2ce \u00e0 ses principes actifs cr\u00e9e des vagues douces et naturelles qui vous aident \u00e0 obtenir une coiffure d\u00e9contract\u00e9e et en mouvement. Juste ce que nous voulons !\u00a0<\/p>\r\n\r\n\r\n\r\n<p><strong>Et maintenant, apr\u00e8s avoir pr\u00e9par\u00e9 vos cheveux, vous \u00eates pr\u00eat \u00e0 d\u00e9couvrir \u00e9tape par \u00e9tape pour exhiber des vagues de surfeur sans chaleur.<\/strong><\/p>\r\n\r\n\r\n\r\n<ul class=\"wp-block-list\">\r\n<li>Avant de vous coucher, lavez-vous les cheveux et laissez-les l\u00e9g\u00e8rement humides. Peignez-le ensuite jusqu&#039;\u00e0 ce qu&#039;il soit compl\u00e8tement d\u00e9m\u00eal\u00e9.<\/li>\r\n<li>Mettez les chaussettes sur vos cheveux et laissez chaque jambe de chaque c\u00f4t\u00e9 de votre t\u00eate, comme s&#039;il s&#039;agissait de vos cheveux.<\/li>\r\n<li>Ensuite, divisez vos cheveux en deux parties et faites deux tresses en utilisant celle du milieu comme autre m\u00e8che. Essayez de resserrer vos tresses pour qu&#039;elles ne se d\u00e9tachent pas pendant que vous dormez.<\/li>\r\n<li>Le matin, d\u00e9faites les tresses et peignez vos cheveux avec vos doigts. Vous pouvez r\u00e9appliquer le spray Agrado Surf Waves pour obtenir une plus grande texture.<\/li>\r\n<li>Et pr\u00eat \u00e0 exhiber vos vagues de surf sans chaleur !\u00a0<\/li>\r\n<\/ul>\r\n\r\n\r\n\r\n<p>Vous connaissez d\u00e9j\u00e0 notre secret pour obtenir des \u00ab vagues de plage \u00bb, il ne reste plus qu&#039;\u00e0 mettre cette technique en pratique. <strong>Osez afficher la coiffure de la saison sans ab\u00eemer vos cheveux avec Agrado Cosmetic !<\/strong><\/p>","protected":false},"excerpt":{"rendered":"<p>Si hay un peinado que todas las melenas quieren lucir esta temporada es el pelo ondulado, como reci\u00e9n salido del mar. Aptas para todo tipo de corte, las conocidas como \u2018beach waves\u2019 son favorecedoras, divertidas y adem\u00e1s, \u00a1muy f\u00e1ciles de hacer! Conseguir este peinado de moda es el deseo de muchas, as\u00ed que en este [&hellip;]<\/p>\n","protected":false},"author":9,"featured_media":21282,"comment_status":"open","ping_status":"closed","sticky":false,"template":"","format":"standard","meta":{"footnotes":"","_wp_rev_ctl_limit":""},"categories":[128,1],"tags":[245,387,394,136,395,396],"class_list":["post-19603","post","type-post","status-publish","format-standard","has-post-thumbnail","hentry","category-capilar","category-todos","tag-cabello","tag-cuidado-capilar","tag-ondas-surferas","tag-peinado","tag-pelo-ondulado","tag-trucos-para-tu-pelo"],"yoast_head":"<!-- This site is optimized with the Yoast SEO plugin v27.4 - https:\/\/yoast.com\/product\/yoast-seo-wordpress\/ -->\n<title>Ondas surferas sin calor: sigue la tendencia sin da\u00f1ar tu pelo - Agrado<\/title>\n<meta name=\"description\" content=\"\u00a1Seguir la tendencia no tiene que ser perjudicial para tu pelo! Te contamos c\u00f3mo conseguir las ondas surferas sin calor que est\u00e1n de moda.\" \/>\n<meta name=\"robots\" content=\"index, follow, max-snippet:-1, max-image-preview:large, max-video-preview:-1\" \/>\n<link rel=\"canonical\" href=\"https:\/\/agradocosmetic.com\/fr\/ondas-surferas-sin-calor\/\" \/>\n<meta property=\"og:locale\" content=\"fr_FR\" \/>\n<meta property=\"og:type\" content=\"article\" \/>\n<meta property=\"og:title\" content=\"Ondas surferas sin calor: sigue la tendencia sin da\u00f1ar tu pelo - Agrado\" \/>\n<meta property=\"og:description\" content=\"\u00a1Seguir la tendencia no tiene que ser perjudicial para tu pelo! Te contamos c\u00f3mo conseguir las ondas surferas sin calor que est\u00e1n de moda.\" \/>\n<meta property=\"og:url\" content=\"https:\/\/agradocosmetic.com\/fr\/ondas-surferas-sin-calor\/\" \/>\n<meta property=\"og:site_name\" content=\"Agrado\" \/>\n<meta property=\"article:published_time\" content=\"2022-04-21T11:29:48+00:00\" \/>\n<meta property=\"article:modified_time\" content=\"2023-11-18T16:58:51+00:00\" \/>\n<meta property=\"og:image\" content=\"https:\/\/agradocosmetic.com\/wp-content\/uploads\/2022\/04\/ondas-surferas-sin-calor-agrado.jpg\" \/>\n\t<meta property=\"og:image:width\" content=\"1200\" \/>\n\t<meta property=\"og:image:height\" content=\"800\" \/>\n\t<meta property=\"og:image:type\" content=\"image\/jpeg\" \/>\n<meta name=\"author\" content=\"agradocosmetic\" \/>\n<meta name=\"twitter:card\" content=\"summary_large_image\" \/>\n<meta name=\"twitter:label1\" content=\"\u00c9crit par\" \/>\n\t<meta name=\"twitter:data1\" content=\"agradocosmetic\" \/>\n\t<meta name=\"twitter:label2\" content=\"Dur\u00e9e de lecture estim\u00e9e\" \/>\n\t<meta name=\"twitter:data2\" content=\"3 minutes\" \/>\n<script type=\"application\/ld+json\" class=\"yoast-schema-graph\">{\"@context\":\"https:\\\/\\\/schema.org\",\"@graph\":[{\"@type\":\"Article\",\"@id\":\"https:\\\/\\\/agradocosmetic.com\\\/ondas-surferas-sin-calor\\\/#article\",\"isPartOf\":{\"@id\":\"https:\\\/\\\/agradocosmetic.com\\\/ondas-surferas-sin-calor\\\/\"},\"author\":{\"name\":\"agradocosmetic\",\"@id\":\"https:\\\/\\\/agradocosmetic.com\\\/#\\\/schema\\\/person\\\/732e8d396022e25f9340196f83d6789d\"},\"headline\":\"Ondas surferas sin calor: sigue la tendencia sin da\u00f1ar tu pelo\",\"datePublished\":\"2022-04-21T11:29:48+00:00\",\"dateModified\":\"2023-11-18T16:58:51+00:00\",\"mainEntityOfPage\":{\"@id\":\"https:\\\/\\\/agradocosmetic.com\\\/ondas-surferas-sin-calor\\\/\"},\"wordCount\":521,\"commentCount\":0,\"publisher\":{\"@id\":\"https:\\\/\\\/agradocosmetic.com\\\/#organization\"},\"image\":{\"@id\":\"https:\\\/\\\/agradocosmetic.com\\\/ondas-surferas-sin-calor\\\/#primaryimage\"},\"thumbnailUrl\":\"https:\\\/\\\/agradocosmetic.com\\\/wp-content\\\/uploads\\\/2022\\\/04\\\/ondas-surferas-sin-calor-agrado.jpg\",\"keywords\":[\"cabello\",\"cuidado capilar\",\"ondas surferas\",\"peinado\",\"pelo ondulado\",\"trucos para tu pelo\"],\"articleSection\":[\"Capilar\",\"Todos\"],\"inLanguage\":\"fr-FR\",\"potentialAction\":[{\"@type\":\"CommentAction\",\"name\":\"Comment\",\"target\":[\"https:\\\/\\\/agradocosmetic.com\\\/ondas-surferas-sin-calor\\\/#respond\"]}]},{\"@type\":\"WebPage\",\"@id\":\"https:\\\/\\\/agradocosmetic.com\\\/ondas-surferas-sin-calor\\\/\",\"url\":\"https:\\\/\\\/agradocosmetic.com\\\/ondas-surferas-sin-calor\\\/\",\"name\":\"Ondas surferas sin calor: sigue la tendencia sin da\u00f1ar tu pelo - Agrado\",\"isPartOf\":{\"@id\":\"https:\\\/\\\/agradocosmetic.com\\\/#website\"},\"primaryImageOfPage\":{\"@id\":\"https:\\\/\\\/agradocosmetic.com\\\/ondas-surferas-sin-calor\\\/#primaryimage\"},\"image\":{\"@id\":\"https:\\\/\\\/agradocosmetic.com\\\/ondas-surferas-sin-calor\\\/#primaryimage\"},\"thumbnailUrl\":\"https:\\\/\\\/agradocosmetic.com\\\/wp-content\\\/uploads\\\/2022\\\/04\\\/ondas-surferas-sin-calor-agrado.jpg\",\"datePublished\":\"2022-04-21T11:29:48+00:00\",\"dateModified\":\"2023-11-18T16:58:51+00:00\",\"description\":\"\u00a1Seguir la tendencia no tiene que ser perjudicial para tu pelo! Te contamos c\u00f3mo conseguir las ondas surferas sin calor que est\u00e1n de moda.\",\"breadcrumb\":{\"@id\":\"https:\\\/\\\/agradocosmetic.com\\\/ondas-surferas-sin-calor\\\/#breadcrumb\"},\"inLanguage\":\"fr-FR\",\"potentialAction\":[{\"@type\":\"ReadAction\",\"target\":[\"https:\\\/\\\/agradocosmetic.com\\\/ondas-surferas-sin-calor\\\/\"]}]},{\"@type\":\"ImageObject\",\"inLanguage\":\"fr-FR\",\"@id\":\"https:\\\/\\\/agradocosmetic.com\\\/ondas-surferas-sin-calor\\\/#primaryimage\",\"url\":\"https:\\\/\\\/agradocosmetic.com\\\/wp-content\\\/uploads\\\/2022\\\/04\\\/ondas-surferas-sin-calor-agrado.jpg\",\"contentUrl\":\"https:\\\/\\\/agradocosmetic.com\\\/wp-content\\\/uploads\\\/2022\\\/04\\\/ondas-surferas-sin-calor-agrado.jpg\",\"width\":1200,\"height\":800},{\"@type\":\"BreadcrumbList\",\"@id\":\"https:\\\/\\\/agradocosmetic.com\\\/ondas-surferas-sin-calor\\\/#breadcrumb\",\"itemListElement\":[{\"@type\":\"ListItem\",\"position\":1,\"name\":\"Portada\",\"item\":\"https:\\\/\\\/agradocosmetic.com\\\/\"},{\"@type\":\"ListItem\",\"position\":2,\"name\":\"Ondas surferas sin calor: sigue la tendencia sin da\u00f1ar tu pelo\"}]},{\"@type\":\"WebSite\",\"@id\":\"https:\\\/\\\/agradocosmetic.com\\\/#website\",\"url\":\"https:\\\/\\\/agradocosmetic.com\\\/\",\"name\":\"Agrado\",\"description\":\"Cosmetic\",\"publisher\":{\"@id\":\"https:\\\/\\\/agradocosmetic.com\\\/#organization\"},\"potentialAction\":[{\"@type\":\"SearchAction\",\"target\":{\"@type\":\"EntryPoint\",\"urlTemplate\":\"https:\\\/\\\/agradocosmetic.com\\\/?s={search_term_string}\"},\"query-input\":{\"@type\":\"PropertyValueSpecification\",\"valueRequired\":true,\"valueName\":\"search_term_string\"}}],\"inLanguage\":\"fr-FR\"},{\"@type\":\"Organization\",\"@id\":\"https:\\\/\\\/agradocosmetic.com\\\/#organization\",\"name\":\"Agrado\",\"url\":\"https:\\\/\\\/agradocosmetic.com\\\/\",\"logo\":{\"@type\":\"ImageObject\",\"inLanguage\":\"fr-FR\",\"@id\":\"https:\\\/\\\/agradocosmetic.com\\\/#\\\/schema\\\/logo\\\/image\\\/\",\"url\":\"https:\\\/\\\/agradocosmetic.com\\\/wp-content\\\/uploads\\\/2023\\\/07\\\/LOGO-AGRADO-WEB-01.png\",\"contentUrl\":\"https:\\\/\\\/agradocosmetic.com\\\/wp-content\\\/uploads\\\/2023\\\/07\\\/LOGO-AGRADO-WEB-01.png\",\"width\":1632,\"height\":300,\"caption\":\"Agrado\"},\"image\":{\"@id\":\"https:\\\/\\\/agradocosmetic.com\\\/#\\\/schema\\\/logo\\\/image\\\/\"}},{\"@type\":\"Person\",\"@id\":\"https:\\\/\\\/agradocosmetic.com\\\/#\\\/schema\\\/person\\\/732e8d396022e25f9340196f83d6789d\",\"name\":\"agradocosmetic\",\"image\":{\"@type\":\"ImageObject\",\"inLanguage\":\"fr-FR\",\"@id\":\"https:\\\/\\\/secure.gravatar.com\\\/avatar\\\/c6003e45301182b7e125463fcbec403b1980909c12edf09098526b9a15e779c0?s=96&d=mm&r=g\",\"url\":\"https:\\\/\\\/secure.gravatar.com\\\/avatar\\\/c6003e45301182b7e125463fcbec403b1980909c12edf09098526b9a15e779c0?s=96&d=mm&r=g\",\"contentUrl\":\"https:\\\/\\\/secure.gravatar.com\\\/avatar\\\/c6003e45301182b7e125463fcbec403b1980909c12edf09098526b9a15e779c0?s=96&d=mm&r=g\",\"caption\":\"agradocosmetic\"}}]}<\/script>\n<!-- \/ Yoast SEO plugin. -->","yoast_head_json":{"title":"Ondas surferas sin calor: sigue la tendencia sin da\u00f1ar tu pelo - Agrado","description":"\u00a1Seguir la tendencia no tiene que ser perjudicial para tu pelo! Te contamos c\u00f3mo conseguir las ondas surferas sin calor que est\u00e1n de moda.","robots":{"index":"index","follow":"follow","max-snippet":"max-snippet:-1","max-image-preview":"max-image-preview:large","max-video-preview":"max-video-preview:-1"},"canonical":"https:\/\/agradocosmetic.com\/fr\/ondas-surferas-sin-calor\/","og_locale":"fr_FR","og_type":"article","og_title":"Ondas surferas sin calor: sigue la tendencia sin da\u00f1ar tu pelo - Agrado","og_description":"\u00a1Seguir la tendencia no tiene que ser perjudicial para tu pelo! Te contamos c\u00f3mo conseguir las ondas surferas sin calor que est\u00e1n de moda.","og_url":"https:\/\/agradocosmetic.com\/fr\/ondas-surferas-sin-calor\/","og_site_name":"Agrado","article_published_time":"2022-04-21T11:29:48+00:00","article_modified_time":"2023-11-18T16:58:51+00:00","og_image":[{"width":1200,"height":800,"url":"https:\/\/agradocosmetic.com\/wp-content\/uploads\/2022\/04\/ondas-surferas-sin-calor-agrado.jpg","type":"image\/jpeg"}],"author":"agradocosmetic","twitter_card":"summary_large_image","twitter_misc":{"\u00c9crit par":"agradocosmetic","Dur\u00e9e de lecture estim\u00e9e":"3 minutes"},"schema":{"@context":"https:\/\/schema.org","@graph":[{"@type":"Article","@id":"https:\/\/agradocosmetic.com\/ondas-surferas-sin-calor\/#article","isPartOf":{"@id":"https:\/\/agradocosmetic.com\/ondas-surferas-sin-calor\/"},"author":{"name":"agradocosmetic","@id":"https:\/\/agradocosmetic.com\/#\/schema\/person\/732e8d396022e25f9340196f83d6789d"},"headline":"Ondas surferas sin calor: sigue la tendencia sin da\u00f1ar tu pelo","datePublished":"2022-04-21T11:29:48+00:00","dateModified":"2023-11-18T16:58:51+00:00","mainEntityOfPage":{"@id":"https:\/\/agradocosmetic.com\/ondas-surferas-sin-calor\/"},"wordCount":521,"commentCount":0,"publisher":{"@id":"https:\/\/agradocosmetic.com\/#organization"},"image":{"@id":"https:\/\/agradocosmetic.com\/ondas-surferas-sin-calor\/#primaryimage"},"thumbnailUrl":"https:\/\/agradocosmetic.com\/wp-content\/uploads\/2022\/04\/ondas-surferas-sin-calor-agrado.jpg","keywords":["cabello","cuidado capilar","ondas surferas","peinado","pelo ondulado","trucos para tu pelo"],"articleSection":["Capilar","Todos"],"inLanguage":"fr-FR","potentialAction":[{"@type":"CommentAction","name":"Comment","target":["https:\/\/agradocosmetic.com\/ondas-surferas-sin-calor\/#respond"]}]},{"@type":"WebPage","@id":"https:\/\/agradocosmetic.com\/ondas-surferas-sin-calor\/","url":"https:\/\/agradocosmetic.com\/ondas-surferas-sin-calor\/","name":"Ondas surferas sin calor: sigue la tendencia sin da\u00f1ar tu pelo - Agrado","isPartOf":{"@id":"https:\/\/agradocosmetic.com\/#website"},"primaryImageOfPage":{"@id":"https:\/\/agradocosmetic.com\/ondas-surferas-sin-calor\/#primaryimage"},"image":{"@id":"https:\/\/agradocosmetic.com\/ondas-surferas-sin-calor\/#primaryimage"},"thumbnailUrl":"https:\/\/agradocosmetic.com\/wp-content\/uploads\/2022\/04\/ondas-surferas-sin-calor-agrado.jpg","datePublished":"2022-04-21T11:29:48+00:00","dateModified":"2023-11-18T16:58:51+00:00","description":"\u00a1Seguir la tendencia no tiene que ser perjudicial para tu pelo! Te contamos c\u00f3mo conseguir las ondas surferas sin calor que est\u00e1n de moda.","breadcrumb":{"@id":"https:\/\/agradocosmetic.com\/ondas-surferas-sin-calor\/#breadcrumb"},"inLanguage":"fr-FR","potentialAction":[{"@type":"ReadAction","target":["https:\/\/agradocosmetic.com\/ondas-surferas-sin-calor\/"]}]},{"@type":"ImageObject","inLanguage":"fr-FR","@id":"https:\/\/agradocosmetic.com\/ondas-surferas-sin-calor\/#primaryimage","url":"https:\/\/agradocosmetic.com\/wp-content\/uploads\/2022\/04\/ondas-surferas-sin-calor-agrado.jpg","contentUrl":"https:\/\/agradocosmetic.com\/wp-content\/uploads\/2022\/04\/ondas-surferas-sin-calor-agrado.jpg","width":1200,"height":800},{"@type":"BreadcrumbList","@id":"https:\/\/agradocosmetic.com\/ondas-surferas-sin-calor\/#breadcrumb","itemListElement":[{"@type":"ListItem","position":1,"name":"Portada","item":"https:\/\/agradocosmetic.com\/"},{"@type":"ListItem","position":2,"name":"Ondas surferas sin calor: sigue la tendencia sin da\u00f1ar tu pelo"}]},{"@type":"WebSite","@id":"https:\/\/agradocosmetic.com\/#website","url":"https:\/\/agradocosmetic.com\/","name":"Aimer","description":"cosm\u00e9tique","publisher":{"@id":"https:\/\/agradocosmetic.com\/#organization"},"potentialAction":[{"@type":"SearchAction","target":{"@type":"EntryPoint","urlTemplate":"https:\/\/agradocosmetic.com\/?s={search_term_string}"},"query-input":{"@type":"PropertyValueSpecification","valueRequired":true,"valueName":"search_term_string"}}],"inLanguage":"fr-FR"},{"@type":"Organization","@id":"https:\/\/agradocosmetic.com\/#organization","name":"Aimer","url":"https:\/\/agradocosmetic.com\/","logo":{"@type":"ImageObject","inLanguage":"fr-FR","@id":"https:\/\/agradocosmetic.com\/#\/schema\/logo\/image\/","url":"https:\/\/agradocosmetic.com\/wp-content\/uploads\/2023\/07\/LOGO-AGRADO-WEB-01.png","contentUrl":"https:\/\/agradocosmetic.com\/wp-content\/uploads\/2023\/07\/LOGO-AGRADO-WEB-01.png","width":1632,"height":300,"caption":"Agrado"},"image":{"@id":"https:\/\/agradocosmetic.com\/#\/schema\/logo\/image\/"}},{"@type":"Person","@id":"https:\/\/agradocosmetic.com\/#\/schema\/person\/732e8d396022e25f9340196f83d6789d","name":"agradocosm\u00e9tique","image":{"@type":"ImageObject","inLanguage":"fr-FR","@id":"https:\/\/secure.gravatar.com\/avatar\/c6003e45301182b7e125463fcbec403b1980909c12edf09098526b9a15e779c0?s=96&d=mm&r=g","url":"https:\/\/secure.gravatar.com\/avatar\/c6003e45301182b7e125463fcbec403b1980909c12edf09098526b9a15e779c0?s=96&d=mm&r=g","contentUrl":"https:\/\/secure.gravatar.com\/avatar\/c6003e45301182b7e125463fcbec403b1980909c12edf09098526b9a15e779c0?s=96&d=mm&r=g","caption":"agradocosmetic"}}]}},"_links":{"self":[{"href":"https:\/\/agradocosmetic.com\/fr\/wp-json\/wp\/v2\/posts\/19603","targetHints":{"allow":["GET"]}}],"collection":[{"href":"https:\/\/agradocosmetic.com\/fr\/wp-json\/wp\/v2\/posts"}],"about":[{"href":"https:\/\/agradocosmetic.com\/fr\/wp-json\/wp\/v2\/types\/post"}],"author":[{"embeddable":true,"href":"https:\/\/agradocosmetic.com\/fr\/wp-json\/wp\/v2\/users\/9"}],"replies":[{"embeddable":true,"href":"https:\/\/agradocosmetic.com\/fr\/wp-json\/wp\/v2\/comments?post=19603"}],"version-history":[{"count":1,"href":"https:\/\/agradocosmetic.com\/fr\/wp-json\/wp\/v2\/posts\/19603\/revisions"}],"predecessor-version":[{"id":21283,"href":"https:\/\/agradocosmetic.com\/fr\/wp-json\/wp\/v2\/posts\/19603\/revisions\/21283"}],"wp:featuredmedia":[{"embeddable":true,"href":"https:\/\/agradocosmetic.com\/fr\/wp-json\/wp\/v2\/media\/21282"}],"wp:attachment":[{"href":"https:\/\/agradocosmetic.com\/fr\/wp-json\/wp\/v2\/media?parent=19603"}],"wp:term":[{"taxonomy":"category","embeddable":true,"href":"https:\/\/agradocosmetic.com\/fr\/wp-json\/wp\/v2\/categories?post=19603"},{"taxonomy":"post_tag","embeddable":true,"href":"https:\/\/agradocosmetic.com\/fr\/wp-json\/wp\/v2\/tags?post=19603"}],"curies":[{"name":"wp","href":"https:\/\/api.w.org\/{rel}","templated":true}]}}