{"id":19767,"date":"2022-06-10T12:11:03","date_gmt":"2022-06-10T11:11:03","guid":{"rendered":"https:\/\/www.agradocosmetic.com\/?p=19767"},"modified":"2023-11-18T16:58:51","modified_gmt":"2023-11-18T16:58:51","slug":"cada-cuanto-aplicar-la-crema-de-proteccion-solar","status":"publish","type":"post","link":"https:\/\/agradocosmetic.com\/fr\/cada-cuanto-aplicar-la-crema-de-proteccion-solar\/","title":{"rendered":"\u00c0 quelle fr\u00e9quence dois-je r\u00e9appliquer un \u00e9cran solaire ?"},"content":{"rendered":"<p>En \u00e9t\u00e9, nous voulons nous amuser et profiter du soleil, mais nous ne devons pas oublier de prot\u00e9ger constamment notre peau. Utiliser une cr\u00e8me solaire devrait \u00eatre une \u00e9tape obligatoire de notre routine beaut\u00e9 pour prendre soin de notre peau \u00e0 court et \u00e0 long terme. Mais aussi, il ne suffit pas de simplement l\u2019utiliser, il faut l\u2019appliquer correctement et le r\u00e9appliquer dans la journ\u00e9e pour que son effet soit efficace. On vous explique comment !<\/p>\r\n\r\n\r\n\r\n<p>Le soleil est l\u2019une des principales causes du vieillissement pr\u00e9matur\u00e9 de la peau, des taches et des br\u00fblures et, dans le pire des cas, du m\u00e9lanome. Pour cette raison,<strong> Il est extr\u00eamement important d\u2019appliquer un \u00e9cran solaire tous les jours de l\u2019ann\u00e9e.<\/strong>. De plus, lorsque l\u2019exposition au soleil se prolonge, il faut r\u00e9utiliser la cr\u00e8me solaire. Et, m\u00eame si nous le r\u00e9p\u00e9tons \u00e0 gauche et \u00e0 droite, c\u2019est l\u2019une des erreurs les plus courantes dans l\u2019utilisation du SPF.<\/p>\r\n\r\n\r\n\r\n<p>Tout d&#039;abord, il faut savoir que la plupart des cr\u00e8mes solaires n&#039;ont pas d&#039;effet imm\u00e9diat, il faut donc les appliquer 20 \u00e0 30 minutes avant de quitter la maison pour que votre peau absorbe le produit et soit efficace. \u00c0 partir d&#039;ici, <strong>Si vous \u00eates constamment expos\u00e9 au soleil, vous devez r\u00e9appliquer la protection toutes les 2 heures.<\/strong> Aussi en sortant de l\u2019eau (oui, m\u00eame si votre cr\u00e8me solaire est waterproof). De cette fa\u00e7on, votre peau sera toujours prot\u00e9g\u00e9e !\u00a0<\/p>\r\n\r\n\r\n\r\n<p>De plus, vous devez \u00e9galement prendre en compte d&#039;autres facteurs tels que les domaines d&#039;application et la quantit\u00e9 de produit. Assurez-vous de couvrir g\u00e9n\u00e9reusement et uniform\u00e9ment de cr\u00e8me toutes les parties du corps qui seront expos\u00e9es au soleil ; sans oublier les oreilles, le cou, les pieds ou les mains. N&#039;oubliez pas que la pr\u00e9vention ne fait jamais de mal, alors n&#039;ayez pas peur d&#039;en faire trop avec le protecteur\u00a0!\u00a0<\/p>\r\n\r\n\r\n\r\n<p>Finalement,<strong> Les experts recommandent d\u2019opter pour une cr\u00e8me solaire pour le corps et une autre sp\u00e9cifique pour le visage.<\/strong> avec un indice de protection de 30 ou plus, r\u00e9sistant \u00e0 l&#039;eau et prot\u00e9geant des rayons UVA et UVB. Si vous aimez les cr\u00e8mes solaires en spray, vous devez essayer le <a href=\"https:\/\/agradocosmetic.com\/fr\/producto\/bruma-seca-solar-spf-30-aerosol\/\"><strong>Agrado Brume Solaire S\u00e8che SPF30<\/strong><\/a> qui a une texture l\u00e9g\u00e8re au toucher sec et un fini invisible. Parfait \u00e0 appliquer sur tout le corps, rapidement absorb\u00e9 et r\u00e9sistant \u00e0 l&#039;eau. Il a tout! Sa version pour le visage, <a href=\"https:\/\/agradocosmetic.com\/fr\/producto\/bruma-facial-solar-spf50\/\"><strong>Brume Solaire Visage SPF50+<\/strong><\/a> C&#039;est l&#039;un de nos incontournables de l&#039;\u00e9t\u00e9. Gr\u00e2ce \u00e0 son format pratique, vous pouvez toujours l&#039;emporter avec vous pour le r\u00e9appliquer lorsque vous avez besoin de votre dose suppl\u00e9mentaire de protection.<\/p>\r\n\r\n\r\n\r\n<p>Les huiles solaires sont une autre option id\u00e9ale pour les journ\u00e9es \u00e0 la plage et \u00e0 la piscine. Il <a href=\"https:\/\/agradocosmetic.com\/fr\/producto\/aceite-protector-solar-spf20\/\"><strong>Huile de protection solaire Agrado SPF20<\/strong><\/a> Il contient des actifs hydratants qui acc\u00e9l\u00e8rent le bronzage tout en prot\u00e9geant votre peau. Son odeur d\u00e9licieuse vous fera craquer ! Mais si vous pr\u00e9f\u00e9rez le format traditionnel, le format traditionnel, \u00e0 Agrado vous pouvez trouver des cr\u00e8mes de protection solaire de diff\u00e9rents facteurs et de diff\u00e9rentes tailles, comme <a href=\"https:\/\/agradocosmetic.com\/fr\/producto\/crema-solar-spf30\/\"><strong>Cr\u00e8me Solaire SPF30<\/strong><\/a>. Enfin, pour prendre soin de la peau des petits, le<a href=\"https:\/\/agradocosmetic.com\/fr\/producto\/locion-solar-kids-pieles-sensibles-spf50\/\"><strong> KIDS Lotion Solaire Peaux Sensibles SPF50+<\/strong><\/a> Il ne peut pas manquer dans votre trousse de toilette. Son application au pistolet et son absorption rapide rendront la r\u00e9application de la cr\u00e8me solaire plus facile que jamais. \ud83d\ude09<br \/><br \/>Maintenant que vous savez \u00e0 quelle fr\u00e9quence r\u00e9appliquer votre cr\u00e8me solaire et que vous connaissez les meilleurs conseils pour profiter du soleil de mani\u00e8re saine, <strong>Vivez pleinement l\u2019\u00e9t\u00e9 avec Agrado Cosmetic !\u00a0<\/strong><\/p>","protected":false},"excerpt":{"rendered":"<p>En verano queremos divertirnos y disfrutar bajo el sol, sin embargo, no debemos olvidarnos de proteger nuestra piel de manera constante. Utilizar crema de protecci\u00f3n solar debe ser un paso obligatorio en nuestra rutina de belleza para cuidar de la piel a corto y largo plazo. Pero adem\u00e1s, no basta simplemente con usarla, tienes que [&hellip;]<\/p>\n","protected":false},"author":9,"featured_media":21276,"comment_status":"open","ping_status":"closed","sticky":false,"template":"","format":"standard","meta":{"footnotes":"","_wp_rev_ctl_limit":""},"categories":[116,1],"tags":[406,289,348,317,407,408],"class_list":["post-19767","post","type-post","status-publish","format-standard","has-post-thumbnail","hentry","category-solar","category-todos","tag-crema-de-proteccion-solar","tag-cuidado-de-la-piel","tag-fotoprotectores","tag-proteccion-solar","tag-reaplicacion-crema-solar","tag-spray-solar"],"yoast_head":"<!-- This site is optimized with the Yoast SEO plugin v27.4 - https:\/\/yoast.com\/product\/yoast-seo-wordpress\/ -->\n<title>\u00bfCada cu\u00e1nto debo reaplicar la crema de protecci\u00f3n solar? - Agrado<\/title>\n<meta name=\"description\" content=\"\u00bfSabes cada cu\u00e1nto debes reaplicar tu crema de protecci\u00f3n solar? Te contamos todo lo que debes saber para proteger tu piel este verano.\" \/>\n<meta name=\"robots\" content=\"index, follow, max-snippet:-1, max-image-preview:large, max-video-preview:-1\" \/>\n<link rel=\"canonical\" href=\"https:\/\/agradocosmetic.com\/fr\/cada-cuanto-aplicar-la-crema-de-proteccion-solar\/\" \/>\n<meta property=\"og:locale\" content=\"fr_FR\" \/>\n<meta property=\"og:type\" content=\"article\" \/>\n<meta property=\"og:title\" content=\"\u00bfCada cu\u00e1nto debo reaplicar la crema de protecci\u00f3n solar? - Agrado\" \/>\n<meta property=\"og:description\" content=\"\u00bfSabes cada cu\u00e1nto debes reaplicar tu crema de protecci\u00f3n solar? Te contamos todo lo que debes saber para proteger tu piel este verano.\" \/>\n<meta property=\"og:url\" content=\"https:\/\/agradocosmetic.com\/fr\/cada-cuanto-aplicar-la-crema-de-proteccion-solar\/\" \/>\n<meta property=\"og:site_name\" content=\"Agrado\" \/>\n<meta property=\"article:published_time\" content=\"2022-06-10T11:11:03+00:00\" \/>\n<meta property=\"article:modified_time\" content=\"2023-11-18T16:58:51+00:00\" \/>\n<meta property=\"og:image\" content=\"https:\/\/agradocosmetic.com\/wp-content\/uploads\/2022\/06\/crema-de-proteccion-solar-agrado.jpg\" \/>\n\t<meta property=\"og:image:width\" content=\"1200\" \/>\n\t<meta property=\"og:image:height\" content=\"800\" \/>\n\t<meta property=\"og:image:type\" content=\"image\/jpeg\" \/>\n<meta name=\"author\" content=\"agradocosmetic\" \/>\n<meta name=\"twitter:card\" content=\"summary_large_image\" \/>\n<meta name=\"twitter:label1\" content=\"\u00c9crit par\" \/>\n\t<meta name=\"twitter:data1\" content=\"agradocosmetic\" \/>\n\t<meta name=\"twitter:label2\" content=\"Dur\u00e9e de lecture estim\u00e9e\" \/>\n\t<meta name=\"twitter:data2\" content=\"3 minutes\" \/>\n<script type=\"application\/ld+json\" class=\"yoast-schema-graph\">{\"@context\":\"https:\\\/\\\/schema.org\",\"@graph\":[{\"@type\":\"Article\",\"@id\":\"https:\\\/\\\/agradocosmetic.com\\\/cada-cuanto-aplicar-la-crema-de-proteccion-solar\\\/#article\",\"isPartOf\":{\"@id\":\"https:\\\/\\\/agradocosmetic.com\\\/cada-cuanto-aplicar-la-crema-de-proteccion-solar\\\/\"},\"author\":{\"name\":\"agradocosmetic\",\"@id\":\"https:\\\/\\\/agradocosmetic.com\\\/#\\\/schema\\\/person\\\/732e8d396022e25f9340196f83d6789d\"},\"headline\":\"\u00bfCada cu\u00e1nto debo reaplicar la crema de protecci\u00f3n solar?\",\"datePublished\":\"2022-06-10T11:11:03+00:00\",\"dateModified\":\"2023-11-18T16:58:51+00:00\",\"mainEntityOfPage\":{\"@id\":\"https:\\\/\\\/agradocosmetic.com\\\/cada-cuanto-aplicar-la-crema-de-proteccion-solar\\\/\"},\"wordCount\":616,\"commentCount\":0,\"publisher\":{\"@id\":\"https:\\\/\\\/agradocosmetic.com\\\/#organization\"},\"image\":{\"@id\":\"https:\\\/\\\/agradocosmetic.com\\\/cada-cuanto-aplicar-la-crema-de-proteccion-solar\\\/#primaryimage\"},\"thumbnailUrl\":\"https:\\\/\\\/agradocosmetic.com\\\/wp-content\\\/uploads\\\/2022\\\/06\\\/crema-de-proteccion-solar-agrado.jpg\",\"keywords\":[\"crema de protecci\u00f3n solar\",\"cuidado de la piel\",\"fotoprotectores\",\"proteccion solar\",\"reaplicaci\u00f3n crema solar\",\"spray solar\"],\"articleSection\":[\"Solar\",\"Todos\"],\"inLanguage\":\"fr-FR\",\"potentialAction\":[{\"@type\":\"CommentAction\",\"name\":\"Comment\",\"target\":[\"https:\\\/\\\/agradocosmetic.com\\\/cada-cuanto-aplicar-la-crema-de-proteccion-solar\\\/#respond\"]}]},{\"@type\":\"WebPage\",\"@id\":\"https:\\\/\\\/agradocosmetic.com\\\/cada-cuanto-aplicar-la-crema-de-proteccion-solar\\\/\",\"url\":\"https:\\\/\\\/agradocosmetic.com\\\/cada-cuanto-aplicar-la-crema-de-proteccion-solar\\\/\",\"name\":\"\u00bfCada cu\u00e1nto debo reaplicar la crema de protecci\u00f3n solar? - Agrado\",\"isPartOf\":{\"@id\":\"https:\\\/\\\/agradocosmetic.com\\\/#website\"},\"primaryImageOfPage\":{\"@id\":\"https:\\\/\\\/agradocosmetic.com\\\/cada-cuanto-aplicar-la-crema-de-proteccion-solar\\\/#primaryimage\"},\"image\":{\"@id\":\"https:\\\/\\\/agradocosmetic.com\\\/cada-cuanto-aplicar-la-crema-de-proteccion-solar\\\/#primaryimage\"},\"thumbnailUrl\":\"https:\\\/\\\/agradocosmetic.com\\\/wp-content\\\/uploads\\\/2022\\\/06\\\/crema-de-proteccion-solar-agrado.jpg\",\"datePublished\":\"2022-06-10T11:11:03+00:00\",\"dateModified\":\"2023-11-18T16:58:51+00:00\",\"description\":\"\u00bfSabes cada cu\u00e1nto debes reaplicar tu crema de protecci\u00f3n solar? Te contamos todo lo que debes saber para proteger tu piel este verano.\",\"breadcrumb\":{\"@id\":\"https:\\\/\\\/agradocosmetic.com\\\/cada-cuanto-aplicar-la-crema-de-proteccion-solar\\\/#breadcrumb\"},\"inLanguage\":\"fr-FR\",\"potentialAction\":[{\"@type\":\"ReadAction\",\"target\":[\"https:\\\/\\\/agradocosmetic.com\\\/cada-cuanto-aplicar-la-crema-de-proteccion-solar\\\/\"]}]},{\"@type\":\"ImageObject\",\"inLanguage\":\"fr-FR\",\"@id\":\"https:\\\/\\\/agradocosmetic.com\\\/cada-cuanto-aplicar-la-crema-de-proteccion-solar\\\/#primaryimage\",\"url\":\"https:\\\/\\\/agradocosmetic.com\\\/wp-content\\\/uploads\\\/2022\\\/06\\\/crema-de-proteccion-solar-agrado.jpg\",\"contentUrl\":\"https:\\\/\\\/agradocosmetic.com\\\/wp-content\\\/uploads\\\/2022\\\/06\\\/crema-de-proteccion-solar-agrado.jpg\",\"width\":1200,\"height\":800},{\"@type\":\"BreadcrumbList\",\"@id\":\"https:\\\/\\\/agradocosmetic.com\\\/cada-cuanto-aplicar-la-crema-de-proteccion-solar\\\/#breadcrumb\",\"itemListElement\":[{\"@type\":\"ListItem\",\"position\":1,\"name\":\"Portada\",\"item\":\"https:\\\/\\\/agradocosmetic.com\\\/\"},{\"@type\":\"ListItem\",\"position\":2,\"name\":\"\u00bfCada cu\u00e1nto debo reaplicar la crema de protecci\u00f3n solar?\"}]},{\"@type\":\"WebSite\",\"@id\":\"https:\\\/\\\/agradocosmetic.com\\\/#website\",\"url\":\"https:\\\/\\\/agradocosmetic.com\\\/\",\"name\":\"Agrado\",\"description\":\"Cosmetic\",\"publisher\":{\"@id\":\"https:\\\/\\\/agradocosmetic.com\\\/#organization\"},\"potentialAction\":[{\"@type\":\"SearchAction\",\"target\":{\"@type\":\"EntryPoint\",\"urlTemplate\":\"https:\\\/\\\/agradocosmetic.com\\\/?s={search_term_string}\"},\"query-input\":{\"@type\":\"PropertyValueSpecification\",\"valueRequired\":true,\"valueName\":\"search_term_string\"}}],\"inLanguage\":\"fr-FR\"},{\"@type\":\"Organization\",\"@id\":\"https:\\\/\\\/agradocosmetic.com\\\/#organization\",\"name\":\"Agrado\",\"url\":\"https:\\\/\\\/agradocosmetic.com\\\/\",\"logo\":{\"@type\":\"ImageObject\",\"inLanguage\":\"fr-FR\",\"@id\":\"https:\\\/\\\/agradocosmetic.com\\\/#\\\/schema\\\/logo\\\/image\\\/\",\"url\":\"https:\\\/\\\/agradocosmetic.com\\\/wp-content\\\/uploads\\\/2023\\\/07\\\/LOGO-AGRADO-WEB-01.png\",\"contentUrl\":\"https:\\\/\\\/agradocosmetic.com\\\/wp-content\\\/uploads\\\/2023\\\/07\\\/LOGO-AGRADO-WEB-01.png\",\"width\":1632,\"height\":300,\"caption\":\"Agrado\"},\"image\":{\"@id\":\"https:\\\/\\\/agradocosmetic.com\\\/#\\\/schema\\\/logo\\\/image\\\/\"}},{\"@type\":\"Person\",\"@id\":\"https:\\\/\\\/agradocosmetic.com\\\/#\\\/schema\\\/person\\\/732e8d396022e25f9340196f83d6789d\",\"name\":\"agradocosmetic\",\"image\":{\"@type\":\"ImageObject\",\"inLanguage\":\"fr-FR\",\"@id\":\"https:\\\/\\\/secure.gravatar.com\\\/avatar\\\/c6003e45301182b7e125463fcbec403b1980909c12edf09098526b9a15e779c0?s=96&d=mm&r=g\",\"url\":\"https:\\\/\\\/secure.gravatar.com\\\/avatar\\\/c6003e45301182b7e125463fcbec403b1980909c12edf09098526b9a15e779c0?s=96&d=mm&r=g\",\"contentUrl\":\"https:\\\/\\\/secure.gravatar.com\\\/avatar\\\/c6003e45301182b7e125463fcbec403b1980909c12edf09098526b9a15e779c0?s=96&d=mm&r=g\",\"caption\":\"agradocosmetic\"}}]}<\/script>\n<!-- \/ Yoast SEO plugin. -->","yoast_head_json":{"title":"\u00bfCada cu\u00e1nto debo reaplicar la crema de protecci\u00f3n solar? - Agrado","description":"\u00bfSabes cada cu\u00e1nto debes reaplicar tu crema de protecci\u00f3n solar? Te contamos todo lo que debes saber para proteger tu piel este verano.","robots":{"index":"index","follow":"follow","max-snippet":"max-snippet:-1","max-image-preview":"max-image-preview:large","max-video-preview":"max-video-preview:-1"},"canonical":"https:\/\/agradocosmetic.com\/fr\/cada-cuanto-aplicar-la-crema-de-proteccion-solar\/","og_locale":"fr_FR","og_type":"article","og_title":"\u00bfCada cu\u00e1nto debo reaplicar la crema de protecci\u00f3n solar? - Agrado","og_description":"\u00bfSabes cada cu\u00e1nto debes reaplicar tu crema de protecci\u00f3n solar? Te contamos todo lo que debes saber para proteger tu piel este verano.","og_url":"https:\/\/agradocosmetic.com\/fr\/cada-cuanto-aplicar-la-crema-de-proteccion-solar\/","og_site_name":"Agrado","article_published_time":"2022-06-10T11:11:03+00:00","article_modified_time":"2023-11-18T16:58:51+00:00","og_image":[{"width":1200,"height":800,"url":"https:\/\/agradocosmetic.com\/wp-content\/uploads\/2022\/06\/crema-de-proteccion-solar-agrado.jpg","type":"image\/jpeg"}],"author":"agradocosmetic","twitter_card":"summary_large_image","twitter_misc":{"\u00c9crit par":"agradocosmetic","Dur\u00e9e de lecture estim\u00e9e":"3 minutes"},"schema":{"@context":"https:\/\/schema.org","@graph":[{"@type":"Article","@id":"https:\/\/agradocosmetic.com\/cada-cuanto-aplicar-la-crema-de-proteccion-solar\/#article","isPartOf":{"@id":"https:\/\/agradocosmetic.com\/cada-cuanto-aplicar-la-crema-de-proteccion-solar\/"},"author":{"name":"agradocosmetic","@id":"https:\/\/agradocosmetic.com\/#\/schema\/person\/732e8d396022e25f9340196f83d6789d"},"headline":"\u00bfCada cu\u00e1nto debo reaplicar la crema de protecci\u00f3n solar?","datePublished":"2022-06-10T11:11:03+00:00","dateModified":"2023-11-18T16:58:51+00:00","mainEntityOfPage":{"@id":"https:\/\/agradocosmetic.com\/cada-cuanto-aplicar-la-crema-de-proteccion-solar\/"},"wordCount":616,"commentCount":0,"publisher":{"@id":"https:\/\/agradocosmetic.com\/#organization"},"image":{"@id":"https:\/\/agradocosmetic.com\/cada-cuanto-aplicar-la-crema-de-proteccion-solar\/#primaryimage"},"thumbnailUrl":"https:\/\/agradocosmetic.com\/wp-content\/uploads\/2022\/06\/crema-de-proteccion-solar-agrado.jpg","keywords":["crema de protecci\u00f3n solar","cuidado de la piel","fotoprotectores","proteccion solar","reaplicaci\u00f3n crema solar","spray solar"],"articleSection":["Solar","Todos"],"inLanguage":"fr-FR","potentialAction":[{"@type":"CommentAction","name":"Comment","target":["https:\/\/agradocosmetic.com\/cada-cuanto-aplicar-la-crema-de-proteccion-solar\/#respond"]}]},{"@type":"WebPage","@id":"https:\/\/agradocosmetic.com\/cada-cuanto-aplicar-la-crema-de-proteccion-solar\/","url":"https:\/\/agradocosmetic.com\/cada-cuanto-aplicar-la-crema-de-proteccion-solar\/","name":"\u00bfCada cu\u00e1nto debo reaplicar la crema de protecci\u00f3n solar? - Agrado","isPartOf":{"@id":"https:\/\/agradocosmetic.com\/#website"},"primaryImageOfPage":{"@id":"https:\/\/agradocosmetic.com\/cada-cuanto-aplicar-la-crema-de-proteccion-solar\/#primaryimage"},"image":{"@id":"https:\/\/agradocosmetic.com\/cada-cuanto-aplicar-la-crema-de-proteccion-solar\/#primaryimage"},"thumbnailUrl":"https:\/\/agradocosmetic.com\/wp-content\/uploads\/2022\/06\/crema-de-proteccion-solar-agrado.jpg","datePublished":"2022-06-10T11:11:03+00:00","dateModified":"2023-11-18T16:58:51+00:00","description":"\u00bfSabes cada cu\u00e1nto debes reaplicar tu crema de protecci\u00f3n solar? Te contamos todo lo que debes saber para proteger tu piel este verano.","breadcrumb":{"@id":"https:\/\/agradocosmetic.com\/cada-cuanto-aplicar-la-crema-de-proteccion-solar\/#breadcrumb"},"inLanguage":"fr-FR","potentialAction":[{"@type":"ReadAction","target":["https:\/\/agradocosmetic.com\/cada-cuanto-aplicar-la-crema-de-proteccion-solar\/"]}]},{"@type":"ImageObject","inLanguage":"fr-FR","@id":"https:\/\/agradocosmetic.com\/cada-cuanto-aplicar-la-crema-de-proteccion-solar\/#primaryimage","url":"https:\/\/agradocosmetic.com\/wp-content\/uploads\/2022\/06\/crema-de-proteccion-solar-agrado.jpg","contentUrl":"https:\/\/agradocosmetic.com\/wp-content\/uploads\/2022\/06\/crema-de-proteccion-solar-agrado.jpg","width":1200,"height":800},{"@type":"BreadcrumbList","@id":"https:\/\/agradocosmetic.com\/cada-cuanto-aplicar-la-crema-de-proteccion-solar\/#breadcrumb","itemListElement":[{"@type":"ListItem","position":1,"name":"Portada","item":"https:\/\/agradocosmetic.com\/"},{"@type":"ListItem","position":2,"name":"\u00bfCada cu\u00e1nto debo reaplicar la crema de protecci\u00f3n solar?"}]},{"@type":"WebSite","@id":"https:\/\/agradocosmetic.com\/#website","url":"https:\/\/agradocosmetic.com\/","name":"Aimer","description":"cosm\u00e9tique","publisher":{"@id":"https:\/\/agradocosmetic.com\/#organization"},"potentialAction":[{"@type":"SearchAction","target":{"@type":"EntryPoint","urlTemplate":"https:\/\/agradocosmetic.com\/?s={search_term_string}"},"query-input":{"@type":"PropertyValueSpecification","valueRequired":true,"valueName":"search_term_string"}}],"inLanguage":"fr-FR"},{"@type":"Organization","@id":"https:\/\/agradocosmetic.com\/#organization","name":"Aimer","url":"https:\/\/agradocosmetic.com\/","logo":{"@type":"ImageObject","inLanguage":"fr-FR","@id":"https:\/\/agradocosmetic.com\/#\/schema\/logo\/image\/","url":"https:\/\/agradocosmetic.com\/wp-content\/uploads\/2023\/07\/LOGO-AGRADO-WEB-01.png","contentUrl":"https:\/\/agradocosmetic.com\/wp-content\/uploads\/2023\/07\/LOGO-AGRADO-WEB-01.png","width":1632,"height":300,"caption":"Agrado"},"image":{"@id":"https:\/\/agradocosmetic.com\/#\/schema\/logo\/image\/"}},{"@type":"Person","@id":"https:\/\/agradocosmetic.com\/#\/schema\/person\/732e8d396022e25f9340196f83d6789d","name":"agradocosm\u00e9tique","image":{"@type":"ImageObject","inLanguage":"fr-FR","@id":"https:\/\/secure.gravatar.com\/avatar\/c6003e45301182b7e125463fcbec403b1980909c12edf09098526b9a15e779c0?s=96&d=mm&r=g","url":"https:\/\/secure.gravatar.com\/avatar\/c6003e45301182b7e125463fcbec403b1980909c12edf09098526b9a15e779c0?s=96&d=mm&r=g","contentUrl":"https:\/\/secure.gravatar.com\/avatar\/c6003e45301182b7e125463fcbec403b1980909c12edf09098526b9a15e779c0?s=96&d=mm&r=g","caption":"agradocosmetic"}}]}},"_links":{"self":[{"href":"https:\/\/agradocosmetic.com\/fr\/wp-json\/wp\/v2\/posts\/19767","targetHints":{"allow":["GET"]}}],"collection":[{"href":"https:\/\/agradocosmetic.com\/fr\/wp-json\/wp\/v2\/posts"}],"about":[{"href":"https:\/\/agradocosmetic.com\/fr\/wp-json\/wp\/v2\/types\/post"}],"author":[{"embeddable":true,"href":"https:\/\/agradocosmetic.com\/fr\/wp-json\/wp\/v2\/users\/9"}],"replies":[{"embeddable":true,"href":"https:\/\/agradocosmetic.com\/fr\/wp-json\/wp\/v2\/comments?post=19767"}],"version-history":[{"count":2,"href":"https:\/\/agradocosmetic.com\/fr\/wp-json\/wp\/v2\/posts\/19767\/revisions"}],"predecessor-version":[{"id":21277,"href":"https:\/\/agradocosmetic.com\/fr\/wp-json\/wp\/v2\/posts\/19767\/revisions\/21277"}],"wp:featuredmedia":[{"embeddable":true,"href":"https:\/\/agradocosmetic.com\/fr\/wp-json\/wp\/v2\/media\/21276"}],"wp:attachment":[{"href":"https:\/\/agradocosmetic.com\/fr\/wp-json\/wp\/v2\/media?parent=19767"}],"wp:term":[{"taxonomy":"category","embeddable":true,"href":"https:\/\/agradocosmetic.com\/fr\/wp-json\/wp\/v2\/categories?post=19767"},{"taxonomy":"post_tag","embeddable":true,"href":"https:\/\/agradocosmetic.com\/fr\/wp-json\/wp\/v2\/tags?post=19767"}],"curies":[{"name":"wp","href":"https:\/\/api.w.org\/{rel}","templated":true}]}}