{"id":19837,"date":"2022-07-11T08:02:09","date_gmt":"2022-07-11T07:02:09","guid":{"rendered":"https:\/\/www.agradocosmetic.com\/?p=19837"},"modified":"2023-11-18T16:58:50","modified_gmt":"2023-11-18T16:58:50","slug":"la-forma-mas-facil-de-proteger-a-tus-hijos-del-sol","status":"publish","type":"post","link":"https:\/\/agradocosmetic.com\/fr\/la-forma-mas-facil-de-proteger-a-tus-hijos-del-sol\/","title":{"rendered":"La fa\u00e7on la plus simple de prot\u00e9ger vos enfants du soleil"},"content":{"rendered":"<p>En mati\u00e8re de protection solaire, les enfants n\u00e9cessitent une attention particuli\u00e8re. Leur peau est plus fine et plus sensible que celle des adultes, ce qui la rend plus sujette aux dommages. A cela il faut ajouter que pendant l&#039;\u00e9t\u00e9, ils passent de longues heures \u00e0 jouer au soleil. Comment pouvons-nous prendre soin de votre peau ? Dans cet article, nous expliquons quelle est la mani\u00e8re la plus simple de prot\u00e9ger vos enfants du soleil. Prends note!\u00a0<\/p>\r\n\r\n\r\n\r\n<p>Pendant les vacances, les enfants passent la plupart de leur temps \u00e0 jouer dehors, dans les parcs, \u00e0 la plage ou \u00e0 la piscine, c&#039;est-\u00e0-dire expos\u00e9s au soleil. Pour que vos enfants puissent passer un \u00e9t\u00e9 en toute tranquillit\u00e9 et sans que le soleil ne devienne un probl\u00e8me, nous vous donnons une s\u00e9rie de recommandations qui vous aideront \u00e0 prot\u00e9ger leur peau.\u00a0<\/p>\r\n\r\n\r\n\r\n<p>En premier lieu, <strong>Le plus important est d\u2019avoir la cr\u00e8me solaire la plus adapt\u00e9e<\/strong>, celui qui garantit que votre peau sera soign\u00e9e et ne para\u00eetra ni rouge ni br\u00fbl\u00e9e. La <a href=\"https:\/\/agradocosmetic.com\/fr\/producto\/locion-solar-kids-pieles-sensibles-spf50\/\">Lait Solaire KIDS pour Peaux Sensibles SPF50+ d&#039;AGRADO<\/a> Fournit une protection efficace contre les coups de soleil et le vieillissement pr\u00e9matur\u00e9 de la peau. Avec un SFP tr\u00e8s \u00e9lev\u00e9, il est id\u00e9al pour prot\u00e9ger la peau des plus petits, m\u00eame dans l&#039;eau ! De plus, son format spray permet une application confortable et une absorption facile. Il deviendra le pr\u00e9f\u00e9r\u00e9 de vos petits !\u00a0<\/p>\r\n\r\n\r\n\r\n<p>D&#039;un autre c\u00f4t\u00e9, nous devons \u00eatre conscients <strong>comment appliquer correctement la cr\u00e8me solaire pour qu&#039;elle soit efficace 100%<\/strong>. Vous devez l&#039;appliquer au moins une demi-heure avant l&#039;exposition au soleil afin que la peau l&#039;absorbe compl\u00e8tement et agisse comme une couche protectrice. De plus, vous devez en r\u00e9partir une couche abondante et homog\u00e8ne sur tout le corps sans oublier certaines zones comme les oreilles, le cou, les aisselles ou les pieds. Et quand le r\u00e9appliquer ? Toutes les heures et demie ou deux heures, il est n\u00e9cessaire d&#039;appliquer \u00e0 nouveau le protecteur pour renforcer son effet. Si vous ne l&#039;avez pas essay\u00e9, nous vous recommandons le <a href=\"https:\/\/agradocosmetic.com\/fr\/producto\/bruma-solar-kids-pieles-sensibles-spf50-2\/\">KIDS Brume Solaire pour Peaux Sensibles SPF50+ d&#039;AGRADO.<\/a> Ce protecteur au format spray est formul\u00e9 pour une haute protection contre les infrarouges et gr\u00e2ce \u00e0 sa teneur en vitamine E, il apporte une grande hydratation aux plus petits. Son absorption rapide et sa facilit\u00e9 d&#039;application en font un incontournable de vos escapades estivales. Vos enfants vont adorer !\u00a0<\/p>\r\n\r\n\r\n\r\n<p>Finalement, <strong>Apr\u00e8s une exposition au soleil, la peau de nos enfants doit retrouver son calme<\/strong>. Pour ce faire, vous pouvez appliquer un apr\u00e8s soleil qui permet de r\u00e9hydrater leur derme. Comme il <a href=\"https:\/\/agradocosmetic.com\/fr\/producto\/after-sun-hidragel-aloe-vera\/\">Hidragel apr\u00e8s soleil Aloe Vera<\/a> comme lui <a href=\"https:\/\/agradocosmetic.com\/fr\/producto\/after-sun-locion-hidrocalmante-aerosol\/\">Lotion Hydrocalmante Apr\u00e8s Soleil d&#039;AGRADO<\/a> C&#039;est l&#039;option parfaite apr\u00e8s un bain de soleil. Les deux procurent un effet rafra\u00eechissant et aident \u00e0 soulager les irritations et les d\u00e9mangeaisons. Gr\u00e2ce \u00e0 sa formule, la peau de vos enfants ressentira un soulagement imm\u00e9diat. Fra\u00eecheur et hydratation instantan\u00e9es !<\/p>\r\n\r\n\r\n\r\n<p>En suivant tous ces conseils, vos enfants pourront profiter pleinement de l\u2019\u00e9t\u00e9 tout en prot\u00e9geant leur peau. AGRADO vous accompagne dans tous vos projets !<\/p>","protected":false},"excerpt":{"rendered":"<p>Cuando se trata de protecci\u00f3n solar, los ni\u00f1os requieren especial atenci\u00f3n. Su piel es m\u00e1s delgada y m\u00e1s sensible que la de los adultos, por lo que es m\u00e1s propensa a sufrir da\u00f1os. A esto hay que sumarle que durante el verano pasan largas horas jugando bajo el sol. \u00bfC\u00f3mo podemos cuidar de su piel? [&hellip;]<\/p>\n","protected":false},"author":9,"featured_media":21271,"comment_status":"open","ping_status":"closed","sticky":false,"template":"","format":"standard","meta":{"footnotes":"","_wp_rev_ctl_limit":""},"categories":[116,1],"tags":[289,317,412,229],"class_list":["post-19837","post","type-post","status-publish","format-standard","has-post-thumbnail","hentry","category-solar","category-todos","tag-cuidado-de-la-piel","tag-proteccion-solar","tag-proteccion-solar-ninos","tag-solares"],"yoast_head":"<!-- This site is optimized with the Yoast SEO plugin v27.4 - https:\/\/yoast.com\/product\/yoast-seo-wordpress\/ -->\n<title>La forma m\u00e1s f\u00e1cil de proteger a tus hijos del sol - Agrado<\/title>\n<meta name=\"description\" content=\"\u00a1Proteger a tus hijos del sol es muy sencillo con los productos adecuados y la t\u00e9cnica correcta! Te contamos c\u00f3mo hacerlo. \ud83d\ude09\" \/>\n<meta name=\"robots\" content=\"index, follow, max-snippet:-1, max-image-preview:large, max-video-preview:-1\" \/>\n<link rel=\"canonical\" href=\"https:\/\/agradocosmetic.com\/fr\/la-forma-mas-facil-de-proteger-a-tus-hijos-del-sol\/\" \/>\n<meta property=\"og:locale\" content=\"fr_FR\" \/>\n<meta property=\"og:type\" content=\"article\" \/>\n<meta property=\"og:title\" content=\"La forma m\u00e1s f\u00e1cil de proteger a tus hijos del sol - Agrado\" \/>\n<meta property=\"og:description\" content=\"\u00a1Proteger a tus hijos del sol es muy sencillo con los productos adecuados y la t\u00e9cnica correcta! Te contamos c\u00f3mo hacerlo. \ud83d\ude09\" \/>\n<meta property=\"og:url\" content=\"https:\/\/agradocosmetic.com\/fr\/la-forma-mas-facil-de-proteger-a-tus-hijos-del-sol\/\" \/>\n<meta property=\"og:site_name\" content=\"Agrado\" \/>\n<meta property=\"article:published_time\" content=\"2022-07-11T07:02:09+00:00\" \/>\n<meta property=\"article:modified_time\" content=\"2023-11-18T16:58:50+00:00\" \/>\n<meta property=\"og:image\" content=\"https:\/\/agradocosmetic.com\/wp-content\/uploads\/2022\/07\/proteger-a-tus-hijos-del-sol-agrado.jpg\" \/>\n\t<meta property=\"og:image:width\" content=\"1200\" \/>\n\t<meta property=\"og:image:height\" content=\"800\" \/>\n\t<meta property=\"og:image:type\" content=\"image\/jpeg\" \/>\n<meta name=\"author\" content=\"agradocosmetic\" \/>\n<meta name=\"twitter:card\" content=\"summary_large_image\" \/>\n<meta name=\"twitter:label1\" content=\"\u00c9crit par\" \/>\n\t<meta name=\"twitter:data1\" content=\"agradocosmetic\" \/>\n\t<meta name=\"twitter:label2\" content=\"Dur\u00e9e de lecture estim\u00e9e\" \/>\n\t<meta name=\"twitter:data2\" content=\"3 minutes\" \/>\n<script type=\"application\/ld+json\" class=\"yoast-schema-graph\">{\"@context\":\"https:\\\/\\\/schema.org\",\"@graph\":[{\"@type\":\"Article\",\"@id\":\"https:\\\/\\\/agradocosmetic.com\\\/la-forma-mas-facil-de-proteger-a-tus-hijos-del-sol\\\/#article\",\"isPartOf\":{\"@id\":\"https:\\\/\\\/agradocosmetic.com\\\/la-forma-mas-facil-de-proteger-a-tus-hijos-del-sol\\\/\"},\"author\":{\"name\":\"agradocosmetic\",\"@id\":\"https:\\\/\\\/agradocosmetic.com\\\/#\\\/schema\\\/person\\\/732e8d396022e25f9340196f83d6789d\"},\"headline\":\"La forma m\u00e1s f\u00e1cil de proteger a tus hijos del sol\",\"datePublished\":\"2022-07-11T07:02:09+00:00\",\"dateModified\":\"2023-11-18T16:58:50+00:00\",\"mainEntityOfPage\":{\"@id\":\"https:\\\/\\\/agradocosmetic.com\\\/la-forma-mas-facil-de-proteger-a-tus-hijos-del-sol\\\/\"},\"wordCount\":560,\"commentCount\":0,\"publisher\":{\"@id\":\"https:\\\/\\\/agradocosmetic.com\\\/#organization\"},\"image\":{\"@id\":\"https:\\\/\\\/agradocosmetic.com\\\/la-forma-mas-facil-de-proteger-a-tus-hijos-del-sol\\\/#primaryimage\"},\"thumbnailUrl\":\"https:\\\/\\\/agradocosmetic.com\\\/wp-content\\\/uploads\\\/2022\\\/07\\\/proteger-a-tus-hijos-del-sol-agrado.jpg\",\"keywords\":[\"cuidado de la piel\",\"proteccion solar\",\"protecci\u00f3n solar ni\u00f1os\",\"solares\"],\"articleSection\":[\"Solar\",\"Todos\"],\"inLanguage\":\"fr-FR\",\"potentialAction\":[{\"@type\":\"CommentAction\",\"name\":\"Comment\",\"target\":[\"https:\\\/\\\/agradocosmetic.com\\\/la-forma-mas-facil-de-proteger-a-tus-hijos-del-sol\\\/#respond\"]}]},{\"@type\":\"WebPage\",\"@id\":\"https:\\\/\\\/agradocosmetic.com\\\/la-forma-mas-facil-de-proteger-a-tus-hijos-del-sol\\\/\",\"url\":\"https:\\\/\\\/agradocosmetic.com\\\/la-forma-mas-facil-de-proteger-a-tus-hijos-del-sol\\\/\",\"name\":\"La forma m\u00e1s f\u00e1cil de proteger a tus hijos del sol - Agrado\",\"isPartOf\":{\"@id\":\"https:\\\/\\\/agradocosmetic.com\\\/#website\"},\"primaryImageOfPage\":{\"@id\":\"https:\\\/\\\/agradocosmetic.com\\\/la-forma-mas-facil-de-proteger-a-tus-hijos-del-sol\\\/#primaryimage\"},\"image\":{\"@id\":\"https:\\\/\\\/agradocosmetic.com\\\/la-forma-mas-facil-de-proteger-a-tus-hijos-del-sol\\\/#primaryimage\"},\"thumbnailUrl\":\"https:\\\/\\\/agradocosmetic.com\\\/wp-content\\\/uploads\\\/2022\\\/07\\\/proteger-a-tus-hijos-del-sol-agrado.jpg\",\"datePublished\":\"2022-07-11T07:02:09+00:00\",\"dateModified\":\"2023-11-18T16:58:50+00:00\",\"description\":\"\u00a1Proteger a tus hijos del sol es muy sencillo con los productos adecuados y la t\u00e9cnica correcta! Te contamos c\u00f3mo hacerlo. \ud83d\ude09\",\"breadcrumb\":{\"@id\":\"https:\\\/\\\/agradocosmetic.com\\\/la-forma-mas-facil-de-proteger-a-tus-hijos-del-sol\\\/#breadcrumb\"},\"inLanguage\":\"fr-FR\",\"potentialAction\":[{\"@type\":\"ReadAction\",\"target\":[\"https:\\\/\\\/agradocosmetic.com\\\/la-forma-mas-facil-de-proteger-a-tus-hijos-del-sol\\\/\"]}]},{\"@type\":\"ImageObject\",\"inLanguage\":\"fr-FR\",\"@id\":\"https:\\\/\\\/agradocosmetic.com\\\/la-forma-mas-facil-de-proteger-a-tus-hijos-del-sol\\\/#primaryimage\",\"url\":\"https:\\\/\\\/agradocosmetic.com\\\/wp-content\\\/uploads\\\/2022\\\/07\\\/proteger-a-tus-hijos-del-sol-agrado.jpg\",\"contentUrl\":\"https:\\\/\\\/agradocosmetic.com\\\/wp-content\\\/uploads\\\/2022\\\/07\\\/proteger-a-tus-hijos-del-sol-agrado.jpg\",\"width\":1200,\"height\":800},{\"@type\":\"BreadcrumbList\",\"@id\":\"https:\\\/\\\/agradocosmetic.com\\\/la-forma-mas-facil-de-proteger-a-tus-hijos-del-sol\\\/#breadcrumb\",\"itemListElement\":[{\"@type\":\"ListItem\",\"position\":1,\"name\":\"Portada\",\"item\":\"https:\\\/\\\/agradocosmetic.com\\\/\"},{\"@type\":\"ListItem\",\"position\":2,\"name\":\"La forma m\u00e1s f\u00e1cil de proteger a tus hijos del sol\"}]},{\"@type\":\"WebSite\",\"@id\":\"https:\\\/\\\/agradocosmetic.com\\\/#website\",\"url\":\"https:\\\/\\\/agradocosmetic.com\\\/\",\"name\":\"Agrado\",\"description\":\"Cosmetic\",\"publisher\":{\"@id\":\"https:\\\/\\\/agradocosmetic.com\\\/#organization\"},\"potentialAction\":[{\"@type\":\"SearchAction\",\"target\":{\"@type\":\"EntryPoint\",\"urlTemplate\":\"https:\\\/\\\/agradocosmetic.com\\\/?s={search_term_string}\"},\"query-input\":{\"@type\":\"PropertyValueSpecification\",\"valueRequired\":true,\"valueName\":\"search_term_string\"}}],\"inLanguage\":\"fr-FR\"},{\"@type\":\"Organization\",\"@id\":\"https:\\\/\\\/agradocosmetic.com\\\/#organization\",\"name\":\"Agrado\",\"url\":\"https:\\\/\\\/agradocosmetic.com\\\/\",\"logo\":{\"@type\":\"ImageObject\",\"inLanguage\":\"fr-FR\",\"@id\":\"https:\\\/\\\/agradocosmetic.com\\\/#\\\/schema\\\/logo\\\/image\\\/\",\"url\":\"https:\\\/\\\/agradocosmetic.com\\\/wp-content\\\/uploads\\\/2023\\\/07\\\/LOGO-AGRADO-WEB-01.png\",\"contentUrl\":\"https:\\\/\\\/agradocosmetic.com\\\/wp-content\\\/uploads\\\/2023\\\/07\\\/LOGO-AGRADO-WEB-01.png\",\"width\":1632,\"height\":300,\"caption\":\"Agrado\"},\"image\":{\"@id\":\"https:\\\/\\\/agradocosmetic.com\\\/#\\\/schema\\\/logo\\\/image\\\/\"}},{\"@type\":\"Person\",\"@id\":\"https:\\\/\\\/agradocosmetic.com\\\/#\\\/schema\\\/person\\\/732e8d396022e25f9340196f83d6789d\",\"name\":\"agradocosmetic\",\"image\":{\"@type\":\"ImageObject\",\"inLanguage\":\"fr-FR\",\"@id\":\"https:\\\/\\\/secure.gravatar.com\\\/avatar\\\/c6003e45301182b7e125463fcbec403b1980909c12edf09098526b9a15e779c0?s=96&d=mm&r=g\",\"url\":\"https:\\\/\\\/secure.gravatar.com\\\/avatar\\\/c6003e45301182b7e125463fcbec403b1980909c12edf09098526b9a15e779c0?s=96&d=mm&r=g\",\"contentUrl\":\"https:\\\/\\\/secure.gravatar.com\\\/avatar\\\/c6003e45301182b7e125463fcbec403b1980909c12edf09098526b9a15e779c0?s=96&d=mm&r=g\",\"caption\":\"agradocosmetic\"}}]}<\/script>\n<!-- \/ Yoast SEO plugin. -->","yoast_head_json":{"title":"La forma m\u00e1s f\u00e1cil de proteger a tus hijos del sol - Agrado","description":"\u00a1Proteger a tus hijos del sol es muy sencillo con los productos adecuados y la t\u00e9cnica correcta! Te contamos c\u00f3mo hacerlo. \ud83d\ude09","robots":{"index":"index","follow":"follow","max-snippet":"max-snippet:-1","max-image-preview":"max-image-preview:large","max-video-preview":"max-video-preview:-1"},"canonical":"https:\/\/agradocosmetic.com\/fr\/la-forma-mas-facil-de-proteger-a-tus-hijos-del-sol\/","og_locale":"fr_FR","og_type":"article","og_title":"La forma m\u00e1s f\u00e1cil de proteger a tus hijos del sol - Agrado","og_description":"\u00a1Proteger a tus hijos del sol es muy sencillo con los productos adecuados y la t\u00e9cnica correcta! Te contamos c\u00f3mo hacerlo. \ud83d\ude09","og_url":"https:\/\/agradocosmetic.com\/fr\/la-forma-mas-facil-de-proteger-a-tus-hijos-del-sol\/","og_site_name":"Agrado","article_published_time":"2022-07-11T07:02:09+00:00","article_modified_time":"2023-11-18T16:58:50+00:00","og_image":[{"width":1200,"height":800,"url":"https:\/\/agradocosmetic.com\/wp-content\/uploads\/2022\/07\/proteger-a-tus-hijos-del-sol-agrado.jpg","type":"image\/jpeg"}],"author":"agradocosmetic","twitter_card":"summary_large_image","twitter_misc":{"\u00c9crit par":"agradocosmetic","Dur\u00e9e de lecture estim\u00e9e":"3 minutes"},"schema":{"@context":"https:\/\/schema.org","@graph":[{"@type":"Article","@id":"https:\/\/agradocosmetic.com\/la-forma-mas-facil-de-proteger-a-tus-hijos-del-sol\/#article","isPartOf":{"@id":"https:\/\/agradocosmetic.com\/la-forma-mas-facil-de-proteger-a-tus-hijos-del-sol\/"},"author":{"name":"agradocosmetic","@id":"https:\/\/agradocosmetic.com\/#\/schema\/person\/732e8d396022e25f9340196f83d6789d"},"headline":"La forma m\u00e1s f\u00e1cil de proteger a tus hijos del sol","datePublished":"2022-07-11T07:02:09+00:00","dateModified":"2023-11-18T16:58:50+00:00","mainEntityOfPage":{"@id":"https:\/\/agradocosmetic.com\/la-forma-mas-facil-de-proteger-a-tus-hijos-del-sol\/"},"wordCount":560,"commentCount":0,"publisher":{"@id":"https:\/\/agradocosmetic.com\/#organization"},"image":{"@id":"https:\/\/agradocosmetic.com\/la-forma-mas-facil-de-proteger-a-tus-hijos-del-sol\/#primaryimage"},"thumbnailUrl":"https:\/\/agradocosmetic.com\/wp-content\/uploads\/2022\/07\/proteger-a-tus-hijos-del-sol-agrado.jpg","keywords":["cuidado de la piel","proteccion solar","protecci\u00f3n solar ni\u00f1os","solares"],"articleSection":["Solar","Todos"],"inLanguage":"fr-FR","potentialAction":[{"@type":"CommentAction","name":"Comment","target":["https:\/\/agradocosmetic.com\/la-forma-mas-facil-de-proteger-a-tus-hijos-del-sol\/#respond"]}]},{"@type":"WebPage","@id":"https:\/\/agradocosmetic.com\/la-forma-mas-facil-de-proteger-a-tus-hijos-del-sol\/","url":"https:\/\/agradocosmetic.com\/la-forma-mas-facil-de-proteger-a-tus-hijos-del-sol\/","name":"La forma m\u00e1s f\u00e1cil de proteger a tus hijos del sol - Agrado","isPartOf":{"@id":"https:\/\/agradocosmetic.com\/#website"},"primaryImageOfPage":{"@id":"https:\/\/agradocosmetic.com\/la-forma-mas-facil-de-proteger-a-tus-hijos-del-sol\/#primaryimage"},"image":{"@id":"https:\/\/agradocosmetic.com\/la-forma-mas-facil-de-proteger-a-tus-hijos-del-sol\/#primaryimage"},"thumbnailUrl":"https:\/\/agradocosmetic.com\/wp-content\/uploads\/2022\/07\/proteger-a-tus-hijos-del-sol-agrado.jpg","datePublished":"2022-07-11T07:02:09+00:00","dateModified":"2023-11-18T16:58:50+00:00","description":"\u00a1Proteger a tus hijos del sol es muy sencillo con los productos adecuados y la t\u00e9cnica correcta! Te contamos c\u00f3mo hacerlo. \ud83d\ude09","breadcrumb":{"@id":"https:\/\/agradocosmetic.com\/la-forma-mas-facil-de-proteger-a-tus-hijos-del-sol\/#breadcrumb"},"inLanguage":"fr-FR","potentialAction":[{"@type":"ReadAction","target":["https:\/\/agradocosmetic.com\/la-forma-mas-facil-de-proteger-a-tus-hijos-del-sol\/"]}]},{"@type":"ImageObject","inLanguage":"fr-FR","@id":"https:\/\/agradocosmetic.com\/la-forma-mas-facil-de-proteger-a-tus-hijos-del-sol\/#primaryimage","url":"https:\/\/agradocosmetic.com\/wp-content\/uploads\/2022\/07\/proteger-a-tus-hijos-del-sol-agrado.jpg","contentUrl":"https:\/\/agradocosmetic.com\/wp-content\/uploads\/2022\/07\/proteger-a-tus-hijos-del-sol-agrado.jpg","width":1200,"height":800},{"@type":"BreadcrumbList","@id":"https:\/\/agradocosmetic.com\/la-forma-mas-facil-de-proteger-a-tus-hijos-del-sol\/#breadcrumb","itemListElement":[{"@type":"ListItem","position":1,"name":"Portada","item":"https:\/\/agradocosmetic.com\/"},{"@type":"ListItem","position":2,"name":"La forma m\u00e1s f\u00e1cil de proteger a tus hijos del sol"}]},{"@type":"WebSite","@id":"https:\/\/agradocosmetic.com\/#website","url":"https:\/\/agradocosmetic.com\/","name":"Aimer","description":"cosm\u00e9tique","publisher":{"@id":"https:\/\/agradocosmetic.com\/#organization"},"potentialAction":[{"@type":"SearchAction","target":{"@type":"EntryPoint","urlTemplate":"https:\/\/agradocosmetic.com\/?s={search_term_string}"},"query-input":{"@type":"PropertyValueSpecification","valueRequired":true,"valueName":"search_term_string"}}],"inLanguage":"fr-FR"},{"@type":"Organization","@id":"https:\/\/agradocosmetic.com\/#organization","name":"Aimer","url":"https:\/\/agradocosmetic.com\/","logo":{"@type":"ImageObject","inLanguage":"fr-FR","@id":"https:\/\/agradocosmetic.com\/#\/schema\/logo\/image\/","url":"https:\/\/agradocosmetic.com\/wp-content\/uploads\/2023\/07\/LOGO-AGRADO-WEB-01.png","contentUrl":"https:\/\/agradocosmetic.com\/wp-content\/uploads\/2023\/07\/LOGO-AGRADO-WEB-01.png","width":1632,"height":300,"caption":"Agrado"},"image":{"@id":"https:\/\/agradocosmetic.com\/#\/schema\/logo\/image\/"}},{"@type":"Person","@id":"https:\/\/agradocosmetic.com\/#\/schema\/person\/732e8d396022e25f9340196f83d6789d","name":"agradocosm\u00e9tique","image":{"@type":"ImageObject","inLanguage":"fr-FR","@id":"https:\/\/secure.gravatar.com\/avatar\/c6003e45301182b7e125463fcbec403b1980909c12edf09098526b9a15e779c0?s=96&d=mm&r=g","url":"https:\/\/secure.gravatar.com\/avatar\/c6003e45301182b7e125463fcbec403b1980909c12edf09098526b9a15e779c0?s=96&d=mm&r=g","contentUrl":"https:\/\/secure.gravatar.com\/avatar\/c6003e45301182b7e125463fcbec403b1980909c12edf09098526b9a15e779c0?s=96&d=mm&r=g","caption":"agradocosmetic"}}]}},"_links":{"self":[{"href":"https:\/\/agradocosmetic.com\/fr\/wp-json\/wp\/v2\/posts\/19837","targetHints":{"allow":["GET"]}}],"collection":[{"href":"https:\/\/agradocosmetic.com\/fr\/wp-json\/wp\/v2\/posts"}],"about":[{"href":"https:\/\/agradocosmetic.com\/fr\/wp-json\/wp\/v2\/types\/post"}],"author":[{"embeddable":true,"href":"https:\/\/agradocosmetic.com\/fr\/wp-json\/wp\/v2\/users\/9"}],"replies":[{"embeddable":true,"href":"https:\/\/agradocosmetic.com\/fr\/wp-json\/wp\/v2\/comments?post=19837"}],"version-history":[{"count":1,"href":"https:\/\/agradocosmetic.com\/fr\/wp-json\/wp\/v2\/posts\/19837\/revisions"}],"predecessor-version":[{"id":21272,"href":"https:\/\/agradocosmetic.com\/fr\/wp-json\/wp\/v2\/posts\/19837\/revisions\/21272"}],"wp:featuredmedia":[{"embeddable":true,"href":"https:\/\/agradocosmetic.com\/fr\/wp-json\/wp\/v2\/media\/21271"}],"wp:attachment":[{"href":"https:\/\/agradocosmetic.com\/fr\/wp-json\/wp\/v2\/media?parent=19837"}],"wp:term":[{"taxonomy":"category","embeddable":true,"href":"https:\/\/agradocosmetic.com\/fr\/wp-json\/wp\/v2\/categories?post=19837"},{"taxonomy":"post_tag","embeddable":true,"href":"https:\/\/agradocosmetic.com\/fr\/wp-json\/wp\/v2\/tags?post=19837"}],"curies":[{"name":"wp","href":"https:\/\/api.w.org\/{rel}","templated":true}]}}