{"id":19856,"date":"2022-07-21T11:13:10","date_gmt":"2022-07-21T10:13:10","guid":{"rendered":"https:\/\/www.agradocosmetic.com\/?p=19856"},"modified":"2023-11-18T16:58:50","modified_gmt":"2023-11-18T16:58:50","slug":"mousse-facial-solar-el-producto-que-necesitas-en-tu-neceser-este-verano","status":"publish","type":"post","link":"https:\/\/agradocosmetic.com\/fr\/mousse-facial-solar-el-producto-que-necesitas-en-tu-neceser-este-verano\/","title":{"rendered":"Mousse Solaire pour le Visage : le produit qu&#039;il vous faut dans votre trousse de toilette d&#039;\u00e9t\u00e9"},"content":{"rendered":"<p>L&#039;utilisation d&#039;un \u00e9cran solaire est obligatoire tout au long de l&#039;ann\u00e9e, mais pendant la saison estivale, une attention particuli\u00e8re doit \u00eatre accord\u00e9e, car le rayonnement solaire est beaucoup plus puissant et nocif. Les dermatologues conseillent de prot\u00e9ger la peau avec des photoprotecteurs non seulement pour \u00e9viter des probl\u00e8mes \u00e0 court terme, comme les br\u00fblures, mais aussi pour les \u00e9viter \u00e0 l&#039;avenir, comme l&#039;apparition de taches cutan\u00e9es redout\u00e9es ou le d\u00e9veloppement de maladies. Pour affronter le soleil, <strong>Nous vous pr\u00e9sentons la Solar Facial Mousse, le produit star qui ne peut manquer dans votre trousse de toilette cet \u00e9t\u00e9.<\/strong>. D\u00e9couvrir!<\/p>\r\n\r\n\r\n\r\n<p>L&#039;\u00e9t\u00e9, c&#039;est pour s&#039;amuser : faire de longues promenades sur la plage, organiser une escapade et d\u00e9guster un cocktail dans votre bar de plage pr\u00e9f\u00e9r\u00e9. Et une ann\u00e9e de plus, le <a href=\"https:\/\/agradocosmetic.com\/fr\/producto\/mousse-facial-solar-spf50\/\">Mousse solaire pour le visage AGRADO<\/a> vous accompagne dans tous vos projets. Parce que prot\u00e9ger son visage du soleil n\u2019est pas une option si l\u2019on veut \u00e9viter les taches et le vieillissement pr\u00e9matur\u00e9. Ce nouveau format se d\u00e9cline en une cr\u00e8me, \u00e0 la texture agr\u00e9able, non collante, et \u00e0 l&#039;odeur qui nous transporte sur une plage idyllique des Cara\u00efbes. <strong>Son SPF 50+ en fait l&#039;alli\u00e9 id\u00e9al de tous les types de peaux, m\u00eame les plus sensibles.<\/strong>. De plus, sa formulation apporte une forte dose d&#039;hydratation anti-\u00e2ge et des effets r\u00e9parateurs sur la peau. Oh et on avait presque oubli\u00e9, c&#039;est \u00e9tanche ! Que pourriez-vous demander de plus? \ud83d\ude09<\/p>\r\n\r\n\r\n\r\n<p>En revanche, il faut savoir que choisir une bonne cr\u00e8me solaire est aussi important que de savoir l\u2019appliquer correctement. La Mousse Solaire pour le Visage n&#039;a pas de myst\u00e8re ! Bien agiter avant utilisation et appuyer sur le diffuseur en gardant le r\u00e9cipient droit dans votre main. <strong>D\u00e9posez une quantit\u00e9 \u00e9quivalente \u00e0 une demi-noix et \u00e9talez-la sur l&#039;ensemble du visage par un l\u00e9ger massage.<\/strong>. Couvre uniform\u00e9ment toute la surface expos\u00e9e au soleil en \u00e9vitant les yeux et les l\u00e8vres. Pensez \u00e0 l&#039;appliquer 20 minutes avant l&#039;exposition au soleil et surtout\u2026 Continuez \u00e0 le faire apr\u00e8s ! Toutes les heures et demie ou deux heures, utilisez \u00e0 nouveau la Mousse Solaire pour le Visage pour maintenir efficacement le niveau de protection. Votre peau vous remerciera !\u00a0<\/p>\r\n\r\n\r\n\r\n<p>Vous savez d\u00e9j\u00e0 tout ce que la Mousse Faciale AGRADO peut faire pour votre peau. Emportez-le toujours dans votre trousse de toilette d&#039;\u00e9t\u00e9 et profitez de tous vos projets avec <a href=\"https:\/\/agradocosmetic.com\/fr\/\" target=\"_blank\" rel=\"noreferrer noopener\">Agrado Cosm\u00e9tique<\/a>!<\/p>","protected":false},"excerpt":{"rendered":"<p>Usar protector solar es obligatorio durante todo el a\u00f1o, pero en la temporada estival hay que hacer especial hincapi\u00e9, ya que, la radiaci\u00f3n del sol es mucho m\u00e1s potente y da\u00f1ina. Los dermat\u00f3logos aconsejan proteger la piel con fotoprotectores no solo para evitar problemas a corto plazo, como las quemaduras, sino tambi\u00e9n para evitarlos en [&hellip;]<\/p>\n","protected":false},"author":9,"featured_media":21269,"comment_status":"open","ping_status":"closed","sticky":false,"template":"","format":"standard","meta":{"footnotes":"","_wp_rev_ctl_limit":""},"categories":[116,1],"tags":[289,413,414,415,229],"class_list":["post-19856","post","type-post","status-publish","format-standard","has-post-thumbnail","hentry","category-solar","category-todos","tag-cuidado-de-la-piel","tag-fotoprotector-facial","tag-mousse-facial-solar","tag-protector-solar-facial","tag-solares"],"yoast_head":"<!-- This site is optimized with the Yoast SEO plugin v27.4 - https:\/\/yoast.com\/product\/yoast-seo-wordpress\/ -->\n<title>Mousse Facial Solar: el producto que necesitas en tu neceser de verano - Agrado<\/title>\n<meta name=\"description\" content=\"Cuando descubres la Mousse Facial Solar, \u00a1nada se le iguala! Ll\u00e9vala contigo en tu neceser y protege tu piel del sol est\u00e9s d\u00f3nde est\u00e9s.\" \/>\n<meta name=\"robots\" content=\"index, follow, max-snippet:-1, max-image-preview:large, max-video-preview:-1\" \/>\n<link rel=\"canonical\" href=\"https:\/\/agradocosmetic.com\/fr\/mousse-facial-solar-el-producto-que-necesitas-en-tu-neceser-este-verano\/\" \/>\n<meta property=\"og:locale\" content=\"fr_FR\" \/>\n<meta property=\"og:type\" content=\"article\" \/>\n<meta property=\"og:title\" content=\"Mousse Facial Solar: el producto que necesitas en tu neceser de verano - Agrado\" \/>\n<meta property=\"og:description\" content=\"Cuando descubres la Mousse Facial Solar, \u00a1nada se le iguala! Ll\u00e9vala contigo en tu neceser y protege tu piel del sol est\u00e9s d\u00f3nde est\u00e9s.\" \/>\n<meta property=\"og:url\" content=\"https:\/\/agradocosmetic.com\/fr\/mousse-facial-solar-el-producto-que-necesitas-en-tu-neceser-este-verano\/\" \/>\n<meta property=\"og:site_name\" content=\"Agrado\" \/>\n<meta property=\"article:published_time\" content=\"2022-07-21T10:13:10+00:00\" \/>\n<meta property=\"article:modified_time\" content=\"2023-11-18T16:58:50+00:00\" \/>\n<meta property=\"og:image\" content=\"https:\/\/agradocosmetic.com\/wp-content\/uploads\/2022\/07\/Mousse-Facial-Solar-agrado.jpg\" \/>\n\t<meta property=\"og:image:width\" content=\"1200\" \/>\n\t<meta property=\"og:image:height\" content=\"800\" \/>\n\t<meta property=\"og:image:type\" content=\"image\/jpeg\" \/>\n<meta name=\"author\" content=\"agradocosmetic\" \/>\n<meta name=\"twitter:card\" content=\"summary_large_image\" \/>\n<meta name=\"twitter:label1\" content=\"\u00c9crit par\" \/>\n\t<meta name=\"twitter:data1\" content=\"agradocosmetic\" \/>\n\t<meta name=\"twitter:label2\" content=\"Dur\u00e9e de lecture estim\u00e9e\" \/>\n\t<meta name=\"twitter:data2\" content=\"2 minutes\" \/>\n<script type=\"application\/ld+json\" class=\"yoast-schema-graph\">{\"@context\":\"https:\\\/\\\/schema.org\",\"@graph\":[{\"@type\":\"Article\",\"@id\":\"https:\\\/\\\/agradocosmetic.com\\\/mousse-facial-solar-el-producto-que-necesitas-en-tu-neceser-este-verano\\\/#article\",\"isPartOf\":{\"@id\":\"https:\\\/\\\/agradocosmetic.com\\\/mousse-facial-solar-el-producto-que-necesitas-en-tu-neceser-este-verano\\\/\"},\"author\":{\"name\":\"agradocosmetic\",\"@id\":\"https:\\\/\\\/agradocosmetic.com\\\/#\\\/schema\\\/person\\\/732e8d396022e25f9340196f83d6789d\"},\"headline\":\"Mousse Facial Solar: el producto que necesitas en tu neceser de verano\",\"datePublished\":\"2022-07-21T10:13:10+00:00\",\"dateModified\":\"2023-11-18T16:58:50+00:00\",\"mainEntityOfPage\":{\"@id\":\"https:\\\/\\\/agradocosmetic.com\\\/mousse-facial-solar-el-producto-que-necesitas-en-tu-neceser-este-verano\\\/\"},\"wordCount\":421,\"commentCount\":0,\"publisher\":{\"@id\":\"https:\\\/\\\/agradocosmetic.com\\\/#organization\"},\"image\":{\"@id\":\"https:\\\/\\\/agradocosmetic.com\\\/mousse-facial-solar-el-producto-que-necesitas-en-tu-neceser-este-verano\\\/#primaryimage\"},\"thumbnailUrl\":\"https:\\\/\\\/agradocosmetic.com\\\/wp-content\\\/uploads\\\/2022\\\/07\\\/Mousse-Facial-Solar-agrado.jpg\",\"keywords\":[\"cuidado de la piel\",\"fotoprotector facial\",\"mousse facial solar\",\"protector solar facial\",\"solares\"],\"articleSection\":[\"Solar\",\"Todos\"],\"inLanguage\":\"fr-FR\",\"potentialAction\":[{\"@type\":\"CommentAction\",\"name\":\"Comment\",\"target\":[\"https:\\\/\\\/agradocosmetic.com\\\/mousse-facial-solar-el-producto-que-necesitas-en-tu-neceser-este-verano\\\/#respond\"]}]},{\"@type\":\"WebPage\",\"@id\":\"https:\\\/\\\/agradocosmetic.com\\\/mousse-facial-solar-el-producto-que-necesitas-en-tu-neceser-este-verano\\\/\",\"url\":\"https:\\\/\\\/agradocosmetic.com\\\/mousse-facial-solar-el-producto-que-necesitas-en-tu-neceser-este-verano\\\/\",\"name\":\"Mousse Facial Solar: el producto que necesitas en tu neceser de verano - Agrado\",\"isPartOf\":{\"@id\":\"https:\\\/\\\/agradocosmetic.com\\\/#website\"},\"primaryImageOfPage\":{\"@id\":\"https:\\\/\\\/agradocosmetic.com\\\/mousse-facial-solar-el-producto-que-necesitas-en-tu-neceser-este-verano\\\/#primaryimage\"},\"image\":{\"@id\":\"https:\\\/\\\/agradocosmetic.com\\\/mousse-facial-solar-el-producto-que-necesitas-en-tu-neceser-este-verano\\\/#primaryimage\"},\"thumbnailUrl\":\"https:\\\/\\\/agradocosmetic.com\\\/wp-content\\\/uploads\\\/2022\\\/07\\\/Mousse-Facial-Solar-agrado.jpg\",\"datePublished\":\"2022-07-21T10:13:10+00:00\",\"dateModified\":\"2023-11-18T16:58:50+00:00\",\"description\":\"Cuando descubres la Mousse Facial Solar, \u00a1nada se le iguala! Ll\u00e9vala contigo en tu neceser y protege tu piel del sol est\u00e9s d\u00f3nde est\u00e9s.\",\"breadcrumb\":{\"@id\":\"https:\\\/\\\/agradocosmetic.com\\\/mousse-facial-solar-el-producto-que-necesitas-en-tu-neceser-este-verano\\\/#breadcrumb\"},\"inLanguage\":\"fr-FR\",\"potentialAction\":[{\"@type\":\"ReadAction\",\"target\":[\"https:\\\/\\\/agradocosmetic.com\\\/mousse-facial-solar-el-producto-que-necesitas-en-tu-neceser-este-verano\\\/\"]}]},{\"@type\":\"ImageObject\",\"inLanguage\":\"fr-FR\",\"@id\":\"https:\\\/\\\/agradocosmetic.com\\\/mousse-facial-solar-el-producto-que-necesitas-en-tu-neceser-este-verano\\\/#primaryimage\",\"url\":\"https:\\\/\\\/agradocosmetic.com\\\/wp-content\\\/uploads\\\/2022\\\/07\\\/Mousse-Facial-Solar-agrado.jpg\",\"contentUrl\":\"https:\\\/\\\/agradocosmetic.com\\\/wp-content\\\/uploads\\\/2022\\\/07\\\/Mousse-Facial-Solar-agrado.jpg\",\"width\":1200,\"height\":800},{\"@type\":\"BreadcrumbList\",\"@id\":\"https:\\\/\\\/agradocosmetic.com\\\/mousse-facial-solar-el-producto-que-necesitas-en-tu-neceser-este-verano\\\/#breadcrumb\",\"itemListElement\":[{\"@type\":\"ListItem\",\"position\":1,\"name\":\"Portada\",\"item\":\"https:\\\/\\\/agradocosmetic.com\\\/\"},{\"@type\":\"ListItem\",\"position\":2,\"name\":\"Mousse Facial Solar: el producto que necesitas en tu neceser de verano\"}]},{\"@type\":\"WebSite\",\"@id\":\"https:\\\/\\\/agradocosmetic.com\\\/#website\",\"url\":\"https:\\\/\\\/agradocosmetic.com\\\/\",\"name\":\"Agrado\",\"description\":\"Cosmetic\",\"publisher\":{\"@id\":\"https:\\\/\\\/agradocosmetic.com\\\/#organization\"},\"potentialAction\":[{\"@type\":\"SearchAction\",\"target\":{\"@type\":\"EntryPoint\",\"urlTemplate\":\"https:\\\/\\\/agradocosmetic.com\\\/?s={search_term_string}\"},\"query-input\":{\"@type\":\"PropertyValueSpecification\",\"valueRequired\":true,\"valueName\":\"search_term_string\"}}],\"inLanguage\":\"fr-FR\"},{\"@type\":\"Organization\",\"@id\":\"https:\\\/\\\/agradocosmetic.com\\\/#organization\",\"name\":\"Agrado\",\"url\":\"https:\\\/\\\/agradocosmetic.com\\\/\",\"logo\":{\"@type\":\"ImageObject\",\"inLanguage\":\"fr-FR\",\"@id\":\"https:\\\/\\\/agradocosmetic.com\\\/#\\\/schema\\\/logo\\\/image\\\/\",\"url\":\"https:\\\/\\\/agradocosmetic.com\\\/wp-content\\\/uploads\\\/2023\\\/07\\\/LOGO-AGRADO-WEB-01.png\",\"contentUrl\":\"https:\\\/\\\/agradocosmetic.com\\\/wp-content\\\/uploads\\\/2023\\\/07\\\/LOGO-AGRADO-WEB-01.png\",\"width\":1632,\"height\":300,\"caption\":\"Agrado\"},\"image\":{\"@id\":\"https:\\\/\\\/agradocosmetic.com\\\/#\\\/schema\\\/logo\\\/image\\\/\"}},{\"@type\":\"Person\",\"@id\":\"https:\\\/\\\/agradocosmetic.com\\\/#\\\/schema\\\/person\\\/732e8d396022e25f9340196f83d6789d\",\"name\":\"agradocosmetic\",\"image\":{\"@type\":\"ImageObject\",\"inLanguage\":\"fr-FR\",\"@id\":\"https:\\\/\\\/secure.gravatar.com\\\/avatar\\\/c6003e45301182b7e125463fcbec403b1980909c12edf09098526b9a15e779c0?s=96&d=mm&r=g\",\"url\":\"https:\\\/\\\/secure.gravatar.com\\\/avatar\\\/c6003e45301182b7e125463fcbec403b1980909c12edf09098526b9a15e779c0?s=96&d=mm&r=g\",\"contentUrl\":\"https:\\\/\\\/secure.gravatar.com\\\/avatar\\\/c6003e45301182b7e125463fcbec403b1980909c12edf09098526b9a15e779c0?s=96&d=mm&r=g\",\"caption\":\"agradocosmetic\"}}]}<\/script>\n<!-- \/ Yoast SEO plugin. -->","yoast_head_json":{"title":"Mousse Facial Solar: el producto que necesitas en tu neceser de verano - Agrado","description":"Cuando descubres la Mousse Facial Solar, \u00a1nada se le iguala! Ll\u00e9vala contigo en tu neceser y protege tu piel del sol est\u00e9s d\u00f3nde est\u00e9s.","robots":{"index":"index","follow":"follow","max-snippet":"max-snippet:-1","max-image-preview":"max-image-preview:large","max-video-preview":"max-video-preview:-1"},"canonical":"https:\/\/agradocosmetic.com\/fr\/mousse-facial-solar-el-producto-que-necesitas-en-tu-neceser-este-verano\/","og_locale":"fr_FR","og_type":"article","og_title":"Mousse Facial Solar: el producto que necesitas en tu neceser de verano - Agrado","og_description":"Cuando descubres la Mousse Facial Solar, \u00a1nada se le iguala! Ll\u00e9vala contigo en tu neceser y protege tu piel del sol est\u00e9s d\u00f3nde est\u00e9s.","og_url":"https:\/\/agradocosmetic.com\/fr\/mousse-facial-solar-el-producto-que-necesitas-en-tu-neceser-este-verano\/","og_site_name":"Agrado","article_published_time":"2022-07-21T10:13:10+00:00","article_modified_time":"2023-11-18T16:58:50+00:00","og_image":[{"width":1200,"height":800,"url":"https:\/\/agradocosmetic.com\/wp-content\/uploads\/2022\/07\/Mousse-Facial-Solar-agrado.jpg","type":"image\/jpeg"}],"author":"agradocosmetic","twitter_card":"summary_large_image","twitter_misc":{"\u00c9crit par":"agradocosmetic","Dur\u00e9e de lecture estim\u00e9e":"2 minutes"},"schema":{"@context":"https:\/\/schema.org","@graph":[{"@type":"Article","@id":"https:\/\/agradocosmetic.com\/mousse-facial-solar-el-producto-que-necesitas-en-tu-neceser-este-verano\/#article","isPartOf":{"@id":"https:\/\/agradocosmetic.com\/mousse-facial-solar-el-producto-que-necesitas-en-tu-neceser-este-verano\/"},"author":{"name":"agradocosmetic","@id":"https:\/\/agradocosmetic.com\/#\/schema\/person\/732e8d396022e25f9340196f83d6789d"},"headline":"Mousse Facial Solar: el producto que necesitas en tu neceser de verano","datePublished":"2022-07-21T10:13:10+00:00","dateModified":"2023-11-18T16:58:50+00:00","mainEntityOfPage":{"@id":"https:\/\/agradocosmetic.com\/mousse-facial-solar-el-producto-que-necesitas-en-tu-neceser-este-verano\/"},"wordCount":421,"commentCount":0,"publisher":{"@id":"https:\/\/agradocosmetic.com\/#organization"},"image":{"@id":"https:\/\/agradocosmetic.com\/mousse-facial-solar-el-producto-que-necesitas-en-tu-neceser-este-verano\/#primaryimage"},"thumbnailUrl":"https:\/\/agradocosmetic.com\/wp-content\/uploads\/2022\/07\/Mousse-Facial-Solar-agrado.jpg","keywords":["cuidado de la piel","fotoprotector facial","mousse facial solar","protector solar facial","solares"],"articleSection":["Solar","Todos"],"inLanguage":"fr-FR","potentialAction":[{"@type":"CommentAction","name":"Comment","target":["https:\/\/agradocosmetic.com\/mousse-facial-solar-el-producto-que-necesitas-en-tu-neceser-este-verano\/#respond"]}]},{"@type":"WebPage","@id":"https:\/\/agradocosmetic.com\/mousse-facial-solar-el-producto-que-necesitas-en-tu-neceser-este-verano\/","url":"https:\/\/agradocosmetic.com\/mousse-facial-solar-el-producto-que-necesitas-en-tu-neceser-este-verano\/","name":"Mousse Facial Solar: el producto que necesitas en tu neceser de verano - Agrado","isPartOf":{"@id":"https:\/\/agradocosmetic.com\/#website"},"primaryImageOfPage":{"@id":"https:\/\/agradocosmetic.com\/mousse-facial-solar-el-producto-que-necesitas-en-tu-neceser-este-verano\/#primaryimage"},"image":{"@id":"https:\/\/agradocosmetic.com\/mousse-facial-solar-el-producto-que-necesitas-en-tu-neceser-este-verano\/#primaryimage"},"thumbnailUrl":"https:\/\/agradocosmetic.com\/wp-content\/uploads\/2022\/07\/Mousse-Facial-Solar-agrado.jpg","datePublished":"2022-07-21T10:13:10+00:00","dateModified":"2023-11-18T16:58:50+00:00","description":"Cuando descubres la Mousse Facial Solar, \u00a1nada se le iguala! Ll\u00e9vala contigo en tu neceser y protege tu piel del sol est\u00e9s d\u00f3nde est\u00e9s.","breadcrumb":{"@id":"https:\/\/agradocosmetic.com\/mousse-facial-solar-el-producto-que-necesitas-en-tu-neceser-este-verano\/#breadcrumb"},"inLanguage":"fr-FR","potentialAction":[{"@type":"ReadAction","target":["https:\/\/agradocosmetic.com\/mousse-facial-solar-el-producto-que-necesitas-en-tu-neceser-este-verano\/"]}]},{"@type":"ImageObject","inLanguage":"fr-FR","@id":"https:\/\/agradocosmetic.com\/mousse-facial-solar-el-producto-que-necesitas-en-tu-neceser-este-verano\/#primaryimage","url":"https:\/\/agradocosmetic.com\/wp-content\/uploads\/2022\/07\/Mousse-Facial-Solar-agrado.jpg","contentUrl":"https:\/\/agradocosmetic.com\/wp-content\/uploads\/2022\/07\/Mousse-Facial-Solar-agrado.jpg","width":1200,"height":800},{"@type":"BreadcrumbList","@id":"https:\/\/agradocosmetic.com\/mousse-facial-solar-el-producto-que-necesitas-en-tu-neceser-este-verano\/#breadcrumb","itemListElement":[{"@type":"ListItem","position":1,"name":"Portada","item":"https:\/\/agradocosmetic.com\/"},{"@type":"ListItem","position":2,"name":"Mousse Facial Solar: el producto que necesitas en tu neceser de verano"}]},{"@type":"WebSite","@id":"https:\/\/agradocosmetic.com\/#website","url":"https:\/\/agradocosmetic.com\/","name":"Aimer","description":"cosm\u00e9tique","publisher":{"@id":"https:\/\/agradocosmetic.com\/#organization"},"potentialAction":[{"@type":"SearchAction","target":{"@type":"EntryPoint","urlTemplate":"https:\/\/agradocosmetic.com\/?s={search_term_string}"},"query-input":{"@type":"PropertyValueSpecification","valueRequired":true,"valueName":"search_term_string"}}],"inLanguage":"fr-FR"},{"@type":"Organization","@id":"https:\/\/agradocosmetic.com\/#organization","name":"Aimer","url":"https:\/\/agradocosmetic.com\/","logo":{"@type":"ImageObject","inLanguage":"fr-FR","@id":"https:\/\/agradocosmetic.com\/#\/schema\/logo\/image\/","url":"https:\/\/agradocosmetic.com\/wp-content\/uploads\/2023\/07\/LOGO-AGRADO-WEB-01.png","contentUrl":"https:\/\/agradocosmetic.com\/wp-content\/uploads\/2023\/07\/LOGO-AGRADO-WEB-01.png","width":1632,"height":300,"caption":"Agrado"},"image":{"@id":"https:\/\/agradocosmetic.com\/#\/schema\/logo\/image\/"}},{"@type":"Person","@id":"https:\/\/agradocosmetic.com\/#\/schema\/person\/732e8d396022e25f9340196f83d6789d","name":"agradocosm\u00e9tique","image":{"@type":"ImageObject","inLanguage":"fr-FR","@id":"https:\/\/secure.gravatar.com\/avatar\/c6003e45301182b7e125463fcbec403b1980909c12edf09098526b9a15e779c0?s=96&d=mm&r=g","url":"https:\/\/secure.gravatar.com\/avatar\/c6003e45301182b7e125463fcbec403b1980909c12edf09098526b9a15e779c0?s=96&d=mm&r=g","contentUrl":"https:\/\/secure.gravatar.com\/avatar\/c6003e45301182b7e125463fcbec403b1980909c12edf09098526b9a15e779c0?s=96&d=mm&r=g","caption":"agradocosmetic"}}]}},"_links":{"self":[{"href":"https:\/\/agradocosmetic.com\/fr\/wp-json\/wp\/v2\/posts\/19856","targetHints":{"allow":["GET"]}}],"collection":[{"href":"https:\/\/agradocosmetic.com\/fr\/wp-json\/wp\/v2\/posts"}],"about":[{"href":"https:\/\/agradocosmetic.com\/fr\/wp-json\/wp\/v2\/types\/post"}],"author":[{"embeddable":true,"href":"https:\/\/agradocosmetic.com\/fr\/wp-json\/wp\/v2\/users\/9"}],"replies":[{"embeddable":true,"href":"https:\/\/agradocosmetic.com\/fr\/wp-json\/wp\/v2\/comments?post=19856"}],"version-history":[{"count":1,"href":"https:\/\/agradocosmetic.com\/fr\/wp-json\/wp\/v2\/posts\/19856\/revisions"}],"predecessor-version":[{"id":21270,"href":"https:\/\/agradocosmetic.com\/fr\/wp-json\/wp\/v2\/posts\/19856\/revisions\/21270"}],"wp:featuredmedia":[{"embeddable":true,"href":"https:\/\/agradocosmetic.com\/fr\/wp-json\/wp\/v2\/media\/21269"}],"wp:attachment":[{"href":"https:\/\/agradocosmetic.com\/fr\/wp-json\/wp\/v2\/media?parent=19856"}],"wp:term":[{"taxonomy":"category","embeddable":true,"href":"https:\/\/agradocosmetic.com\/fr\/wp-json\/wp\/v2\/categories?post=19856"},{"taxonomy":"post_tag","embeddable":true,"href":"https:\/\/agradocosmetic.com\/fr\/wp-json\/wp\/v2\/tags?post=19856"}],"curies":[{"name":"wp","href":"https:\/\/api.w.org\/{rel}","templated":true}]}}