{"id":19903,"date":"2022-08-10T10:25:50","date_gmt":"2022-08-10T09:25:50","guid":{"rendered":"https:\/\/www.agradocosmetic.com\/?p=19903"},"modified":"2023-11-18T16:58:50","modified_gmt":"2023-11-18T16:58:50","slug":"la-importancia-de-renovar-tus-cremas-solares-cada-ano","status":"publish","type":"post","link":"https:\/\/agradocosmetic.com\/fr\/la-importancia-de-renovar-tus-cremas-solares-cada-ano\/","title":{"rendered":"L\u2019importance de renouveler ses cr\u00e8mes solaires chaque ann\u00e9e"},"content":{"rendered":"<p>Ann\u00e9e apr\u00e8s ann\u00e9e, nous attendons avec impatience l&#039;arriv\u00e9e de l&#039;\u00e9t\u00e9 pour profiter du soleil. \u00c0 ce stade de la vie, nous savons que prot\u00e9ger notre peau des rayons du soleil est essentiel si nous voulons \u00e9viter les br\u00fblures, le vieillissement pr\u00e9matur\u00e9 ou, pire encore, le cancer de la peau et le m\u00e9lanome. Cependant, ce que beaucoup ne savent pas, c&#039;est que r\u00e9utiliser la cr\u00e8me solaire de l&#039;ann\u00e9e derni\u00e8re peut comporter des risques. Nous vous expliquons de quoi il s&#039;agit et pourquoi il est si important de renouveler vos cr\u00e8mes solaires chaque ann\u00e9e. Tr\u00e8s attentif !\u00a0<\/p>\r\n\r\n\r\n\r\n<p>On conna\u00eet la le\u00e7on : il faut appliquer de la cr\u00e8me solaire toute l\u2019ann\u00e9e pour prendre soin de sa peau. Cependant, si l\u2019on veut le faire correctement, de nombreux facteurs doivent \u00eatre pris en compte. Et l\u2019un d\u2019eux est l\u2019expiration de notre cr\u00e8me solaire. Oui, oui, tel que vous le lisez. La protection solaire expire \u00e9galement. Et comment savoir quelle est la date exacte ?\u00a0<\/p>\r\n\r\n\r\n\r\n<p><strong>Les cr\u00e8mes et produits de protection solaires sont r\u00e9gis par la PAO, ou dur\u00e9e d&#039;utilisation recommand\u00e9e.<\/strong>. Celui-ci appara\u00eet g\u00e9n\u00e9ralement sur le flacon avec le symbole d&#039;un r\u00e9cipient ouvert suivi d&#039;un chiffre avec la lettre M. Il s&#039;agit de la date d&#039;utilisation recommand\u00e9e, qui varie g\u00e9n\u00e9ralement entre 3 et 24 mois. Une fois ce d\u00e9lai \u00e9coul\u00e9, nous devons \u00e9liminer correctement la cr\u00e8me solaire et en acheter une nouvelle afin que la protection de notre peau soit totalement efficace et s\u00fbre.\u00a0<\/p>\r\n\r\n\r\n\r\n<p>Si votre cr\u00e8me solaire n&#039;inclut pas de date de p\u00e9remption, sachez que la Food and Drug Administration exige que tous les \u00e9crans solaires conservent leur efficacit\u00e9 d&#039;origine intacte pendant au moins trois ans, \u00e0 condition qu&#039;ils ne soient pas ouverts. Donc sois prudent! <strong>Si votre cr\u00e8me est ouverte depuis plus d&#039;un an, elle ne sera plus efficace car les actifs qui prot\u00e8gent le derme des rayons UV deviennent moins efficaces.<\/strong> avec le temps. Votre peau ne sera pas aussi prot\u00e9g\u00e9e et, par cons\u00e9quent, vous courrez plus de risques de souffrir de br\u00fblures. Alors, vous savez, ne jouez pas avec le soleil et retirez vos cr\u00e8mes solaires ouvertes. Votre peau vous remerciera.\u00a0<\/p>\r\n\r\n\r\n\r\n<p><strong>Le moment est-il venu de renouveler votre cr\u00e8me solaire ?<\/strong> D\u00e9couvrez la large gamme de cr\u00e8mes solaires Agrado. Pour prot\u00e9ger votre visage de l&#039;\u00e9toile royale, nous vous recommandons deux de nos <em>meilleurs vendeurs<\/em>: la <a href=\"https:\/\/agradocosmetic.com\/fr\/producto\/bruma-facial-solar-spf50\/\">Brume Solaire Visage SPF50+<\/a> et le <a href=\"https:\/\/agradocosmetic.com\/fr\/producto\/mousse-facial-solar-spf50\/\">Mousse Solaire Visage SPF50+<\/a>. Vos indispensables pour cet \u00e9t\u00e9 ! Si vous recherchez une protection pour vous et toute votre famille, nous vous invitons \u00e0 d\u00e9couvrir notre grande vari\u00e9t\u00e9 de formats, tels que <a href=\"https:\/\/agradocosmetic.com\/fr\/producto\/bruma-seca-solar-spf-30-aerosol\/\">Brume S\u00e8che Solaire SPF30<\/a>, il <a href=\"https:\/\/agradocosmetic.com\/fr\/producto\/aceite-protector-solar-spf20\/\">Huile de protection solaire SPF20<\/a> et le <a href=\"https:\/\/agradocosmetic.com\/fr\/producto\/tubo-crema-solar-spf50\/\">Tube de Cr\u00e8me Solaire SPF50<\/a>. Ils deviendront vos favoris ! Enfin, pour prot\u00e9ger la peau des plus petits, nous vous proposons le <a href=\"https:\/\/agradocosmetic.com\/fr\/producto\/bruma-solar-kids-pieles-sensibles-spf50-2\/\">KIDS Brume Solaire Peaux Sensibles SPF50+<\/a> et la <a href=\"https:\/\/agradocosmetic.com\/fr\/producto\/locion-solar-kids-pieles-sensibles-spf50\/\">KIDS Lotion Solaire Peaux Sensibles SPF50+<\/a>. Facile \u00e0 appliquer et 100% efficace contre les rayons UVB\/UVA !\u00a0<\/p>\r\n\r\n\r\n\r\n<p>Maintenant que vous connaissez l&#039;importance de renouveler vos cr\u00e8mes solaires chaque ann\u00e9e, prot\u00e9gez votre peau avec Agrado Cosmetic ! Parce qu&#039;un bronzage sain et beau est possible.<\/p>","protected":false},"excerpt":{"rendered":"<p>A\u00f1o tras a\u00f1o, esperamos impacientes la llegada del verano para poder disfrutar del sol. A estas alturas de la vida sabemos que proteger nuestra piel de los rayos solares es imprescindible si queremos evitar quemaduras, envejecimiento prematuro o lo que es peor, c\u00e1ncer de piel y melanoma. Sin embargo, lo que muchos no saben es [&hellip;]<\/p>\n","protected":false},"author":9,"featured_media":21267,"comment_status":"open","ping_status":"closed","sticky":false,"template":"","format":"standard","meta":{"footnotes":"","_wp_rev_ctl_limit":""},"categories":[116,1],"tags":[416,417,317,410],"class_list":["post-19903","post","type-post","status-publish","format-standard","has-post-thumbnail","hentry","category-solar","category-todos","tag-crema-solar","tag-fotoprotector","tag-proteccion-solar","tag-protector-solar"],"yoast_head":"<!-- This site is optimized with the Yoast SEO plugin v27.4 - https:\/\/yoast.com\/product\/yoast-seo-wordpress\/ -->\n<title>La importancia de renovar tus cremas solares cada a\u00f1o - Agrado<\/title>\n<meta name=\"description\" content=\"\u00a1Mucho ojo con reutilizar el protector solar del a\u00f1o anterior!\u26a0 Te contamos por qu\u00e9 deber\u00edas renovar tus cremas solares cada a\u00f1o.\" \/>\n<meta name=\"robots\" content=\"index, follow, max-snippet:-1, max-image-preview:large, max-video-preview:-1\" \/>\n<link rel=\"canonical\" href=\"https:\/\/agradocosmetic.com\/fr\/la-importancia-de-renovar-tus-cremas-solares-cada-ano\/\" \/>\n<meta property=\"og:locale\" content=\"fr_FR\" \/>\n<meta property=\"og:type\" content=\"article\" \/>\n<meta property=\"og:title\" content=\"La importancia de renovar tus cremas solares cada a\u00f1o - Agrado\" \/>\n<meta property=\"og:description\" content=\"\u00a1Mucho ojo con reutilizar el protector solar del a\u00f1o anterior!\u26a0 Te contamos por qu\u00e9 deber\u00edas renovar tus cremas solares cada a\u00f1o.\" \/>\n<meta property=\"og:url\" content=\"https:\/\/agradocosmetic.com\/fr\/la-importancia-de-renovar-tus-cremas-solares-cada-ano\/\" \/>\n<meta property=\"og:site_name\" content=\"Agrado\" \/>\n<meta property=\"article:published_time\" content=\"2022-08-10T09:25:50+00:00\" \/>\n<meta property=\"article:modified_time\" content=\"2023-11-18T16:58:50+00:00\" \/>\n<meta property=\"og:image\" content=\"https:\/\/agradocosmetic.com\/wp-content\/uploads\/2022\/08\/renovar-tus-cremas-solares-agrado.jpg\" \/>\n\t<meta property=\"og:image:width\" content=\"1200\" \/>\n\t<meta property=\"og:image:height\" content=\"800\" \/>\n\t<meta property=\"og:image:type\" content=\"image\/jpeg\" \/>\n<meta name=\"author\" content=\"agradocosmetic\" \/>\n<meta name=\"twitter:card\" content=\"summary_large_image\" \/>\n<meta name=\"twitter:label1\" content=\"\u00c9crit par\" \/>\n\t<meta name=\"twitter:data1\" content=\"agradocosmetic\" \/>\n\t<meta name=\"twitter:label2\" content=\"Dur\u00e9e de lecture estim\u00e9e\" \/>\n\t<meta name=\"twitter:data2\" content=\"3 minutes\" \/>\n<script type=\"application\/ld+json\" class=\"yoast-schema-graph\">{\"@context\":\"https:\\\/\\\/schema.org\",\"@graph\":[{\"@type\":\"Article\",\"@id\":\"https:\\\/\\\/agradocosmetic.com\\\/la-importancia-de-renovar-tus-cremas-solares-cada-ano\\\/#article\",\"isPartOf\":{\"@id\":\"https:\\\/\\\/agradocosmetic.com\\\/la-importancia-de-renovar-tus-cremas-solares-cada-ano\\\/\"},\"author\":{\"name\":\"agradocosmetic\",\"@id\":\"https:\\\/\\\/agradocosmetic.com\\\/#\\\/schema\\\/person\\\/732e8d396022e25f9340196f83d6789d\"},\"headline\":\"La importancia de renovar tus cremas solares cada a\u00f1o\",\"datePublished\":\"2022-08-10T09:25:50+00:00\",\"dateModified\":\"2023-11-18T16:58:50+00:00\",\"mainEntityOfPage\":{\"@id\":\"https:\\\/\\\/agradocosmetic.com\\\/la-importancia-de-renovar-tus-cremas-solares-cada-ano\\\/\"},\"wordCount\":538,\"commentCount\":0,\"publisher\":{\"@id\":\"https:\\\/\\\/agradocosmetic.com\\\/#organization\"},\"image\":{\"@id\":\"https:\\\/\\\/agradocosmetic.com\\\/la-importancia-de-renovar-tus-cremas-solares-cada-ano\\\/#primaryimage\"},\"thumbnailUrl\":\"https:\\\/\\\/agradocosmetic.com\\\/wp-content\\\/uploads\\\/2022\\\/08\\\/renovar-tus-cremas-solares-agrado.jpg\",\"keywords\":[\"crema solar\",\"fotoprotector\",\"proteccion solar\",\"protector solar\"],\"articleSection\":[\"Solar\",\"Todos\"],\"inLanguage\":\"fr-FR\",\"potentialAction\":[{\"@type\":\"CommentAction\",\"name\":\"Comment\",\"target\":[\"https:\\\/\\\/agradocosmetic.com\\\/la-importancia-de-renovar-tus-cremas-solares-cada-ano\\\/#respond\"]}]},{\"@type\":\"WebPage\",\"@id\":\"https:\\\/\\\/agradocosmetic.com\\\/la-importancia-de-renovar-tus-cremas-solares-cada-ano\\\/\",\"url\":\"https:\\\/\\\/agradocosmetic.com\\\/la-importancia-de-renovar-tus-cremas-solares-cada-ano\\\/\",\"name\":\"La importancia de renovar tus cremas solares cada a\u00f1o - Agrado\",\"isPartOf\":{\"@id\":\"https:\\\/\\\/agradocosmetic.com\\\/#website\"},\"primaryImageOfPage\":{\"@id\":\"https:\\\/\\\/agradocosmetic.com\\\/la-importancia-de-renovar-tus-cremas-solares-cada-ano\\\/#primaryimage\"},\"image\":{\"@id\":\"https:\\\/\\\/agradocosmetic.com\\\/la-importancia-de-renovar-tus-cremas-solares-cada-ano\\\/#primaryimage\"},\"thumbnailUrl\":\"https:\\\/\\\/agradocosmetic.com\\\/wp-content\\\/uploads\\\/2022\\\/08\\\/renovar-tus-cremas-solares-agrado.jpg\",\"datePublished\":\"2022-08-10T09:25:50+00:00\",\"dateModified\":\"2023-11-18T16:58:50+00:00\",\"description\":\"\u00a1Mucho ojo con reutilizar el protector solar del a\u00f1o anterior!\u26a0 Te contamos por qu\u00e9 deber\u00edas renovar tus cremas solares cada a\u00f1o.\",\"breadcrumb\":{\"@id\":\"https:\\\/\\\/agradocosmetic.com\\\/la-importancia-de-renovar-tus-cremas-solares-cada-ano\\\/#breadcrumb\"},\"inLanguage\":\"fr-FR\",\"potentialAction\":[{\"@type\":\"ReadAction\",\"target\":[\"https:\\\/\\\/agradocosmetic.com\\\/la-importancia-de-renovar-tus-cremas-solares-cada-ano\\\/\"]}]},{\"@type\":\"ImageObject\",\"inLanguage\":\"fr-FR\",\"@id\":\"https:\\\/\\\/agradocosmetic.com\\\/la-importancia-de-renovar-tus-cremas-solares-cada-ano\\\/#primaryimage\",\"url\":\"https:\\\/\\\/agradocosmetic.com\\\/wp-content\\\/uploads\\\/2022\\\/08\\\/renovar-tus-cremas-solares-agrado.jpg\",\"contentUrl\":\"https:\\\/\\\/agradocosmetic.com\\\/wp-content\\\/uploads\\\/2022\\\/08\\\/renovar-tus-cremas-solares-agrado.jpg\",\"width\":1200,\"height\":800},{\"@type\":\"BreadcrumbList\",\"@id\":\"https:\\\/\\\/agradocosmetic.com\\\/la-importancia-de-renovar-tus-cremas-solares-cada-ano\\\/#breadcrumb\",\"itemListElement\":[{\"@type\":\"ListItem\",\"position\":1,\"name\":\"Portada\",\"item\":\"https:\\\/\\\/agradocosmetic.com\\\/\"},{\"@type\":\"ListItem\",\"position\":2,\"name\":\"La importancia de renovar tus cremas solares cada a\u00f1o\"}]},{\"@type\":\"WebSite\",\"@id\":\"https:\\\/\\\/agradocosmetic.com\\\/#website\",\"url\":\"https:\\\/\\\/agradocosmetic.com\\\/\",\"name\":\"Agrado\",\"description\":\"Cosmetic\",\"publisher\":{\"@id\":\"https:\\\/\\\/agradocosmetic.com\\\/#organization\"},\"potentialAction\":[{\"@type\":\"SearchAction\",\"target\":{\"@type\":\"EntryPoint\",\"urlTemplate\":\"https:\\\/\\\/agradocosmetic.com\\\/?s={search_term_string}\"},\"query-input\":{\"@type\":\"PropertyValueSpecification\",\"valueRequired\":true,\"valueName\":\"search_term_string\"}}],\"inLanguage\":\"fr-FR\"},{\"@type\":\"Organization\",\"@id\":\"https:\\\/\\\/agradocosmetic.com\\\/#organization\",\"name\":\"Agrado\",\"url\":\"https:\\\/\\\/agradocosmetic.com\\\/\",\"logo\":{\"@type\":\"ImageObject\",\"inLanguage\":\"fr-FR\",\"@id\":\"https:\\\/\\\/agradocosmetic.com\\\/#\\\/schema\\\/logo\\\/image\\\/\",\"url\":\"https:\\\/\\\/agradocosmetic.com\\\/wp-content\\\/uploads\\\/2023\\\/07\\\/LOGO-AGRADO-WEB-01.png\",\"contentUrl\":\"https:\\\/\\\/agradocosmetic.com\\\/wp-content\\\/uploads\\\/2023\\\/07\\\/LOGO-AGRADO-WEB-01.png\",\"width\":1632,\"height\":300,\"caption\":\"Agrado\"},\"image\":{\"@id\":\"https:\\\/\\\/agradocosmetic.com\\\/#\\\/schema\\\/logo\\\/image\\\/\"}},{\"@type\":\"Person\",\"@id\":\"https:\\\/\\\/agradocosmetic.com\\\/#\\\/schema\\\/person\\\/732e8d396022e25f9340196f83d6789d\",\"name\":\"agradocosmetic\",\"image\":{\"@type\":\"ImageObject\",\"inLanguage\":\"fr-FR\",\"@id\":\"https:\\\/\\\/secure.gravatar.com\\\/avatar\\\/c6003e45301182b7e125463fcbec403b1980909c12edf09098526b9a15e779c0?s=96&d=mm&r=g\",\"url\":\"https:\\\/\\\/secure.gravatar.com\\\/avatar\\\/c6003e45301182b7e125463fcbec403b1980909c12edf09098526b9a15e779c0?s=96&d=mm&r=g\",\"contentUrl\":\"https:\\\/\\\/secure.gravatar.com\\\/avatar\\\/c6003e45301182b7e125463fcbec403b1980909c12edf09098526b9a15e779c0?s=96&d=mm&r=g\",\"caption\":\"agradocosmetic\"}}]}<\/script>\n<!-- \/ Yoast SEO plugin. -->","yoast_head_json":{"title":"L&#039;importance de renouveler sa cr\u00e8me solaire chaque ann\u00e9e - Approuv\u00e9","description":"Attention \u00e0 ne pas r\u00e9utiliser votre cr\u00e8me solaire de l&#039;ann\u00e9e derni\u00e8re ! \u26a0 Nous vous expliquons pourquoi vous devriez remplacer votre cr\u00e8me solaire chaque ann\u00e9e.","robots":{"index":"index","follow":"follow","max-snippet":"max-snippet:-1","max-image-preview":"max-image-preview:large","max-video-preview":"max-video-preview:-1"},"canonical":"https:\/\/agradocosmetic.com\/fr\/la-importancia-de-renovar-tus-cremas-solares-cada-ano\/","og_locale":"fr_FR","og_type":"article","og_title":"La importancia de renovar tus cremas solares cada a\u00f1o - Agrado","og_description":"\u00a1Mucho ojo con reutilizar el protector solar del a\u00f1o anterior!\u26a0 Te contamos por qu\u00e9 deber\u00edas renovar tus cremas solares cada a\u00f1o.","og_url":"https:\/\/agradocosmetic.com\/fr\/la-importancia-de-renovar-tus-cremas-solares-cada-ano\/","og_site_name":"Agrado","article_published_time":"2022-08-10T09:25:50+00:00","article_modified_time":"2023-11-18T16:58:50+00:00","og_image":[{"width":1200,"height":800,"url":"https:\/\/agradocosmetic.com\/wp-content\/uploads\/2022\/08\/renovar-tus-cremas-solares-agrado.jpg","type":"image\/jpeg"}],"author":"agradocosmetic","twitter_card":"summary_large_image","twitter_misc":{"\u00c9crit par":"agradocosmetic","Dur\u00e9e de lecture estim\u00e9e":"3 minutes"},"schema":{"@context":"https:\/\/schema.org","@graph":[{"@type":"Article","@id":"https:\/\/agradocosmetic.com\/la-importancia-de-renovar-tus-cremas-solares-cada-ano\/#article","isPartOf":{"@id":"https:\/\/agradocosmetic.com\/la-importancia-de-renovar-tus-cremas-solares-cada-ano\/"},"author":{"name":"agradocosmetic","@id":"https:\/\/agradocosmetic.com\/#\/schema\/person\/732e8d396022e25f9340196f83d6789d"},"headline":"La importancia de renovar tus cremas solares cada a\u00f1o","datePublished":"2022-08-10T09:25:50+00:00","dateModified":"2023-11-18T16:58:50+00:00","mainEntityOfPage":{"@id":"https:\/\/agradocosmetic.com\/la-importancia-de-renovar-tus-cremas-solares-cada-ano\/"},"wordCount":538,"commentCount":0,"publisher":{"@id":"https:\/\/agradocosmetic.com\/#organization"},"image":{"@id":"https:\/\/agradocosmetic.com\/la-importancia-de-renovar-tus-cremas-solares-cada-ano\/#primaryimage"},"thumbnailUrl":"https:\/\/agradocosmetic.com\/wp-content\/uploads\/2022\/08\/renovar-tus-cremas-solares-agrado.jpg","keywords":["crema solar","fotoprotector","proteccion solar","protector solar"],"articleSection":["Solar","Todos"],"inLanguage":"fr-FR","potentialAction":[{"@type":"CommentAction","name":"Comment","target":["https:\/\/agradocosmetic.com\/la-importancia-de-renovar-tus-cremas-solares-cada-ano\/#respond"]}]},{"@type":"WebPage","@id":"https:\/\/agradocosmetic.com\/la-importancia-de-renovar-tus-cremas-solares-cada-ano\/","url":"https:\/\/agradocosmetic.com\/la-importancia-de-renovar-tus-cremas-solares-cada-ano\/","name":"L&#039;importance de renouveler sa cr\u00e8me solaire chaque ann\u00e9e - Approuv\u00e9","isPartOf":{"@id":"https:\/\/agradocosmetic.com\/#website"},"primaryImageOfPage":{"@id":"https:\/\/agradocosmetic.com\/la-importancia-de-renovar-tus-cremas-solares-cada-ano\/#primaryimage"},"image":{"@id":"https:\/\/agradocosmetic.com\/la-importancia-de-renovar-tus-cremas-solares-cada-ano\/#primaryimage"},"thumbnailUrl":"https:\/\/agradocosmetic.com\/wp-content\/uploads\/2022\/08\/renovar-tus-cremas-solares-agrado.jpg","datePublished":"2022-08-10T09:25:50+00:00","dateModified":"2023-11-18T16:58:50+00:00","description":"Attention \u00e0 ne pas r\u00e9utiliser votre cr\u00e8me solaire de l&#039;ann\u00e9e derni\u00e8re ! \u26a0 Nous vous expliquons pourquoi vous devriez remplacer votre cr\u00e8me solaire chaque ann\u00e9e.","breadcrumb":{"@id":"https:\/\/agradocosmetic.com\/la-importancia-de-renovar-tus-cremas-solares-cada-ano\/#breadcrumb"},"inLanguage":"fr-FR","potentialAction":[{"@type":"ReadAction","target":["https:\/\/agradocosmetic.com\/la-importancia-de-renovar-tus-cremas-solares-cada-ano\/"]}]},{"@type":"ImageObject","inLanguage":"fr-FR","@id":"https:\/\/agradocosmetic.com\/la-importancia-de-renovar-tus-cremas-solares-cada-ano\/#primaryimage","url":"https:\/\/agradocosmetic.com\/wp-content\/uploads\/2022\/08\/renovar-tus-cremas-solares-agrado.jpg","contentUrl":"https:\/\/agradocosmetic.com\/wp-content\/uploads\/2022\/08\/renovar-tus-cremas-solares-agrado.jpg","width":1200,"height":800},{"@type":"BreadcrumbList","@id":"https:\/\/agradocosmetic.com\/la-importancia-de-renovar-tus-cremas-solares-cada-ano\/#breadcrumb","itemListElement":[{"@type":"ListItem","position":1,"name":"Portada","item":"https:\/\/agradocosmetic.com\/"},{"@type":"ListItem","position":2,"name":"La importancia de renovar tus cremas solares cada a\u00f1o"}]},{"@type":"WebSite","@id":"https:\/\/agradocosmetic.com\/#website","url":"https:\/\/agradocosmetic.com\/","name":"Aimer","description":"cosm\u00e9tique","publisher":{"@id":"https:\/\/agradocosmetic.com\/#organization"},"potentialAction":[{"@type":"SearchAction","target":{"@type":"EntryPoint","urlTemplate":"https:\/\/agradocosmetic.com\/?s={search_term_string}"},"query-input":{"@type":"PropertyValueSpecification","valueRequired":true,"valueName":"search_term_string"}}],"inLanguage":"fr-FR"},{"@type":"Organization","@id":"https:\/\/agradocosmetic.com\/#organization","name":"Aimer","url":"https:\/\/agradocosmetic.com\/","logo":{"@type":"ImageObject","inLanguage":"fr-FR","@id":"https:\/\/agradocosmetic.com\/#\/schema\/logo\/image\/","url":"https:\/\/agradocosmetic.com\/wp-content\/uploads\/2023\/07\/LOGO-AGRADO-WEB-01.png","contentUrl":"https:\/\/agradocosmetic.com\/wp-content\/uploads\/2023\/07\/LOGO-AGRADO-WEB-01.png","width":1632,"height":300,"caption":"Agrado"},"image":{"@id":"https:\/\/agradocosmetic.com\/#\/schema\/logo\/image\/"}},{"@type":"Person","@id":"https:\/\/agradocosmetic.com\/#\/schema\/person\/732e8d396022e25f9340196f83d6789d","name":"agradocosm\u00e9tique","image":{"@type":"ImageObject","inLanguage":"fr-FR","@id":"https:\/\/secure.gravatar.com\/avatar\/c6003e45301182b7e125463fcbec403b1980909c12edf09098526b9a15e779c0?s=96&d=mm&r=g","url":"https:\/\/secure.gravatar.com\/avatar\/c6003e45301182b7e125463fcbec403b1980909c12edf09098526b9a15e779c0?s=96&d=mm&r=g","contentUrl":"https:\/\/secure.gravatar.com\/avatar\/c6003e45301182b7e125463fcbec403b1980909c12edf09098526b9a15e779c0?s=96&d=mm&r=g","caption":"agradocosmetic"}}]}},"_links":{"self":[{"href":"https:\/\/agradocosmetic.com\/fr\/wp-json\/wp\/v2\/posts\/19903","targetHints":{"allow":["GET"]}}],"collection":[{"href":"https:\/\/agradocosmetic.com\/fr\/wp-json\/wp\/v2\/posts"}],"about":[{"href":"https:\/\/agradocosmetic.com\/fr\/wp-json\/wp\/v2\/types\/post"}],"author":[{"embeddable":true,"href":"https:\/\/agradocosmetic.com\/fr\/wp-json\/wp\/v2\/users\/9"}],"replies":[{"embeddable":true,"href":"https:\/\/agradocosmetic.com\/fr\/wp-json\/wp\/v2\/comments?post=19903"}],"version-history":[{"count":1,"href":"https:\/\/agradocosmetic.com\/fr\/wp-json\/wp\/v2\/posts\/19903\/revisions"}],"predecessor-version":[{"id":21268,"href":"https:\/\/agradocosmetic.com\/fr\/wp-json\/wp\/v2\/posts\/19903\/revisions\/21268"}],"wp:featuredmedia":[{"embeddable":true,"href":"https:\/\/agradocosmetic.com\/fr\/wp-json\/wp\/v2\/media\/21267"}],"wp:attachment":[{"href":"https:\/\/agradocosmetic.com\/fr\/wp-json\/wp\/v2\/media?parent=19903"}],"wp:term":[{"taxonomy":"category","embeddable":true,"href":"https:\/\/agradocosmetic.com\/fr\/wp-json\/wp\/v2\/categories?post=19903"},{"taxonomy":"post_tag","embeddable":true,"href":"https:\/\/agradocosmetic.com\/fr\/wp-json\/wp\/v2\/tags?post=19903"}],"curies":[{"name":"wp","href":"https:\/\/api.w.org\/{rel}","templated":true}]}}