{"id":20392,"date":"2023-01-23T10:39:44","date_gmt":"2023-01-23T09:39:44","guid":{"rendered":"https:\/\/www.agradocosmetic.com\/?p=20392"},"modified":"2023-11-18T16:58:48","modified_gmt":"2023-11-18T16:58:48","slug":"pelo-en-pausa-que-es-y-como-evitar-que-te-pase-agrado-cosmetic","status":"publish","type":"post","link":"https:\/\/agradocosmetic.com\/fr\/pelo-en-pausa-que-es-y-como-evitar-que-te-pase-agrado-cosmetic\/","title":{"rendered":"Cheveux en pause : qu&#039;est-ce que c&#039;est et comment \u00e9viter que cela vous arrive"},"content":{"rendered":"<p>Entre toutes les tendances et danses de TikTok, vous avez s\u00fbrement entendu parler des \u00ab cheveux en pause \u00bb. Il appara\u00eet dans des milliers de vid\u00e9os dans notre \u00ab pour vous \u00bb mais savez-vous vraiment ce que c&#039;est ? Ne t&#039;inqui\u00e8te pas parce que <a href=\"https:\/\/agradocosmetic.com\/fr\/\" target=\"_blank\" rel=\"noreferrer noopener\">Agrado Cosm\u00e9tique<\/a> Nous clarifierons tous vos doutes sur cette tendance virale et vous d\u00e9voilerons nos meilleurs conseils pour \u00e9viter que cela ne vous arrive. Allons-y!<\/p>\r\n\r\n\r\n\r\n<h3 class=\"wp-block-heading\">QU&#039;EST-CE QUE LES CHEVEUX EN PAUSE ?<\/h3>\r\n\r\n\r\n\r\n<p>\u00ab Cheveux en pause \u00bb est une expression qui d\u00e9ferle sur TikTok et qui est utilis\u00e9e par tous les prescripteurs beaut\u00e9 pour d\u00e9signer les cheveux ternes. Quand nous parlons de cheveux en pause, nous voulons dire <strong>cheveux ab\u00eem\u00e9s, secs ou gras, cassants ou br\u00fbl\u00e9s par les s\u00e8che-linge et lisseurs<\/strong>. En bref, c&#039;est une fa\u00e7on de d\u00e9signer ce type de cheveux qui n&#039;a ni volume ni mouvement.<\/p>\r\n\r\n\r\n\r\n<p>Et quelles sont les causes des cheveux ternes ? La pollution, le stress, une mauvaise routine capillaire, un mode de vie malsain\u2026 Tous ces facteurs font perdre \u00e0 nos cheveux l&#039;\u00e9clat qui les caract\u00e9rise. Si vous avez l\u2019impression que vos cheveux traversent une mauvaise passe, ne vous inqui\u00e9tez pas. <strong>Nous vous expliquons comment chouchouter vos cheveux pour dire adieu pour toujours aux cheveux en pause.<\/strong>. Tu t&#039;inscris?<\/p>\r\n\r\n\r\n\r\n<h3 class=\"wp-block-heading\">1\u00ba NE PAS DORMIR AVEC LES CHEVEUX MOUILL\u00c9S<\/h3>\r\n\r\n\r\n\r\n<p>Cela peut sembler absurde auquel nous n&#039;accordons pas d&#039;importance, mais nos m\u00e8res nous le disent depuis que nous sommes petits pour une raison. Ne pas s\u00e9cher correctement ses cheveux peut augmenter la porosit\u00e9 de la fibre capillaire, casser les cheveux avec le frottement de l&#039;oreiller ou encore provoquer des maux de t\u00eate. Alors, peu importe \u00e0 quel point vous \u00eates paresseux, allez-vous \u00e0 nouveau vous coucher avec les cheveux mouill\u00e9s ?<\/p>\r\n\r\n\r\n\r\n<h3 class=\"wp-block-heading\">2\u00ba UTILISEZ-VOUS LES BONS PRODUITS\u00a0?<\/h3>\r\n\r\n\r\n\r\n<p>Nous pensons souvent qu\u2019en utilisant une grande quantit\u00e9 de produits, nous chouchoutons nos cheveux. Mais cela peut l\u2019endommager encore plus ! Voici notre recommandation. <strong>Si vous avez les cheveux ab\u00eem\u00e9s, <a href=\"https:\/\/agradocosmetic.com\/fr\/linea\/keratina\/\" target=\"_blank\" rel=\"noreferrer noopener\">Ligne K\u00e9ratine Agrado<\/a> sera votre meilleur alli\u00e9<\/strong> r\u00e9parer votre cuticule et donner \u00e0 vos cheveux douceur et vitalit\u00e9.<\/p>\r\n\r\n\r\n\r\n<p>La routine parfaite devrait commencer par <a href=\"https:\/\/agradocosmetic.com\/fr\/producto\/champu-professional-keratina-2\/\" target=\"_blank\" rel=\"noreferrer noopener\">Shampooing Professionnel K\u00e9ratine<\/a>, qui nettoiera en profondeur votre cuir chevelu sans lui enlever un peu d&#039;hydratation. Pour la deuxi\u00e8me \u00e9tape, vous pouvez choisir entre <a href=\"https:\/\/agradocosmetic.com\/fr\/producto\/mascarilla-keratina\/\" target=\"_blank\" rel=\"noreferrer noopener\">Masque \u00e0 la K\u00e9ratine<\/a> et la <a href=\"https:\/\/agradocosmetic.com\/fr\/producto\/crema-suavizante-acondicionadora-keratina\/\" target=\"_blank\" rel=\"noreferrer noopener\">Cr\u00e8me Lissante Revitalisante \u00e0 la K\u00e9ratine<\/a>, qui vous apportera la dose de brillance et de soyeux dont vos cheveux ont besoin. Pour compl\u00e9ter le traitement quotidien, le <a href=\"https:\/\/agradocosmetic.com\/fr\/producto\/keratina-liquida\/\" target=\"_blank\" rel=\"noreferrer noopener\">K\u00e9ratine Liquide<\/a> Ce sera la cerise sur le g\u00e2teau. Il s&#039;applique sur cheveux humides sans avoir besoin de les rincer, ce qui permet un traitement rapide et confortable. Croyez-moi, vous serez \u00e9tonn\u00e9 du r\u00e9sultat : des cheveux avec une brillance et un mouvement instantan\u00e9s. \ud83d\ude09<\/p>\r\n\r\n\r\n\r\n<p>&nbsp;<\/p>\r\n\r\n\r\n\r\n<figure class=\"wp-block-image aligncenter size-full is-resized\"><img fetchpriority=\"high\" decoding=\"async\" class=\"wp-image-20396\" src=\"https:\/\/www.agradocosmetic.com\/wp-content\/uploads\/2023\/01\/259B6B55-AF85-4786-8B30-CB20A016E221-edited.jpeg\" alt=\"pelo en pausa - keratina\" width=\"263\" height=\"263\" \/><\/figure>\r\n\r\n\r\n\r\n<h3 class=\"wp-block-heading\">3\u00ba COUPER VOS BOUTS ET PRENDRE SOIN DES ACCESSOIRES<\/h3>\r\n\r\n\r\n\r\n<p>Selon les experts, les pointes des cheveux doivent \u00eatre coup\u00e9es tous les trois mois pour avoir le mouvement ou la forme habituelle. De plus, maintenir ses cheveux avec des \u00e9lastiques tr\u00e8s serr\u00e9s peut provoquer une chute des cheveux, voire provoquer une alop\u00e9cie de traction. Lorsque vous devez garder vos cheveux hors de votre visage, utilisez des accessoires doux pour vos cheveux pour un maximum de confort.<\/p>\r\n\r\n\r\n\r\n<p>Maintenant que vous savez ce que sont les cheveux en pause et comment y rem\u00e9dier, il ne vous reste plus qu&#039;\u00e0 mettre en pratique toutes nos astuces. Porter les cheveux dont vous avez toujours r\u00eav\u00e9 est tr\u00e8s facile avec <a href=\"https:\/\/agradocosmetic.com\/fr\/\" target=\"_blank\" rel=\"noreferrer noopener\">Agrado Cosm\u00e9tique<\/a>. Hop!<\/p>","protected":false},"excerpt":{"rendered":"<p>Seguro que entre tanto trend y baile de TikTok habr\u00e1s o\u00eddo hablar del \u00abpelo en pausa\u00bb. Aparece en miiiles de v\u00eddeos en nuestro \u2018para ti\u2019 pero, \u00bfsabes realmente qu\u00e9 es?\u00a0No te apures porque en Agrado Cosmetic te aclaramos todas las dudas sobre esta tendencia viral y te contamos nuestros mejores tips para evitar que te [&hellip;]<\/p>\n","protected":false},"author":9,"featured_media":21245,"comment_status":"open","ping_status":"closed","sticky":false,"template":"","format":"standard","meta":{"footnotes":"","_wp_rev_ctl_limit":""},"categories":[509,1],"tags":[577,569,563,609,611,613,599],"class_list":["post-20392","post","type-post","status-publish","format-standard","has-post-thumbnail","hentry","category-capilar-en","category-todos","tag-agrado-cosmetic-en","tag-cabello-en","tag-capilar-en","tag-cuidado-del-cabello-en","tag-keratina-en","tag-pelo-en-pausa-en","tag-tips-en"],"yoast_head":"<!-- This site is optimized with the Yoast SEO plugin v27.4 - https:\/\/yoast.com\/product\/yoast-seo-wordpress\/ -->\n<title>Pelo en pausa: qu\u00e9 es y c\u00f3mo evitarlo - Agrado Cosmetic<\/title>\n<meta name=\"description\" content=\"\u00bfHas o\u00eddo hablar del &quot;pelo en pausa&quot;? \u00bfCrees que te pasa? Te contamos todo lo que necesitas saber sobre la expresi\u00f3n de moda.\" \/>\n<meta name=\"robots\" content=\"index, follow, max-snippet:-1, max-image-preview:large, max-video-preview:-1\" \/>\n<link rel=\"canonical\" href=\"https:\/\/agradocosmetic.com\/fr\/pelo-en-pausa-que-es-y-como-evitar-que-te-pase-agrado-cosmetic\/\" \/>\n<meta property=\"og:locale\" content=\"fr_FR\" \/>\n<meta property=\"og:type\" content=\"article\" \/>\n<meta property=\"og:title\" content=\"Pelo en pausa: qu\u00e9 es y c\u00f3mo evitarlo - Agrado Cosmetic\" \/>\n<meta property=\"og:description\" content=\"\u00bfHas o\u00eddo hablar del &quot;pelo en pausa&quot;? \u00bfCrees que te pasa? Te contamos todo lo que necesitas saber sobre la expresi\u00f3n de moda.\" \/>\n<meta property=\"og:url\" content=\"https:\/\/agradocosmetic.com\/fr\/pelo-en-pausa-que-es-y-como-evitar-que-te-pase-agrado-cosmetic\/\" \/>\n<meta property=\"og:site_name\" content=\"Agrado\" \/>\n<meta property=\"article:published_time\" content=\"2023-01-23T09:39:44+00:00\" \/>\n<meta property=\"article:modified_time\" content=\"2023-11-18T16:58:48+00:00\" \/>\n<meta property=\"og:image\" content=\"https:\/\/agradocosmetic.com\/wp-content\/uploads\/2023\/01\/champu-agrado.jpg\" \/>\n\t<meta property=\"og:image:width\" content=\"1200\" \/>\n\t<meta property=\"og:image:height\" content=\"800\" \/>\n\t<meta property=\"og:image:type\" content=\"image\/jpeg\" \/>\n<meta name=\"author\" content=\"agradocosmetic\" \/>\n<meta name=\"twitter:card\" content=\"summary_large_image\" \/>\n<meta name=\"twitter:label1\" content=\"\u00c9crit par\" \/>\n\t<meta name=\"twitter:data1\" content=\"agradocosmetic\" \/>\n\t<meta name=\"twitter:label2\" content=\"Dur\u00e9e de lecture estim\u00e9e\" \/>\n\t<meta name=\"twitter:data2\" content=\"3 minutes\" \/>\n<script type=\"application\/ld+json\" class=\"yoast-schema-graph\">{\"@context\":\"https:\\\/\\\/schema.org\",\"@graph\":[{\"@type\":\"Article\",\"@id\":\"https:\\\/\\\/agradocosmetic.com\\\/pelo-en-pausa-que-es-y-como-evitar-que-te-pase-agrado-cosmetic\\\/#article\",\"isPartOf\":{\"@id\":\"https:\\\/\\\/agradocosmetic.com\\\/pelo-en-pausa-que-es-y-como-evitar-que-te-pase-agrado-cosmetic\\\/\"},\"author\":{\"name\":\"agradocosmetic\",\"@id\":\"https:\\\/\\\/agradocosmetic.com\\\/#\\\/schema\\\/person\\\/732e8d396022e25f9340196f83d6789d\"},\"headline\":\"Pelo en pausa: qu\u00e9 es y c\u00f3mo evitar que te pase\",\"datePublished\":\"2023-01-23T09:39:44+00:00\",\"dateModified\":\"2023-11-18T16:58:48+00:00\",\"mainEntityOfPage\":{\"@id\":\"https:\\\/\\\/agradocosmetic.com\\\/pelo-en-pausa-que-es-y-como-evitar-que-te-pase-agrado-cosmetic\\\/\"},\"wordCount\":586,\"commentCount\":0,\"publisher\":{\"@id\":\"https:\\\/\\\/agradocosmetic.com\\\/#organization\"},\"image\":{\"@id\":\"https:\\\/\\\/agradocosmetic.com\\\/pelo-en-pausa-que-es-y-como-evitar-que-te-pase-agrado-cosmetic\\\/#primaryimage\"},\"thumbnailUrl\":\"https:\\\/\\\/agradocosmetic.com\\\/wp-content\\\/uploads\\\/2023\\\/01\\\/champu-agrado.jpg\",\"keywords\":[\"agrado cosmetic\",\"cabello\",\"capilar\",\"cuidado del cabello\",\"keratina\",\"pelo en pausa\",\"tips\"],\"articleSection\":[\"Capilar\",\"Todos\"],\"inLanguage\":\"fr-FR\",\"potentialAction\":[{\"@type\":\"CommentAction\",\"name\":\"Comment\",\"target\":[\"https:\\\/\\\/agradocosmetic.com\\\/pelo-en-pausa-que-es-y-como-evitar-que-te-pase-agrado-cosmetic\\\/#respond\"]}]},{\"@type\":\"WebPage\",\"@id\":\"https:\\\/\\\/agradocosmetic.com\\\/pelo-en-pausa-que-es-y-como-evitar-que-te-pase-agrado-cosmetic\\\/\",\"url\":\"https:\\\/\\\/agradocosmetic.com\\\/pelo-en-pausa-que-es-y-como-evitar-que-te-pase-agrado-cosmetic\\\/\",\"name\":\"Pelo en pausa: qu\u00e9 es y c\u00f3mo evitarlo - Agrado Cosmetic\",\"isPartOf\":{\"@id\":\"https:\\\/\\\/agradocosmetic.com\\\/#website\"},\"primaryImageOfPage\":{\"@id\":\"https:\\\/\\\/agradocosmetic.com\\\/pelo-en-pausa-que-es-y-como-evitar-que-te-pase-agrado-cosmetic\\\/#primaryimage\"},\"image\":{\"@id\":\"https:\\\/\\\/agradocosmetic.com\\\/pelo-en-pausa-que-es-y-como-evitar-que-te-pase-agrado-cosmetic\\\/#primaryimage\"},\"thumbnailUrl\":\"https:\\\/\\\/agradocosmetic.com\\\/wp-content\\\/uploads\\\/2023\\\/01\\\/champu-agrado.jpg\",\"datePublished\":\"2023-01-23T09:39:44+00:00\",\"dateModified\":\"2023-11-18T16:58:48+00:00\",\"description\":\"\u00bfHas o\u00eddo hablar del \\\"pelo en pausa\\\"? \u00bfCrees que te pasa? Te contamos todo lo que necesitas saber sobre la expresi\u00f3n de moda.\",\"breadcrumb\":{\"@id\":\"https:\\\/\\\/agradocosmetic.com\\\/pelo-en-pausa-que-es-y-como-evitar-que-te-pase-agrado-cosmetic\\\/#breadcrumb\"},\"inLanguage\":\"fr-FR\",\"potentialAction\":[{\"@type\":\"ReadAction\",\"target\":[\"https:\\\/\\\/agradocosmetic.com\\\/pelo-en-pausa-que-es-y-como-evitar-que-te-pase-agrado-cosmetic\\\/\"]}]},{\"@type\":\"ImageObject\",\"inLanguage\":\"fr-FR\",\"@id\":\"https:\\\/\\\/agradocosmetic.com\\\/pelo-en-pausa-que-es-y-como-evitar-que-te-pase-agrado-cosmetic\\\/#primaryimage\",\"url\":\"https:\\\/\\\/agradocosmetic.com\\\/wp-content\\\/uploads\\\/2023\\\/01\\\/champu-agrado.jpg\",\"contentUrl\":\"https:\\\/\\\/agradocosmetic.com\\\/wp-content\\\/uploads\\\/2023\\\/01\\\/champu-agrado.jpg\",\"width\":1200,\"height\":800},{\"@type\":\"BreadcrumbList\",\"@id\":\"https:\\\/\\\/agradocosmetic.com\\\/pelo-en-pausa-que-es-y-como-evitar-que-te-pase-agrado-cosmetic\\\/#breadcrumb\",\"itemListElement\":[{\"@type\":\"ListItem\",\"position\":1,\"name\":\"Portada\",\"item\":\"https:\\\/\\\/agradocosmetic.com\\\/\"},{\"@type\":\"ListItem\",\"position\":2,\"name\":\"Pelo en pausa: qu\u00e9 es y c\u00f3mo evitar que te pase\"}]},{\"@type\":\"WebSite\",\"@id\":\"https:\\\/\\\/agradocosmetic.com\\\/#website\",\"url\":\"https:\\\/\\\/agradocosmetic.com\\\/\",\"name\":\"Agrado\",\"description\":\"Cosmetic\",\"publisher\":{\"@id\":\"https:\\\/\\\/agradocosmetic.com\\\/#organization\"},\"potentialAction\":[{\"@type\":\"SearchAction\",\"target\":{\"@type\":\"EntryPoint\",\"urlTemplate\":\"https:\\\/\\\/agradocosmetic.com\\\/?s={search_term_string}\"},\"query-input\":{\"@type\":\"PropertyValueSpecification\",\"valueRequired\":true,\"valueName\":\"search_term_string\"}}],\"inLanguage\":\"fr-FR\"},{\"@type\":\"Organization\",\"@id\":\"https:\\\/\\\/agradocosmetic.com\\\/#organization\",\"name\":\"Agrado\",\"url\":\"https:\\\/\\\/agradocosmetic.com\\\/\",\"logo\":{\"@type\":\"ImageObject\",\"inLanguage\":\"fr-FR\",\"@id\":\"https:\\\/\\\/agradocosmetic.com\\\/#\\\/schema\\\/logo\\\/image\\\/\",\"url\":\"https:\\\/\\\/agradocosmetic.com\\\/wp-content\\\/uploads\\\/2023\\\/07\\\/LOGO-AGRADO-WEB-01.png\",\"contentUrl\":\"https:\\\/\\\/agradocosmetic.com\\\/wp-content\\\/uploads\\\/2023\\\/07\\\/LOGO-AGRADO-WEB-01.png\",\"width\":1632,\"height\":300,\"caption\":\"Agrado\"},\"image\":{\"@id\":\"https:\\\/\\\/agradocosmetic.com\\\/#\\\/schema\\\/logo\\\/image\\\/\"}},{\"@type\":\"Person\",\"@id\":\"https:\\\/\\\/agradocosmetic.com\\\/#\\\/schema\\\/person\\\/732e8d396022e25f9340196f83d6789d\",\"name\":\"agradocosmetic\",\"image\":{\"@type\":\"ImageObject\",\"inLanguage\":\"fr-FR\",\"@id\":\"https:\\\/\\\/secure.gravatar.com\\\/avatar\\\/c6003e45301182b7e125463fcbec403b1980909c12edf09098526b9a15e779c0?s=96&d=mm&r=g\",\"url\":\"https:\\\/\\\/secure.gravatar.com\\\/avatar\\\/c6003e45301182b7e125463fcbec403b1980909c12edf09098526b9a15e779c0?s=96&d=mm&r=g\",\"contentUrl\":\"https:\\\/\\\/secure.gravatar.com\\\/avatar\\\/c6003e45301182b7e125463fcbec403b1980909c12edf09098526b9a15e779c0?s=96&d=mm&r=g\",\"caption\":\"agradocosmetic\"}}]}<\/script>\n<!-- \/ Yoast SEO plugin. -->","yoast_head_json":{"title":"Pelo en pausa: qu\u00e9 es y c\u00f3mo evitarlo - Agrado Cosmetic","description":"\u00bfHas o\u00eddo hablar del \"pelo en pausa\"? \u00bfCrees que te pasa? Te contamos todo lo que necesitas saber sobre la expresi\u00f3n de moda.","robots":{"index":"index","follow":"follow","max-snippet":"max-snippet:-1","max-image-preview":"max-image-preview:large","max-video-preview":"max-video-preview:-1"},"canonical":"https:\/\/agradocosmetic.com\/fr\/pelo-en-pausa-que-es-y-como-evitar-que-te-pase-agrado-cosmetic\/","og_locale":"fr_FR","og_type":"article","og_title":"Pelo en pausa: qu\u00e9 es y c\u00f3mo evitarlo - Agrado Cosmetic","og_description":"\u00bfHas o\u00eddo hablar del \"pelo en pausa\"? \u00bfCrees que te pasa? Te contamos todo lo que necesitas saber sobre la expresi\u00f3n de moda.","og_url":"https:\/\/agradocosmetic.com\/fr\/pelo-en-pausa-que-es-y-como-evitar-que-te-pase-agrado-cosmetic\/","og_site_name":"Agrado","article_published_time":"2023-01-23T09:39:44+00:00","article_modified_time":"2023-11-18T16:58:48+00:00","og_image":[{"width":1200,"height":800,"url":"https:\/\/agradocosmetic.com\/wp-content\/uploads\/2023\/01\/champu-agrado.jpg","type":"image\/jpeg"}],"author":"agradocosmetic","twitter_card":"summary_large_image","twitter_misc":{"\u00c9crit par":"agradocosmetic","Dur\u00e9e de lecture estim\u00e9e":"3 minutes"},"schema":{"@context":"https:\/\/schema.org","@graph":[{"@type":"Article","@id":"https:\/\/agradocosmetic.com\/pelo-en-pausa-que-es-y-como-evitar-que-te-pase-agrado-cosmetic\/#article","isPartOf":{"@id":"https:\/\/agradocosmetic.com\/pelo-en-pausa-que-es-y-como-evitar-que-te-pase-agrado-cosmetic\/"},"author":{"name":"agradocosmetic","@id":"https:\/\/agradocosmetic.com\/#\/schema\/person\/732e8d396022e25f9340196f83d6789d"},"headline":"Pelo en pausa: qu\u00e9 es y c\u00f3mo evitar que te pase","datePublished":"2023-01-23T09:39:44+00:00","dateModified":"2023-11-18T16:58:48+00:00","mainEntityOfPage":{"@id":"https:\/\/agradocosmetic.com\/pelo-en-pausa-que-es-y-como-evitar-que-te-pase-agrado-cosmetic\/"},"wordCount":586,"commentCount":0,"publisher":{"@id":"https:\/\/agradocosmetic.com\/#organization"},"image":{"@id":"https:\/\/agradocosmetic.com\/pelo-en-pausa-que-es-y-como-evitar-que-te-pase-agrado-cosmetic\/#primaryimage"},"thumbnailUrl":"https:\/\/agradocosmetic.com\/wp-content\/uploads\/2023\/01\/champu-agrado.jpg","keywords":["agrado cosmetic","cabello","capilar","cuidado del cabello","keratina","pelo en pausa","tips"],"articleSection":["Capilar","Todos"],"inLanguage":"fr-FR","potentialAction":[{"@type":"CommentAction","name":"Comment","target":["https:\/\/agradocosmetic.com\/pelo-en-pausa-que-es-y-como-evitar-que-te-pase-agrado-cosmetic\/#respond"]}]},{"@type":"WebPage","@id":"https:\/\/agradocosmetic.com\/pelo-en-pausa-que-es-y-como-evitar-que-te-pase-agrado-cosmetic\/","url":"https:\/\/agradocosmetic.com\/pelo-en-pausa-que-es-y-como-evitar-que-te-pase-agrado-cosmetic\/","name":"Pelo en pausa: qu\u00e9 es y c\u00f3mo evitarlo - Agrado Cosmetic","isPartOf":{"@id":"https:\/\/agradocosmetic.com\/#website"},"primaryImageOfPage":{"@id":"https:\/\/agradocosmetic.com\/pelo-en-pausa-que-es-y-como-evitar-que-te-pase-agrado-cosmetic\/#primaryimage"},"image":{"@id":"https:\/\/agradocosmetic.com\/pelo-en-pausa-que-es-y-como-evitar-que-te-pase-agrado-cosmetic\/#primaryimage"},"thumbnailUrl":"https:\/\/agradocosmetic.com\/wp-content\/uploads\/2023\/01\/champu-agrado.jpg","datePublished":"2023-01-23T09:39:44+00:00","dateModified":"2023-11-18T16:58:48+00:00","description":"\u00bfHas o\u00eddo hablar del \"pelo en pausa\"? \u00bfCrees que te pasa? Te contamos todo lo que necesitas saber sobre la expresi\u00f3n de moda.","breadcrumb":{"@id":"https:\/\/agradocosmetic.com\/pelo-en-pausa-que-es-y-como-evitar-que-te-pase-agrado-cosmetic\/#breadcrumb"},"inLanguage":"fr-FR","potentialAction":[{"@type":"ReadAction","target":["https:\/\/agradocosmetic.com\/pelo-en-pausa-que-es-y-como-evitar-que-te-pase-agrado-cosmetic\/"]}]},{"@type":"ImageObject","inLanguage":"fr-FR","@id":"https:\/\/agradocosmetic.com\/pelo-en-pausa-que-es-y-como-evitar-que-te-pase-agrado-cosmetic\/#primaryimage","url":"https:\/\/agradocosmetic.com\/wp-content\/uploads\/2023\/01\/champu-agrado.jpg","contentUrl":"https:\/\/agradocosmetic.com\/wp-content\/uploads\/2023\/01\/champu-agrado.jpg","width":1200,"height":800},{"@type":"BreadcrumbList","@id":"https:\/\/agradocosmetic.com\/pelo-en-pausa-que-es-y-como-evitar-que-te-pase-agrado-cosmetic\/#breadcrumb","itemListElement":[{"@type":"ListItem","position":1,"name":"Portada","item":"https:\/\/agradocosmetic.com\/"},{"@type":"ListItem","position":2,"name":"Pelo en pausa: qu\u00e9 es y c\u00f3mo evitar que te pase"}]},{"@type":"WebSite","@id":"https:\/\/agradocosmetic.com\/#website","url":"https:\/\/agradocosmetic.com\/","name":"Aimer","description":"cosm\u00e9tique","publisher":{"@id":"https:\/\/agradocosmetic.com\/#organization"},"potentialAction":[{"@type":"SearchAction","target":{"@type":"EntryPoint","urlTemplate":"https:\/\/agradocosmetic.com\/?s={search_term_string}"},"query-input":{"@type":"PropertyValueSpecification","valueRequired":true,"valueName":"search_term_string"}}],"inLanguage":"fr-FR"},{"@type":"Organization","@id":"https:\/\/agradocosmetic.com\/#organization","name":"Aimer","url":"https:\/\/agradocosmetic.com\/","logo":{"@type":"ImageObject","inLanguage":"fr-FR","@id":"https:\/\/agradocosmetic.com\/#\/schema\/logo\/image\/","url":"https:\/\/agradocosmetic.com\/wp-content\/uploads\/2023\/07\/LOGO-AGRADO-WEB-01.png","contentUrl":"https:\/\/agradocosmetic.com\/wp-content\/uploads\/2023\/07\/LOGO-AGRADO-WEB-01.png","width":1632,"height":300,"caption":"Agrado"},"image":{"@id":"https:\/\/agradocosmetic.com\/#\/schema\/logo\/image\/"}},{"@type":"Person","@id":"https:\/\/agradocosmetic.com\/#\/schema\/person\/732e8d396022e25f9340196f83d6789d","name":"agradocosm\u00e9tique","image":{"@type":"ImageObject","inLanguage":"fr-FR","@id":"https:\/\/secure.gravatar.com\/avatar\/c6003e45301182b7e125463fcbec403b1980909c12edf09098526b9a15e779c0?s=96&d=mm&r=g","url":"https:\/\/secure.gravatar.com\/avatar\/c6003e45301182b7e125463fcbec403b1980909c12edf09098526b9a15e779c0?s=96&d=mm&r=g","contentUrl":"https:\/\/secure.gravatar.com\/avatar\/c6003e45301182b7e125463fcbec403b1980909c12edf09098526b9a15e779c0?s=96&d=mm&r=g","caption":"agradocosmetic"}}]}},"_links":{"self":[{"href":"https:\/\/agradocosmetic.com\/fr\/wp-json\/wp\/v2\/posts\/20392","targetHints":{"allow":["GET"]}}],"collection":[{"href":"https:\/\/agradocosmetic.com\/fr\/wp-json\/wp\/v2\/posts"}],"about":[{"href":"https:\/\/agradocosmetic.com\/fr\/wp-json\/wp\/v2\/types\/post"}],"author":[{"embeddable":true,"href":"https:\/\/agradocosmetic.com\/fr\/wp-json\/wp\/v2\/users\/9"}],"replies":[{"embeddable":true,"href":"https:\/\/agradocosmetic.com\/fr\/wp-json\/wp\/v2\/comments?post=20392"}],"version-history":[{"count":1,"href":"https:\/\/agradocosmetic.com\/fr\/wp-json\/wp\/v2\/posts\/20392\/revisions"}],"predecessor-version":[{"id":21246,"href":"https:\/\/agradocosmetic.com\/fr\/wp-json\/wp\/v2\/posts\/20392\/revisions\/21246"}],"wp:featuredmedia":[{"embeddable":true,"href":"https:\/\/agradocosmetic.com\/fr\/wp-json\/wp\/v2\/media\/21245"}],"wp:attachment":[{"href":"https:\/\/agradocosmetic.com\/fr\/wp-json\/wp\/v2\/media?parent=20392"}],"wp:term":[{"taxonomy":"category","embeddable":true,"href":"https:\/\/agradocosmetic.com\/fr\/wp-json\/wp\/v2\/categories?post=20392"},{"taxonomy":"post_tag","embeddable":true,"href":"https:\/\/agradocosmetic.com\/fr\/wp-json\/wp\/v2\/tags?post=20392"}],"curies":[{"name":"wp","href":"https:\/\/api.w.org\/{rel}","templated":true}]}}