{"id":20441,"date":"2023-02-08T18:26:16","date_gmt":"2023-02-08T17:26:16","guid":{"rendered":"https:\/\/www.agradocosmetic.com\/?p=20441"},"modified":"2023-11-18T16:58:48","modified_gmt":"2023-11-18T16:58:48","slug":"la-importancia-de-las-emociones-en-tu-piel-agrado-cosmetic","status":"publish","type":"post","link":"https:\/\/agradocosmetic.com\/fr\/la-importancia-de-las-emociones-en-tu-piel-agrado-cosmetic\/","title":{"rendered":"L&#039;importance des \u00e9motions sur votre peau"},"content":{"rendered":"<p>Savez-vous que les sentiments ont un grand impact sur la peau ? Notre visage est son reflet. Et m\u00eame si nous avons toujours \u00e9t\u00e9 sensibilis\u00e9s \u00e0 l\u2019importance du sommeil et du repos, nous devons aussi porter une attention particuli\u00e8re \u00e0 notre \u00e9tat d\u2019esprit. Parce que se sentir bien \u00e0 l\u2019int\u00e9rieur, c\u2019est aussi bien \u00e0 l\u2019ext\u00e9rieur. Nous vous donnons donc dans cet article les cl\u00e9s pour comprendre l\u2019importance que les \u00e9motions ont sur votre peau.<\/p>\r\n\r\n\r\n\r\n<h3 class=\"wp-block-heading\">QUELLES \u00c9MOTIONS SE REFL\u00c8TENT LE PLUS SUR LA PEAU ?<\/h3>\r\n\r\n\r\n\r\n<p>La peau est l&#039;un des organes du corps dot\u00e9 du plus grand nombre de r\u00e9cepteurs nerveux et est capable de refl\u00e9ter le calme, le stress, la jouissance, la terreur... Des dizaines d&#039;\u00e9motions sont ext\u00e9rioris\u00e9es, mais selon le docteur Fern\u00e1ndez \u00c1lvarez, celles qui ont le plus d&#039;impact sont les suivantes :<\/p>\r\n\r\n\r\n\r\n<ul class=\"wp-block-list\">\r\n<li><strong>Le stress<\/strong>: La tension accumul\u00e9e jour apr\u00e8s jour \u00e0 cause du travail, ainsi que l&#039;\u00e9puisement mental, peuvent provoquer une aggravation de l&#039;acn\u00e9, de la dermatite s\u00e9borrh\u00e9ique ou de l&#039;ecz\u00e9ma. De plus, il favorise l\u2019apparition des rides d\u2019expression.<\/li>\r\n\r\n\r\n\r\n<li><strong>La tristesse<\/strong>: Cette sensation entra\u00eene un manque de sommeil et une n\u00e9gligence de sa propre image, d&#039;o\u00f9 l&#039;apparition de cernes, de rides d&#039;expression, d&#039;une perte de luminosit\u00e9 et d&#039;\u00e9lasticit\u00e9 de la peau...<\/li>\r\n\r\n\r\n\r\n<li><strong>L&#039;irritation<\/strong>: Dans cet \u00e9tat, notre peau subit un vieillissement pr\u00e9matur\u00e9 profond qui entra\u00eene de nouvelles rides ou ridules d&#039;expression.<\/li>\r\n\r\n\r\n\r\n<li><strong>Le bonheur<\/strong>: Tous les sentiments n&#039;ont pas un impact n\u00e9gatif... Le bonheur apporte de grands bienfaits \u00e0 notre peau. Gr\u00e2ce \u00e0 la dopamine, \u00e0 l&#039;endorphine et \u00e0 la s\u00e9rotonine que nous lib\u00e9rons lorsque nous sommes heureux, notre peau para\u00eet plus \u00e9clatante. De plus, nous pr\u00e9venons le vieillissement pr\u00e9matur\u00e9 et diff\u00e9rentes maladies de peau.<\/li>\r\n<\/ul>\r\n\r\n\r\n\r\n<p>Il convient de noter que plusieurs \u00e9tudes dermatologiques ont montr\u00e9 que m\u00eame les maladies cutan\u00e9es 80% ont une origine psychosomatique, c&#039;est-\u00e0-dire qu&#039;elles sont associ\u00e9es \u00e0 des facteurs psychologiques. C\u2019est pour cette raison qu\u2019il est si important de prendre soin de notre sant\u00e9 mentale, car nous prot\u00e9geons ainsi \u00e9galement notre sant\u00e9 physique.<\/p>\r\n\r\n\r\n\r\n<h3 class=\"wp-block-heading\">NOUS AVONS LA SOLUTION !<\/h3>\r\n\r\n\r\n\r\n<p>Vous savez d\u00e9j\u00e0 que l\u2019id\u00e9al pour avoir une peau saine est de se sentir calme et heureux, mais maintenir continuellement cette humeur peut \u00eatre tout un d\u00e9fi. Si vous sentez que votre peau est terne \u00e0 cause du stress, de la faiblesse ou de la fatigue du quotidien, nous avons une solution tr\u00e8s simple mais tr\u00e8s efficace qui vous aidera \u00e0 remarquer la diff\u00e9rence : une bonne routine du visage.<\/p>\r\n\r\n\r\n\r\n<p>La premi\u00e8re \u00e9tape pour obtenir une peau plus saine est de la nettoyer en profondeur. Vous pouvez utiliser le <a href=\"https:\/\/agradocosmetic.com\/fr\/producto\/agua-micelar-desmaquillante-400ml\/\" target=\"_blank\" rel=\"noreferrer noopener\">Eau Micellaire D\u00e9maquillante Agrado<\/a> et continuez avec le <a href=\"https:\/\/agradocosmetic.com\/fr\/producto\/leche-limpiadora\/\" target=\"_blank\" rel=\"noreferrer noopener\">Lait D\u00e9maquillant Agrado<\/a>. Les deux produits vous aideront \u00e0 nettoyer, d\u00e9maquiller et tonifier votre peau. Ensuite, vous pouvez continuer avec le <a href=\"https:\/\/agradocosmetic.com\/fr\/producto\/tonico-facial\/\" target=\"_blank\" rel=\"noreferrer noopener\">Tonique agr\u00e9able pour le visage<\/a>, ce qui \u00e9liminera les \u00e9ventuelles impuret\u00e9s qui auraient pu rester. Pour finir, un de nos pr\u00e9f\u00e9r\u00e9s : le <a href=\"https:\/\/agradocosmetic.com\/fr\/producto\/bruma-facial-solar-spf50\/\" target=\"_blank\" rel=\"noreferrer noopener\">Brume Solaire Agr\u00e9able pour le Visage<\/a>. En format spray au toucher sec, rapidement absorb\u00e9 et applicable sur le maquillage, il est devenu un incontournable de notre trousse de maquillage. Et pr\u00eat! Une peau \u00e9clatante en seulement 10 minutes.<\/p>\r\n\r\n\r\n\r\n<p>Et au cas o\u00f9 vous ne le sauriez pas... Ayez une routine de <em>soins de la peau<\/em> Cela augmente votre confiance et votre niveau d\u2019engagement envers vous-m\u00eame, alors \u00eates-vous partant\u00a0? Obtenez une peau saine et lumineuse avec la routine de <a href=\"https:\/\/agradocosmetic.com\/fr\/\" target=\"_blank\" rel=\"noreferrer noopener\">Agrado Cosm\u00e9tique<\/a>!<\/p>","protected":false},"excerpt":{"rendered":"<p>\u00bfSabes que los sentimientos tienen un gran impacto en la piel? Nuestro rostro es su reflejo. Y es que aunque siempre nos han concienciado sobre la importancia del sue\u00f1o y el descanso, tambi\u00e9n debemos prestar especial atenci\u00f3n a nuestro estado de \u00e1nimo. Porque sentirse bien por dentro es verse bien por fuera. Por ello, en [&hellip;]<\/p>\n","protected":false},"author":9,"featured_media":21243,"comment_status":"open","ping_status":"closed","sticky":false,"template":"","format":"standard","meta":{"footnotes":"","_wp_rev_ctl_limit":""},"categories":[519,1],"tags":[577,539,601,603,605,541,607],"class_list":["post-20441","post","type-post","status-publish","format-standard","has-post-thumbnail","hentry","category-facial-en-todos","category-todos","tag-agrado-cosmetic-en","tag-cuidado-de-la-piel-en","tag-emociones-en","tag-emociones-de-tu-piel-en","tag-hidratacion-en","tag-piel-en","tag-rostro-en"],"yoast_head":"<!-- This site is optimized with the Yoast SEO plugin v27.4 - https:\/\/yoast.com\/product\/yoast-seo-wordpress\/ -->\n<title>La importancia de las emociones en tu piel - Agrado<\/title>\n<meta name=\"description\" content=\"\u00bfSabes la importancia de las emociones en tu piel? Tener un rostro radiante no es solo debido a los productos que usas, \u00a1qu\u00e9date leyendo!\" \/>\n<meta name=\"robots\" content=\"index, follow, max-snippet:-1, max-image-preview:large, max-video-preview:-1\" \/>\n<link rel=\"canonical\" href=\"https:\/\/agradocosmetic.com\/fr\/la-importancia-de-las-emociones-en-tu-piel-agrado-cosmetic\/\" \/>\n<meta property=\"og:locale\" content=\"fr_FR\" \/>\n<meta property=\"og:type\" content=\"article\" \/>\n<meta property=\"og:title\" content=\"La importancia de las emociones en tu piel - Agrado\" \/>\n<meta property=\"og:description\" content=\"\u00bfSabes la importancia de las emociones en tu piel? Tener un rostro radiante no es solo debido a los productos que usas, \u00a1qu\u00e9date leyendo!\" \/>\n<meta property=\"og:url\" content=\"https:\/\/agradocosmetic.com\/fr\/la-importancia-de-las-emociones-en-tu-piel-agrado-cosmetic\/\" \/>\n<meta property=\"og:site_name\" content=\"Agrado\" \/>\n<meta property=\"article:published_time\" content=\"2023-02-08T17:26:16+00:00\" \/>\n<meta property=\"article:modified_time\" content=\"2023-11-18T16:58:48+00:00\" \/>\n<meta property=\"og:image\" content=\"https:\/\/agradocosmetic.com\/wp-content\/uploads\/2023\/02\/emociones-de-la-piel-agrado.jpg\" \/>\n\t<meta property=\"og:image:width\" content=\"1200\" \/>\n\t<meta property=\"og:image:height\" content=\"800\" \/>\n\t<meta property=\"og:image:type\" content=\"image\/jpeg\" \/>\n<meta name=\"author\" content=\"agradocosmetic\" \/>\n<meta name=\"twitter:card\" content=\"summary_large_image\" \/>\n<meta name=\"twitter:label1\" content=\"\u00c9crit par\" \/>\n\t<meta name=\"twitter:data1\" content=\"agradocosmetic\" \/>\n\t<meta name=\"twitter:label2\" content=\"Dur\u00e9e de lecture estim\u00e9e\" \/>\n\t<meta name=\"twitter:data2\" content=\"3 minutes\" \/>\n<script type=\"application\/ld+json\" class=\"yoast-schema-graph\">{\"@context\":\"https:\\\/\\\/schema.org\",\"@graph\":[{\"@type\":\"Article\",\"@id\":\"https:\\\/\\\/agradocosmetic.com\\\/la-importancia-de-las-emociones-en-tu-piel-agrado-cosmetic\\\/#article\",\"isPartOf\":{\"@id\":\"https:\\\/\\\/agradocosmetic.com\\\/la-importancia-de-las-emociones-en-tu-piel-agrado-cosmetic\\\/\"},\"author\":{\"name\":\"agradocosmetic\",\"@id\":\"https:\\\/\\\/agradocosmetic.com\\\/#\\\/schema\\\/person\\\/732e8d396022e25f9340196f83d6789d\"},\"headline\":\"La importancia de las emociones en tu piel\",\"datePublished\":\"2023-02-08T17:26:16+00:00\",\"dateModified\":\"2023-11-18T16:58:48+00:00\",\"mainEntityOfPage\":{\"@id\":\"https:\\\/\\\/agradocosmetic.com\\\/la-importancia-de-las-emociones-en-tu-piel-agrado-cosmetic\\\/\"},\"wordCount\":566,\"commentCount\":0,\"publisher\":{\"@id\":\"https:\\\/\\\/agradocosmetic.com\\\/#organization\"},\"image\":{\"@id\":\"https:\\\/\\\/agradocosmetic.com\\\/la-importancia-de-las-emociones-en-tu-piel-agrado-cosmetic\\\/#primaryimage\"},\"thumbnailUrl\":\"https:\\\/\\\/agradocosmetic.com\\\/wp-content\\\/uploads\\\/2023\\\/02\\\/emociones-de-la-piel-agrado.jpg\",\"keywords\":[\"agrado cosmetic\",\"cuidado de la piel\",\"emociones\",\"emociones de tu piel\",\"hidrataci\u00f3n\",\"piel\",\"rostro\"],\"articleSection\":[\"Facial\",\"Todos\"],\"inLanguage\":\"fr-FR\",\"potentialAction\":[{\"@type\":\"CommentAction\",\"name\":\"Comment\",\"target\":[\"https:\\\/\\\/agradocosmetic.com\\\/la-importancia-de-las-emociones-en-tu-piel-agrado-cosmetic\\\/#respond\"]}]},{\"@type\":\"WebPage\",\"@id\":\"https:\\\/\\\/agradocosmetic.com\\\/la-importancia-de-las-emociones-en-tu-piel-agrado-cosmetic\\\/\",\"url\":\"https:\\\/\\\/agradocosmetic.com\\\/la-importancia-de-las-emociones-en-tu-piel-agrado-cosmetic\\\/\",\"name\":\"La importancia de las emociones en tu piel - Agrado\",\"isPartOf\":{\"@id\":\"https:\\\/\\\/agradocosmetic.com\\\/#website\"},\"primaryImageOfPage\":{\"@id\":\"https:\\\/\\\/agradocosmetic.com\\\/la-importancia-de-las-emociones-en-tu-piel-agrado-cosmetic\\\/#primaryimage\"},\"image\":{\"@id\":\"https:\\\/\\\/agradocosmetic.com\\\/la-importancia-de-las-emociones-en-tu-piel-agrado-cosmetic\\\/#primaryimage\"},\"thumbnailUrl\":\"https:\\\/\\\/agradocosmetic.com\\\/wp-content\\\/uploads\\\/2023\\\/02\\\/emociones-de-la-piel-agrado.jpg\",\"datePublished\":\"2023-02-08T17:26:16+00:00\",\"dateModified\":\"2023-11-18T16:58:48+00:00\",\"description\":\"\u00bfSabes la importancia de las emociones en tu piel? Tener un rostro radiante no es solo debido a los productos que usas, \u00a1qu\u00e9date leyendo!\",\"breadcrumb\":{\"@id\":\"https:\\\/\\\/agradocosmetic.com\\\/la-importancia-de-las-emociones-en-tu-piel-agrado-cosmetic\\\/#breadcrumb\"},\"inLanguage\":\"fr-FR\",\"potentialAction\":[{\"@type\":\"ReadAction\",\"target\":[\"https:\\\/\\\/agradocosmetic.com\\\/la-importancia-de-las-emociones-en-tu-piel-agrado-cosmetic\\\/\"]}]},{\"@type\":\"ImageObject\",\"inLanguage\":\"fr-FR\",\"@id\":\"https:\\\/\\\/agradocosmetic.com\\\/la-importancia-de-las-emociones-en-tu-piel-agrado-cosmetic\\\/#primaryimage\",\"url\":\"https:\\\/\\\/agradocosmetic.com\\\/wp-content\\\/uploads\\\/2023\\\/02\\\/emociones-de-la-piel-agrado.jpg\",\"contentUrl\":\"https:\\\/\\\/agradocosmetic.com\\\/wp-content\\\/uploads\\\/2023\\\/02\\\/emociones-de-la-piel-agrado.jpg\",\"width\":1200,\"height\":800},{\"@type\":\"BreadcrumbList\",\"@id\":\"https:\\\/\\\/agradocosmetic.com\\\/la-importancia-de-las-emociones-en-tu-piel-agrado-cosmetic\\\/#breadcrumb\",\"itemListElement\":[{\"@type\":\"ListItem\",\"position\":1,\"name\":\"Portada\",\"item\":\"https:\\\/\\\/agradocosmetic.com\\\/\"},{\"@type\":\"ListItem\",\"position\":2,\"name\":\"La importancia de las emociones en tu piel\"}]},{\"@type\":\"WebSite\",\"@id\":\"https:\\\/\\\/agradocosmetic.com\\\/#website\",\"url\":\"https:\\\/\\\/agradocosmetic.com\\\/\",\"name\":\"Agrado\",\"description\":\"Cosmetic\",\"publisher\":{\"@id\":\"https:\\\/\\\/agradocosmetic.com\\\/#organization\"},\"potentialAction\":[{\"@type\":\"SearchAction\",\"target\":{\"@type\":\"EntryPoint\",\"urlTemplate\":\"https:\\\/\\\/agradocosmetic.com\\\/?s={search_term_string}\"},\"query-input\":{\"@type\":\"PropertyValueSpecification\",\"valueRequired\":true,\"valueName\":\"search_term_string\"}}],\"inLanguage\":\"fr-FR\"},{\"@type\":\"Organization\",\"@id\":\"https:\\\/\\\/agradocosmetic.com\\\/#organization\",\"name\":\"Agrado\",\"url\":\"https:\\\/\\\/agradocosmetic.com\\\/\",\"logo\":{\"@type\":\"ImageObject\",\"inLanguage\":\"fr-FR\",\"@id\":\"https:\\\/\\\/agradocosmetic.com\\\/#\\\/schema\\\/logo\\\/image\\\/\",\"url\":\"https:\\\/\\\/agradocosmetic.com\\\/wp-content\\\/uploads\\\/2023\\\/07\\\/LOGO-AGRADO-WEB-01.png\",\"contentUrl\":\"https:\\\/\\\/agradocosmetic.com\\\/wp-content\\\/uploads\\\/2023\\\/07\\\/LOGO-AGRADO-WEB-01.png\",\"width\":1632,\"height\":300,\"caption\":\"Agrado\"},\"image\":{\"@id\":\"https:\\\/\\\/agradocosmetic.com\\\/#\\\/schema\\\/logo\\\/image\\\/\"}},{\"@type\":\"Person\",\"@id\":\"https:\\\/\\\/agradocosmetic.com\\\/#\\\/schema\\\/person\\\/732e8d396022e25f9340196f83d6789d\",\"name\":\"agradocosmetic\",\"image\":{\"@type\":\"ImageObject\",\"inLanguage\":\"fr-FR\",\"@id\":\"https:\\\/\\\/secure.gravatar.com\\\/avatar\\\/c6003e45301182b7e125463fcbec403b1980909c12edf09098526b9a15e779c0?s=96&d=mm&r=g\",\"url\":\"https:\\\/\\\/secure.gravatar.com\\\/avatar\\\/c6003e45301182b7e125463fcbec403b1980909c12edf09098526b9a15e779c0?s=96&d=mm&r=g\",\"contentUrl\":\"https:\\\/\\\/secure.gravatar.com\\\/avatar\\\/c6003e45301182b7e125463fcbec403b1980909c12edf09098526b9a15e779c0?s=96&d=mm&r=g\",\"caption\":\"agradocosmetic\"}}]}<\/script>\n<!-- \/ Yoast SEO plugin. -->","yoast_head_json":{"title":"La importancia de las emociones en tu piel - Agrado","description":"\u00bfSabes la importancia de las emociones en tu piel? Tener un rostro radiante no es solo debido a los productos que usas, \u00a1qu\u00e9date leyendo!","robots":{"index":"index","follow":"follow","max-snippet":"max-snippet:-1","max-image-preview":"max-image-preview:large","max-video-preview":"max-video-preview:-1"},"canonical":"https:\/\/agradocosmetic.com\/fr\/la-importancia-de-las-emociones-en-tu-piel-agrado-cosmetic\/","og_locale":"fr_FR","og_type":"article","og_title":"La importancia de las emociones en tu piel - Agrado","og_description":"\u00bfSabes la importancia de las emociones en tu piel? Tener un rostro radiante no es solo debido a los productos que usas, \u00a1qu\u00e9date leyendo!","og_url":"https:\/\/agradocosmetic.com\/fr\/la-importancia-de-las-emociones-en-tu-piel-agrado-cosmetic\/","og_site_name":"Agrado","article_published_time":"2023-02-08T17:26:16+00:00","article_modified_time":"2023-11-18T16:58:48+00:00","og_image":[{"width":1200,"height":800,"url":"https:\/\/agradocosmetic.com\/wp-content\/uploads\/2023\/02\/emociones-de-la-piel-agrado.jpg","type":"image\/jpeg"}],"author":"agradocosmetic","twitter_card":"summary_large_image","twitter_misc":{"\u00c9crit par":"agradocosmetic","Dur\u00e9e de lecture estim\u00e9e":"3 minutes"},"schema":{"@context":"https:\/\/schema.org","@graph":[{"@type":"Article","@id":"https:\/\/agradocosmetic.com\/la-importancia-de-las-emociones-en-tu-piel-agrado-cosmetic\/#article","isPartOf":{"@id":"https:\/\/agradocosmetic.com\/la-importancia-de-las-emociones-en-tu-piel-agrado-cosmetic\/"},"author":{"name":"agradocosmetic","@id":"https:\/\/agradocosmetic.com\/#\/schema\/person\/732e8d396022e25f9340196f83d6789d"},"headline":"La importancia de las emociones en tu piel","datePublished":"2023-02-08T17:26:16+00:00","dateModified":"2023-11-18T16:58:48+00:00","mainEntityOfPage":{"@id":"https:\/\/agradocosmetic.com\/la-importancia-de-las-emociones-en-tu-piel-agrado-cosmetic\/"},"wordCount":566,"commentCount":0,"publisher":{"@id":"https:\/\/agradocosmetic.com\/#organization"},"image":{"@id":"https:\/\/agradocosmetic.com\/la-importancia-de-las-emociones-en-tu-piel-agrado-cosmetic\/#primaryimage"},"thumbnailUrl":"https:\/\/agradocosmetic.com\/wp-content\/uploads\/2023\/02\/emociones-de-la-piel-agrado.jpg","keywords":["agrado cosmetic","cuidado de la piel","emociones","emociones de tu piel","hidrataci\u00f3n","piel","rostro"],"articleSection":["Facial","Todos"],"inLanguage":"fr-FR","potentialAction":[{"@type":"CommentAction","name":"Comment","target":["https:\/\/agradocosmetic.com\/la-importancia-de-las-emociones-en-tu-piel-agrado-cosmetic\/#respond"]}]},{"@type":"WebPage","@id":"https:\/\/agradocosmetic.com\/la-importancia-de-las-emociones-en-tu-piel-agrado-cosmetic\/","url":"https:\/\/agradocosmetic.com\/la-importancia-de-las-emociones-en-tu-piel-agrado-cosmetic\/","name":"La importancia de las emociones en tu piel - Agrado","isPartOf":{"@id":"https:\/\/agradocosmetic.com\/#website"},"primaryImageOfPage":{"@id":"https:\/\/agradocosmetic.com\/la-importancia-de-las-emociones-en-tu-piel-agrado-cosmetic\/#primaryimage"},"image":{"@id":"https:\/\/agradocosmetic.com\/la-importancia-de-las-emociones-en-tu-piel-agrado-cosmetic\/#primaryimage"},"thumbnailUrl":"https:\/\/agradocosmetic.com\/wp-content\/uploads\/2023\/02\/emociones-de-la-piel-agrado.jpg","datePublished":"2023-02-08T17:26:16+00:00","dateModified":"2023-11-18T16:58:48+00:00","description":"\u00bfSabes la importancia de las emociones en tu piel? Tener un rostro radiante no es solo debido a los productos que usas, \u00a1qu\u00e9date leyendo!","breadcrumb":{"@id":"https:\/\/agradocosmetic.com\/la-importancia-de-las-emociones-en-tu-piel-agrado-cosmetic\/#breadcrumb"},"inLanguage":"fr-FR","potentialAction":[{"@type":"ReadAction","target":["https:\/\/agradocosmetic.com\/la-importancia-de-las-emociones-en-tu-piel-agrado-cosmetic\/"]}]},{"@type":"ImageObject","inLanguage":"fr-FR","@id":"https:\/\/agradocosmetic.com\/la-importancia-de-las-emociones-en-tu-piel-agrado-cosmetic\/#primaryimage","url":"https:\/\/agradocosmetic.com\/wp-content\/uploads\/2023\/02\/emociones-de-la-piel-agrado.jpg","contentUrl":"https:\/\/agradocosmetic.com\/wp-content\/uploads\/2023\/02\/emociones-de-la-piel-agrado.jpg","width":1200,"height":800},{"@type":"BreadcrumbList","@id":"https:\/\/agradocosmetic.com\/la-importancia-de-las-emociones-en-tu-piel-agrado-cosmetic\/#breadcrumb","itemListElement":[{"@type":"ListItem","position":1,"name":"Portada","item":"https:\/\/agradocosmetic.com\/"},{"@type":"ListItem","position":2,"name":"La importancia de las emociones en tu piel"}]},{"@type":"WebSite","@id":"https:\/\/agradocosmetic.com\/#website","url":"https:\/\/agradocosmetic.com\/","name":"Aimer","description":"cosm\u00e9tique","publisher":{"@id":"https:\/\/agradocosmetic.com\/#organization"},"potentialAction":[{"@type":"SearchAction","target":{"@type":"EntryPoint","urlTemplate":"https:\/\/agradocosmetic.com\/?s={search_term_string}"},"query-input":{"@type":"PropertyValueSpecification","valueRequired":true,"valueName":"search_term_string"}}],"inLanguage":"fr-FR"},{"@type":"Organization","@id":"https:\/\/agradocosmetic.com\/#organization","name":"Aimer","url":"https:\/\/agradocosmetic.com\/","logo":{"@type":"ImageObject","inLanguage":"fr-FR","@id":"https:\/\/agradocosmetic.com\/#\/schema\/logo\/image\/","url":"https:\/\/agradocosmetic.com\/wp-content\/uploads\/2023\/07\/LOGO-AGRADO-WEB-01.png","contentUrl":"https:\/\/agradocosmetic.com\/wp-content\/uploads\/2023\/07\/LOGO-AGRADO-WEB-01.png","width":1632,"height":300,"caption":"Agrado"},"image":{"@id":"https:\/\/agradocosmetic.com\/#\/schema\/logo\/image\/"}},{"@type":"Person","@id":"https:\/\/agradocosmetic.com\/#\/schema\/person\/732e8d396022e25f9340196f83d6789d","name":"agradocosm\u00e9tique","image":{"@type":"ImageObject","inLanguage":"fr-FR","@id":"https:\/\/secure.gravatar.com\/avatar\/c6003e45301182b7e125463fcbec403b1980909c12edf09098526b9a15e779c0?s=96&d=mm&r=g","url":"https:\/\/secure.gravatar.com\/avatar\/c6003e45301182b7e125463fcbec403b1980909c12edf09098526b9a15e779c0?s=96&d=mm&r=g","contentUrl":"https:\/\/secure.gravatar.com\/avatar\/c6003e45301182b7e125463fcbec403b1980909c12edf09098526b9a15e779c0?s=96&d=mm&r=g","caption":"agradocosmetic"}}]}},"_links":{"self":[{"href":"https:\/\/agradocosmetic.com\/fr\/wp-json\/wp\/v2\/posts\/20441","targetHints":{"allow":["GET"]}}],"collection":[{"href":"https:\/\/agradocosmetic.com\/fr\/wp-json\/wp\/v2\/posts"}],"about":[{"href":"https:\/\/agradocosmetic.com\/fr\/wp-json\/wp\/v2\/types\/post"}],"author":[{"embeddable":true,"href":"https:\/\/agradocosmetic.com\/fr\/wp-json\/wp\/v2\/users\/9"}],"replies":[{"embeddable":true,"href":"https:\/\/agradocosmetic.com\/fr\/wp-json\/wp\/v2\/comments?post=20441"}],"version-history":[{"count":1,"href":"https:\/\/agradocosmetic.com\/fr\/wp-json\/wp\/v2\/posts\/20441\/revisions"}],"predecessor-version":[{"id":21244,"href":"https:\/\/agradocosmetic.com\/fr\/wp-json\/wp\/v2\/posts\/20441\/revisions\/21244"}],"wp:featuredmedia":[{"embeddable":true,"href":"https:\/\/agradocosmetic.com\/fr\/wp-json\/wp\/v2\/media\/21243"}],"wp:attachment":[{"href":"https:\/\/agradocosmetic.com\/fr\/wp-json\/wp\/v2\/media?parent=20441"}],"wp:term":[{"taxonomy":"category","embeddable":true,"href":"https:\/\/agradocosmetic.com\/fr\/wp-json\/wp\/v2\/categories?post=20441"},{"taxonomy":"post_tag","embeddable":true,"href":"https:\/\/agradocosmetic.com\/fr\/wp-json\/wp\/v2\/tags?post=20441"}],"curies":[{"name":"wp","href":"https:\/\/api.w.org\/{rel}","templated":true}]}}