{"id":20567,"date":"2023-03-22T18:10:56","date_gmt":"2023-03-22T17:10:56","guid":{"rendered":"https:\/\/www.agradocosmetic.com\/?p=20567"},"modified":"2023-11-18T16:58:47","modified_gmt":"2023-11-18T16:58:47","slug":"hidratacion-vs-nutricion-que-necesita-mi-cabello","status":"publish","type":"post","link":"https:\/\/agradocosmetic.com\/fr\/hidratacion-vs-nutricion-que-necesita-mi-cabello\/","title":{"rendered":"Hydratation vs Nutrition, de quoi mes cheveux ont-ils besoin ?"},"content":{"rendered":"<p>Parfois, nous savons ce dont nos cheveux ont besoin : hydratation, nutrition, r\u00e9paration... Et nous commettons l&#039;erreur d&#039;utiliser des produits qui ne sont pas adapt\u00e9s \u00e0 notre type de cheveux. Le moment est venu de commencer \u00e0 chouchouter un peu vos cheveux et de mieux conna\u00eetre leurs besoins. Dans <a href=\"https:\/\/agradocosmetic.com\/fr\/\" target=\"_blank\" rel=\"noreferrer noopener\">Agrado Cosm\u00e9tique<\/a> Nous dissipons vos doutes afin que vous puissiez donner \u00e0 vos cheveux ce qu&#039;ils m\u00e9ritent vraiment. Prenez un stylo et du papier et prenez des notes\u00a0!<\/p>\r\n\r\n\r\n\r\n<h3 class=\"wp-block-heading\">1\u00baQu&#039;arrive-t-il \u00e0 nos cheveux ?<\/h3>\r\n\r\n\r\n\r\n<p>La premi\u00e8re \u00e9tape est de savoir ce dont nos cheveux ont besoin et pour cela il faut conna\u00eetre leur porosit\u00e9. Nous vous expliquons comment. Il vous suffit d\u2019un verre d\u2019eau claire, d\u2019y ajouter quelques cheveux et de laisser reposer deux minutes.<\/p>\r\n\r\n\r\n\r\n<ul class=\"wp-block-list\">\r\n<li>Si les cheveux restent au fond du verre, ils pr\u00e9sentent une porosit\u00e9 \u00e9lev\u00e9e. Cela signifie qu&#039;il peut \u00eatre endommag\u00e9 et avoir des extr\u00e9mit\u00e9s fourchues. Il y a trop d&#039;hydratation.<\/li>\r\n\r\n\r\n\r\n<li>Si vos cheveux restent au milieu du verre, ils ont une porosit\u00e9 moyenne. Alors, f\u00e9licitations ! Vos cheveux sont parfaitement hydrat\u00e9s et nourris. Vous pouvez continuer ainsi.<\/li>\r\n\r\n\r\n\r\n<li>Si les cheveux flottent jusqu&#039;au sommet du verre, on parle de faible porosit\u00e9 et cela indique qu&#039;ils ont besoin d&#039;hydratation.<\/li>\r\n<\/ul>\r\n\r\n\r\n\r\n<h3 class=\"wp-block-heading\">2\u00e8me Hydratation ou Nutrition : De quoi mes cheveux ont-ils besoin ?<\/h3>\r\n\r\n\r\n\r\n<p>Une fois que l\u2019on conna\u00eet la porosit\u00e9 de nos cheveux, le plus simple reste : choisir les produits qui feront briller nos cheveux. Alors allons-y!<\/p>\r\n\r\n\r\n\r\n<p>Si vos cheveux restent au fond du verre, ne vous inqui\u00e9tez pas car cela arrive dans la plupart des cas. Il est connu comme <strong>cheveux secs, ab\u00eem\u00e9s ou fourchus<\/strong>. C\u2019est parce que nous ajoutons trop d\u2019hydratation et cela devient cr\u00e9pu. De ce fait, les cuticules des cheveux sont tr\u00e8s ouvertes et ne retiennent pas les produits que vous avez appliqu\u00e9s. Solution? L&#039;alimentation. Trouver une ligne qui r\u00e9pare et nourrit vos cheveux fera la diff\u00e9rence. Nous recommandons le <strong>Pro Nutrition Botaniques de la Ligne Agrado<\/strong>, compos\u00e9 de 95% d&#039;ingr\u00e9dients d&#039;origine naturelle, comme l&#039;extrait de riz et de quinoa, nourrira et r\u00e9parera vos cheveux, scellant les pointes fourchues. Lorsque vous essayez le <a href=\"https:\/\/agradocosmetic.com\/fr\/producto\/champu-pro-nutricion-botanicos\/\" target=\"_blank\" rel=\"noreferrer noopener\">Shampooing<\/a>, la <a href=\"https:\/\/agradocosmetic.com\/fr\/producto\/mascarilla-pro-nutricion-botanicos\/\" target=\"_blank\" rel=\"noreferrer noopener\">Masque facial<\/a> et le <a href=\"https:\/\/agradocosmetic.com\/fr\/producto\/serum-pro-nutricion-botanicos\/\" target=\"_blank\" rel=\"noreferrer noopener\">S\u00e9rum Pro Nutrition<\/a>, vous ne voudrez rien d&#039;autre pour prendre soin de vos cheveux.<\/p>\r\n\r\n\r\n\r\n<p>En revanche, si vos cheveux ont une faible porosit\u00e9, votre meilleur alli\u00e9 sera l\u2019hydratation. Cela se produit lorsqu&#039;il y a un manque d&#039;eau dans la cuticule en raison d&#039;un exc\u00e8s de produits chimiques, laissant un <strong>cheveux ternes et r\u00eaches<\/strong>. Ne vous inqui\u00e9tez pas car nous avons aussi la solution ! <a href=\"https:\/\/agradocosmetic.com\/fr\/linea\/keratina\/\" target=\"_blank\" rel=\"noreferrer noopener\">La<strong> Ligne professionnelle de k\u00e9ratine<\/strong><\/a> Il vous apportera la dose parfaite d\u2019hydratation. Suivez notre routine capillaire <a href=\"https:\/\/agradocosmetic.com\/fr\/producto\/champu-professional-keratin\/\" target=\"_blank\" rel=\"noreferrer noopener\">Shampoing Professionnel<\/a>, <a href=\"https:\/\/agradocosmetic.com\/fr\/producto\/crema-suavizante-acondicionadora-keratina\/\" target=\"_blank\" rel=\"noreferrer noopener\">Cr\u00e8me Lissante Revitalisante<\/a> et <a href=\"https:\/\/agradocosmetic.com\/fr\/producto\/keratina-liquida\/\" target=\"_blank\" rel=\"noreferrer noopener\">k\u00e9ratine liquide<\/a>. R\u00e9sultats en ce moment !<\/p>\r\n\r\n\r\n\r\n<p>Maintenant que vous savez quel type de cheveux vous avez et ce dont ils ont besoin, il ne vous reste plus qu&#039;\u00e0 les chouchouter et \u00e0 en profiter. Avec les produits de <a href=\"https:\/\/agradocosmetic.com\/fr\/\" target=\"_blank\" rel=\"noreferrer noopener\">Agrado Cosm\u00e9tique<\/a> C&#039;est plus facile que jamais pour vous. \ud83d\ude0a<\/p>","protected":false},"excerpt":{"rendered":"<p>A veces nos sabemos qu\u00e9 es lo que nuestra melena necesita: hidrataci\u00f3n, nutrici\u00f3n, reparaci\u00f3n&#8230; Y caemos en el error de utilizar productos poco adecuados para nuestro tipo de cabello. Ha llegado el momento de empezar a mimar un poquito tu pelo y ser m\u00e1s consciente de sus necesidades. En Agrado Cosmetic depejamos tus dudas para [&hellip;]<\/p>\n","protected":false},"author":9,"featured_media":0,"comment_status":"open","ping_status":"closed","sticky":false,"template":"","format":"standard","meta":{"footnotes":"","_wp_rev_ctl_limit":""},"categories":[507,1],"tags":[],"class_list":["post-20567","post","type-post","status-publish","format-standard","hentry","category-cabello-en","category-todos"],"yoast_head":"<!-- This site is optimized with the Yoast SEO plugin v27.4 - https:\/\/yoast.com\/product\/yoast-seo-wordpress\/ -->\n<title>Hidrataci\u00f3n vs Nutrici\u00f3n, \u00bfqu\u00e9 necesita mi cabello? - Agrado<\/title>\n<meta name=\"description\" content=\"Diferenciar si tu cabello pide a gritos una hidrataci\u00f3n o una nutrici\u00f3n, es sin duda un &#039;must&#039; en el cuidado. \u00a1Te lo contamos todo!\" \/>\n<meta name=\"robots\" content=\"index, follow, max-snippet:-1, max-image-preview:large, max-video-preview:-1\" \/>\n<link rel=\"canonical\" href=\"https:\/\/agradocosmetic.com\/fr\/hidratacion-vs-nutricion-que-necesita-mi-cabello\/\" \/>\n<meta property=\"og:locale\" content=\"fr_FR\" \/>\n<meta property=\"og:type\" content=\"article\" \/>\n<meta property=\"og:title\" content=\"Hidrataci\u00f3n vs Nutrici\u00f3n, \u00bfqu\u00e9 necesita mi cabello? - Agrado\" \/>\n<meta property=\"og:description\" content=\"Diferenciar si tu cabello pide a gritos una hidrataci\u00f3n o una nutrici\u00f3n, es sin duda un &#039;must&#039; en el cuidado. \u00a1Te lo contamos todo!\" \/>\n<meta property=\"og:url\" content=\"https:\/\/agradocosmetic.com\/fr\/hidratacion-vs-nutricion-que-necesita-mi-cabello\/\" \/>\n<meta property=\"og:site_name\" content=\"Agrado\" \/>\n<meta property=\"article:published_time\" content=\"2023-03-22T17:10:56+00:00\" \/>\n<meta property=\"article:modified_time\" content=\"2023-11-18T16:58:47+00:00\" \/>\n<meta property=\"og:image\" content=\"https:\/\/agradocosmetic.com\/wp-content\/uploads\/2023\/03\/mascarilla-professional-agrado.jpg\" \/>\n\t<meta property=\"og:image:width\" content=\"1200\" \/>\n\t<meta property=\"og:image:height\" content=\"800\" \/>\n\t<meta property=\"og:image:type\" content=\"image\/jpeg\" \/>\n<meta name=\"author\" content=\"agradocosmetic\" \/>\n<meta name=\"twitter:card\" content=\"summary_large_image\" \/>\n<meta name=\"twitter:label1\" content=\"\u00c9crit par\" \/>\n\t<meta name=\"twitter:data1\" content=\"agradocosmetic\" \/>\n\t<meta name=\"twitter:label2\" content=\"Dur\u00e9e de lecture estim\u00e9e\" \/>\n\t<meta name=\"twitter:data2\" content=\"3 minutes\" \/>\n<script type=\"application\/ld+json\" class=\"yoast-schema-graph\">{\"@context\":\"https:\\\/\\\/schema.org\",\"@graph\":[{\"@type\":\"Article\",\"@id\":\"https:\\\/\\\/agradocosmetic.com\\\/hidratacion-vs-nutricion-que-necesita-mi-cabello\\\/#article\",\"isPartOf\":{\"@id\":\"https:\\\/\\\/agradocosmetic.com\\\/hidratacion-vs-nutricion-que-necesita-mi-cabello\\\/\"},\"author\":{\"name\":\"agradocosmetic\",\"@id\":\"https:\\\/\\\/agradocosmetic.com\\\/#\\\/schema\\\/person\\\/732e8d396022e25f9340196f83d6789d\"},\"headline\":\"Hidrataci\u00f3n vs Nutrici\u00f3n, \u00bfqu\u00e9 necesita mi cabello?\",\"datePublished\":\"2023-03-22T17:10:56+00:00\",\"dateModified\":\"2023-11-18T16:58:47+00:00\",\"mainEntityOfPage\":{\"@id\":\"https:\\\/\\\/agradocosmetic.com\\\/hidratacion-vs-nutricion-que-necesita-mi-cabello\\\/\"},\"wordCount\":519,\"commentCount\":0,\"publisher\":{\"@id\":\"https:\\\/\\\/agradocosmetic.com\\\/#organization\"},\"articleSection\":[\"Cabello\",\"Todos\"],\"inLanguage\":\"fr-FR\",\"potentialAction\":[{\"@type\":\"CommentAction\",\"name\":\"Comment\",\"target\":[\"https:\\\/\\\/agradocosmetic.com\\\/hidratacion-vs-nutricion-que-necesita-mi-cabello\\\/#respond\"]}]},{\"@type\":\"WebPage\",\"@id\":\"https:\\\/\\\/agradocosmetic.com\\\/hidratacion-vs-nutricion-que-necesita-mi-cabello\\\/\",\"url\":\"https:\\\/\\\/agradocosmetic.com\\\/hidratacion-vs-nutricion-que-necesita-mi-cabello\\\/\",\"name\":\"Hidrataci\u00f3n vs Nutrici\u00f3n, \u00bfqu\u00e9 necesita mi cabello? - Agrado\",\"isPartOf\":{\"@id\":\"https:\\\/\\\/agradocosmetic.com\\\/#website\"},\"datePublished\":\"2023-03-22T17:10:56+00:00\",\"dateModified\":\"2023-11-18T16:58:47+00:00\",\"description\":\"Diferenciar si tu cabello pide a gritos una hidrataci\u00f3n o una nutrici\u00f3n, es sin duda un 'must' en el cuidado. \u00a1Te lo contamos todo!\",\"breadcrumb\":{\"@id\":\"https:\\\/\\\/agradocosmetic.com\\\/hidratacion-vs-nutricion-que-necesita-mi-cabello\\\/#breadcrumb\"},\"inLanguage\":\"fr-FR\",\"potentialAction\":[{\"@type\":\"ReadAction\",\"target\":[\"https:\\\/\\\/agradocosmetic.com\\\/hidratacion-vs-nutricion-que-necesita-mi-cabello\\\/\"]}]},{\"@type\":\"BreadcrumbList\",\"@id\":\"https:\\\/\\\/agradocosmetic.com\\\/hidratacion-vs-nutricion-que-necesita-mi-cabello\\\/#breadcrumb\",\"itemListElement\":[{\"@type\":\"ListItem\",\"position\":1,\"name\":\"Portada\",\"item\":\"https:\\\/\\\/agradocosmetic.com\\\/\"},{\"@type\":\"ListItem\",\"position\":2,\"name\":\"Hidrataci\u00f3n vs Nutrici\u00f3n, \u00bfqu\u00e9 necesita mi cabello?\"}]},{\"@type\":\"WebSite\",\"@id\":\"https:\\\/\\\/agradocosmetic.com\\\/#website\",\"url\":\"https:\\\/\\\/agradocosmetic.com\\\/\",\"name\":\"Agrado\",\"description\":\"Cosmetic\",\"publisher\":{\"@id\":\"https:\\\/\\\/agradocosmetic.com\\\/#organization\"},\"potentialAction\":[{\"@type\":\"SearchAction\",\"target\":{\"@type\":\"EntryPoint\",\"urlTemplate\":\"https:\\\/\\\/agradocosmetic.com\\\/?s={search_term_string}\"},\"query-input\":{\"@type\":\"PropertyValueSpecification\",\"valueRequired\":true,\"valueName\":\"search_term_string\"}}],\"inLanguage\":\"fr-FR\"},{\"@type\":\"Organization\",\"@id\":\"https:\\\/\\\/agradocosmetic.com\\\/#organization\",\"name\":\"Agrado\",\"url\":\"https:\\\/\\\/agradocosmetic.com\\\/\",\"logo\":{\"@type\":\"ImageObject\",\"inLanguage\":\"fr-FR\",\"@id\":\"https:\\\/\\\/agradocosmetic.com\\\/#\\\/schema\\\/logo\\\/image\\\/\",\"url\":\"https:\\\/\\\/agradocosmetic.com\\\/wp-content\\\/uploads\\\/2023\\\/07\\\/LOGO-AGRADO-WEB-01.png\",\"contentUrl\":\"https:\\\/\\\/agradocosmetic.com\\\/wp-content\\\/uploads\\\/2023\\\/07\\\/LOGO-AGRADO-WEB-01.png\",\"width\":1632,\"height\":300,\"caption\":\"Agrado\"},\"image\":{\"@id\":\"https:\\\/\\\/agradocosmetic.com\\\/#\\\/schema\\\/logo\\\/image\\\/\"}},{\"@type\":\"Person\",\"@id\":\"https:\\\/\\\/agradocosmetic.com\\\/#\\\/schema\\\/person\\\/732e8d396022e25f9340196f83d6789d\",\"name\":\"agradocosmetic\",\"image\":{\"@type\":\"ImageObject\",\"inLanguage\":\"fr-FR\",\"@id\":\"https:\\\/\\\/secure.gravatar.com\\\/avatar\\\/c6003e45301182b7e125463fcbec403b1980909c12edf09098526b9a15e779c0?s=96&d=mm&r=g\",\"url\":\"https:\\\/\\\/secure.gravatar.com\\\/avatar\\\/c6003e45301182b7e125463fcbec403b1980909c12edf09098526b9a15e779c0?s=96&d=mm&r=g\",\"contentUrl\":\"https:\\\/\\\/secure.gravatar.com\\\/avatar\\\/c6003e45301182b7e125463fcbec403b1980909c12edf09098526b9a15e779c0?s=96&d=mm&r=g\",\"caption\":\"agradocosmetic\"}}]}<\/script>\n<!-- \/ Yoast SEO plugin. -->","yoast_head_json":{"title":"Hydratation vs. Nutrition\u00a0: de quoi mes cheveux ont-ils besoin\u00a0? - Agrado","description":"Savoir si vos cheveux ont besoin d&#039;hydratation ou de nutrition est indispensable pour prendre soin de vos cheveux. On vous dit tout\u00a0!","robots":{"index":"index","follow":"follow","max-snippet":"max-snippet:-1","max-image-preview":"max-image-preview:large","max-video-preview":"max-video-preview:-1"},"canonical":"https:\/\/agradocosmetic.com\/fr\/hidratacion-vs-nutricion-que-necesita-mi-cabello\/","og_locale":"fr_FR","og_type":"article","og_title":"Hidrataci\u00f3n vs Nutrici\u00f3n, \u00bfqu\u00e9 necesita mi cabello? - Agrado","og_description":"Diferenciar si tu cabello pide a gritos una hidrataci\u00f3n o una nutrici\u00f3n, es sin duda un 'must' en el cuidado. \u00a1Te lo contamos todo!","og_url":"https:\/\/agradocosmetic.com\/fr\/hidratacion-vs-nutricion-que-necesita-mi-cabello\/","og_site_name":"Agrado","article_published_time":"2023-03-22T17:10:56+00:00","article_modified_time":"2023-11-18T16:58:47+00:00","og_image":[{"width":1200,"height":800,"url":"https:\/\/agradocosmetic.com\/wp-content\/uploads\/2023\/03\/mascarilla-professional-agrado.jpg","type":"image\/jpeg"}],"author":"agradocosmetic","twitter_card":"summary_large_image","twitter_misc":{"\u00c9crit par":"agradocosmetic","Dur\u00e9e de lecture estim\u00e9e":"3 minutes"},"schema":{"@context":"https:\/\/schema.org","@graph":[{"@type":"Article","@id":"https:\/\/agradocosmetic.com\/hidratacion-vs-nutricion-que-necesita-mi-cabello\/#article","isPartOf":{"@id":"https:\/\/agradocosmetic.com\/hidratacion-vs-nutricion-que-necesita-mi-cabello\/"},"author":{"name":"agradocosmetic","@id":"https:\/\/agradocosmetic.com\/#\/schema\/person\/732e8d396022e25f9340196f83d6789d"},"headline":"Hidrataci\u00f3n vs Nutrici\u00f3n, \u00bfqu\u00e9 necesita mi cabello?","datePublished":"2023-03-22T17:10:56+00:00","dateModified":"2023-11-18T16:58:47+00:00","mainEntityOfPage":{"@id":"https:\/\/agradocosmetic.com\/hidratacion-vs-nutricion-que-necesita-mi-cabello\/"},"wordCount":519,"commentCount":0,"publisher":{"@id":"https:\/\/agradocosmetic.com\/#organization"},"articleSection":["Cabello","Todos"],"inLanguage":"fr-FR","potentialAction":[{"@type":"CommentAction","name":"Comment","target":["https:\/\/agradocosmetic.com\/hidratacion-vs-nutricion-que-necesita-mi-cabello\/#respond"]}]},{"@type":"WebPage","@id":"https:\/\/agradocosmetic.com\/hidratacion-vs-nutricion-que-necesita-mi-cabello\/","url":"https:\/\/agradocosmetic.com\/hidratacion-vs-nutricion-que-necesita-mi-cabello\/","name":"Hydratation vs. Nutrition\u00a0: de quoi mes cheveux ont-ils besoin\u00a0? - Agrado","isPartOf":{"@id":"https:\/\/agradocosmetic.com\/#website"},"datePublished":"2023-03-22T17:10:56+00:00","dateModified":"2023-11-18T16:58:47+00:00","description":"Savoir si vos cheveux ont besoin d&#039;hydratation ou de nutrition est indispensable pour prendre soin de vos cheveux. On vous dit tout\u00a0!","breadcrumb":{"@id":"https:\/\/agradocosmetic.com\/hidratacion-vs-nutricion-que-necesita-mi-cabello\/#breadcrumb"},"inLanguage":"fr-FR","potentialAction":[{"@type":"ReadAction","target":["https:\/\/agradocosmetic.com\/hidratacion-vs-nutricion-que-necesita-mi-cabello\/"]}]},{"@type":"BreadcrumbList","@id":"https:\/\/agradocosmetic.com\/hidratacion-vs-nutricion-que-necesita-mi-cabello\/#breadcrumb","itemListElement":[{"@type":"ListItem","position":1,"name":"Portada","item":"https:\/\/agradocosmetic.com\/"},{"@type":"ListItem","position":2,"name":"Hidrataci\u00f3n vs Nutrici\u00f3n, \u00bfqu\u00e9 necesita mi cabello?"}]},{"@type":"WebSite","@id":"https:\/\/agradocosmetic.com\/#website","url":"https:\/\/agradocosmetic.com\/","name":"Aimer","description":"cosm\u00e9tique","publisher":{"@id":"https:\/\/agradocosmetic.com\/#organization"},"potentialAction":[{"@type":"SearchAction","target":{"@type":"EntryPoint","urlTemplate":"https:\/\/agradocosmetic.com\/?s={search_term_string}"},"query-input":{"@type":"PropertyValueSpecification","valueRequired":true,"valueName":"search_term_string"}}],"inLanguage":"fr-FR"},{"@type":"Organization","@id":"https:\/\/agradocosmetic.com\/#organization","name":"Aimer","url":"https:\/\/agradocosmetic.com\/","logo":{"@type":"ImageObject","inLanguage":"fr-FR","@id":"https:\/\/agradocosmetic.com\/#\/schema\/logo\/image\/","url":"https:\/\/agradocosmetic.com\/wp-content\/uploads\/2023\/07\/LOGO-AGRADO-WEB-01.png","contentUrl":"https:\/\/agradocosmetic.com\/wp-content\/uploads\/2023\/07\/LOGO-AGRADO-WEB-01.png","width":1632,"height":300,"caption":"Agrado"},"image":{"@id":"https:\/\/agradocosmetic.com\/#\/schema\/logo\/image\/"}},{"@type":"Person","@id":"https:\/\/agradocosmetic.com\/#\/schema\/person\/732e8d396022e25f9340196f83d6789d","name":"agradocosm\u00e9tique","image":{"@type":"ImageObject","inLanguage":"fr-FR","@id":"https:\/\/secure.gravatar.com\/avatar\/c6003e45301182b7e125463fcbec403b1980909c12edf09098526b9a15e779c0?s=96&d=mm&r=g","url":"https:\/\/secure.gravatar.com\/avatar\/c6003e45301182b7e125463fcbec403b1980909c12edf09098526b9a15e779c0?s=96&d=mm&r=g","contentUrl":"https:\/\/secure.gravatar.com\/avatar\/c6003e45301182b7e125463fcbec403b1980909c12edf09098526b9a15e779c0?s=96&d=mm&r=g","caption":"agradocosmetic"}}]}},"_links":{"self":[{"href":"https:\/\/agradocosmetic.com\/fr\/wp-json\/wp\/v2\/posts\/20567","targetHints":{"allow":["GET"]}}],"collection":[{"href":"https:\/\/agradocosmetic.com\/fr\/wp-json\/wp\/v2\/posts"}],"about":[{"href":"https:\/\/agradocosmetic.com\/fr\/wp-json\/wp\/v2\/types\/post"}],"author":[{"embeddable":true,"href":"https:\/\/agradocosmetic.com\/fr\/wp-json\/wp\/v2\/users\/9"}],"replies":[{"embeddable":true,"href":"https:\/\/agradocosmetic.com\/fr\/wp-json\/wp\/v2\/comments?post=20567"}],"version-history":[{"count":1,"href":"https:\/\/agradocosmetic.com\/fr\/wp-json\/wp\/v2\/posts\/20567\/revisions"}],"predecessor-version":[{"id":21238,"href":"https:\/\/agradocosmetic.com\/fr\/wp-json\/wp\/v2\/posts\/20567\/revisions\/21238"}],"wp:attachment":[{"href":"https:\/\/agradocosmetic.com\/fr\/wp-json\/wp\/v2\/media?parent=20567"}],"wp:term":[{"taxonomy":"category","embeddable":true,"href":"https:\/\/agradocosmetic.com\/fr\/wp-json\/wp\/v2\/categories?post=20567"},{"taxonomy":"post_tag","embeddable":true,"href":"https:\/\/agradocosmetic.com\/fr\/wp-json\/wp\/v2\/tags?post=20567"}],"curies":[{"name":"wp","href":"https:\/\/api.w.org\/{rel}","templated":true}]}}