{"id":20813,"date":"2023-05-16T16:08:26","date_gmt":"2023-05-16T15:08:26","guid":{"rendered":"https:\/\/www.agradocosmetic.com\/?p=20813"},"modified":"2023-11-18T16:58:45","modified_gmt":"2023-11-18T16:58:45","slug":"3-formas-de-ser-sostenible-con-la-linea-botanicos-de-agrado-nature","status":"publish","type":"post","link":"https:\/\/agradocosmetic.com\/fr\/3-formas-de-ser-sostenible-con-la-linea-botanicos-de-agrado-nature\/","title":{"rendered":"3 fa\u00e7ons d&#039;\u00eatre durable avec la gamme Agrado Nature Botanicals"},"content":{"rendered":"<p>Durable, \u00e9cologique, 100% recycl\u00e9\u2026 Tous ces termes font d\u00e9j\u00e0 partie de notre dictionnaire et nous savons tr\u00e8s bien que, plus que des mots, ils sont devenus un mode de vie. Dans l&#039;article d&#039;aujourd&#039;hui, nous faisons un clin d&#039;\u0153il \u00e0 la Journ\u00e9e internationale du recyclage, en vous expliquant 3 fa\u00e7ons d&#039;\u00eatre durable avec la gamme Agrado Nature Botanicals. Pr\u00e9cise!<\/p>\r\n\r\n\r\n\r\n<h2 class=\"wp-block-heading\"><strong>Fermez le robinet ! \u00c9conomisez l&#039;eau et aidez la plan\u00e8te<\/strong><\/h2>\r\n\r\n\r\n\r\n<p>La s\u00e9cheresse est l\u2019un des probl\u00e8mes les plus graves auxquels nous sommes confront\u00e9s. Par cons\u00e9quent, chaque goutte compte ! \u00c0 l\u2019heure du bain, essayez de donner la priorit\u00e9 \u00e0 la douche avant de remplir compl\u00e8tement la baignoire et pensez \u00e0 fermer le robinet lorsque vous vous savonnez. Vous pouvez \u00e9galement appliquer cette derni\u00e8re astuce lorsque vous vous lavez les mains, le visage ou les dents. La plan\u00e8te te remerciera!<\/p>\r\n\r\n\r\n\r\n<h2 class=\"wp-block-heading\"><strong>Utilisez la ligne Botanicals : durable et recyclable<\/strong><\/h2>\r\n\r\n\r\n\r\n<p>Les cosm\u00e9tiques naturels et durables sont devenus l\u2019une de nos tendances pr\u00e9f\u00e9r\u00e9es. Et il est clair qu\u2019il est l\u00e0 pour rester. Ce sont des produits respectueux de l&#039;environnement, de nous-m\u00eames, et en plus tr\u00e8s efficaces.Notre recommandation ? La <strong>Doubler<\/strong> <strong>Agrado Nature Botaniques<\/strong>.<\/p>\r\n\r\n\r\n\r\n<p>Les <a href=\"https:\/\/agradocosmetic.com\/fr\/linea\/agrado-nature\/\" target=\"_blank\" rel=\"noreferrer noopener\">produits de la Ligne Botanique<\/a> sont compos\u00e9s d&#039;un <strong>92-98% \u00e0 partir d&#039;ingr\u00e9dients d&#039;origine naturelle, et conviennent aux v\u00e9g\u00e9taliens<\/strong>. En outre, <strong>l&#039;emballage est 100% recyclable<\/strong> gr\u00e2ce \u00e0 sa fabrication monomat\u00e9riau qui ne n\u00e9cessite pas de s\u00e9parer ses composants.\u00a0<\/p>\r\n\r\n\r\n\r\n<p>Botanicals est divis\u00e9 en deux traitements, qui comprennent un shampooing, un masque, un revitalisant et un s\u00e9rum. <strong>Force professionnelle<\/strong>, un bain r\u00e9parateur \u00e0 base d&#039;extrait de Fleur d&#039;Amarante et d&#039;Huile d&#039;Argan pour cheveux ab\u00eem\u00e9s et fragiles. ET <strong>Pro-Nutrition<\/strong>, un soin \u00e0 l&#039;Extrait de Riz et au Quinoa qui nourrit, hydrate et prot\u00e8ge les cheveux secs et cassants. Tout ce dont vous avez besoin pour avoir de beaux cheveux et prendre soin de la plan\u00e8te !<\/p>\r\n\r\n\r\n\r\n<h2 class=\"wp-block-heading\"><strong>Recyclez les contenants et donnez-leur une nouvelle vie<\/strong><\/h2>\r\n\r\n\r\n\r\n<p>Saviez-vous que vos contenants cosm\u00e9tiques peuvent \u00e9galement \u00eatre recycl\u00e9s ? Nous vous indiquons les cl\u00e9s pour les d\u00e9poser dans le conteneur appropri\u00e9.\u00a0<\/p>\r\n\r\n\r\n\r\n<p>Tout d\u2019abord, assurez-vous qu\u2019il n\u2019y a aucune trace de produit \u00e0 l\u2019int\u00e9rieur du r\u00e9cipient et nettoyez-le abondamment \u00e0 l\u2019eau. S\u00e9parez ensuite les distributeurs, pulv\u00e9risateurs et couvercles du reste de l\u2019emballage, car ces pi\u00e8ces ne sont pas recyclables. Pensez \u00e9galement \u00e0 retirer les \u00e9tiquettes coll\u00e9es sur les contenants !\u00a0<\/p>\r\n\r\n\r\n\r\n<p>Chaque geste, aussi petit soit-il, compte. Depuis <a href=\"https:\/\/agradocosmetic.com\/fr\/\" target=\"_blank\" rel=\"noreferrer noopener\">Agrado Cosm\u00e9tique<\/a> Nous vous encourageons \u00e0 apporter ces changements dans votre routine et \u00e0 opter pour des produits durables et recyclables. Parce que prendre soin de la plan\u00e8te est l\u2019affaire de tous ! Tu t&#039;inscris?<\/p>","protected":false},"excerpt":{"rendered":"<p>Sostenible, eco-friendly, 100% reciclado\u2026 Todos estos t\u00e9rminos ya forman parte de nuestro diccionario y sabemos de sobra que, m\u00e1s que palabras, se han convertido en todo un estilo de vida. En el post de hoy hacemos un gui\u00f1o al D\u00eda Internacional del Reciclaje, cont\u00e1ndote 3 formas de ser sostenible con la L\u00ednea Bot\u00e1nicos de Agrado [&hellip;]<\/p>\n","protected":false},"author":9,"featured_media":21229,"comment_status":"open","ping_status":"closed","sticky":false,"template":"","format":"standard","meta":{"footnotes":"","_wp_rev_ctl_limit":""},"categories":[509,1],"tags":[561,563,565,567,517],"class_list":["post-20813","post","type-post","status-publish","format-standard","has-post-thumbnail","hentry","category-capilar-en","category-todos","tag-agrado-en","tag-capilar-en","tag-cuidado-capilar-en","tag-pelo-en","tag-rutina-capilar-en"],"yoast_head":"<!-- This site is optimized with the Yoast SEO plugin v27.4 - https:\/\/yoast.com\/product\/yoast-seo-wordpress\/ -->\n<title>3 formas de ser sostenible con la L\u00ednea Bot\u00e1nicos de Agrado Nature - Agrado<\/title>\n<meta name=\"robots\" content=\"index, follow, max-snippet:-1, max-image-preview:large, max-video-preview:-1\" \/>\n<link rel=\"canonical\" href=\"https:\/\/agradocosmetic.com\/fr\/3-formas-de-ser-sostenible-con-la-linea-botanicos-de-agrado-nature\/\" \/>\n<meta property=\"og:locale\" content=\"fr_FR\" \/>\n<meta property=\"og:type\" content=\"article\" \/>\n<meta property=\"og:title\" content=\"3 formas de ser sostenible con la L\u00ednea Bot\u00e1nicos de Agrado Nature - Agrado\" \/>\n<meta property=\"og:description\" content=\"Sostenible, eco-friendly, 100% reciclado\u2026 Todos estos t\u00e9rminos ya forman parte de nuestro diccionario y sabemos de sobra que, m\u00e1s que palabras, se han convertido en todo un estilo de vida. En el post de hoy hacemos un gui\u00f1o al D\u00eda Internacional del Reciclaje, cont\u00e1ndote 3 formas de ser sostenible con la L\u00ednea Bot\u00e1nicos de Agrado [&hellip;]\" \/>\n<meta property=\"og:url\" content=\"https:\/\/agradocosmetic.com\/fr\/3-formas-de-ser-sostenible-con-la-linea-botanicos-de-agrado-nature\/\" \/>\n<meta property=\"og:site_name\" content=\"Agrado\" \/>\n<meta property=\"article:published_time\" content=\"2023-05-16T15:08:26+00:00\" \/>\n<meta property=\"article:modified_time\" content=\"2023-11-18T16:58:45+00:00\" \/>\n<meta property=\"og:image\" content=\"https:\/\/agradocosmetic.com\/wp-content\/uploads\/2023\/05\/linea-botanicos-de-agrado-nature-agrado.jpg\" \/>\n\t<meta property=\"og:image:width\" content=\"1200\" \/>\n\t<meta property=\"og:image:height\" content=\"800\" \/>\n\t<meta property=\"og:image:type\" content=\"image\/jpeg\" \/>\n<meta name=\"author\" content=\"agradocosmetic\" \/>\n<meta name=\"twitter:card\" content=\"summary_large_image\" \/>\n<meta name=\"twitter:label1\" content=\"\u00c9crit par\" \/>\n\t<meta name=\"twitter:data1\" content=\"agradocosmetic\" \/>\n\t<meta name=\"twitter:label2\" content=\"Dur\u00e9e de lecture estim\u00e9e\" \/>\n\t<meta name=\"twitter:data2\" content=\"2 minutes\" \/>\n<script type=\"application\/ld+json\" class=\"yoast-schema-graph\">{\"@context\":\"https:\\\/\\\/schema.org\",\"@graph\":[{\"@type\":\"Article\",\"@id\":\"https:\\\/\\\/agradocosmetic.com\\\/3-formas-de-ser-sostenible-con-la-linea-botanicos-de-agrado-nature\\\/#article\",\"isPartOf\":{\"@id\":\"https:\\\/\\\/agradocosmetic.com\\\/3-formas-de-ser-sostenible-con-la-linea-botanicos-de-agrado-nature\\\/\"},\"author\":{\"name\":\"agradocosmetic\",\"@id\":\"https:\\\/\\\/agradocosmetic.com\\\/#\\\/schema\\\/person\\\/732e8d396022e25f9340196f83d6789d\"},\"headline\":\"3 formas de ser sostenible con la L\u00ednea Bot\u00e1nicos de Agrado Nature\",\"datePublished\":\"2023-05-16T15:08:26+00:00\",\"dateModified\":\"2023-11-18T16:58:45+00:00\",\"mainEntityOfPage\":{\"@id\":\"https:\\\/\\\/agradocosmetic.com\\\/3-formas-de-ser-sostenible-con-la-linea-botanicos-de-agrado-nature\\\/\"},\"wordCount\":461,\"commentCount\":0,\"publisher\":{\"@id\":\"https:\\\/\\\/agradocosmetic.com\\\/#organization\"},\"image\":{\"@id\":\"https:\\\/\\\/agradocosmetic.com\\\/3-formas-de-ser-sostenible-con-la-linea-botanicos-de-agrado-nature\\\/#primaryimage\"},\"thumbnailUrl\":\"https:\\\/\\\/agradocosmetic.com\\\/wp-content\\\/uploads\\\/2023\\\/05\\\/linea-botanicos-de-agrado-nature-agrado.jpg\",\"keywords\":[\"agrado\",\"capilar\",\"cuidado capilar\",\"pelo\",\"rutina capilar\"],\"articleSection\":[\"Capilar\",\"Todos\"],\"inLanguage\":\"fr-FR\",\"potentialAction\":[{\"@type\":\"CommentAction\",\"name\":\"Comment\",\"target\":[\"https:\\\/\\\/agradocosmetic.com\\\/3-formas-de-ser-sostenible-con-la-linea-botanicos-de-agrado-nature\\\/#respond\"]}]},{\"@type\":\"WebPage\",\"@id\":\"https:\\\/\\\/agradocosmetic.com\\\/3-formas-de-ser-sostenible-con-la-linea-botanicos-de-agrado-nature\\\/\",\"url\":\"https:\\\/\\\/agradocosmetic.com\\\/3-formas-de-ser-sostenible-con-la-linea-botanicos-de-agrado-nature\\\/\",\"name\":\"3 formas de ser sostenible con la L\u00ednea Bot\u00e1nicos de Agrado Nature - Agrado\",\"isPartOf\":{\"@id\":\"https:\\\/\\\/agradocosmetic.com\\\/#website\"},\"primaryImageOfPage\":{\"@id\":\"https:\\\/\\\/agradocosmetic.com\\\/3-formas-de-ser-sostenible-con-la-linea-botanicos-de-agrado-nature\\\/#primaryimage\"},\"image\":{\"@id\":\"https:\\\/\\\/agradocosmetic.com\\\/3-formas-de-ser-sostenible-con-la-linea-botanicos-de-agrado-nature\\\/#primaryimage\"},\"thumbnailUrl\":\"https:\\\/\\\/agradocosmetic.com\\\/wp-content\\\/uploads\\\/2023\\\/05\\\/linea-botanicos-de-agrado-nature-agrado.jpg\",\"datePublished\":\"2023-05-16T15:08:26+00:00\",\"dateModified\":\"2023-11-18T16:58:45+00:00\",\"breadcrumb\":{\"@id\":\"https:\\\/\\\/agradocosmetic.com\\\/3-formas-de-ser-sostenible-con-la-linea-botanicos-de-agrado-nature\\\/#breadcrumb\"},\"inLanguage\":\"fr-FR\",\"potentialAction\":[{\"@type\":\"ReadAction\",\"target\":[\"https:\\\/\\\/agradocosmetic.com\\\/3-formas-de-ser-sostenible-con-la-linea-botanicos-de-agrado-nature\\\/\"]}]},{\"@type\":\"ImageObject\",\"inLanguage\":\"fr-FR\",\"@id\":\"https:\\\/\\\/agradocosmetic.com\\\/3-formas-de-ser-sostenible-con-la-linea-botanicos-de-agrado-nature\\\/#primaryimage\",\"url\":\"https:\\\/\\\/agradocosmetic.com\\\/wp-content\\\/uploads\\\/2023\\\/05\\\/linea-botanicos-de-agrado-nature-agrado.jpg\",\"contentUrl\":\"https:\\\/\\\/agradocosmetic.com\\\/wp-content\\\/uploads\\\/2023\\\/05\\\/linea-botanicos-de-agrado-nature-agrado.jpg\",\"width\":1200,\"height\":800},{\"@type\":\"BreadcrumbList\",\"@id\":\"https:\\\/\\\/agradocosmetic.com\\\/3-formas-de-ser-sostenible-con-la-linea-botanicos-de-agrado-nature\\\/#breadcrumb\",\"itemListElement\":[{\"@type\":\"ListItem\",\"position\":1,\"name\":\"Portada\",\"item\":\"https:\\\/\\\/agradocosmetic.com\\\/\"},{\"@type\":\"ListItem\",\"position\":2,\"name\":\"3 formas de ser sostenible con la L\u00ednea Bot\u00e1nicos de Agrado Nature\"}]},{\"@type\":\"WebSite\",\"@id\":\"https:\\\/\\\/agradocosmetic.com\\\/#website\",\"url\":\"https:\\\/\\\/agradocosmetic.com\\\/\",\"name\":\"Agrado\",\"description\":\"Cosmetic\",\"publisher\":{\"@id\":\"https:\\\/\\\/agradocosmetic.com\\\/#organization\"},\"potentialAction\":[{\"@type\":\"SearchAction\",\"target\":{\"@type\":\"EntryPoint\",\"urlTemplate\":\"https:\\\/\\\/agradocosmetic.com\\\/?s={search_term_string}\"},\"query-input\":{\"@type\":\"PropertyValueSpecification\",\"valueRequired\":true,\"valueName\":\"search_term_string\"}}],\"inLanguage\":\"fr-FR\"},{\"@type\":\"Organization\",\"@id\":\"https:\\\/\\\/agradocosmetic.com\\\/#organization\",\"name\":\"Agrado\",\"url\":\"https:\\\/\\\/agradocosmetic.com\\\/\",\"logo\":{\"@type\":\"ImageObject\",\"inLanguage\":\"fr-FR\",\"@id\":\"https:\\\/\\\/agradocosmetic.com\\\/#\\\/schema\\\/logo\\\/image\\\/\",\"url\":\"https:\\\/\\\/agradocosmetic.com\\\/wp-content\\\/uploads\\\/2023\\\/07\\\/LOGO-AGRADO-WEB-01.png\",\"contentUrl\":\"https:\\\/\\\/agradocosmetic.com\\\/wp-content\\\/uploads\\\/2023\\\/07\\\/LOGO-AGRADO-WEB-01.png\",\"width\":1632,\"height\":300,\"caption\":\"Agrado\"},\"image\":{\"@id\":\"https:\\\/\\\/agradocosmetic.com\\\/#\\\/schema\\\/logo\\\/image\\\/\"}},{\"@type\":\"Person\",\"@id\":\"https:\\\/\\\/agradocosmetic.com\\\/#\\\/schema\\\/person\\\/732e8d396022e25f9340196f83d6789d\",\"name\":\"agradocosmetic\",\"image\":{\"@type\":\"ImageObject\",\"inLanguage\":\"fr-FR\",\"@id\":\"https:\\\/\\\/secure.gravatar.com\\\/avatar\\\/c6003e45301182b7e125463fcbec403b1980909c12edf09098526b9a15e779c0?s=96&d=mm&r=g\",\"url\":\"https:\\\/\\\/secure.gravatar.com\\\/avatar\\\/c6003e45301182b7e125463fcbec403b1980909c12edf09098526b9a15e779c0?s=96&d=mm&r=g\",\"contentUrl\":\"https:\\\/\\\/secure.gravatar.com\\\/avatar\\\/c6003e45301182b7e125463fcbec403b1980909c12edf09098526b9a15e779c0?s=96&d=mm&r=g\",\"caption\":\"agradocosmetic\"}}]}<\/script>\n<!-- \/ Yoast SEO plugin. -->","yoast_head_json":{"title":"3 fa\u00e7ons d&#039;\u00eatre \u00e9coresponsable avec la gamme Agrado Nature Botanicals - Agrado","robots":{"index":"index","follow":"follow","max-snippet":"max-snippet:-1","max-image-preview":"max-image-preview:large","max-video-preview":"max-video-preview:-1"},"canonical":"https:\/\/agradocosmetic.com\/fr\/3-formas-de-ser-sostenible-con-la-linea-botanicos-de-agrado-nature\/","og_locale":"fr_FR","og_type":"article","og_title":"3 formas de ser sostenible con la L\u00ednea Bot\u00e1nicos de Agrado Nature - Agrado","og_description":"Sostenible, eco-friendly, 100% reciclado\u2026 Todos estos t\u00e9rminos ya forman parte de nuestro diccionario y sabemos de sobra que, m\u00e1s que palabras, se han convertido en todo un estilo de vida. En el post de hoy hacemos un gui\u00f1o al D\u00eda Internacional del Reciclaje, cont\u00e1ndote 3 formas de ser sostenible con la L\u00ednea Bot\u00e1nicos de Agrado [&hellip;]","og_url":"https:\/\/agradocosmetic.com\/fr\/3-formas-de-ser-sostenible-con-la-linea-botanicos-de-agrado-nature\/","og_site_name":"Agrado","article_published_time":"2023-05-16T15:08:26+00:00","article_modified_time":"2023-11-18T16:58:45+00:00","og_image":[{"width":1200,"height":800,"url":"https:\/\/agradocosmetic.com\/wp-content\/uploads\/2023\/05\/linea-botanicos-de-agrado-nature-agrado.jpg","type":"image\/jpeg"}],"author":"agradocosmetic","twitter_card":"summary_large_image","twitter_misc":{"\u00c9crit par":"agradocosmetic","Dur\u00e9e de lecture estim\u00e9e":"2 minutes"},"schema":{"@context":"https:\/\/schema.org","@graph":[{"@type":"Article","@id":"https:\/\/agradocosmetic.com\/3-formas-de-ser-sostenible-con-la-linea-botanicos-de-agrado-nature\/#article","isPartOf":{"@id":"https:\/\/agradocosmetic.com\/3-formas-de-ser-sostenible-con-la-linea-botanicos-de-agrado-nature\/"},"author":{"name":"agradocosmetic","@id":"https:\/\/agradocosmetic.com\/#\/schema\/person\/732e8d396022e25f9340196f83d6789d"},"headline":"3 formas de ser sostenible con la L\u00ednea Bot\u00e1nicos de Agrado Nature","datePublished":"2023-05-16T15:08:26+00:00","dateModified":"2023-11-18T16:58:45+00:00","mainEntityOfPage":{"@id":"https:\/\/agradocosmetic.com\/3-formas-de-ser-sostenible-con-la-linea-botanicos-de-agrado-nature\/"},"wordCount":461,"commentCount":0,"publisher":{"@id":"https:\/\/agradocosmetic.com\/#organization"},"image":{"@id":"https:\/\/agradocosmetic.com\/3-formas-de-ser-sostenible-con-la-linea-botanicos-de-agrado-nature\/#primaryimage"},"thumbnailUrl":"https:\/\/agradocosmetic.com\/wp-content\/uploads\/2023\/05\/linea-botanicos-de-agrado-nature-agrado.jpg","keywords":["agrado","capilar","cuidado capilar","pelo","rutina capilar"],"articleSection":["Capilar","Todos"],"inLanguage":"fr-FR","potentialAction":[{"@type":"CommentAction","name":"Comment","target":["https:\/\/agradocosmetic.com\/3-formas-de-ser-sostenible-con-la-linea-botanicos-de-agrado-nature\/#respond"]}]},{"@type":"WebPage","@id":"https:\/\/agradocosmetic.com\/3-formas-de-ser-sostenible-con-la-linea-botanicos-de-agrado-nature\/","url":"https:\/\/agradocosmetic.com\/3-formas-de-ser-sostenible-con-la-linea-botanicos-de-agrado-nature\/","name":"3 fa\u00e7ons d&#039;\u00eatre \u00e9coresponsable avec la gamme Agrado Nature Botanicals - Agrado","isPartOf":{"@id":"https:\/\/agradocosmetic.com\/#website"},"primaryImageOfPage":{"@id":"https:\/\/agradocosmetic.com\/3-formas-de-ser-sostenible-con-la-linea-botanicos-de-agrado-nature\/#primaryimage"},"image":{"@id":"https:\/\/agradocosmetic.com\/3-formas-de-ser-sostenible-con-la-linea-botanicos-de-agrado-nature\/#primaryimage"},"thumbnailUrl":"https:\/\/agradocosmetic.com\/wp-content\/uploads\/2023\/05\/linea-botanicos-de-agrado-nature-agrado.jpg","datePublished":"2023-05-16T15:08:26+00:00","dateModified":"2023-11-18T16:58:45+00:00","breadcrumb":{"@id":"https:\/\/agradocosmetic.com\/3-formas-de-ser-sostenible-con-la-linea-botanicos-de-agrado-nature\/#breadcrumb"},"inLanguage":"fr-FR","potentialAction":[{"@type":"ReadAction","target":["https:\/\/agradocosmetic.com\/3-formas-de-ser-sostenible-con-la-linea-botanicos-de-agrado-nature\/"]}]},{"@type":"ImageObject","inLanguage":"fr-FR","@id":"https:\/\/agradocosmetic.com\/3-formas-de-ser-sostenible-con-la-linea-botanicos-de-agrado-nature\/#primaryimage","url":"https:\/\/agradocosmetic.com\/wp-content\/uploads\/2023\/05\/linea-botanicos-de-agrado-nature-agrado.jpg","contentUrl":"https:\/\/agradocosmetic.com\/wp-content\/uploads\/2023\/05\/linea-botanicos-de-agrado-nature-agrado.jpg","width":1200,"height":800},{"@type":"BreadcrumbList","@id":"https:\/\/agradocosmetic.com\/3-formas-de-ser-sostenible-con-la-linea-botanicos-de-agrado-nature\/#breadcrumb","itemListElement":[{"@type":"ListItem","position":1,"name":"Portada","item":"https:\/\/agradocosmetic.com\/"},{"@type":"ListItem","position":2,"name":"3 formas de ser sostenible con la L\u00ednea Bot\u00e1nicos de Agrado Nature"}]},{"@type":"WebSite","@id":"https:\/\/agradocosmetic.com\/#website","url":"https:\/\/agradocosmetic.com\/","name":"Aimer","description":"cosm\u00e9tique","publisher":{"@id":"https:\/\/agradocosmetic.com\/#organization"},"potentialAction":[{"@type":"SearchAction","target":{"@type":"EntryPoint","urlTemplate":"https:\/\/agradocosmetic.com\/?s={search_term_string}"},"query-input":{"@type":"PropertyValueSpecification","valueRequired":true,"valueName":"search_term_string"}}],"inLanguage":"fr-FR"},{"@type":"Organization","@id":"https:\/\/agradocosmetic.com\/#organization","name":"Aimer","url":"https:\/\/agradocosmetic.com\/","logo":{"@type":"ImageObject","inLanguage":"fr-FR","@id":"https:\/\/agradocosmetic.com\/#\/schema\/logo\/image\/","url":"https:\/\/agradocosmetic.com\/wp-content\/uploads\/2023\/07\/LOGO-AGRADO-WEB-01.png","contentUrl":"https:\/\/agradocosmetic.com\/wp-content\/uploads\/2023\/07\/LOGO-AGRADO-WEB-01.png","width":1632,"height":300,"caption":"Agrado"},"image":{"@id":"https:\/\/agradocosmetic.com\/#\/schema\/logo\/image\/"}},{"@type":"Person","@id":"https:\/\/agradocosmetic.com\/#\/schema\/person\/732e8d396022e25f9340196f83d6789d","name":"agradocosm\u00e9tique","image":{"@type":"ImageObject","inLanguage":"fr-FR","@id":"https:\/\/secure.gravatar.com\/avatar\/c6003e45301182b7e125463fcbec403b1980909c12edf09098526b9a15e779c0?s=96&d=mm&r=g","url":"https:\/\/secure.gravatar.com\/avatar\/c6003e45301182b7e125463fcbec403b1980909c12edf09098526b9a15e779c0?s=96&d=mm&r=g","contentUrl":"https:\/\/secure.gravatar.com\/avatar\/c6003e45301182b7e125463fcbec403b1980909c12edf09098526b9a15e779c0?s=96&d=mm&r=g","caption":"agradocosmetic"}}]}},"_links":{"self":[{"href":"https:\/\/agradocosmetic.com\/fr\/wp-json\/wp\/v2\/posts\/20813","targetHints":{"allow":["GET"]}}],"collection":[{"href":"https:\/\/agradocosmetic.com\/fr\/wp-json\/wp\/v2\/posts"}],"about":[{"href":"https:\/\/agradocosmetic.com\/fr\/wp-json\/wp\/v2\/types\/post"}],"author":[{"embeddable":true,"href":"https:\/\/agradocosmetic.com\/fr\/wp-json\/wp\/v2\/users\/9"}],"replies":[{"embeddable":true,"href":"https:\/\/agradocosmetic.com\/fr\/wp-json\/wp\/v2\/comments?post=20813"}],"version-history":[{"count":1,"href":"https:\/\/agradocosmetic.com\/fr\/wp-json\/wp\/v2\/posts\/20813\/revisions"}],"predecessor-version":[{"id":21230,"href":"https:\/\/agradocosmetic.com\/fr\/wp-json\/wp\/v2\/posts\/20813\/revisions\/21230"}],"wp:featuredmedia":[{"embeddable":true,"href":"https:\/\/agradocosmetic.com\/fr\/wp-json\/wp\/v2\/media\/21229"}],"wp:attachment":[{"href":"https:\/\/agradocosmetic.com\/fr\/wp-json\/wp\/v2\/media?parent=20813"}],"wp:term":[{"taxonomy":"category","embeddable":true,"href":"https:\/\/agradocosmetic.com\/fr\/wp-json\/wp\/v2\/categories?post=20813"},{"taxonomy":"post_tag","embeddable":true,"href":"https:\/\/agradocosmetic.com\/fr\/wp-json\/wp\/v2\/tags?post=20813"}],"curies":[{"name":"wp","href":"https:\/\/api.w.org\/{rel}","templated":true}]}}