{"id":20974,"date":"2023-07-17T10:19:45","date_gmt":"2023-07-17T09:19:45","guid":{"rendered":"https:\/\/www.agradocosmetic.com\/?p=20974"},"modified":"2023-11-18T16:58:44","modified_gmt":"2023-11-18T16:58:44","slug":"las-mejores-playas-de-surf-este-verano","status":"publish","type":"post","link":"https:\/\/agradocosmetic.com\/fr\/las-mejores-playas-de-surf-este-verano\/","title":{"rendered":"Les meilleures plages de surf cet \u00e9t\u00e9 portent le label Agrado"},"content":{"rendered":"<p>L&#039;\u00e9t\u00e9 r\u00e9clame une escapade sur notre plage pr\u00e9f\u00e9r\u00e9e pour profiter des meilleures vagues. Pas a toi? Parce qu&#039;il n&#039;y a rien de mieux que de sortir sa planche, de convaincre ses amis de rejoindre le projet et de prendre la mer. Cette ann\u00e9e, nous nous sommes associ\u00e9s \u00e0 Gu\u00eda Surf Skate pour vous dire ce qu&#039;ils sont <strong>les meilleures plages de surf cet \u00e9t\u00e9<\/strong>, ceux \u00e0 ne pas manquer si vous voulez surfer sur une vague de classe. Continuez \u00e0 lire pour les d\u00e9couvrir !<\/p>\r\n\r\n\r\n\r\n<p>Les plages de Californie sont tr\u00e8s belles (on ne va pas se leurrer), mais il n&#039;est pas n\u00e9cessaire d&#039;aller si loin pour profiter d&#039;une bonne session de surf. En Espagne, au Portugal et en France, nous disposons de spots uniques o\u00f9 vous pourrez profiter des vagues. Nous avons attribu\u00e9 \u00e0 ces plages spectaculaires le <strong>Veuillez tamponner le <a href=\"https:\/\/viewer.joomag.com\/guia-surf-skate-23-24-16%C2%AAed-julio-2023\/0974130001689336185?short&amp;\" target=\"_blank\" rel=\"noreferrer noopener\">Surf Skate Guider 2023<\/a><\/strong>, qui reconna\u00eet sa qualit\u00e9 pour surfer et surfer des vagues de comp\u00e9tition. Pr\u00eat \u00e0 les rencontrer ? Pr\u00e9parez votre planche !\u00a0<\/p>\r\n\r\n\r\n\r\n<h2 class=\"wp-block-heading\">Les meilleures plages de surf d&#039;Espagne\u00a0<\/h2>\r\n\r\n\r\n\r\n<p>Dans le nord de l&#039;Espagne, o\u00f9 la culture du surf est plus profond\u00e9ment enracin\u00e9e, nous trouvons des coins spectaculaires o\u00f9 vous pourrez profiter de votre planche. Nos favoris ? La <strong>Plage de Mundaka<\/strong> (Pays Basque), le <strong>Plage folle<\/strong> (Cantabrie), le<strong> Estuaire de Rodiles <\/strong>(Asturies) et le <strong>Plage de Pantin<\/strong> (Galice). Vous serez \u00e9merveill\u00e9 par ses vagues !<\/p>\r\n\r\n\r\n\r\n<figure class=\"wp-block-image size-large\"><img decoding=\"async\" class=\"wp-image-20975\" src=\"https:\/\/www.agradocosmetic.com\/wp-content\/uploads\/2023\/07\/playa-de-los-locos-1-1024x444.jpg\" alt=\"\" \/><\/figure>\r\n\r\n\r\n\r\n\r\n\r\n<p>Si nous parlons des plages de surf du sud, il faut mentionner sp\u00e9cialement Playa <strong>El Palmar<\/strong> d\u00e9j\u00e0 <strong>La Mojonera,<\/strong> tous deux en Andalousie. D\u00e9sormais sur la c\u00f4te m\u00e9diterran\u00e9enne, nos incontournables pour attraper de bonnes vagues sont : <strong>Bouche du J\u00facar <\/strong>(Com. Valenciana) et <strong>La Rotonde <\/strong>(Catalogne). Vous allez les adorer !<\/p>\r\n\r\n\r\n\r\n<p>Aux Bal\u00e9ares, vous ne pouvez pas manquer de visiter le <strong>Pic de cavalerie<\/strong> avec ses imposantes vagues de deux m\u00e8tres. Et d&#039;une \u00eele \u00e0 l&#039;autre. Aux \u00eeles Canaries, <strong>Le Quemao<\/strong>, <strong>Le Confital,<\/strong> <strong>Le conqu\u00e9rant <\/strong>et la<strong> Plage de Los Lobos<\/strong> Ils vous laisseront sans voix. Une visite incontournable pour les amateurs de surf !\u00a0<\/p>\r\n\r\n\r\n\r\n<h2 class=\"wp-block-heading\">Les meilleures plages pour surfer au Portugal et en France<\/h2>\r\n\r\n\r\n\r\n<p>En longeant la c\u00f4te portugaise, nous trouvons de magnifiques plages pour profiter des vagues. <strong>Espinho<\/strong>,<strong> Supertubes <\/strong>et <strong>B\u00e9liche<\/strong> Ce sont nos incontournables \u00e0 visiter chaque \u00e9t\u00e9. Avec une ambiance surfeur de 10 !\u00a0<\/p>\r\n\r\n\r\n\r\n<figure class=\"wp-block-image size-large\"><img decoding=\"async\" class=\"wp-image-20978\" src=\"https:\/\/www.agradocosmetic.com\/wp-content\/uploads\/2023\/07\/pedro-boonman-supertubos-surf-1024x399.jpeg\" alt=\"\" \/><\/figure>\r\n\r\n<p>&nbsp;<\/p>\r\n\r\n<p>Si on parle des plages fran\u00e7aises, <strong>La Gravi\u00e8re<\/strong> il ne peut pas \u00eatre absent. Avec des vagues allant jusqu&#039;\u00e0 4 m\u00e8tres, il est parfait pour en profiter avec votre planche.\u00a0<\/p>\r\n\r\n\r\n\r\n<h3 class=\"wp-block-heading\">Profitez des meilleures vagues tout en prot\u00e9geant votre peau du soleil<\/h3>\r\n\r\n\r\n\r\n<p>Si vous \u00eates un grand amateur de surf, vous savez d\u00e9j\u00e0 \u00e0 quel point il est important de prot\u00e9ger votre peau du soleil. Surtout si votre seul projet est de passer des heures et des heures au tableau. <strong>Chez Agrado nous prenons le maximum de soin de votre peau avec nos cr\u00e8mes solaires<\/strong>, disponible dans une grande vari\u00e9t\u00e9 de formats afin que vous puissiez choisir celui qui vous convient le mieux. Nos essentiels ? Quelle que soit la plage o\u00f9 nous allons, vous ne pouvez pas manquer le <a href=\"\/fr\/?p=3558\"><strong>Brume Solaire Visage SPF50+ <\/strong><\/a>et la <a href=\"\/fr\/?p=10648\"><strong>Cr\u00e8me Solaire SPF50<\/strong><\/a>. Les deux cr\u00e8mes solaires ont une haute protection, parfaites pour une exposition prolong\u00e9e au soleil, et sont faciles \u00e0 appliquer et ne graissent pas du tout. De plus et surtout, ils sont r\u00e9sistants \u00e0 l\u2019eau. De cette fa\u00e7on, vous serez toujours prot\u00e9g\u00e9 !\u00a0<\/p>\r\n\r\n\r\n\r\n<p>Maintenant que vous connaissez les meilleures plages pour surfer cet \u00e9t\u00e9, pr\u00e9parez votre planche et partez \u00e0 la mer. Chez Agrado Cosmetic nous vous accompagnons pour prot\u00e9ger votre peau ! \ud83d\ude09<\/p>","protected":false},"excerpt":{"rendered":"<p>El verano nos est\u00e1 pidiendo a gritos una escapada a nuestra playa favorita para disfrutar de las mejores olas. \u00bfA ti no? Porque no hay nada mejor que sacar a relucir tu tabla, convencer a tus amigxs para unirse al plan y poner rumbo al mar. Este a\u00f1o nos hemos aliado con Gu\u00eda Surf Skate [&hellip;]<\/p>\n","protected":false},"author":9,"featured_media":21183,"comment_status":"open","ping_status":"closed","sticky":false,"template":"","format":"standard","meta":{"footnotes":"","_wp_rev_ctl_limit":""},"categories":[531,1],"tags":[555,549,557,543,551,559],"class_list":["post-20974","post","type-post","status-publish","format-standard","has-post-thumbnail","hentry","category-solar-en","category-todos","tag-crema-solar-en","tag-fotoprotector-en","tag-playas-de-surf-en","tag-proteccion-solar-en","tag-protector-solar-en","tag-surfear-en"],"yoast_head":"<!-- This site is optimized with the Yoast SEO plugin v27.4 - https:\/\/yoast.com\/product\/yoast-seo-wordpress\/ -->\n<title>Las mejores playas de surf este verano tienen el sello Agrado - Agrado<\/title>\n<meta name=\"description\" content=\"Este a\u00f1o nos hemos aliado con Gu\u00eda Surf Skate para contarte cu\u00e1les son las mejores playas de surf este verano. \u00a1Desc\u00fabrelas!\" \/>\n<meta name=\"robots\" content=\"index, follow, max-snippet:-1, max-image-preview:large, max-video-preview:-1\" \/>\n<link rel=\"canonical\" href=\"https:\/\/agradocosmetic.com\/fr\/las-mejores-playas-de-surf-este-verano\/\" \/>\n<meta property=\"og:locale\" content=\"fr_FR\" \/>\n<meta property=\"og:type\" content=\"article\" \/>\n<meta property=\"og:title\" content=\"Las mejores playas de surf este verano tienen el sello Agrado - Agrado\" \/>\n<meta property=\"og:description\" content=\"Este a\u00f1o nos hemos aliado con Gu\u00eda Surf Skate para contarte cu\u00e1les son las mejores playas de surf este verano. \u00a1Desc\u00fabrelas!\" \/>\n<meta property=\"og:url\" content=\"https:\/\/agradocosmetic.com\/fr\/las-mejores-playas-de-surf-este-verano\/\" \/>\n<meta property=\"og:site_name\" content=\"Agrado\" \/>\n<meta property=\"article:published_time\" content=\"2023-07-17T09:19:45+00:00\" \/>\n<meta property=\"article:modified_time\" content=\"2023-11-18T16:58:44+00:00\" \/>\n<meta property=\"og:image\" content=\"https:\/\/agradocosmetic.com\/wp-content\/uploads\/2023\/07\/mejores-playas-de-surf-este-verano-agrado.jpg\" \/>\n\t<meta property=\"og:image:width\" content=\"1200\" \/>\n\t<meta property=\"og:image:height\" content=\"800\" \/>\n\t<meta property=\"og:image:type\" content=\"image\/jpeg\" \/>\n<meta name=\"author\" content=\"agradocosmetic\" \/>\n<meta name=\"twitter:card\" content=\"summary_large_image\" \/>\n<meta name=\"twitter:label1\" content=\"\u00c9crit par\" \/>\n\t<meta name=\"twitter:data1\" content=\"agradocosmetic\" \/>\n\t<meta name=\"twitter:label2\" content=\"Dur\u00e9e de lecture estim\u00e9e\" \/>\n\t<meta name=\"twitter:data2\" content=\"3 minutes\" \/>\n<script type=\"application\/ld+json\" class=\"yoast-schema-graph\">{\"@context\":\"https:\\\/\\\/schema.org\",\"@graph\":[{\"@type\":\"Article\",\"@id\":\"https:\\\/\\\/agradocosmetic.com\\\/en\\\/las-mejores-playas-de-surf-este-verano\\\/#article\",\"isPartOf\":{\"@id\":\"https:\\\/\\\/agradocosmetic.com\\\/en\\\/las-mejores-playas-de-surf-este-verano\\\/\"},\"author\":{\"name\":\"agradocosmetic\",\"@id\":\"https:\\\/\\\/agradocosmetic.com\\\/#\\\/schema\\\/person\\\/732e8d396022e25f9340196f83d6789d\"},\"headline\":\"Las mejores playas de surf este verano tienen el sello Agrado\",\"datePublished\":\"2023-07-17T09:19:45+00:00\",\"dateModified\":\"2023-11-18T16:58:44+00:00\",\"mainEntityOfPage\":{\"@id\":\"https:\\\/\\\/agradocosmetic.com\\\/en\\\/las-mejores-playas-de-surf-este-verano\\\/\"},\"wordCount\":582,\"commentCount\":0,\"publisher\":{\"@id\":\"https:\\\/\\\/agradocosmetic.com\\\/#organization\"},\"image\":{\"@id\":\"https:\\\/\\\/agradocosmetic.com\\\/en\\\/las-mejores-playas-de-surf-este-verano\\\/#primaryimage\"},\"thumbnailUrl\":\"https:\\\/\\\/agradocosmetic.com\\\/wp-content\\\/uploads\\\/2023\\\/07\\\/mejores-playas-de-surf-este-verano-agrado.jpg\",\"keywords\":[\"crema solar\",\"fotoprotector\",\"playas de surf\",\"proteccion solar\",\"protector solar\",\"surfear\"],\"articleSection\":[\"Solar\",\"Todos\"],\"inLanguage\":\"fr-FR\",\"potentialAction\":[{\"@type\":\"CommentAction\",\"name\":\"Comment\",\"target\":[\"https:\\\/\\\/agradocosmetic.com\\\/en\\\/las-mejores-playas-de-surf-este-verano\\\/#respond\"]}]},{\"@type\":\"WebPage\",\"@id\":\"https:\\\/\\\/agradocosmetic.com\\\/en\\\/las-mejores-playas-de-surf-este-verano\\\/\",\"url\":\"https:\\\/\\\/agradocosmetic.com\\\/en\\\/las-mejores-playas-de-surf-este-verano\\\/\",\"name\":\"Las mejores playas de surf este verano tienen el sello Agrado - Agrado\",\"isPartOf\":{\"@id\":\"https:\\\/\\\/agradocosmetic.com\\\/#website\"},\"primaryImageOfPage\":{\"@id\":\"https:\\\/\\\/agradocosmetic.com\\\/en\\\/las-mejores-playas-de-surf-este-verano\\\/#primaryimage\"},\"image\":{\"@id\":\"https:\\\/\\\/agradocosmetic.com\\\/en\\\/las-mejores-playas-de-surf-este-verano\\\/#primaryimage\"},\"thumbnailUrl\":\"https:\\\/\\\/agradocosmetic.com\\\/wp-content\\\/uploads\\\/2023\\\/07\\\/mejores-playas-de-surf-este-verano-agrado.jpg\",\"datePublished\":\"2023-07-17T09:19:45+00:00\",\"dateModified\":\"2023-11-18T16:58:44+00:00\",\"description\":\"Este a\u00f1o nos hemos aliado con Gu\u00eda Surf Skate para contarte cu\u00e1les son las mejores playas de surf este verano. \u00a1Desc\u00fabrelas!\",\"breadcrumb\":{\"@id\":\"https:\\\/\\\/agradocosmetic.com\\\/en\\\/las-mejores-playas-de-surf-este-verano\\\/#breadcrumb\"},\"inLanguage\":\"fr-FR\",\"potentialAction\":[{\"@type\":\"ReadAction\",\"target\":[\"https:\\\/\\\/agradocosmetic.com\\\/en\\\/las-mejores-playas-de-surf-este-verano\\\/\"]}]},{\"@type\":\"ImageObject\",\"inLanguage\":\"fr-FR\",\"@id\":\"https:\\\/\\\/agradocosmetic.com\\\/en\\\/las-mejores-playas-de-surf-este-verano\\\/#primaryimage\",\"url\":\"https:\\\/\\\/agradocosmetic.com\\\/wp-content\\\/uploads\\\/2023\\\/07\\\/mejores-playas-de-surf-este-verano-agrado.jpg\",\"contentUrl\":\"https:\\\/\\\/agradocosmetic.com\\\/wp-content\\\/uploads\\\/2023\\\/07\\\/mejores-playas-de-surf-este-verano-agrado.jpg\",\"width\":1200,\"height\":800},{\"@type\":\"BreadcrumbList\",\"@id\":\"https:\\\/\\\/agradocosmetic.com\\\/en\\\/las-mejores-playas-de-surf-este-verano\\\/#breadcrumb\",\"itemListElement\":[{\"@type\":\"ListItem\",\"position\":1,\"name\":\"Portada\",\"item\":\"https:\\\/\\\/agradocosmetic.com\\\/\"},{\"@type\":\"ListItem\",\"position\":2,\"name\":\"Las mejores playas de surf este verano tienen el sello Agrado\"}]},{\"@type\":\"WebSite\",\"@id\":\"https:\\\/\\\/agradocosmetic.com\\\/#website\",\"url\":\"https:\\\/\\\/agradocosmetic.com\\\/\",\"name\":\"Agrado\",\"description\":\"Cosmetic\",\"publisher\":{\"@id\":\"https:\\\/\\\/agradocosmetic.com\\\/#organization\"},\"potentialAction\":[{\"@type\":\"SearchAction\",\"target\":{\"@type\":\"EntryPoint\",\"urlTemplate\":\"https:\\\/\\\/agradocosmetic.com\\\/?s={search_term_string}\"},\"query-input\":{\"@type\":\"PropertyValueSpecification\",\"valueRequired\":true,\"valueName\":\"search_term_string\"}}],\"inLanguage\":\"fr-FR\"},{\"@type\":\"Organization\",\"@id\":\"https:\\\/\\\/agradocosmetic.com\\\/#organization\",\"name\":\"Agrado\",\"url\":\"https:\\\/\\\/agradocosmetic.com\\\/\",\"logo\":{\"@type\":\"ImageObject\",\"inLanguage\":\"fr-FR\",\"@id\":\"https:\\\/\\\/agradocosmetic.com\\\/#\\\/schema\\\/logo\\\/image\\\/\",\"url\":\"https:\\\/\\\/agradocosmetic.com\\\/wp-content\\\/uploads\\\/2023\\\/07\\\/LOGO-AGRADO-WEB-01.png\",\"contentUrl\":\"https:\\\/\\\/agradocosmetic.com\\\/wp-content\\\/uploads\\\/2023\\\/07\\\/LOGO-AGRADO-WEB-01.png\",\"width\":1632,\"height\":300,\"caption\":\"Agrado\"},\"image\":{\"@id\":\"https:\\\/\\\/agradocosmetic.com\\\/#\\\/schema\\\/logo\\\/image\\\/\"}},{\"@type\":\"Person\",\"@id\":\"https:\\\/\\\/agradocosmetic.com\\\/#\\\/schema\\\/person\\\/732e8d396022e25f9340196f83d6789d\",\"name\":\"agradocosmetic\",\"image\":{\"@type\":\"ImageObject\",\"inLanguage\":\"fr-FR\",\"@id\":\"https:\\\/\\\/secure.gravatar.com\\\/avatar\\\/c6003e45301182b7e125463fcbec403b1980909c12edf09098526b9a15e779c0?s=96&d=mm&r=g\",\"url\":\"https:\\\/\\\/secure.gravatar.com\\\/avatar\\\/c6003e45301182b7e125463fcbec403b1980909c12edf09098526b9a15e779c0?s=96&d=mm&r=g\",\"contentUrl\":\"https:\\\/\\\/secure.gravatar.com\\\/avatar\\\/c6003e45301182b7e125463fcbec403b1980909c12edf09098526b9a15e779c0?s=96&d=mm&r=g\",\"caption\":\"agradocosmetic\"}}]}<\/script>\n<!-- \/ Yoast SEO plugin. -->","yoast_head_json":{"title":"Las mejores playas de surf este verano tienen el sello Agrado - Agrado","description":"Este a\u00f1o nos hemos aliado con Gu\u00eda Surf Skate para contarte cu\u00e1les son las mejores playas de surf este verano. \u00a1Desc\u00fabrelas!","robots":{"index":"index","follow":"follow","max-snippet":"max-snippet:-1","max-image-preview":"max-image-preview:large","max-video-preview":"max-video-preview:-1"},"canonical":"https:\/\/agradocosmetic.com\/fr\/las-mejores-playas-de-surf-este-verano\/","og_locale":"fr_FR","og_type":"article","og_title":"Las mejores playas de surf este verano tienen el sello Agrado - Agrado","og_description":"Este a\u00f1o nos hemos aliado con Gu\u00eda Surf Skate para contarte cu\u00e1les son las mejores playas de surf este verano. \u00a1Desc\u00fabrelas!","og_url":"https:\/\/agradocosmetic.com\/fr\/las-mejores-playas-de-surf-este-verano\/","og_site_name":"Agrado","article_published_time":"2023-07-17T09:19:45+00:00","article_modified_time":"2023-11-18T16:58:44+00:00","og_image":[{"width":1200,"height":800,"url":"https:\/\/agradocosmetic.com\/wp-content\/uploads\/2023\/07\/mejores-playas-de-surf-este-verano-agrado.jpg","type":"image\/jpeg"}],"author":"agradocosmetic","twitter_card":"summary_large_image","twitter_misc":{"\u00c9crit par":"agradocosmetic","Dur\u00e9e de lecture estim\u00e9e":"3 minutes"},"schema":{"@context":"https:\/\/schema.org","@graph":[{"@type":"Article","@id":"https:\/\/agradocosmetic.com\/en\/las-mejores-playas-de-surf-este-verano\/#article","isPartOf":{"@id":"https:\/\/agradocosmetic.com\/en\/las-mejores-playas-de-surf-este-verano\/"},"author":{"name":"agradocosmetic","@id":"https:\/\/agradocosmetic.com\/#\/schema\/person\/732e8d396022e25f9340196f83d6789d"},"headline":"Las mejores playas de surf este verano tienen el sello Agrado","datePublished":"2023-07-17T09:19:45+00:00","dateModified":"2023-11-18T16:58:44+00:00","mainEntityOfPage":{"@id":"https:\/\/agradocosmetic.com\/en\/las-mejores-playas-de-surf-este-verano\/"},"wordCount":582,"commentCount":0,"publisher":{"@id":"https:\/\/agradocosmetic.com\/#organization"},"image":{"@id":"https:\/\/agradocosmetic.com\/en\/las-mejores-playas-de-surf-este-verano\/#primaryimage"},"thumbnailUrl":"https:\/\/agradocosmetic.com\/wp-content\/uploads\/2023\/07\/mejores-playas-de-surf-este-verano-agrado.jpg","keywords":["crema solar","fotoprotector","playas de surf","proteccion solar","protector solar","surfear"],"articleSection":["Solar","Todos"],"inLanguage":"fr-FR","potentialAction":[{"@type":"CommentAction","name":"Comment","target":["https:\/\/agradocosmetic.com\/en\/las-mejores-playas-de-surf-este-verano\/#respond"]}]},{"@type":"WebPage","@id":"https:\/\/agradocosmetic.com\/en\/las-mejores-playas-de-surf-este-verano\/","url":"https:\/\/agradocosmetic.com\/en\/las-mejores-playas-de-surf-este-verano\/","name":"Las mejores playas de surf este verano tienen el sello Agrado - Agrado","isPartOf":{"@id":"https:\/\/agradocosmetic.com\/#website"},"primaryImageOfPage":{"@id":"https:\/\/agradocosmetic.com\/en\/las-mejores-playas-de-surf-este-verano\/#primaryimage"},"image":{"@id":"https:\/\/agradocosmetic.com\/en\/las-mejores-playas-de-surf-este-verano\/#primaryimage"},"thumbnailUrl":"https:\/\/agradocosmetic.com\/wp-content\/uploads\/2023\/07\/mejores-playas-de-surf-este-verano-agrado.jpg","datePublished":"2023-07-17T09:19:45+00:00","dateModified":"2023-11-18T16:58:44+00:00","description":"Este a\u00f1o nos hemos aliado con Gu\u00eda Surf Skate para contarte cu\u00e1les son las mejores playas de surf este verano. \u00a1Desc\u00fabrelas!","breadcrumb":{"@id":"https:\/\/agradocosmetic.com\/en\/las-mejores-playas-de-surf-este-verano\/#breadcrumb"},"inLanguage":"fr-FR","potentialAction":[{"@type":"ReadAction","target":["https:\/\/agradocosmetic.com\/en\/las-mejores-playas-de-surf-este-verano\/"]}]},{"@type":"ImageObject","inLanguage":"fr-FR","@id":"https:\/\/agradocosmetic.com\/en\/las-mejores-playas-de-surf-este-verano\/#primaryimage","url":"https:\/\/agradocosmetic.com\/wp-content\/uploads\/2023\/07\/mejores-playas-de-surf-este-verano-agrado.jpg","contentUrl":"https:\/\/agradocosmetic.com\/wp-content\/uploads\/2023\/07\/mejores-playas-de-surf-este-verano-agrado.jpg","width":1200,"height":800},{"@type":"BreadcrumbList","@id":"https:\/\/agradocosmetic.com\/en\/las-mejores-playas-de-surf-este-verano\/#breadcrumb","itemListElement":[{"@type":"ListItem","position":1,"name":"Portada","item":"https:\/\/agradocosmetic.com\/"},{"@type":"ListItem","position":2,"name":"Las mejores playas de surf este verano tienen el sello Agrado"}]},{"@type":"WebSite","@id":"https:\/\/agradocosmetic.com\/#website","url":"https:\/\/agradocosmetic.com\/","name":"Aimer","description":"cosm\u00e9tique","publisher":{"@id":"https:\/\/agradocosmetic.com\/#organization"},"potentialAction":[{"@type":"SearchAction","target":{"@type":"EntryPoint","urlTemplate":"https:\/\/agradocosmetic.com\/?s={search_term_string}"},"query-input":{"@type":"PropertyValueSpecification","valueRequired":true,"valueName":"search_term_string"}}],"inLanguage":"fr-FR"},{"@type":"Organization","@id":"https:\/\/agradocosmetic.com\/#organization","name":"Aimer","url":"https:\/\/agradocosmetic.com\/","logo":{"@type":"ImageObject","inLanguage":"fr-FR","@id":"https:\/\/agradocosmetic.com\/#\/schema\/logo\/image\/","url":"https:\/\/agradocosmetic.com\/wp-content\/uploads\/2023\/07\/LOGO-AGRADO-WEB-01.png","contentUrl":"https:\/\/agradocosmetic.com\/wp-content\/uploads\/2023\/07\/LOGO-AGRADO-WEB-01.png","width":1632,"height":300,"caption":"Agrado"},"image":{"@id":"https:\/\/agradocosmetic.com\/#\/schema\/logo\/image\/"}},{"@type":"Person","@id":"https:\/\/agradocosmetic.com\/#\/schema\/person\/732e8d396022e25f9340196f83d6789d","name":"agradocosm\u00e9tique","image":{"@type":"ImageObject","inLanguage":"fr-FR","@id":"https:\/\/secure.gravatar.com\/avatar\/c6003e45301182b7e125463fcbec403b1980909c12edf09098526b9a15e779c0?s=96&d=mm&r=g","url":"https:\/\/secure.gravatar.com\/avatar\/c6003e45301182b7e125463fcbec403b1980909c12edf09098526b9a15e779c0?s=96&d=mm&r=g","contentUrl":"https:\/\/secure.gravatar.com\/avatar\/c6003e45301182b7e125463fcbec403b1980909c12edf09098526b9a15e779c0?s=96&d=mm&r=g","caption":"agradocosmetic"}}]}},"_links":{"self":[{"href":"https:\/\/agradocosmetic.com\/fr\/wp-json\/wp\/v2\/posts\/20974","targetHints":{"allow":["GET"]}}],"collection":[{"href":"https:\/\/agradocosmetic.com\/fr\/wp-json\/wp\/v2\/posts"}],"about":[{"href":"https:\/\/agradocosmetic.com\/fr\/wp-json\/wp\/v2\/types\/post"}],"author":[{"embeddable":true,"href":"https:\/\/agradocosmetic.com\/fr\/wp-json\/wp\/v2\/users\/9"}],"replies":[{"embeddable":true,"href":"https:\/\/agradocosmetic.com\/fr\/wp-json\/wp\/v2\/comments?post=20974"}],"version-history":[{"count":1,"href":"https:\/\/agradocosmetic.com\/fr\/wp-json\/wp\/v2\/posts\/20974\/revisions"}],"predecessor-version":[{"id":21184,"href":"https:\/\/agradocosmetic.com\/fr\/wp-json\/wp\/v2\/posts\/20974\/revisions\/21184"}],"wp:featuredmedia":[{"embeddable":true,"href":"https:\/\/agradocosmetic.com\/fr\/wp-json\/wp\/v2\/media\/21183"}],"wp:attachment":[{"href":"https:\/\/agradocosmetic.com\/fr\/wp-json\/wp\/v2\/media?parent=20974"}],"wp:term":[{"taxonomy":"category","embeddable":true,"href":"https:\/\/agradocosmetic.com\/fr\/wp-json\/wp\/v2\/categories?post=20974"},{"taxonomy":"post_tag","embeddable":true,"href":"https:\/\/agradocosmetic.com\/fr\/wp-json\/wp\/v2\/tags?post=20974"}],"curies":[{"name":"wp","href":"https:\/\/api.w.org\/{rel}","templated":true}]}}