{"id":2099,"date":"2018-04-19T11:52:34","date_gmt":"2018-04-19T10:52:34","guid":{"rendered":"https:\/\/www.agradocosmetic.com\/?p=2099"},"modified":"2023-11-18T16:58:56","modified_gmt":"2023-11-18T16:58:56","slug":"conoce-los-colores-de-pelo-mas-trendy-de-la-temporada-primavera-verano-2018","status":"publish","type":"post","link":"https:\/\/agradocosmetic.com\/fr\/conoce-los-colores-de-pelo-mas-trendy-de-la-temporada-primavera-verano-2018\/","title":{"rendered":"D\u00e9couvrez les couleurs de cheveux les plus tendances de la saison printemps-\u00e9t\u00e9 2018"},"content":{"rendered":"<p>Comme nous l&#039;avons d\u00e9j\u00e0 \u00e9voqu\u00e9 dans l&#039;article \u00ab Comment entretenir les cheveux teints \u00bb, le fait de renouveler notre image et de changer de couleur de cheveux est quelque chose de plus que courant de nos jours. Se teindre les cheveux n&#039;a rien de nouveau, mais les tendances en mati\u00e8re de teinture et de coloration du moment le sont car elles varient \u00e0 chaque saison.<\/p>\n<p>C&#039;est pourquoi nous nous demandons quelles sont les couleurs de cheveux port\u00e9es \u00e0 cette p\u00e9riode de l&#039;ann\u00e9e ? Dans l&#039;article d&#039;aujourd&#039;hui, nous allons vous parler des tons \u00e0 la mode de la saison printemps-\u00e9t\u00e9 afin que vous soyez toujours au courant. Osez les cheveux tendance !<\/p>\n<p>&nbsp;<\/p>\n<h3><strong>1. Des cheveux bruns naturels plus \u00e9clatants que jamais.<\/strong><\/h3>\n<p>&nbsp;<\/p>\n<p>Cette saison, celles qui ont les cheveux bruns ont de la chance, car les tons bruns et chocolat deviennent forts et vont rester. C&#039;est d\u00e9finitivement l&#039;une des couleurs tendance en 2018.<\/p>\n<p>Et pourquoi cette couleur \u00ab traditionnelle \u00bb est-elle \u00e0 la mode ? Les tons marron ont toujours \u00e9t\u00e9 associ\u00e9s aux personnes au style plus classique et naturel. Mais c\u2019est pr\u00e9cis\u00e9ment ce qui est pr\u00e9vu : afficher une couleur de cheveux bruns la plus naturelle possible.<\/p>\n<p>Le dernier des derniers est de l&#039;accompagner d&#039;une m\u00e8che <em>shatush <\/em>(version am\u00e9lior\u00e9e des californiennes) blonde ou plus claire pour donner de la luminosit\u00e9 \u00e0 votre visage. C&#039;est travailler sur nos cheveux le fameux <strong>#HairContouring <\/strong>comme l&#039;appellent les professionnels.<\/p>\n<p>&nbsp;<\/p>\n<figure id=\"attachment_2100\" aria-describedby=\"caption-attachment-2100\" style=\"width: 848px\" class=\"wp-caption alignnone\"><img fetchpriority=\"high\" decoding=\"async\" class=\"size-large wp-image-2100\" src=\"https:\/\/www.agradocosmetic.com\/wp-content\/uploads\/2018\/04\/jessica-biel-shatush-1024x731.jpg\" alt=\"jessica-biel-shatush-casta\u00f1o-tendencia-2018\" width=\"848\" height=\"605\" \/><figcaption id=\"caption-attachment-2100\" class=\"wp-caption-text\">Jessica Biel arbore des cheveux bruns combin\u00e9s \u00e0 des reflets blonds shatush, un look doux et naturel.<\/figcaption><\/figure>\n<p>&nbsp;<\/p>\n<h3><strong>2. Du ton blond polaire au Cream Soda.<\/strong><\/h3>\n<p>&nbsp;<\/p>\n<p>La saison derni\u00e8re, la couleur a \u00e9t\u00e9 beaucoup port\u00e9e <em>cheveux gel\u00e9s<\/em> ou blond polaire, une couleur blonde presque blanche qui \u00e9tait port\u00e9e par plusieurs <em>c\u00e9l\u00e9brit\u00e9s<\/em> dans leurs cheveux fabuleux. Un autre style pr\u00e9f\u00e9r\u00e9 des c\u00e9l\u00e9brit\u00e9s \u00e9tait le <em>cheveux de mamie<\/em>, un blond platine aux nuances grises qui donnait un aspect froid \u00e0 notre look en ad\u00e9quation avec la saison hivernale.<\/p>\n<p>Par contre pour cette saison nous avons le ton <em>soda \u00e0 la cr\u00e8me<\/em> ou encore soda blonde, une couleur blonde plus douce qui adoucit les traits du visage et donne de la luminosit\u00e9 \u00e0 notre visage. Des tons dor\u00e9s ou blond fonc\u00e9 combin\u00e9s avec <em>soda \u00e0 la cr\u00e8me <\/em>Ils vous donneront un look plus girly et doux, parfait pour la saison printemps-\u00e9t\u00e9 !<\/p>\n<p>&nbsp;<\/p>\n<figure id=\"attachment_2103\" aria-describedby=\"caption-attachment-2103\" style=\"width: 848px\" class=\"wp-caption alignnone\"><img decoding=\"async\" class=\"size-large wp-image-2103\" src=\"https:\/\/www.agradocosmetic.com\/wp-content\/uploads\/2018\/04\/gigi-hadid-cream-soda-1024x731.jpg\" alt=\"cream-soda-rubio-gigi-hadid-modelo-trendy-color-pelo\" width=\"848\" height=\"605\" \/><figcaption id=\"caption-attachment-2103\" class=\"wp-caption-text\">Le c\u00e9l\u00e8bre mannequin Gigi Hadid avec un ton cream soda ou soda blonde dans les cheveux.<\/figcaption><\/figure>\n<p>&nbsp;<\/p>\n<h3><strong>3. Les cheveux cuivr\u00e9s : un classique.<\/strong><\/h3>\n<p>&nbsp;<\/p>\n<p>Porter une crini\u00e8re moderne et actuelle ne signifie pas que vous devez changer radicalement de couleur de vos cheveux, et un exemple clair est le ton cuivr\u00e9. Cette couleur est un classique qui revient cette saison. Comme nous l&#039;avons dit pr\u00e9c\u00e9demment, pour la saison printemps-\u00e9t\u00e9, les couleurs tendances sont g\u00e9n\u00e9ralement associ\u00e9es \u00e0<em> regards<\/em> naturel.<\/p>\n<p><strong>Emma Pierre<\/strong> est l&#039;un des <em>c\u00e9l\u00e9brit\u00e9s<\/em> cela nous vient \u00e0 l\u2019esprit quand on pense \u00e0 cette couleur puisqu\u2019elle montre toujours ses cheveux roux cuivr\u00e9s naturels. Ce ton vous ira \u00e0 merveille comme si vous aviez une peau de porcelaine et un visage aux traits doux.<\/p>\n<p>&nbsp;<\/p>\n<figure id=\"attachment_2106\" aria-describedby=\"caption-attachment-2106\" style=\"width: 848px\" class=\"wp-caption alignnone\"><img decoding=\"async\" class=\"size-large wp-image-2106\" src=\"https:\/\/www.agradocosmetic.com\/wp-content\/uploads\/2018\/04\/emma-stone-hair-1024x731.jpg\" alt=\"hair-emma-stone-red-cobrizo-natural-tendencia\" width=\"848\" height=\"605\" \/><figcaption id=\"caption-attachment-2106\" class=\"wp-caption-text\">Emma Stone arbore des cheveux cuivr\u00e9s naturels, une tendance printemps-\u00e9t\u00e9 2018.<\/figcaption><\/figure>\n<p>&nbsp;<\/p>\n<h3><strong>4. Des reflets couleur lie de vin ou le fameux #WineHair<\/strong><\/h3>\n<p>&nbsp;<\/p>\n<p>La couleur <em>cheveux de vin <\/em>C&#039;est une teinte rouge\u00e2tre, plus intense que les cheveux roux et avec une touche cerise qui est en train de r\u00e9volutionner les r\u00e9seaux sociaux en 2018.<\/p>\n<p>Les cheveux couleur vin sont sans aucun doute l\u2019une des nuances les plus sexy de la saison. Une couleur qui convient tr\u00e8s bien aux personnes \u00e0 la peau claire car elle met en valeur les l\u00e8vres et donne de la force au regard. Une option parfaite pour vous maintenant qu\u2019elle est \u00e0 la mode.<\/p>\n<p>&nbsp;<\/p>\n<figure id=\"attachment_2109\" aria-describedby=\"caption-attachment-2109\" style=\"width: 848px\" class=\"wp-caption alignnone\"><img loading=\"lazy\" decoding=\"async\" class=\"size-large wp-image-2109\" src=\"https:\/\/www.agradocosmetic.com\/wp-content\/uploads\/2018\/04\/ariana-grande-wine-hair-1024x731.jpg\" alt=\"ariana-grande-wine-hair-merlot-burgundy-social-trendy-agrado-blog\" width=\"848\" height=\"605\" \/><figcaption id=\"caption-attachment-2109\" class=\"wp-caption-text\">Ariana Grande rejoint la r\u00e9volution en ligne du look tendance de la saison #WineHair.<\/figcaption><\/figure>\n<p>&nbsp;<\/p>\n<p>&nbsp;<\/p>\n<p>Et c&#039;est tout pour l&#039;entr\u00e9e d&#039;aujourd&#039;hui, nous esp\u00e9rons que vous l&#039;avez aim\u00e9 et que vous essayez certaines des couleurs les plus tendances de cette saison printemps-\u00e9t\u00e9. Osez porter un de ces looks modernes et actuels. N&#039;oubliez pas de laisser vos commentaires sur la publication ici. \u00c0 la prochaine!<\/p>","protected":false},"excerpt":{"rendered":"<p>Como ya hablamos en el post de \u201cC\u00f3mo mantener el cabello te\u00f1ido\u201d, el hecho de renovar nuestra imagen y cambiarnos el color del cabello es algo m\u00e1s que habitual hoy en d\u00eda. Tintarse el cabello no supone ninguna novedad, pero s\u00ed que lo son las tendencias en tinte y coloraci\u00f3n del momento ya que var\u00edan [&hellip;]<\/p>\n","protected":false},"author":9,"featured_media":21430,"comment_status":"open","ping_status":"closed","sticky":false,"template":"","format":"standard","meta":{"footnotes":"","_wp_rev_ctl_limit":""},"categories":[118,1],"tags":[126,174,137,244,245,177,246,247,178,179,248,181,249,250,182,251,252,253,254,255],"class_list":["post-2099","post","type-post","status-publish","format-standard","has-post-thumbnail","hentry","category-lifestyle","category-todos","tag-agrado","tag-agradobeautyculture","tag-agradocosmetic","tag-burgundy","tag-cabello","tag-cabellostenidos","tag-castano","tag-cobrizo","tag-color","tag-coloracion","tag-creamsoda","tag-mechas","tag-merlothair","tag-natural","tag-pelo","tag-rubio","tag-shatush","tag-tendencias","tag-trendy","tag-winehair"],"yoast_head":"<!-- This site is optimized with the Yoast SEO plugin v27.4 - https:\/\/yoast.com\/product\/yoast-seo-wordpress\/ -->\n<title>Conoce los colores de pelo m\u00e1s trendy de la temporada primavera-verano<\/title>\n<meta name=\"description\" content=\"En este nuevo post os revelamos los colores tendencia de esta temporada primavera- verano 2018. Cabellos casta\u00f1os y naturales, tonos rubios cream soda, cobrizos cl\u00e1sicos o estilo #WineHair. \u00bfA qu\u00e9 esperas para lucir una melena tendencia esta temporada?\" \/>\n<meta name=\"robots\" content=\"index, follow, max-snippet:-1, max-image-preview:large, max-video-preview:-1\" \/>\n<link rel=\"canonical\" href=\"https:\/\/agradocosmetic.com\/fr\/conoce-los-colores-de-pelo-mas-trendy-de-la-temporada-primavera-verano-2018\/\" \/>\n<meta property=\"og:locale\" content=\"fr_FR\" \/>\n<meta property=\"og:type\" content=\"article\" \/>\n<meta property=\"og:title\" content=\"Conoce los colores de pelo m\u00e1s trendy de la temporada primavera-verano\" \/>\n<meta property=\"og:description\" content=\"En este nuevo post os revelamos los colores tendencia de esta temporada primavera- verano 2018. Cabellos casta\u00f1os y naturales, tonos rubios cream soda, cobrizos cl\u00e1sicos o estilo #WineHair. \u00bfA qu\u00e9 esperas para lucir una melena tendencia esta temporada?\" \/>\n<meta property=\"og:url\" content=\"https:\/\/agradocosmetic.com\/fr\/conoce-los-colores-de-pelo-mas-trendy-de-la-temporada-primavera-verano-2018\/\" \/>\n<meta property=\"og:site_name\" content=\"Agrado\" \/>\n<meta property=\"article:published_time\" content=\"2018-04-19T10:52:34+00:00\" \/>\n<meta property=\"article:modified_time\" content=\"2023-11-18T16:58:56+00:00\" \/>\n<meta property=\"og:image\" content=\"https:\/\/agradocosmetic.com\/wp-content\/uploads\/2018\/04\/colores-trendy-agrado.jpg\" \/>\n\t<meta property=\"og:image:width\" content=\"1200\" \/>\n\t<meta property=\"og:image:height\" content=\"800\" \/>\n\t<meta property=\"og:image:type\" content=\"image\/jpeg\" \/>\n<meta name=\"author\" content=\"agradocosmetic\" \/>\n<meta name=\"twitter:card\" content=\"summary_large_image\" \/>\n<meta name=\"twitter:label1\" content=\"\u00c9crit par\" \/>\n\t<meta name=\"twitter:data1\" content=\"agradocosmetic\" \/>\n\t<meta name=\"twitter:label2\" content=\"Dur\u00e9e de lecture estim\u00e9e\" \/>\n\t<meta name=\"twitter:data2\" content=\"4 minutes\" \/>\n<script type=\"application\/ld+json\" class=\"yoast-schema-graph\">{\"@context\":\"https:\\\/\\\/schema.org\",\"@graph\":[{\"@type\":\"Article\",\"@id\":\"https:\\\/\\\/agradocosmetic.com\\\/conoce-los-colores-de-pelo-mas-trendy-de-la-temporada-primavera-verano-2018\\\/#article\",\"isPartOf\":{\"@id\":\"https:\\\/\\\/agradocosmetic.com\\\/conoce-los-colores-de-pelo-mas-trendy-de-la-temporada-primavera-verano-2018\\\/\"},\"author\":{\"name\":\"agradocosmetic\",\"@id\":\"https:\\\/\\\/agradocosmetic.com\\\/#\\\/schema\\\/person\\\/732e8d396022e25f9340196f83d6789d\"},\"headline\":\"Conoce los colores de pelo m\u00e1s trendy de la temporada primavera-verano 2018\",\"datePublished\":\"2018-04-19T10:52:34+00:00\",\"dateModified\":\"2023-11-18T16:58:56+00:00\",\"mainEntityOfPage\":{\"@id\":\"https:\\\/\\\/agradocosmetic.com\\\/conoce-los-colores-de-pelo-mas-trendy-de-la-temporada-primavera-verano-2018\\\/\"},\"wordCount\":745,\"commentCount\":0,\"publisher\":{\"@id\":\"https:\\\/\\\/agradocosmetic.com\\\/#organization\"},\"image\":{\"@id\":\"https:\\\/\\\/agradocosmetic.com\\\/conoce-los-colores-de-pelo-mas-trendy-de-la-temporada-primavera-verano-2018\\\/#primaryimage\"},\"thumbnailUrl\":\"https:\\\/\\\/agradocosmetic.com\\\/wp-content\\\/uploads\\\/2018\\\/04\\\/colores-trendy-agrado.jpg\",\"keywords\":[\"agrado\",\"agradobeautyculture\",\"agradocosmetic\",\"burgundy\",\"cabello\",\"cabelloste\u00f1idos\",\"casta\u00f1o\",\"cobrizo\",\"color\",\"coloraci\u00f3n\",\"creamsoda\",\"mechas\",\"merlothair\",\"natural\",\"pelo\",\"rubio\",\"shatush\",\"tendencias\",\"trendy\",\"winehair\"],\"articleSection\":[\"Lifestyle\",\"Todos\"],\"inLanguage\":\"fr-FR\",\"potentialAction\":[{\"@type\":\"CommentAction\",\"name\":\"Comment\",\"target\":[\"https:\\\/\\\/agradocosmetic.com\\\/conoce-los-colores-de-pelo-mas-trendy-de-la-temporada-primavera-verano-2018\\\/#respond\"]}]},{\"@type\":\"WebPage\",\"@id\":\"https:\\\/\\\/agradocosmetic.com\\\/conoce-los-colores-de-pelo-mas-trendy-de-la-temporada-primavera-verano-2018\\\/\",\"url\":\"https:\\\/\\\/agradocosmetic.com\\\/conoce-los-colores-de-pelo-mas-trendy-de-la-temporada-primavera-verano-2018\\\/\",\"name\":\"Conoce los colores de pelo m\u00e1s trendy de la temporada primavera-verano\",\"isPartOf\":{\"@id\":\"https:\\\/\\\/agradocosmetic.com\\\/#website\"},\"primaryImageOfPage\":{\"@id\":\"https:\\\/\\\/agradocosmetic.com\\\/conoce-los-colores-de-pelo-mas-trendy-de-la-temporada-primavera-verano-2018\\\/#primaryimage\"},\"image\":{\"@id\":\"https:\\\/\\\/agradocosmetic.com\\\/conoce-los-colores-de-pelo-mas-trendy-de-la-temporada-primavera-verano-2018\\\/#primaryimage\"},\"thumbnailUrl\":\"https:\\\/\\\/agradocosmetic.com\\\/wp-content\\\/uploads\\\/2018\\\/04\\\/colores-trendy-agrado.jpg\",\"datePublished\":\"2018-04-19T10:52:34+00:00\",\"dateModified\":\"2023-11-18T16:58:56+00:00\",\"description\":\"En este nuevo post os revelamos los colores tendencia de esta temporada primavera- verano 2018. Cabellos casta\u00f1os y naturales, tonos rubios cream soda, cobrizos cl\u00e1sicos o estilo #WineHair. \u00bfA qu\u00e9 esperas para lucir una melena tendencia esta temporada?\",\"breadcrumb\":{\"@id\":\"https:\\\/\\\/agradocosmetic.com\\\/conoce-los-colores-de-pelo-mas-trendy-de-la-temporada-primavera-verano-2018\\\/#breadcrumb\"},\"inLanguage\":\"fr-FR\",\"potentialAction\":[{\"@type\":\"ReadAction\",\"target\":[\"https:\\\/\\\/agradocosmetic.com\\\/conoce-los-colores-de-pelo-mas-trendy-de-la-temporada-primavera-verano-2018\\\/\"]}]},{\"@type\":\"ImageObject\",\"inLanguage\":\"fr-FR\",\"@id\":\"https:\\\/\\\/agradocosmetic.com\\\/conoce-los-colores-de-pelo-mas-trendy-de-la-temporada-primavera-verano-2018\\\/#primaryimage\",\"url\":\"https:\\\/\\\/agradocosmetic.com\\\/wp-content\\\/uploads\\\/2018\\\/04\\\/colores-trendy-agrado.jpg\",\"contentUrl\":\"https:\\\/\\\/agradocosmetic.com\\\/wp-content\\\/uploads\\\/2018\\\/04\\\/colores-trendy-agrado.jpg\",\"width\":1200,\"height\":800},{\"@type\":\"BreadcrumbList\",\"@id\":\"https:\\\/\\\/agradocosmetic.com\\\/conoce-los-colores-de-pelo-mas-trendy-de-la-temporada-primavera-verano-2018\\\/#breadcrumb\",\"itemListElement\":[{\"@type\":\"ListItem\",\"position\":1,\"name\":\"Portada\",\"item\":\"https:\\\/\\\/agradocosmetic.com\\\/\"},{\"@type\":\"ListItem\",\"position\":2,\"name\":\"Conoce los colores de pelo m\u00e1s trendy de la temporada primavera-verano 2018\"}]},{\"@type\":\"WebSite\",\"@id\":\"https:\\\/\\\/agradocosmetic.com\\\/#website\",\"url\":\"https:\\\/\\\/agradocosmetic.com\\\/\",\"name\":\"Agrado\",\"description\":\"Cosmetic\",\"publisher\":{\"@id\":\"https:\\\/\\\/agradocosmetic.com\\\/#organization\"},\"potentialAction\":[{\"@type\":\"SearchAction\",\"target\":{\"@type\":\"EntryPoint\",\"urlTemplate\":\"https:\\\/\\\/agradocosmetic.com\\\/?s={search_term_string}\"},\"query-input\":{\"@type\":\"PropertyValueSpecification\",\"valueRequired\":true,\"valueName\":\"search_term_string\"}}],\"inLanguage\":\"fr-FR\"},{\"@type\":\"Organization\",\"@id\":\"https:\\\/\\\/agradocosmetic.com\\\/#organization\",\"name\":\"Agrado\",\"url\":\"https:\\\/\\\/agradocosmetic.com\\\/\",\"logo\":{\"@type\":\"ImageObject\",\"inLanguage\":\"fr-FR\",\"@id\":\"https:\\\/\\\/agradocosmetic.com\\\/#\\\/schema\\\/logo\\\/image\\\/\",\"url\":\"https:\\\/\\\/agradocosmetic.com\\\/wp-content\\\/uploads\\\/2023\\\/07\\\/LOGO-AGRADO-WEB-01.png\",\"contentUrl\":\"https:\\\/\\\/agradocosmetic.com\\\/wp-content\\\/uploads\\\/2023\\\/07\\\/LOGO-AGRADO-WEB-01.png\",\"width\":1632,\"height\":300,\"caption\":\"Agrado\"},\"image\":{\"@id\":\"https:\\\/\\\/agradocosmetic.com\\\/#\\\/schema\\\/logo\\\/image\\\/\"}},{\"@type\":\"Person\",\"@id\":\"https:\\\/\\\/agradocosmetic.com\\\/#\\\/schema\\\/person\\\/732e8d396022e25f9340196f83d6789d\",\"name\":\"agradocosmetic\",\"image\":{\"@type\":\"ImageObject\",\"inLanguage\":\"fr-FR\",\"@id\":\"https:\\\/\\\/secure.gravatar.com\\\/avatar\\\/c6003e45301182b7e125463fcbec403b1980909c12edf09098526b9a15e779c0?s=96&d=mm&r=g\",\"url\":\"https:\\\/\\\/secure.gravatar.com\\\/avatar\\\/c6003e45301182b7e125463fcbec403b1980909c12edf09098526b9a15e779c0?s=96&d=mm&r=g\",\"contentUrl\":\"https:\\\/\\\/secure.gravatar.com\\\/avatar\\\/c6003e45301182b7e125463fcbec403b1980909c12edf09098526b9a15e779c0?s=96&d=mm&r=g\",\"caption\":\"agradocosmetic\"}}]}<\/script>\n<!-- \/ Yoast SEO plugin. -->","yoast_head_json":{"title":"D\u00e9couvrez les couleurs de cheveux les plus tendance de la saison printemps-\u00e9t\u00e9","description":"Dans ce nouvel article, nous vous d\u00e9voilons les couleurs de cheveux les plus tendance pour le printemps\/\u00e9t\u00e9 2018. Pensez aux bruns naturels, aux blonds cr\u00e8me soda, aux cuivr\u00e9s classiques ou au style #WineHair. Qu&#039;attendez-vous pour adopter une chevelure tendance cette saison\u00a0?","robots":{"index":"index","follow":"follow","max-snippet":"max-snippet:-1","max-image-preview":"max-image-preview:large","max-video-preview":"max-video-preview:-1"},"canonical":"https:\/\/agradocosmetic.com\/fr\/conoce-los-colores-de-pelo-mas-trendy-de-la-temporada-primavera-verano-2018\/","og_locale":"fr_FR","og_type":"article","og_title":"Conoce los colores de pelo m\u00e1s trendy de la temporada primavera-verano","og_description":"En este nuevo post os revelamos los colores tendencia de esta temporada primavera- verano 2018. Cabellos casta\u00f1os y naturales, tonos rubios cream soda, cobrizos cl\u00e1sicos o estilo #WineHair. \u00bfA qu\u00e9 esperas para lucir una melena tendencia esta temporada?","og_url":"https:\/\/agradocosmetic.com\/fr\/conoce-los-colores-de-pelo-mas-trendy-de-la-temporada-primavera-verano-2018\/","og_site_name":"Agrado","article_published_time":"2018-04-19T10:52:34+00:00","article_modified_time":"2023-11-18T16:58:56+00:00","og_image":[{"width":1200,"height":800,"url":"https:\/\/agradocosmetic.com\/wp-content\/uploads\/2018\/04\/colores-trendy-agrado.jpg","type":"image\/jpeg"}],"author":"agradocosmetic","twitter_card":"summary_large_image","twitter_misc":{"\u00c9crit par":"agradocosmetic","Dur\u00e9e de lecture estim\u00e9e":"4 minutes"},"schema":{"@context":"https:\/\/schema.org","@graph":[{"@type":"Article","@id":"https:\/\/agradocosmetic.com\/conoce-los-colores-de-pelo-mas-trendy-de-la-temporada-primavera-verano-2018\/#article","isPartOf":{"@id":"https:\/\/agradocosmetic.com\/conoce-los-colores-de-pelo-mas-trendy-de-la-temporada-primavera-verano-2018\/"},"author":{"name":"agradocosmetic","@id":"https:\/\/agradocosmetic.com\/#\/schema\/person\/732e8d396022e25f9340196f83d6789d"},"headline":"Conoce los colores de pelo m\u00e1s trendy de la temporada primavera-verano 2018","datePublished":"2018-04-19T10:52:34+00:00","dateModified":"2023-11-18T16:58:56+00:00","mainEntityOfPage":{"@id":"https:\/\/agradocosmetic.com\/conoce-los-colores-de-pelo-mas-trendy-de-la-temporada-primavera-verano-2018\/"},"wordCount":745,"commentCount":0,"publisher":{"@id":"https:\/\/agradocosmetic.com\/#organization"},"image":{"@id":"https:\/\/agradocosmetic.com\/conoce-los-colores-de-pelo-mas-trendy-de-la-temporada-primavera-verano-2018\/#primaryimage"},"thumbnailUrl":"https:\/\/agradocosmetic.com\/wp-content\/uploads\/2018\/04\/colores-trendy-agrado.jpg","keywords":["agrado","agradobeautyculture","agradocosmetic","burgundy","cabello","cabelloste\u00f1idos","casta\u00f1o","cobrizo","color","coloraci\u00f3n","creamsoda","mechas","merlothair","natural","pelo","rubio","shatush","tendencias","trendy","winehair"],"articleSection":["Lifestyle","Todos"],"inLanguage":"fr-FR","potentialAction":[{"@type":"CommentAction","name":"Comment","target":["https:\/\/agradocosmetic.com\/conoce-los-colores-de-pelo-mas-trendy-de-la-temporada-primavera-verano-2018\/#respond"]}]},{"@type":"WebPage","@id":"https:\/\/agradocosmetic.com\/conoce-los-colores-de-pelo-mas-trendy-de-la-temporada-primavera-verano-2018\/","url":"https:\/\/agradocosmetic.com\/conoce-los-colores-de-pelo-mas-trendy-de-la-temporada-primavera-verano-2018\/","name":"D\u00e9couvrez les couleurs de cheveux les plus tendance de la saison printemps-\u00e9t\u00e9","isPartOf":{"@id":"https:\/\/agradocosmetic.com\/#website"},"primaryImageOfPage":{"@id":"https:\/\/agradocosmetic.com\/conoce-los-colores-de-pelo-mas-trendy-de-la-temporada-primavera-verano-2018\/#primaryimage"},"image":{"@id":"https:\/\/agradocosmetic.com\/conoce-los-colores-de-pelo-mas-trendy-de-la-temporada-primavera-verano-2018\/#primaryimage"},"thumbnailUrl":"https:\/\/agradocosmetic.com\/wp-content\/uploads\/2018\/04\/colores-trendy-agrado.jpg","datePublished":"2018-04-19T10:52:34+00:00","dateModified":"2023-11-18T16:58:56+00:00","description":"Dans ce nouvel article, nous vous d\u00e9voilons les couleurs de cheveux les plus tendance pour le printemps\/\u00e9t\u00e9 2018. Pensez aux bruns naturels, aux blonds cr\u00e8me soda, aux cuivr\u00e9s classiques ou au style #WineHair. Qu&#039;attendez-vous pour adopter une chevelure tendance cette saison\u00a0?","breadcrumb":{"@id":"https:\/\/agradocosmetic.com\/conoce-los-colores-de-pelo-mas-trendy-de-la-temporada-primavera-verano-2018\/#breadcrumb"},"inLanguage":"fr-FR","potentialAction":[{"@type":"ReadAction","target":["https:\/\/agradocosmetic.com\/conoce-los-colores-de-pelo-mas-trendy-de-la-temporada-primavera-verano-2018\/"]}]},{"@type":"ImageObject","inLanguage":"fr-FR","@id":"https:\/\/agradocosmetic.com\/conoce-los-colores-de-pelo-mas-trendy-de-la-temporada-primavera-verano-2018\/#primaryimage","url":"https:\/\/agradocosmetic.com\/wp-content\/uploads\/2018\/04\/colores-trendy-agrado.jpg","contentUrl":"https:\/\/agradocosmetic.com\/wp-content\/uploads\/2018\/04\/colores-trendy-agrado.jpg","width":1200,"height":800},{"@type":"BreadcrumbList","@id":"https:\/\/agradocosmetic.com\/conoce-los-colores-de-pelo-mas-trendy-de-la-temporada-primavera-verano-2018\/#breadcrumb","itemListElement":[{"@type":"ListItem","position":1,"name":"Portada","item":"https:\/\/agradocosmetic.com\/"},{"@type":"ListItem","position":2,"name":"Conoce los colores de pelo m\u00e1s trendy de la temporada primavera-verano 2018"}]},{"@type":"WebSite","@id":"https:\/\/agradocosmetic.com\/#website","url":"https:\/\/agradocosmetic.com\/","name":"Aimer","description":"cosm\u00e9tique","publisher":{"@id":"https:\/\/agradocosmetic.com\/#organization"},"potentialAction":[{"@type":"SearchAction","target":{"@type":"EntryPoint","urlTemplate":"https:\/\/agradocosmetic.com\/?s={search_term_string}"},"query-input":{"@type":"PropertyValueSpecification","valueRequired":true,"valueName":"search_term_string"}}],"inLanguage":"fr-FR"},{"@type":"Organization","@id":"https:\/\/agradocosmetic.com\/#organization","name":"Aimer","url":"https:\/\/agradocosmetic.com\/","logo":{"@type":"ImageObject","inLanguage":"fr-FR","@id":"https:\/\/agradocosmetic.com\/#\/schema\/logo\/image\/","url":"https:\/\/agradocosmetic.com\/wp-content\/uploads\/2023\/07\/LOGO-AGRADO-WEB-01.png","contentUrl":"https:\/\/agradocosmetic.com\/wp-content\/uploads\/2023\/07\/LOGO-AGRADO-WEB-01.png","width":1632,"height":300,"caption":"Agrado"},"image":{"@id":"https:\/\/agradocosmetic.com\/#\/schema\/logo\/image\/"}},{"@type":"Person","@id":"https:\/\/agradocosmetic.com\/#\/schema\/person\/732e8d396022e25f9340196f83d6789d","name":"agradocosm\u00e9tique","image":{"@type":"ImageObject","inLanguage":"fr-FR","@id":"https:\/\/secure.gravatar.com\/avatar\/c6003e45301182b7e125463fcbec403b1980909c12edf09098526b9a15e779c0?s=96&d=mm&r=g","url":"https:\/\/secure.gravatar.com\/avatar\/c6003e45301182b7e125463fcbec403b1980909c12edf09098526b9a15e779c0?s=96&d=mm&r=g","contentUrl":"https:\/\/secure.gravatar.com\/avatar\/c6003e45301182b7e125463fcbec403b1980909c12edf09098526b9a15e779c0?s=96&d=mm&r=g","caption":"agradocosmetic"}}]}},"_links":{"self":[{"href":"https:\/\/agradocosmetic.com\/fr\/wp-json\/wp\/v2\/posts\/2099","targetHints":{"allow":["GET"]}}],"collection":[{"href":"https:\/\/agradocosmetic.com\/fr\/wp-json\/wp\/v2\/posts"}],"about":[{"href":"https:\/\/agradocosmetic.com\/fr\/wp-json\/wp\/v2\/types\/post"}],"author":[{"embeddable":true,"href":"https:\/\/agradocosmetic.com\/fr\/wp-json\/wp\/v2\/users\/9"}],"replies":[{"embeddable":true,"href":"https:\/\/agradocosmetic.com\/fr\/wp-json\/wp\/v2\/comments?post=2099"}],"version-history":[{"count":1,"href":"https:\/\/agradocosmetic.com\/fr\/wp-json\/wp\/v2\/posts\/2099\/revisions"}],"predecessor-version":[{"id":21431,"href":"https:\/\/agradocosmetic.com\/fr\/wp-json\/wp\/v2\/posts\/2099\/revisions\/21431"}],"wp:featuredmedia":[{"embeddable":true,"href":"https:\/\/agradocosmetic.com\/fr\/wp-json\/wp\/v2\/media\/21430"}],"wp:attachment":[{"href":"https:\/\/agradocosmetic.com\/fr\/wp-json\/wp\/v2\/media?parent=2099"}],"wp:term":[{"taxonomy":"category","embeddable":true,"href":"https:\/\/agradocosmetic.com\/fr\/wp-json\/wp\/v2\/categories?post=2099"},{"taxonomy":"post_tag","embeddable":true,"href":"https:\/\/agradocosmetic.com\/fr\/wp-json\/wp\/v2\/tags?post=2099"}],"curies":[{"name":"wp","href":"https:\/\/api.w.org\/{rel}","templated":true}]}}