{"id":21002,"date":"2023-07-21T12:34:30","date_gmt":"2023-07-21T11:34:30","guid":{"rendered":"https:\/\/www.agradocosmetic.com\/?p=21002"},"modified":"2023-11-18T16:58:44","modified_gmt":"2023-11-18T16:58:44","slug":"dime-como-eres-y-te-dire-que-protector-solar-necesitas","status":"publish","type":"post","link":"https:\/\/agradocosmetic.com\/fr\/dime-como-eres-y-te-dire-que-protector-solar-necesitas\/","title":{"rendered":"Dis-moi comment tu es et je te dirai de quelle cr\u00e8me solaire tu as besoin"},"content":{"rendered":"<p>L\u2019\u00e9t\u00e9 bat son plein et, sans aucun doute, nous mourons tous d\u2019envie de passer du temps au soleil. \u00c0 la plage, \u00e0 la montagne, en ville... Peu importe le lieu ! Mais avant de commencer \u00e0 en profiter, il est important de rappeler l\u2019importance de prot\u00e9ger notre peau des rayons UV. Nous savons que chaque personne a des besoins et des caract\u00e9ristiques uniques, c&#039;est pourquoi dans cet article, nous vous aiderons \u00e0 d\u00e9couvrir la cr\u00e8me solaire qui vous convient le mieux en fonction de votre style de vie. Prends note!\u00a0<\/p>\r\n\r\n\r\n\r\n<p><strong>Pour ceux qui ne manquent aucun plan<\/strong><\/p>\r\n\r\n\r\n\r\n<p>Bi\u00e8re au bar de la plage, escapade champ\u00eatre entre amis, f\u00eate sur la plage, via ferrata \u00e0 travers les montagnes... Vous ne vous arr\u00eatez pas ! Quelqu&#039;un comme vous, qui ne manque aucun plan et vit pleinement sa vie, a besoin d&#039;une cr\u00e8me solaire \u00e0 la hauteur de son emploi du temps charg\u00e9. Nous recommandons le <a href=\"\/fr\/?p=3558\"><strong>Brume solaire pour le visage Agrado SPF50+.<\/strong><\/a> Il s&#039;agit du PRODUIT. Oui, avec des majuscules. Il poss\u00e8de une tr\u00e8s haute protection SPF 50+, est absorb\u00e9 rapidement et procure une grande hydratation, avec un effet antioxydant gr\u00e2ce \u00e0 la Vitamine E. Son petit format vous permet de l&#039;emporter partout avec vous. Et le meilleur de tout ? Vous pouvez l\u2019appliquer sur votre maquillage sans probl\u00e8me. Emmenez-le \u00e9galement dans vos projets les plus \u00e9l\u00e9gants ! \ud83d\ude09\u00a0<\/p>\r\n\r\n\r\n\r\n<p><strong>Pour les aventuriers<\/strong><\/p>\r\n\r\n\r\n\r\n<p>Pour une \u00e2me agit\u00e9e et \u00e9nergique comme la v\u00f4tre, nous vous recommandons une cr\u00e8me solaire qui vous accompagnera dans tous vos voyages passionnants : <a href=\"\/fr\/?p=10680\"><strong>Cr\u00e8me Solaire Agrado SPF30<\/strong><\/a>. Avec une application confortable et une absorption rapide, il hydrate et prot\u00e8ge contre les coups de soleil et le vieillissement pr\u00e9matur\u00e9 de la peau. De plus, il r\u00e9siste \u00e0 l\u2019eau et \u00e0 la sueur. Avec lui, vous pourrez profiter pleinement de chaque aventure, sachant que votre peau est prot\u00e9g\u00e9e \u00e0 chaque \u00e9tape du processus. Rien ne peut arr\u00eater votre esprit libre, prot\u00e9gez-le et continuez \u00e0 conqu\u00e9rir le monde !<\/p>\r\n\r\n\r\n\r\n<p><strong>Pour les mamans et les papas tout-terrain<\/strong><\/p>\r\n\r\n\r\n\r\n<p>Prendre soin de vos petits et de votre famille est la chose la plus importante pour vous. Pour une protection efficace et s\u00fbre, nous recommandons le <a href=\"\/fr\/?p=18546\"><strong>KIDS Lotion Solaire Peaux Sensibles SPF50+<\/strong><\/a>, id\u00e9al pour la peau sensible des enfants (et pas si enfants). Son format pistolet garantit une application rapide et confortable. Vous verrez comme vos enfants s&#039;amusent \u00e0 appliquer de la cr\u00e8me solaire. De plus, il est \u00e9tanche, vous n&#039;aurez donc pas \u00e0 vous inqui\u00e9ter s&#039;ils continuent d&#039;entrer et de sortir de l&#039;eau. Profitez pleinement du soleil en famille en toute s\u00e9curit\u00e9 !<\/p>\r\n\r\n\r\n\r\n<p><strong>Pour les sportifs<\/strong><\/p>\r\n\r\n\r\n\r\n<p>Si votre passion est de pratiquer des sports de plein air, vous avez besoin d&#039;une cr\u00e8me solaire qui reste en place pendant vos activit\u00e9s. Nous recommandons le <a href=\"\/fr\/?p=18550\"><strong>Agrado Cr\u00e8me Solaire Tube SPF50<\/strong><\/a>, avec une r\u00e9sistance \u00e0 l&#039;eau et \u00e0 la transpiration pour que vous puissiez maintenir votre protection m\u00eame pendant les entra\u00eenements les plus exigeants. Il hydrate et prot\u00e8ge contre les coups de soleil et le vieillissement pr\u00e9matur\u00e9 de la peau et contient \u00e9galement de la vitamine E. Ne laissez pas les rayons UV vous affecter, prot\u00e9gez votre peau et profitez pleinement de chaque activit\u00e9. Pr\u00e9parez-vous \u00e0 briller au soleil !<\/p>\r\n\r\n\r\n\r\n<p>Et n\u2019oubliez pas qu\u2019il est important d\u2019appliquer une cr\u00e8me solaire au moins 30 minutes avant de s\u2019exposer au soleil et de r\u00e9p\u00e9ter l\u2019op\u00e9ration toutes les 2 heures. De cette fa\u00e7on, la protection sera toujours garantie.\u00a0<\/p>\r\n\r\n\r\n\r\n<p>Avant de profiter des beaux jours, assurez-vous de prot\u00e9ger votre peau et celle de votre famille avec la cr\u00e8me solaire la plus adapt\u00e9e. <strong>Quoi que tu sois, dans <a href=\"https:\/\/agradocosmetic.com\/fr\/\" target=\"_blank\" rel=\"noreferrer noopener\">Agrado Cosm\u00e9tique<\/a> Nous avons le lot parfait pour vous ! <\/strong>\ud83d\ude09\u00a0<\/p>","protected":false},"excerpt":{"rendered":"<p>El verano est\u00e1 en pleno apogeo y, sin duda, todxs nos morimos de ganas de pasar tiempo al sol. En la playa, en la monta\u00f1a, en el pueblo\u2026 \u00a1No importa el lugar! Pero antes de lanzarnos a disfrutar, es importante recordar la importancia de proteger nuestra piel de los rayos UV. Sabemos que cada persona [&hellip;]<\/p>\n","protected":false},"author":9,"featured_media":21180,"comment_status":"open","ping_status":"closed","sticky":false,"template":"","format":"standard","meta":{"footnotes":"","_wp_rev_ctl_limit":""},"categories":[531,1],"tags":[539,553,543,551,545],"class_list":["post-21002","post","type-post","status-publish","format-standard","has-post-thumbnail","hentry","category-solar-en","category-todos","tag-cuidado-de-la-piel-en","tag-exposicion-al-sol-en","tag-proteccion-solar-en","tag-protector-solar-en","tag-solares-en"],"yoast_head":"<!-- This site is optimized with the Yoast SEO plugin v27.4 - https:\/\/yoast.com\/product\/yoast-seo-wordpress\/ -->\n<title>Dime c\u00f3mo eres y te dir\u00e9 qu\u00e9 protector solar necesitas - Agrado<\/title>\n<meta name=\"description\" content=\"S\u00ed, cada persona hace match con uno protector solar. Si quieres saber cu\u00e1l es el tuyo, \u00a1no te pierdas este post! \ud83d\ude09\u2600\ufe0f\" \/>\n<meta name=\"robots\" content=\"index, follow, max-snippet:-1, max-image-preview:large, max-video-preview:-1\" \/>\n<link rel=\"canonical\" href=\"https:\/\/agradocosmetic.com\/fr\/dime-como-eres-y-te-dire-que-protector-solar-necesitas\/\" \/>\n<meta property=\"og:locale\" content=\"fr_FR\" \/>\n<meta property=\"og:type\" content=\"article\" \/>\n<meta property=\"og:title\" content=\"Dime c\u00f3mo eres y te dir\u00e9 qu\u00e9 protector solar necesitas - Agrado\" \/>\n<meta property=\"og:description\" content=\"S\u00ed, cada persona hace match con uno protector solar. Si quieres saber cu\u00e1l es el tuyo, \u00a1no te pierdas este post! \ud83d\ude09\u2600\ufe0f\" \/>\n<meta property=\"og:url\" content=\"https:\/\/agradocosmetic.com\/fr\/dime-como-eres-y-te-dire-que-protector-solar-necesitas\/\" \/>\n<meta property=\"og:site_name\" content=\"Agrado\" \/>\n<meta property=\"article:published_time\" content=\"2023-07-21T11:34:30+00:00\" \/>\n<meta property=\"article:modified_time\" content=\"2023-11-18T16:58:44+00:00\" \/>\n<meta property=\"og:image\" content=\"https:\/\/agradocosmetic.com\/wp-content\/uploads\/2023\/07\/protector-solar-agrado.jpg\" \/>\n\t<meta property=\"og:image:width\" content=\"1200\" \/>\n\t<meta property=\"og:image:height\" content=\"800\" \/>\n\t<meta property=\"og:image:type\" content=\"image\/jpeg\" \/>\n<meta name=\"author\" content=\"agradocosmetic\" \/>\n<meta name=\"twitter:card\" content=\"summary_large_image\" \/>\n<meta name=\"twitter:label1\" content=\"\u00c9crit par\" \/>\n\t<meta name=\"twitter:data1\" content=\"agradocosmetic\" \/>\n\t<meta name=\"twitter:label2\" content=\"Dur\u00e9e de lecture estim\u00e9e\" \/>\n\t<meta name=\"twitter:data2\" content=\"3 minutes\" \/>\n<script type=\"application\/ld+json\" class=\"yoast-schema-graph\">{\"@context\":\"https:\\\/\\\/schema.org\",\"@graph\":[{\"@type\":\"Article\",\"@id\":\"https:\\\/\\\/agradocosmetic.com\\\/dime-como-eres-y-te-dire-que-protector-solar-necesitas\\\/#article\",\"isPartOf\":{\"@id\":\"https:\\\/\\\/agradocosmetic.com\\\/dime-como-eres-y-te-dire-que-protector-solar-necesitas\\\/\"},\"author\":{\"name\":\"agradocosmetic\",\"@id\":\"https:\\\/\\\/agradocosmetic.com\\\/#\\\/schema\\\/person\\\/732e8d396022e25f9340196f83d6789d\"},\"headline\":\"Dime c\u00f3mo eres y te dir\u00e9 qu\u00e9 protector solar necesitas\",\"datePublished\":\"2023-07-21T11:34:30+00:00\",\"dateModified\":\"2023-11-18T16:58:44+00:00\",\"mainEntityOfPage\":{\"@id\":\"https:\\\/\\\/agradocosmetic.com\\\/dime-como-eres-y-te-dire-que-protector-solar-necesitas\\\/\"},\"wordCount\":624,\"commentCount\":0,\"publisher\":{\"@id\":\"https:\\\/\\\/agradocosmetic.com\\\/#organization\"},\"image\":{\"@id\":\"https:\\\/\\\/agradocosmetic.com\\\/dime-como-eres-y-te-dire-que-protector-solar-necesitas\\\/#primaryimage\"},\"thumbnailUrl\":\"https:\\\/\\\/agradocosmetic.com\\\/wp-content\\\/uploads\\\/2023\\\/07\\\/protector-solar-agrado.jpg\",\"keywords\":[\"cuidado de la piel\",\"exposici\u00f3n al sol\",\"proteccion solar\",\"protector solar\",\"solares\"],\"articleSection\":[\"Solar\",\"Todos\"],\"inLanguage\":\"fr-FR\",\"potentialAction\":[{\"@type\":\"CommentAction\",\"name\":\"Comment\",\"target\":[\"https:\\\/\\\/agradocosmetic.com\\\/dime-como-eres-y-te-dire-que-protector-solar-necesitas\\\/#respond\"]}]},{\"@type\":\"WebPage\",\"@id\":\"https:\\\/\\\/agradocosmetic.com\\\/dime-como-eres-y-te-dire-que-protector-solar-necesitas\\\/\",\"url\":\"https:\\\/\\\/agradocosmetic.com\\\/dime-como-eres-y-te-dire-que-protector-solar-necesitas\\\/\",\"name\":\"Dime c\u00f3mo eres y te dir\u00e9 qu\u00e9 protector solar necesitas - Agrado\",\"isPartOf\":{\"@id\":\"https:\\\/\\\/agradocosmetic.com\\\/#website\"},\"primaryImageOfPage\":{\"@id\":\"https:\\\/\\\/agradocosmetic.com\\\/dime-como-eres-y-te-dire-que-protector-solar-necesitas\\\/#primaryimage\"},\"image\":{\"@id\":\"https:\\\/\\\/agradocosmetic.com\\\/dime-como-eres-y-te-dire-que-protector-solar-necesitas\\\/#primaryimage\"},\"thumbnailUrl\":\"https:\\\/\\\/agradocosmetic.com\\\/wp-content\\\/uploads\\\/2023\\\/07\\\/protector-solar-agrado.jpg\",\"datePublished\":\"2023-07-21T11:34:30+00:00\",\"dateModified\":\"2023-11-18T16:58:44+00:00\",\"description\":\"S\u00ed, cada persona hace match con uno protector solar. Si quieres saber cu\u00e1l es el tuyo, \u00a1no te pierdas este post! \ud83d\ude09\u2600\ufe0f\",\"breadcrumb\":{\"@id\":\"https:\\\/\\\/agradocosmetic.com\\\/dime-como-eres-y-te-dire-que-protector-solar-necesitas\\\/#breadcrumb\"},\"inLanguage\":\"fr-FR\",\"potentialAction\":[{\"@type\":\"ReadAction\",\"target\":[\"https:\\\/\\\/agradocosmetic.com\\\/dime-como-eres-y-te-dire-que-protector-solar-necesitas\\\/\"]}]},{\"@type\":\"ImageObject\",\"inLanguage\":\"fr-FR\",\"@id\":\"https:\\\/\\\/agradocosmetic.com\\\/dime-como-eres-y-te-dire-que-protector-solar-necesitas\\\/#primaryimage\",\"url\":\"https:\\\/\\\/agradocosmetic.com\\\/wp-content\\\/uploads\\\/2023\\\/07\\\/protector-solar-agrado.jpg\",\"contentUrl\":\"https:\\\/\\\/agradocosmetic.com\\\/wp-content\\\/uploads\\\/2023\\\/07\\\/protector-solar-agrado.jpg\",\"width\":1200,\"height\":800},{\"@type\":\"BreadcrumbList\",\"@id\":\"https:\\\/\\\/agradocosmetic.com\\\/dime-como-eres-y-te-dire-que-protector-solar-necesitas\\\/#breadcrumb\",\"itemListElement\":[{\"@type\":\"ListItem\",\"position\":1,\"name\":\"Portada\",\"item\":\"https:\\\/\\\/agradocosmetic.com\\\/\"},{\"@type\":\"ListItem\",\"position\":2,\"name\":\"Dime c\u00f3mo eres y te dir\u00e9 qu\u00e9 protector solar necesitas\"}]},{\"@type\":\"WebSite\",\"@id\":\"https:\\\/\\\/agradocosmetic.com\\\/#website\",\"url\":\"https:\\\/\\\/agradocosmetic.com\\\/\",\"name\":\"Agrado\",\"description\":\"Cosmetic\",\"publisher\":{\"@id\":\"https:\\\/\\\/agradocosmetic.com\\\/#organization\"},\"potentialAction\":[{\"@type\":\"SearchAction\",\"target\":{\"@type\":\"EntryPoint\",\"urlTemplate\":\"https:\\\/\\\/agradocosmetic.com\\\/?s={search_term_string}\"},\"query-input\":{\"@type\":\"PropertyValueSpecification\",\"valueRequired\":true,\"valueName\":\"search_term_string\"}}],\"inLanguage\":\"fr-FR\"},{\"@type\":\"Organization\",\"@id\":\"https:\\\/\\\/agradocosmetic.com\\\/#organization\",\"name\":\"Agrado\",\"url\":\"https:\\\/\\\/agradocosmetic.com\\\/\",\"logo\":{\"@type\":\"ImageObject\",\"inLanguage\":\"fr-FR\",\"@id\":\"https:\\\/\\\/agradocosmetic.com\\\/#\\\/schema\\\/logo\\\/image\\\/\",\"url\":\"https:\\\/\\\/agradocosmetic.com\\\/wp-content\\\/uploads\\\/2023\\\/07\\\/LOGO-AGRADO-WEB-01.png\",\"contentUrl\":\"https:\\\/\\\/agradocosmetic.com\\\/wp-content\\\/uploads\\\/2023\\\/07\\\/LOGO-AGRADO-WEB-01.png\",\"width\":1632,\"height\":300,\"caption\":\"Agrado\"},\"image\":{\"@id\":\"https:\\\/\\\/agradocosmetic.com\\\/#\\\/schema\\\/logo\\\/image\\\/\"}},{\"@type\":\"Person\",\"@id\":\"https:\\\/\\\/agradocosmetic.com\\\/#\\\/schema\\\/person\\\/732e8d396022e25f9340196f83d6789d\",\"name\":\"agradocosmetic\",\"image\":{\"@type\":\"ImageObject\",\"inLanguage\":\"fr-FR\",\"@id\":\"https:\\\/\\\/secure.gravatar.com\\\/avatar\\\/c6003e45301182b7e125463fcbec403b1980909c12edf09098526b9a15e779c0?s=96&d=mm&r=g\",\"url\":\"https:\\\/\\\/secure.gravatar.com\\\/avatar\\\/c6003e45301182b7e125463fcbec403b1980909c12edf09098526b9a15e779c0?s=96&d=mm&r=g\",\"contentUrl\":\"https:\\\/\\\/secure.gravatar.com\\\/avatar\\\/c6003e45301182b7e125463fcbec403b1980909c12edf09098526b9a15e779c0?s=96&d=mm&r=g\",\"caption\":\"agradocosmetic\"}}]}<\/script>\n<!-- \/ Yoast SEO plugin. -->","yoast_head_json":{"title":"Dis-moi comment tu es et je te dirai de quelle cr\u00e8me solaire tu as besoin - Agrado","description":"Oui, chacun a sa propre cr\u00e8me solaire. Si vous voulez savoir laquelle vous convient, ne manquez pas cet article\u00a0! \ud83d\ude09\u2600\ufe0f","robots":{"index":"index","follow":"follow","max-snippet":"max-snippet:-1","max-image-preview":"max-image-preview:large","max-video-preview":"max-video-preview:-1"},"canonical":"https:\/\/agradocosmetic.com\/fr\/dime-como-eres-y-te-dire-que-protector-solar-necesitas\/","og_locale":"fr_FR","og_type":"article","og_title":"Dime c\u00f3mo eres y te dir\u00e9 qu\u00e9 protector solar necesitas - Agrado","og_description":"S\u00ed, cada persona hace match con uno protector solar. Si quieres saber cu\u00e1l es el tuyo, \u00a1no te pierdas este post! \ud83d\ude09\u2600\ufe0f","og_url":"https:\/\/agradocosmetic.com\/fr\/dime-como-eres-y-te-dire-que-protector-solar-necesitas\/","og_site_name":"Agrado","article_published_time":"2023-07-21T11:34:30+00:00","article_modified_time":"2023-11-18T16:58:44+00:00","og_image":[{"width":1200,"height":800,"url":"https:\/\/agradocosmetic.com\/wp-content\/uploads\/2023\/07\/protector-solar-agrado.jpg","type":"image\/jpeg"}],"author":"agradocosmetic","twitter_card":"summary_large_image","twitter_misc":{"\u00c9crit par":"agradocosmetic","Dur\u00e9e de lecture estim\u00e9e":"3 minutes"},"schema":{"@context":"https:\/\/schema.org","@graph":[{"@type":"Article","@id":"https:\/\/agradocosmetic.com\/dime-como-eres-y-te-dire-que-protector-solar-necesitas\/#article","isPartOf":{"@id":"https:\/\/agradocosmetic.com\/dime-como-eres-y-te-dire-que-protector-solar-necesitas\/"},"author":{"name":"agradocosmetic","@id":"https:\/\/agradocosmetic.com\/#\/schema\/person\/732e8d396022e25f9340196f83d6789d"},"headline":"Dime c\u00f3mo eres y te dir\u00e9 qu\u00e9 protector solar necesitas","datePublished":"2023-07-21T11:34:30+00:00","dateModified":"2023-11-18T16:58:44+00:00","mainEntityOfPage":{"@id":"https:\/\/agradocosmetic.com\/dime-como-eres-y-te-dire-que-protector-solar-necesitas\/"},"wordCount":624,"commentCount":0,"publisher":{"@id":"https:\/\/agradocosmetic.com\/#organization"},"image":{"@id":"https:\/\/agradocosmetic.com\/dime-como-eres-y-te-dire-que-protector-solar-necesitas\/#primaryimage"},"thumbnailUrl":"https:\/\/agradocosmetic.com\/wp-content\/uploads\/2023\/07\/protector-solar-agrado.jpg","keywords":["cuidado de la piel","exposici\u00f3n al sol","proteccion solar","protector solar","solares"],"articleSection":["Solar","Todos"],"inLanguage":"fr-FR","potentialAction":[{"@type":"CommentAction","name":"Comment","target":["https:\/\/agradocosmetic.com\/dime-como-eres-y-te-dire-que-protector-solar-necesitas\/#respond"]}]},{"@type":"WebPage","@id":"https:\/\/agradocosmetic.com\/dime-como-eres-y-te-dire-que-protector-solar-necesitas\/","url":"https:\/\/agradocosmetic.com\/dime-como-eres-y-te-dire-que-protector-solar-necesitas\/","name":"Dis-moi comment tu es et je te dirai de quelle cr\u00e8me solaire tu as besoin - Agrado","isPartOf":{"@id":"https:\/\/agradocosmetic.com\/#website"},"primaryImageOfPage":{"@id":"https:\/\/agradocosmetic.com\/dime-como-eres-y-te-dire-que-protector-solar-necesitas\/#primaryimage"},"image":{"@id":"https:\/\/agradocosmetic.com\/dime-como-eres-y-te-dire-que-protector-solar-necesitas\/#primaryimage"},"thumbnailUrl":"https:\/\/agradocosmetic.com\/wp-content\/uploads\/2023\/07\/protector-solar-agrado.jpg","datePublished":"2023-07-21T11:34:30+00:00","dateModified":"2023-11-18T16:58:44+00:00","description":"Oui, chacun a sa propre cr\u00e8me solaire. Si vous voulez savoir laquelle vous convient, ne manquez pas cet article\u00a0! \ud83d\ude09\u2600\ufe0f","breadcrumb":{"@id":"https:\/\/agradocosmetic.com\/dime-como-eres-y-te-dire-que-protector-solar-necesitas\/#breadcrumb"},"inLanguage":"fr-FR","potentialAction":[{"@type":"ReadAction","target":["https:\/\/agradocosmetic.com\/dime-como-eres-y-te-dire-que-protector-solar-necesitas\/"]}]},{"@type":"ImageObject","inLanguage":"fr-FR","@id":"https:\/\/agradocosmetic.com\/dime-como-eres-y-te-dire-que-protector-solar-necesitas\/#primaryimage","url":"https:\/\/agradocosmetic.com\/wp-content\/uploads\/2023\/07\/protector-solar-agrado.jpg","contentUrl":"https:\/\/agradocosmetic.com\/wp-content\/uploads\/2023\/07\/protector-solar-agrado.jpg","width":1200,"height":800},{"@type":"BreadcrumbList","@id":"https:\/\/agradocosmetic.com\/dime-como-eres-y-te-dire-que-protector-solar-necesitas\/#breadcrumb","itemListElement":[{"@type":"ListItem","position":1,"name":"Portada","item":"https:\/\/agradocosmetic.com\/"},{"@type":"ListItem","position":2,"name":"Dime c\u00f3mo eres y te dir\u00e9 qu\u00e9 protector solar necesitas"}]},{"@type":"WebSite","@id":"https:\/\/agradocosmetic.com\/#website","url":"https:\/\/agradocosmetic.com\/","name":"Aimer","description":"cosm\u00e9tique","publisher":{"@id":"https:\/\/agradocosmetic.com\/#organization"},"potentialAction":[{"@type":"SearchAction","target":{"@type":"EntryPoint","urlTemplate":"https:\/\/agradocosmetic.com\/?s={search_term_string}"},"query-input":{"@type":"PropertyValueSpecification","valueRequired":true,"valueName":"search_term_string"}}],"inLanguage":"fr-FR"},{"@type":"Organization","@id":"https:\/\/agradocosmetic.com\/#organization","name":"Aimer","url":"https:\/\/agradocosmetic.com\/","logo":{"@type":"ImageObject","inLanguage":"fr-FR","@id":"https:\/\/agradocosmetic.com\/#\/schema\/logo\/image\/","url":"https:\/\/agradocosmetic.com\/wp-content\/uploads\/2023\/07\/LOGO-AGRADO-WEB-01.png","contentUrl":"https:\/\/agradocosmetic.com\/wp-content\/uploads\/2023\/07\/LOGO-AGRADO-WEB-01.png","width":1632,"height":300,"caption":"Agrado"},"image":{"@id":"https:\/\/agradocosmetic.com\/#\/schema\/logo\/image\/"}},{"@type":"Person","@id":"https:\/\/agradocosmetic.com\/#\/schema\/person\/732e8d396022e25f9340196f83d6789d","name":"agradocosm\u00e9tique","image":{"@type":"ImageObject","inLanguage":"fr-FR","@id":"https:\/\/secure.gravatar.com\/avatar\/c6003e45301182b7e125463fcbec403b1980909c12edf09098526b9a15e779c0?s=96&d=mm&r=g","url":"https:\/\/secure.gravatar.com\/avatar\/c6003e45301182b7e125463fcbec403b1980909c12edf09098526b9a15e779c0?s=96&d=mm&r=g","contentUrl":"https:\/\/secure.gravatar.com\/avatar\/c6003e45301182b7e125463fcbec403b1980909c12edf09098526b9a15e779c0?s=96&d=mm&r=g","caption":"agradocosmetic"}}]}},"_links":{"self":[{"href":"https:\/\/agradocosmetic.com\/fr\/wp-json\/wp\/v2\/posts\/21002","targetHints":{"allow":["GET"]}}],"collection":[{"href":"https:\/\/agradocosmetic.com\/fr\/wp-json\/wp\/v2\/posts"}],"about":[{"href":"https:\/\/agradocosmetic.com\/fr\/wp-json\/wp\/v2\/types\/post"}],"author":[{"embeddable":true,"href":"https:\/\/agradocosmetic.com\/fr\/wp-json\/wp\/v2\/users\/9"}],"replies":[{"embeddable":true,"href":"https:\/\/agradocosmetic.com\/fr\/wp-json\/wp\/v2\/comments?post=21002"}],"version-history":[{"count":1,"href":"https:\/\/agradocosmetic.com\/fr\/wp-json\/wp\/v2\/posts\/21002\/revisions"}],"predecessor-version":[{"id":21181,"href":"https:\/\/agradocosmetic.com\/fr\/wp-json\/wp\/v2\/posts\/21002\/revisions\/21181"}],"wp:featuredmedia":[{"embeddable":true,"href":"https:\/\/agradocosmetic.com\/fr\/wp-json\/wp\/v2\/media\/21180"}],"wp:attachment":[{"href":"https:\/\/agradocosmetic.com\/fr\/wp-json\/wp\/v2\/media?parent=21002"}],"wp:term":[{"taxonomy":"category","embeddable":true,"href":"https:\/\/agradocosmetic.com\/fr\/wp-json\/wp\/v2\/categories?post=21002"},{"taxonomy":"post_tag","embeddable":true,"href":"https:\/\/agradocosmetic.com\/fr\/wp-json\/wp\/v2\/tags?post=21002"}],"curies":[{"name":"wp","href":"https:\/\/api.w.org\/{rel}","templated":true}]}}