{"id":21017,"date":"2023-07-30T16:50:38","date_gmt":"2023-07-30T15:50:38","guid":{"rendered":"https:\/\/www.agradocosmetic.com\/?p=21017"},"modified":"2023-11-18T16:58:44","modified_gmt":"2023-11-18T16:58:44","slug":"aprende-a-proteger-tu-piel-bronceada","status":"publish","type":"post","link":"https:\/\/agradocosmetic.com\/fr\/aprende-a-proteger-tu-piel-bronceada\/","title":{"rendered":"Apprenez \u00e0 prot\u00e9ger votre peau bronz\u00e9e"},"content":{"rendered":"<p>L&#039;\u00e9t\u00e9 a laiss\u00e9 ses marques sur notre peau et beaucoup d&#039;entre nous arborent d\u00e9j\u00e0 un bronzage enviable. Mais maintenant que nous avons atteint ce ton dor\u00e9, il est crucial de prendre soin de notre peau pour la garder saine et \u00e9clatante plus longtemps. On vous d\u00e9voile nos meilleurs secrets pour prendre soin de votre peau bronz\u00e9e. Ne les manquez pas ! \ud83d\ude09<\/p>\r\n\r\n\r\n\r\n<h2 class=\"wp-block-heading\"><strong>Hydratation constante<\/strong><\/h2>\r\n\r\n\r\n\r\n<p>Le bronzage peut ass\u00e9cher notre peau plus rapidement, il est donc essentiel de la garder hydrat\u00e9e. Si vous ne l&#039;avez pas encore essay\u00e9, nous vous recommandons le <a href=\"\/fr\/?p=1837\"><strong>Spray Lotion Hydro-Calmant Apr\u00e8s Soleil d&#039;Agrado<\/strong><\/a> qui procure un effet rafra\u00eechissant tout en hydratant et en apaisant la peau. Sa formule riche en nutriments est parfaite, puisqu&#039;elle maintient l&#039;hydratation et l&#039;\u00e9lasticit\u00e9 de la peau apr\u00e8s une exposition au soleil. \u00c7a va t&#039;enchanter!\u00a0<\/p>\r\n\r\n\r\n\r\n<h2 class=\"wp-block-heading\"><strong>Continuez \u00e0 utiliser de la cr\u00e8me solaire<\/strong><\/h2>\r\n\r\n\r\n\r\n<p>M\u00eame si vous \u00eates d\u00e9j\u00e0 bronz\u00e9e, n&#039;oubliez pas d&#039;appliquer de la cr\u00e8me solaire \u00e0 chaque fois que vous vous exposez au soleil. Optez pour une cr\u00e8me solaire avec un SPF adapt\u00e9 \u00e0 votre type de peau. Quand on a d\u00e9j\u00e0 pris un peu de couleur, notre pr\u00e9f\u00e9r\u00e9 est le<a href=\"\/fr\/?p=3567\"><strong> Huile de protection solaire Agrado SPF20<\/strong><\/a>, \u00e0 la texture tr\u00e8s l\u00e9g\u00e8re au toucher sec et au fini invisible. Formul\u00e9 pour prot\u00e9ger votre peau des rayons UVA et UVB tout en vous bronzant gr\u00e2ce \u00e0 l&#039;huile de carotte et de th\u00e9. Que pourriez-vous demander de plus?<\/p>\r\n\r\n\r\n\r\n<h2 class=\"wp-block-heading\"><strong>\u00c9vitez les heures les plus intenses<\/strong><\/h2>\r\n\r\n\r\n\r\n<p>Essayez d&#039;\u00e9viter l&#039;exposition directe au soleil pendant les heures les plus intenses de la journ\u00e9e, g\u00e9n\u00e9ralement entre 10 h et 16 h. Profitez plut\u00f4t des activit\u00e9s de plein air t\u00f4t le matin ou en fin d&#039;apr\u00e8s-midi. Une baignade dans la piscine ou une promenade sur la plage, il n&#039;y a pas de meilleure fa\u00e7on de terminer la journ\u00e9e !<\/p>\r\n\r\n\r\n\r\n<h2 class=\"wp-block-heading\"><strong>Prenez soin de votre visage<\/strong><\/h2>\r\n\r\n\r\n\r\n<p>N&#039;oubliez pas de prendre soin de votre visage avec une cr\u00e8me hydratante pour le visage et une cr\u00e8me solaire sp\u00e9cifiquement pour cette zone la plus d\u00e9licate. Dans notre trousse de toilette, nous ne pouvons pas manquer le <a href=\"\/fr\/?p=3558\"><strong>Brume Solaire Visage Agrado SPF50+<\/strong><\/a>. De tr\u00e8s haute protection, il apporte beaucoup d&#039;hydratation \u00e0 la peau et son format spray toucher sec est absorb\u00e9 rapidement sans laisser de sensation collante. De plus, il est waterproof et peut \u00eatre appliqu\u00e9 sur le maquillage. Il ne manque de rien !\u00a0<\/p>\r\n\r\n\r\n\r\n<p>N&#039;oubliez pas qu&#039;une peau bronz\u00e9e peut \u00eatre un symbole de l&#039;\u00e9t\u00e9, mais nous ne devons jamais compromettre sa sant\u00e9. Le prot\u00e9ger du soleil est une responsabilit\u00e9 que nous devons assumer \u00e0 chaque \u00e9tape de notre vie. Alors, <strong>Profitez du soleil avec prudence et gardez votre peau saine et \u00e9clatante tout l&#039;\u00e9t\u00e9 avec <a href=\"https:\/\/agradocosmetic.com\/fr\/\">Comme cosm\u00e9tique<\/a>!<\/strong><\/p>","protected":false},"excerpt":{"rendered":"<p>El verano ha dejado marca en nuestra piel y muchxs de nosotrxs ya estamos luciendo un bronceado envidiable. Pero ahora que hemos conseguido ese tono dorado, es crucial cuidar nuestra piel para mantenerla saludable y radiante durante m\u00e1s tiempo. Te contamos nuestros mejores secretos para cuidar tu piel bronceada. \u00a1No te los pierdas! \ud83d\ude09 Hidrataci\u00f3n [&hellip;]<\/p>\n","protected":false},"author":9,"featured_media":21178,"comment_status":"open","ping_status":"closed","sticky":false,"template":"","format":"standard","meta":{"footnotes":"","_wp_rev_ctl_limit":""},"categories":[531,1],"tags":[547,539,549,543,551,545],"class_list":["post-21017","post","type-post","status-publish","format-standard","has-post-thumbnail","hentry","category-solar-en","category-todos","tag-bronceado-en","tag-cuidado-de-la-piel-en","tag-fotoprotector-en","tag-proteccion-solar-en","tag-protector-solar-en","tag-solares-en"],"yoast_head":"<!-- This site is optimized with the Yoast SEO plugin v27.4 - https:\/\/yoast.com\/product\/yoast-seo-wordpress\/ -->\n<title>Aprende a proteger tu piel bronceada - Agrado<\/title>\n<meta name=\"description\" content=\"Aunque tu piel ya est\u00e9 bronceada, debes cuidarla. En este post te contamos c\u00f3mo y con qu\u00e9 proteger tu piel morenita de la mejor forma.\" \/>\n<meta name=\"robots\" content=\"index, follow, max-snippet:-1, max-image-preview:large, max-video-preview:-1\" \/>\n<link rel=\"canonical\" href=\"https:\/\/agradocosmetic.com\/fr\/aprende-a-proteger-tu-piel-bronceada\/\" \/>\n<meta property=\"og:locale\" content=\"fr_FR\" \/>\n<meta property=\"og:type\" content=\"article\" \/>\n<meta property=\"og:title\" content=\"Aprende a proteger tu piel bronceada - Agrado\" \/>\n<meta property=\"og:description\" content=\"Aunque tu piel ya est\u00e9 bronceada, debes cuidarla. En este post te contamos c\u00f3mo y con qu\u00e9 proteger tu piel morenita de la mejor forma.\" \/>\n<meta property=\"og:url\" content=\"https:\/\/agradocosmetic.com\/fr\/aprende-a-proteger-tu-piel-bronceada\/\" \/>\n<meta property=\"og:site_name\" content=\"Agrado\" \/>\n<meta property=\"article:published_time\" content=\"2023-07-30T15:50:38+00:00\" \/>\n<meta property=\"article:modified_time\" content=\"2023-11-18T16:58:44+00:00\" \/>\n<meta property=\"og:image\" content=\"https:\/\/agradocosmetic.com\/wp-content\/uploads\/2023\/07\/piel-bronceada-agrado.jpg\" \/>\n\t<meta property=\"og:image:width\" content=\"1200\" \/>\n\t<meta property=\"og:image:height\" content=\"800\" \/>\n\t<meta property=\"og:image:type\" content=\"image\/jpeg\" \/>\n<meta name=\"author\" content=\"agradocosmetic\" \/>\n<meta name=\"twitter:card\" content=\"summary_large_image\" \/>\n<meta name=\"twitter:label1\" content=\"\u00c9crit par\" \/>\n\t<meta name=\"twitter:data1\" content=\"agradocosmetic\" \/>\n\t<meta name=\"twitter:label2\" content=\"Dur\u00e9e de lecture estim\u00e9e\" \/>\n\t<meta name=\"twitter:data2\" content=\"2 minutes\" \/>\n<script type=\"application\/ld+json\" class=\"yoast-schema-graph\">{\"@context\":\"https:\\\/\\\/schema.org\",\"@graph\":[{\"@type\":\"Article\",\"@id\":\"https:\\\/\\\/agradocosmetic.com\\\/aprende-a-proteger-tu-piel-bronceada\\\/#article\",\"isPartOf\":{\"@id\":\"https:\\\/\\\/agradocosmetic.com\\\/aprende-a-proteger-tu-piel-bronceada\\\/\"},\"author\":{\"name\":\"agradocosmetic\",\"@id\":\"https:\\\/\\\/agradocosmetic.com\\\/#\\\/schema\\\/person\\\/732e8d396022e25f9340196f83d6789d\"},\"headline\":\"Aprende a proteger tu piel bronceada\",\"datePublished\":\"2023-07-30T15:50:38+00:00\",\"dateModified\":\"2023-11-18T16:58:44+00:00\",\"mainEntityOfPage\":{\"@id\":\"https:\\\/\\\/agradocosmetic.com\\\/aprende-a-proteger-tu-piel-bronceada\\\/\"},\"wordCount\":447,\"commentCount\":0,\"publisher\":{\"@id\":\"https:\\\/\\\/agradocosmetic.com\\\/#organization\"},\"image\":{\"@id\":\"https:\\\/\\\/agradocosmetic.com\\\/aprende-a-proteger-tu-piel-bronceada\\\/#primaryimage\"},\"thumbnailUrl\":\"https:\\\/\\\/agradocosmetic.com\\\/wp-content\\\/uploads\\\/2023\\\/07\\\/piel-bronceada-agrado.jpg\",\"keywords\":[\"bronceado\",\"cuidado de la piel\",\"fotoprotector\",\"proteccion solar\",\"protector solar\",\"solares\"],\"articleSection\":[\"Solar\",\"Todos\"],\"inLanguage\":\"fr-FR\",\"potentialAction\":[{\"@type\":\"CommentAction\",\"name\":\"Comment\",\"target\":[\"https:\\\/\\\/agradocosmetic.com\\\/aprende-a-proteger-tu-piel-bronceada\\\/#respond\"]}]},{\"@type\":\"WebPage\",\"@id\":\"https:\\\/\\\/agradocosmetic.com\\\/aprende-a-proteger-tu-piel-bronceada\\\/\",\"url\":\"https:\\\/\\\/agradocosmetic.com\\\/aprende-a-proteger-tu-piel-bronceada\\\/\",\"name\":\"Aprende a proteger tu piel bronceada - Agrado\",\"isPartOf\":{\"@id\":\"https:\\\/\\\/agradocosmetic.com\\\/#website\"},\"primaryImageOfPage\":{\"@id\":\"https:\\\/\\\/agradocosmetic.com\\\/aprende-a-proteger-tu-piel-bronceada\\\/#primaryimage\"},\"image\":{\"@id\":\"https:\\\/\\\/agradocosmetic.com\\\/aprende-a-proteger-tu-piel-bronceada\\\/#primaryimage\"},\"thumbnailUrl\":\"https:\\\/\\\/agradocosmetic.com\\\/wp-content\\\/uploads\\\/2023\\\/07\\\/piel-bronceada-agrado.jpg\",\"datePublished\":\"2023-07-30T15:50:38+00:00\",\"dateModified\":\"2023-11-18T16:58:44+00:00\",\"description\":\"Aunque tu piel ya est\u00e9 bronceada, debes cuidarla. En este post te contamos c\u00f3mo y con qu\u00e9 proteger tu piel morenita de la mejor forma.\",\"breadcrumb\":{\"@id\":\"https:\\\/\\\/agradocosmetic.com\\\/aprende-a-proteger-tu-piel-bronceada\\\/#breadcrumb\"},\"inLanguage\":\"fr-FR\",\"potentialAction\":[{\"@type\":\"ReadAction\",\"target\":[\"https:\\\/\\\/agradocosmetic.com\\\/aprende-a-proteger-tu-piel-bronceada\\\/\"]}]},{\"@type\":\"ImageObject\",\"inLanguage\":\"fr-FR\",\"@id\":\"https:\\\/\\\/agradocosmetic.com\\\/aprende-a-proteger-tu-piel-bronceada\\\/#primaryimage\",\"url\":\"https:\\\/\\\/agradocosmetic.com\\\/wp-content\\\/uploads\\\/2023\\\/07\\\/piel-bronceada-agrado.jpg\",\"contentUrl\":\"https:\\\/\\\/agradocosmetic.com\\\/wp-content\\\/uploads\\\/2023\\\/07\\\/piel-bronceada-agrado.jpg\",\"width\":1200,\"height\":800},{\"@type\":\"BreadcrumbList\",\"@id\":\"https:\\\/\\\/agradocosmetic.com\\\/aprende-a-proteger-tu-piel-bronceada\\\/#breadcrumb\",\"itemListElement\":[{\"@type\":\"ListItem\",\"position\":1,\"name\":\"Portada\",\"item\":\"https:\\\/\\\/agradocosmetic.com\\\/\"},{\"@type\":\"ListItem\",\"position\":2,\"name\":\"Aprende a proteger tu piel bronceada\"}]},{\"@type\":\"WebSite\",\"@id\":\"https:\\\/\\\/agradocosmetic.com\\\/#website\",\"url\":\"https:\\\/\\\/agradocosmetic.com\\\/\",\"name\":\"Agrado\",\"description\":\"Cosmetic\",\"publisher\":{\"@id\":\"https:\\\/\\\/agradocosmetic.com\\\/#organization\"},\"potentialAction\":[{\"@type\":\"SearchAction\",\"target\":{\"@type\":\"EntryPoint\",\"urlTemplate\":\"https:\\\/\\\/agradocosmetic.com\\\/?s={search_term_string}\"},\"query-input\":{\"@type\":\"PropertyValueSpecification\",\"valueRequired\":true,\"valueName\":\"search_term_string\"}}],\"inLanguage\":\"fr-FR\"},{\"@type\":\"Organization\",\"@id\":\"https:\\\/\\\/agradocosmetic.com\\\/#organization\",\"name\":\"Agrado\",\"url\":\"https:\\\/\\\/agradocosmetic.com\\\/\",\"logo\":{\"@type\":\"ImageObject\",\"inLanguage\":\"fr-FR\",\"@id\":\"https:\\\/\\\/agradocosmetic.com\\\/#\\\/schema\\\/logo\\\/image\\\/\",\"url\":\"https:\\\/\\\/agradocosmetic.com\\\/wp-content\\\/uploads\\\/2023\\\/07\\\/LOGO-AGRADO-WEB-01.png\",\"contentUrl\":\"https:\\\/\\\/agradocosmetic.com\\\/wp-content\\\/uploads\\\/2023\\\/07\\\/LOGO-AGRADO-WEB-01.png\",\"width\":1632,\"height\":300,\"caption\":\"Agrado\"},\"image\":{\"@id\":\"https:\\\/\\\/agradocosmetic.com\\\/#\\\/schema\\\/logo\\\/image\\\/\"}},{\"@type\":\"Person\",\"@id\":\"https:\\\/\\\/agradocosmetic.com\\\/#\\\/schema\\\/person\\\/732e8d396022e25f9340196f83d6789d\",\"name\":\"agradocosmetic\",\"image\":{\"@type\":\"ImageObject\",\"inLanguage\":\"fr-FR\",\"@id\":\"https:\\\/\\\/secure.gravatar.com\\\/avatar\\\/c6003e45301182b7e125463fcbec403b1980909c12edf09098526b9a15e779c0?s=96&d=mm&r=g\",\"url\":\"https:\\\/\\\/secure.gravatar.com\\\/avatar\\\/c6003e45301182b7e125463fcbec403b1980909c12edf09098526b9a15e779c0?s=96&d=mm&r=g\",\"contentUrl\":\"https:\\\/\\\/secure.gravatar.com\\\/avatar\\\/c6003e45301182b7e125463fcbec403b1980909c12edf09098526b9a15e779c0?s=96&d=mm&r=g\",\"caption\":\"agradocosmetic\"}}]}<\/script>\n<!-- \/ Yoast SEO plugin. -->","yoast_head_json":{"title":"Aprende a proteger tu piel bronceada - Agrado","description":"Aunque tu piel ya est\u00e9 bronceada, debes cuidarla. En este post te contamos c\u00f3mo y con qu\u00e9 proteger tu piel morenita de la mejor forma.","robots":{"index":"index","follow":"follow","max-snippet":"max-snippet:-1","max-image-preview":"max-image-preview:large","max-video-preview":"max-video-preview:-1"},"canonical":"https:\/\/agradocosmetic.com\/fr\/aprende-a-proteger-tu-piel-bronceada\/","og_locale":"fr_FR","og_type":"article","og_title":"Aprende a proteger tu piel bronceada - Agrado","og_description":"Aunque tu piel ya est\u00e9 bronceada, debes cuidarla. En este post te contamos c\u00f3mo y con qu\u00e9 proteger tu piel morenita de la mejor forma.","og_url":"https:\/\/agradocosmetic.com\/fr\/aprende-a-proteger-tu-piel-bronceada\/","og_site_name":"Agrado","article_published_time":"2023-07-30T15:50:38+00:00","article_modified_time":"2023-11-18T16:58:44+00:00","og_image":[{"width":1200,"height":800,"url":"https:\/\/agradocosmetic.com\/wp-content\/uploads\/2023\/07\/piel-bronceada-agrado.jpg","type":"image\/jpeg"}],"author":"agradocosmetic","twitter_card":"summary_large_image","twitter_misc":{"\u00c9crit par":"agradocosmetic","Dur\u00e9e de lecture estim\u00e9e":"2 minutes"},"schema":{"@context":"https:\/\/schema.org","@graph":[{"@type":"Article","@id":"https:\/\/agradocosmetic.com\/aprende-a-proteger-tu-piel-bronceada\/#article","isPartOf":{"@id":"https:\/\/agradocosmetic.com\/aprende-a-proteger-tu-piel-bronceada\/"},"author":{"name":"agradocosmetic","@id":"https:\/\/agradocosmetic.com\/#\/schema\/person\/732e8d396022e25f9340196f83d6789d"},"headline":"Aprende a proteger tu piel bronceada","datePublished":"2023-07-30T15:50:38+00:00","dateModified":"2023-11-18T16:58:44+00:00","mainEntityOfPage":{"@id":"https:\/\/agradocosmetic.com\/aprende-a-proteger-tu-piel-bronceada\/"},"wordCount":447,"commentCount":0,"publisher":{"@id":"https:\/\/agradocosmetic.com\/#organization"},"image":{"@id":"https:\/\/agradocosmetic.com\/aprende-a-proteger-tu-piel-bronceada\/#primaryimage"},"thumbnailUrl":"https:\/\/agradocosmetic.com\/wp-content\/uploads\/2023\/07\/piel-bronceada-agrado.jpg","keywords":["bronceado","cuidado de la piel","fotoprotector","proteccion solar","protector solar","solares"],"articleSection":["Solar","Todos"],"inLanguage":"fr-FR","potentialAction":[{"@type":"CommentAction","name":"Comment","target":["https:\/\/agradocosmetic.com\/aprende-a-proteger-tu-piel-bronceada\/#respond"]}]},{"@type":"WebPage","@id":"https:\/\/agradocosmetic.com\/aprende-a-proteger-tu-piel-bronceada\/","url":"https:\/\/agradocosmetic.com\/aprende-a-proteger-tu-piel-bronceada\/","name":"Aprende a proteger tu piel bronceada - Agrado","isPartOf":{"@id":"https:\/\/agradocosmetic.com\/#website"},"primaryImageOfPage":{"@id":"https:\/\/agradocosmetic.com\/aprende-a-proteger-tu-piel-bronceada\/#primaryimage"},"image":{"@id":"https:\/\/agradocosmetic.com\/aprende-a-proteger-tu-piel-bronceada\/#primaryimage"},"thumbnailUrl":"https:\/\/agradocosmetic.com\/wp-content\/uploads\/2023\/07\/piel-bronceada-agrado.jpg","datePublished":"2023-07-30T15:50:38+00:00","dateModified":"2023-11-18T16:58:44+00:00","description":"Aunque tu piel ya est\u00e9 bronceada, debes cuidarla. En este post te contamos c\u00f3mo y con qu\u00e9 proteger tu piel morenita de la mejor forma.","breadcrumb":{"@id":"https:\/\/agradocosmetic.com\/aprende-a-proteger-tu-piel-bronceada\/#breadcrumb"},"inLanguage":"fr-FR","potentialAction":[{"@type":"ReadAction","target":["https:\/\/agradocosmetic.com\/aprende-a-proteger-tu-piel-bronceada\/"]}]},{"@type":"ImageObject","inLanguage":"fr-FR","@id":"https:\/\/agradocosmetic.com\/aprende-a-proteger-tu-piel-bronceada\/#primaryimage","url":"https:\/\/agradocosmetic.com\/wp-content\/uploads\/2023\/07\/piel-bronceada-agrado.jpg","contentUrl":"https:\/\/agradocosmetic.com\/wp-content\/uploads\/2023\/07\/piel-bronceada-agrado.jpg","width":1200,"height":800},{"@type":"BreadcrumbList","@id":"https:\/\/agradocosmetic.com\/aprende-a-proteger-tu-piel-bronceada\/#breadcrumb","itemListElement":[{"@type":"ListItem","position":1,"name":"Portada","item":"https:\/\/agradocosmetic.com\/"},{"@type":"ListItem","position":2,"name":"Aprende a proteger tu piel bronceada"}]},{"@type":"WebSite","@id":"https:\/\/agradocosmetic.com\/#website","url":"https:\/\/agradocosmetic.com\/","name":"Aimer","description":"cosm\u00e9tique","publisher":{"@id":"https:\/\/agradocosmetic.com\/#organization"},"potentialAction":[{"@type":"SearchAction","target":{"@type":"EntryPoint","urlTemplate":"https:\/\/agradocosmetic.com\/?s={search_term_string}"},"query-input":{"@type":"PropertyValueSpecification","valueRequired":true,"valueName":"search_term_string"}}],"inLanguage":"fr-FR"},{"@type":"Organization","@id":"https:\/\/agradocosmetic.com\/#organization","name":"Aimer","url":"https:\/\/agradocosmetic.com\/","logo":{"@type":"ImageObject","inLanguage":"fr-FR","@id":"https:\/\/agradocosmetic.com\/#\/schema\/logo\/image\/","url":"https:\/\/agradocosmetic.com\/wp-content\/uploads\/2023\/07\/LOGO-AGRADO-WEB-01.png","contentUrl":"https:\/\/agradocosmetic.com\/wp-content\/uploads\/2023\/07\/LOGO-AGRADO-WEB-01.png","width":1632,"height":300,"caption":"Agrado"},"image":{"@id":"https:\/\/agradocosmetic.com\/#\/schema\/logo\/image\/"}},{"@type":"Person","@id":"https:\/\/agradocosmetic.com\/#\/schema\/person\/732e8d396022e25f9340196f83d6789d","name":"agradocosm\u00e9tique","image":{"@type":"ImageObject","inLanguage":"fr-FR","@id":"https:\/\/secure.gravatar.com\/avatar\/c6003e45301182b7e125463fcbec403b1980909c12edf09098526b9a15e779c0?s=96&d=mm&r=g","url":"https:\/\/secure.gravatar.com\/avatar\/c6003e45301182b7e125463fcbec403b1980909c12edf09098526b9a15e779c0?s=96&d=mm&r=g","contentUrl":"https:\/\/secure.gravatar.com\/avatar\/c6003e45301182b7e125463fcbec403b1980909c12edf09098526b9a15e779c0?s=96&d=mm&r=g","caption":"agradocosmetic"}}]}},"_links":{"self":[{"href":"https:\/\/agradocosmetic.com\/fr\/wp-json\/wp\/v2\/posts\/21017","targetHints":{"allow":["GET"]}}],"collection":[{"href":"https:\/\/agradocosmetic.com\/fr\/wp-json\/wp\/v2\/posts"}],"about":[{"href":"https:\/\/agradocosmetic.com\/fr\/wp-json\/wp\/v2\/types\/post"}],"author":[{"embeddable":true,"href":"https:\/\/agradocosmetic.com\/fr\/wp-json\/wp\/v2\/users\/9"}],"replies":[{"embeddable":true,"href":"https:\/\/agradocosmetic.com\/fr\/wp-json\/wp\/v2\/comments?post=21017"}],"version-history":[{"count":1,"href":"https:\/\/agradocosmetic.com\/fr\/wp-json\/wp\/v2\/posts\/21017\/revisions"}],"predecessor-version":[{"id":21179,"href":"https:\/\/agradocosmetic.com\/fr\/wp-json\/wp\/v2\/posts\/21017\/revisions\/21179"}],"wp:featuredmedia":[{"embeddable":true,"href":"https:\/\/agradocosmetic.com\/fr\/wp-json\/wp\/v2\/media\/21178"}],"wp:attachment":[{"href":"https:\/\/agradocosmetic.com\/fr\/wp-json\/wp\/v2\/media?parent=21017"}],"wp:term":[{"taxonomy":"category","embeddable":true,"href":"https:\/\/agradocosmetic.com\/fr\/wp-json\/wp\/v2\/categories?post=21017"},{"taxonomy":"post_tag","embeddable":true,"href":"https:\/\/agradocosmetic.com\/fr\/wp-json\/wp\/v2\/tags?post=21017"}],"curies":[{"name":"wp","href":"https:\/\/api.w.org\/{rel}","templated":true}]}}