{"id":21145,"date":"2023-09-11T17:28:16","date_gmt":"2023-09-11T16:28:16","guid":{"rendered":"https:\/\/www.agradocosmetic.com\/?p=21145"},"modified":"2023-11-18T17:00:39","modified_gmt":"2023-11-18T17:00:39","slug":"de-vuelta-a-la-rutina-facial-guia-para-una-piel-radiante","status":"publish","type":"post","link":"https:\/\/agradocosmetic.com\/fr\/de-vuelta-a-la-rutina-facial-guia-para-una-piel-radiante\/","title":{"rendered":"Retour \u00e0 la routine (du visage)\u00a0: votre guide pour une peau \u00e9clatante"},"content":{"rendered":"<p>Alors que l&#039;\u00e9t\u00e9 touche \u00e0 sa fin, il est temps de reprendre la routine et de donner \u00e0 notre peau l&#039;amour qu&#039;elle m\u00e9rite. Pr\u00eat \u00e0 d\u00e9couvrir comment garder votre peau \u00e9clatante au milieu de l\u2019agitation quotidienne ? Pr\u00e9parez votre miroir car voici nos meilleurs conseils pour y parvenir.<\/p>\r\n\r\n\r\n\r\n<h2 class=\"wp-block-heading\">Nettoyage : Le premier pas vers une peau \u00e9clatante<\/h2>\r\n\r\n\r\n\r\n<p>Le secret d\u2019une peau radieuse commence par un bon nettoyage. D\u00e9barrassez-vous de la salet\u00e9, du maquillage et des impuret\u00e9s de la journ\u00e9e avec le <a href=\"\/fr\/?p=457\"><strong>Lait D\u00e9maquillant Cosm\u00e9tique Agrado<\/strong><\/a>. Cette formule douce \u00e9liminera toute trace de salet\u00e9 et de maquillage sans laisser votre peau tiraill\u00e9e, la pr\u00e9parant ainsi aux prochaines \u00e9tapes de votre routine faciale.<\/p>\r\n\r\n\r\n\r\n<h2 class=\"wp-block-heading\">Tonifie et rafra\u00eechit : La touche magique du tonique<\/h2>\r\n\r\n\r\n\r\n<p>Le tonique est comme un c\u00e2lin rafra\u00eechissant pour votre peau. Optez pour le <a href=\"\/fr\/?p=463\"><strong>Tonique cosm\u00e9tique Agrado<\/strong><\/a> pour \u00e9quilibrer et tonifier votre peau apr\u00e8s le nettoyage. En plus de rafra\u00eechir, il aidera \u00e0 resserrer les pores et cr\u00e9era une base parfaite pour l&#039;application des produits suivants.<\/p>\r\n\r\n\r\n\r\n<h2 class=\"wp-block-heading\">Eau Micellaire : Votre alli\u00e9e en hydratation<\/h2>\r\n\r\n\r\n\r\n<p>Ne sous-estimez jamais le pouvoir de l\u2019eau micellaire, surtout dans votre routine nocturne. Utilisez le <a href=\"\/fr\/?p=469\"><strong>Eau Micellaire Cosm\u00e9tique Agrado<\/strong><\/a> pour \u00e9liminer tous les r\u00e9sidus et maquillages tenaces laiss\u00e9s. De plus, sa formule hydratante laissera votre peau pr\u00eate \u00e0 recevoir tous les bienfaits de vos soins de nuit.<\/p>\r\n\r\n\r\n\r\n<h2 class=\"wp-block-heading\">Hydratation : Le secret d\u2019une peau \u00e9clatante<\/h2>\r\n\r\n\r\n\r\n<p>L\u2019hydratation est la cl\u00e9 d\u2019une peau radieuse et saine. Pensez \u00e0 choisir une cr\u00e8me hydratante en fonction des besoins de votre peau (peau sensible, mixte, grasse, normale...). Si votre peau a tendance \u00e0 \u00eatre s\u00e8che, recherchez une cr\u00e8me riche en ingr\u00e9dients hydratants comme l&#039;acide hyaluronique ou la glyc\u00e9rine. Si vous avez la peau grasse, optez pour une cr\u00e8me l\u00e9g\u00e8re et sans huile. Les peaux sensibles b\u00e9n\u00e9ficient souvent d&#039;ingr\u00e9dients apaisants tels que la farine d&#039;avoine ou la camomille. Et si vous recherchez plus de luminosit\u00e9, recherchez des ingr\u00e9dients comme la vitamine C.<\/p>\r\n\r\n\r\n\r\n<h2 class=\"wp-block-heading\">Protection solaire : Oui et toute l&#039;ann\u00e9e<\/h2>\r\n\r\n\r\n\r\n<p>L\u2019utilisation de la cr\u00e8me solaire ne s\u2019arr\u00eate pas avec l\u2019\u00e9t\u00e9. M\u00eame si les journ\u00e9es sont plus fra\u00eeches, les rayons du soleil sont toujours l\u00e0. La cl\u00e9 d\u2019une peau radieuse et saine est une protection constante. Et voici votre alli\u00e9 pr\u00e9f\u00e9r\u00e9 : le <a href=\"\/fr\/?p=3558\"><strong>Brume Solaire pour le Visage SPF50 d&#039;Agrado Cosmetic<\/strong><\/a>. Non seulement il offre une haute protection contre les rayons du soleil, mais il ajoute \u00e9galement une touche rafra\u00eechissante \u00e0 votre routine. Vaporisez-le sur votre peau en derni\u00e8re \u00e9tape avant de sortir et le tour est jou\u00e9 !<\/p>\r\n\r\n\r\n\r\n<p>N\u2019oubliez pas que votre routine du visage est votre moment privil\u00e9gi\u00e9 pour prendre soin de vous. <strong>Prenez quelques minutes par jour pour prendre soin de vous et de votre peau avec Agrado Cosmetic.<\/strong> Et rendez votre peau \u00e9clatante !<\/p>","protected":false},"excerpt":{"rendered":"<p>Con el verano llegando a su fin, es hora de volver a la rutina y darle a nuestra piel el amor que se merece. \u00bfListx para descubrir c\u00f3mo mantener tu piel radiante en medio del ajetreo diario? Prepara tu espejo porque aqu\u00ed van nuestros mejores consejos para lograrlo. Limpieza: El primer paso hacia una piel [&hellip;]<\/p>\n","protected":false},"author":9,"featured_media":21168,"comment_status":"open","ping_status":"closed","sticky":false,"template":"","format":"standard","meta":{"footnotes":"","_wp_rev_ctl_limit":""},"categories":[519,1],"tags":[521,523,525,527,529],"class_list":["post-21145","post","type-post","status-publish","format-standard","has-post-thumbnail","hentry","category-facial-en-todos","category-todos","tag-guia-facial-en","tag-orden-productos-faciales-en","tag-piel-radiante-en","tag-rutina-facial-en","tag-vuelta-a-la-rutina-en"],"yoast_head":"<!-- This site is optimized with the Yoast SEO plugin v27.4 - https:\/\/yoast.com\/product\/yoast-seo-wordpress\/ -->\n<title>De vuelta a la rutina (facial): Tu gu\u00eda para una piel radiante - Agrado<\/title>\n<meta name=\"description\" content=\"\u00bfC\u00f3mo mantener tu piel radiante en medio del ajetreo del d\u00eda a d\u00eda? Prepara tu espejo porque aqu\u00ed van nuestros mejores consejos.\" \/>\n<meta name=\"robots\" content=\"index, follow, max-snippet:-1, max-image-preview:large, max-video-preview:-1\" \/>\n<link rel=\"canonical\" href=\"https:\/\/agradocosmetic.com\/fr\/de-vuelta-a-la-rutina-facial-guia-para-una-piel-radiante\/\" \/>\n<meta property=\"og:locale\" content=\"fr_FR\" \/>\n<meta property=\"og:type\" content=\"article\" \/>\n<meta property=\"og:title\" content=\"De vuelta a la rutina (facial): Tu gu\u00eda para una piel radiante - Agrado\" \/>\n<meta property=\"og:description\" content=\"\u00bfC\u00f3mo mantener tu piel radiante en medio del ajetreo del d\u00eda a d\u00eda? Prepara tu espejo porque aqu\u00ed van nuestros mejores consejos.\" \/>\n<meta property=\"og:url\" content=\"https:\/\/agradocosmetic.com\/fr\/de-vuelta-a-la-rutina-facial-guia-para-una-piel-radiante\/\" \/>\n<meta property=\"og:site_name\" content=\"Agrado\" \/>\n<meta property=\"article:published_time\" content=\"2023-09-11T16:28:16+00:00\" \/>\n<meta property=\"article:modified_time\" content=\"2023-11-18T17:00:39+00:00\" \/>\n<meta property=\"og:image\" content=\"https:\/\/agradocosmetic.com\/wp-content\/uploads\/2023\/09\/rutina-facial-agrado.jpg\" \/>\n\t<meta property=\"og:image:width\" content=\"1200\" \/>\n\t<meta property=\"og:image:height\" content=\"800\" \/>\n\t<meta property=\"og:image:type\" content=\"image\/jpeg\" \/>\n<meta name=\"author\" content=\"agradocosmetic\" \/>\n<meta name=\"twitter:card\" content=\"summary_large_image\" \/>\n<meta name=\"twitter:label1\" content=\"\u00c9crit par\" \/>\n\t<meta name=\"twitter:data1\" content=\"agradocosmetic\" \/>\n\t<meta name=\"twitter:label2\" content=\"Dur\u00e9e de lecture estim\u00e9e\" \/>\n\t<meta name=\"twitter:data2\" content=\"3 minutes\" \/>\n<script type=\"application\/ld+json\" class=\"yoast-schema-graph\">{\"@context\":\"https:\\\/\\\/schema.org\",\"@graph\":[{\"@type\":\"Article\",\"@id\":\"https:\\\/\\\/agradocosmetic.com\\\/de-vuelta-a-la-rutina-facial-guia-para-una-piel-radiante\\\/#article\",\"isPartOf\":{\"@id\":\"https:\\\/\\\/agradocosmetic.com\\\/de-vuelta-a-la-rutina-facial-guia-para-una-piel-radiante\\\/\"},\"author\":{\"name\":\"agradocosmetic\",\"@id\":\"https:\\\/\\\/agradocosmetic.com\\\/#\\\/schema\\\/person\\\/732e8d396022e25f9340196f83d6789d\"},\"headline\":\"De vuelta a la rutina (facial): Tu gu\u00eda para una piel radiante\",\"datePublished\":\"2023-09-11T16:28:16+00:00\",\"dateModified\":\"2023-11-18T17:00:39+00:00\",\"mainEntityOfPage\":{\"@id\":\"https:\\\/\\\/agradocosmetic.com\\\/de-vuelta-a-la-rutina-facial-guia-para-una-piel-radiante\\\/\"},\"wordCount\":480,\"commentCount\":0,\"publisher\":{\"@id\":\"https:\\\/\\\/agradocosmetic.com\\\/#organization\"},\"image\":{\"@id\":\"https:\\\/\\\/agradocosmetic.com\\\/de-vuelta-a-la-rutina-facial-guia-para-una-piel-radiante\\\/#primaryimage\"},\"thumbnailUrl\":\"https:\\\/\\\/agradocosmetic.com\\\/wp-content\\\/uploads\\\/2023\\\/09\\\/rutina-facial-agrado.jpg\",\"keywords\":[\"gu\u00eda facial\",\"orden productos faciales\",\"piel radiante\",\"rutina facial\",\"vuelta a la rutina\"],\"articleSection\":[\"Facial\",\"Todos\"],\"inLanguage\":\"fr-FR\",\"potentialAction\":[{\"@type\":\"CommentAction\",\"name\":\"Comment\",\"target\":[\"https:\\\/\\\/agradocosmetic.com\\\/de-vuelta-a-la-rutina-facial-guia-para-una-piel-radiante\\\/#respond\"]}]},{\"@type\":\"WebPage\",\"@id\":\"https:\\\/\\\/agradocosmetic.com\\\/de-vuelta-a-la-rutina-facial-guia-para-una-piel-radiante\\\/\",\"url\":\"https:\\\/\\\/agradocosmetic.com\\\/de-vuelta-a-la-rutina-facial-guia-para-una-piel-radiante\\\/\",\"name\":\"De vuelta a la rutina (facial): Tu gu\u00eda para una piel radiante - Agrado\",\"isPartOf\":{\"@id\":\"https:\\\/\\\/agradocosmetic.com\\\/#website\"},\"primaryImageOfPage\":{\"@id\":\"https:\\\/\\\/agradocosmetic.com\\\/de-vuelta-a-la-rutina-facial-guia-para-una-piel-radiante\\\/#primaryimage\"},\"image\":{\"@id\":\"https:\\\/\\\/agradocosmetic.com\\\/de-vuelta-a-la-rutina-facial-guia-para-una-piel-radiante\\\/#primaryimage\"},\"thumbnailUrl\":\"https:\\\/\\\/agradocosmetic.com\\\/wp-content\\\/uploads\\\/2023\\\/09\\\/rutina-facial-agrado.jpg\",\"datePublished\":\"2023-09-11T16:28:16+00:00\",\"dateModified\":\"2023-11-18T17:00:39+00:00\",\"description\":\"\u00bfC\u00f3mo mantener tu piel radiante en medio del ajetreo del d\u00eda a d\u00eda? Prepara tu espejo porque aqu\u00ed van nuestros mejores consejos.\",\"breadcrumb\":{\"@id\":\"https:\\\/\\\/agradocosmetic.com\\\/de-vuelta-a-la-rutina-facial-guia-para-una-piel-radiante\\\/#breadcrumb\"},\"inLanguage\":\"fr-FR\",\"potentialAction\":[{\"@type\":\"ReadAction\",\"target\":[\"https:\\\/\\\/agradocosmetic.com\\\/de-vuelta-a-la-rutina-facial-guia-para-una-piel-radiante\\\/\"]}]},{\"@type\":\"ImageObject\",\"inLanguage\":\"fr-FR\",\"@id\":\"https:\\\/\\\/agradocosmetic.com\\\/de-vuelta-a-la-rutina-facial-guia-para-una-piel-radiante\\\/#primaryimage\",\"url\":\"https:\\\/\\\/agradocosmetic.com\\\/wp-content\\\/uploads\\\/2023\\\/09\\\/rutina-facial-agrado.jpg\",\"contentUrl\":\"https:\\\/\\\/agradocosmetic.com\\\/wp-content\\\/uploads\\\/2023\\\/09\\\/rutina-facial-agrado.jpg\",\"width\":1200,\"height\":800},{\"@type\":\"BreadcrumbList\",\"@id\":\"https:\\\/\\\/agradocosmetic.com\\\/de-vuelta-a-la-rutina-facial-guia-para-una-piel-radiante\\\/#breadcrumb\",\"itemListElement\":[{\"@type\":\"ListItem\",\"position\":1,\"name\":\"Portada\",\"item\":\"https:\\\/\\\/agradocosmetic.com\\\/\"},{\"@type\":\"ListItem\",\"position\":2,\"name\":\"De vuelta a la rutina (facial): Tu gu\u00eda para una piel radiante\"}]},{\"@type\":\"WebSite\",\"@id\":\"https:\\\/\\\/agradocosmetic.com\\\/#website\",\"url\":\"https:\\\/\\\/agradocosmetic.com\\\/\",\"name\":\"Agrado\",\"description\":\"Cosmetic\",\"publisher\":{\"@id\":\"https:\\\/\\\/agradocosmetic.com\\\/#organization\"},\"potentialAction\":[{\"@type\":\"SearchAction\",\"target\":{\"@type\":\"EntryPoint\",\"urlTemplate\":\"https:\\\/\\\/agradocosmetic.com\\\/?s={search_term_string}\"},\"query-input\":{\"@type\":\"PropertyValueSpecification\",\"valueRequired\":true,\"valueName\":\"search_term_string\"}}],\"inLanguage\":\"fr-FR\"},{\"@type\":\"Organization\",\"@id\":\"https:\\\/\\\/agradocosmetic.com\\\/#organization\",\"name\":\"Agrado\",\"url\":\"https:\\\/\\\/agradocosmetic.com\\\/\",\"logo\":{\"@type\":\"ImageObject\",\"inLanguage\":\"fr-FR\",\"@id\":\"https:\\\/\\\/agradocosmetic.com\\\/#\\\/schema\\\/logo\\\/image\\\/\",\"url\":\"https:\\\/\\\/agradocosmetic.com\\\/wp-content\\\/uploads\\\/2023\\\/07\\\/LOGO-AGRADO-WEB-01.png\",\"contentUrl\":\"https:\\\/\\\/agradocosmetic.com\\\/wp-content\\\/uploads\\\/2023\\\/07\\\/LOGO-AGRADO-WEB-01.png\",\"width\":1632,\"height\":300,\"caption\":\"Agrado\"},\"image\":{\"@id\":\"https:\\\/\\\/agradocosmetic.com\\\/#\\\/schema\\\/logo\\\/image\\\/\"}},{\"@type\":\"Person\",\"@id\":\"https:\\\/\\\/agradocosmetic.com\\\/#\\\/schema\\\/person\\\/732e8d396022e25f9340196f83d6789d\",\"name\":\"agradocosmetic\",\"image\":{\"@type\":\"ImageObject\",\"inLanguage\":\"fr-FR\",\"@id\":\"https:\\\/\\\/secure.gravatar.com\\\/avatar\\\/c6003e45301182b7e125463fcbec403b1980909c12edf09098526b9a15e779c0?s=96&d=mm&r=g\",\"url\":\"https:\\\/\\\/secure.gravatar.com\\\/avatar\\\/c6003e45301182b7e125463fcbec403b1980909c12edf09098526b9a15e779c0?s=96&d=mm&r=g\",\"contentUrl\":\"https:\\\/\\\/secure.gravatar.com\\\/avatar\\\/c6003e45301182b7e125463fcbec403b1980909c12edf09098526b9a15e779c0?s=96&d=mm&r=g\",\"caption\":\"agradocosmetic\"}}]}<\/script>\n<!-- \/ Yoast SEO plugin. -->","yoast_head_json":{"title":"De vuelta a la rutina (facial): Tu gu\u00eda para una piel radiante - Agrado","description":"\u00bfC\u00f3mo mantener tu piel radiante en medio del ajetreo del d\u00eda a d\u00eda? Prepara tu espejo porque aqu\u00ed van nuestros mejores consejos.","robots":{"index":"index","follow":"follow","max-snippet":"max-snippet:-1","max-image-preview":"max-image-preview:large","max-video-preview":"max-video-preview:-1"},"canonical":"https:\/\/agradocosmetic.com\/fr\/de-vuelta-a-la-rutina-facial-guia-para-una-piel-radiante\/","og_locale":"fr_FR","og_type":"article","og_title":"De vuelta a la rutina (facial): Tu gu\u00eda para una piel radiante - Agrado","og_description":"\u00bfC\u00f3mo mantener tu piel radiante en medio del ajetreo del d\u00eda a d\u00eda? Prepara tu espejo porque aqu\u00ed van nuestros mejores consejos.","og_url":"https:\/\/agradocosmetic.com\/fr\/de-vuelta-a-la-rutina-facial-guia-para-una-piel-radiante\/","og_site_name":"Agrado","article_published_time":"2023-09-11T16:28:16+00:00","article_modified_time":"2023-11-18T17:00:39+00:00","og_image":[{"width":1200,"height":800,"url":"https:\/\/agradocosmetic.com\/wp-content\/uploads\/2023\/09\/rutina-facial-agrado.jpg","type":"image\/jpeg"}],"author":"agradocosmetic","twitter_card":"summary_large_image","twitter_misc":{"\u00c9crit par":"agradocosmetic","Dur\u00e9e de lecture estim\u00e9e":"3 minutes"},"schema":{"@context":"https:\/\/schema.org","@graph":[{"@type":"Article","@id":"https:\/\/agradocosmetic.com\/de-vuelta-a-la-rutina-facial-guia-para-una-piel-radiante\/#article","isPartOf":{"@id":"https:\/\/agradocosmetic.com\/de-vuelta-a-la-rutina-facial-guia-para-una-piel-radiante\/"},"author":{"name":"agradocosmetic","@id":"https:\/\/agradocosmetic.com\/#\/schema\/person\/732e8d396022e25f9340196f83d6789d"},"headline":"De vuelta a la rutina (facial): Tu gu\u00eda para una piel radiante","datePublished":"2023-09-11T16:28:16+00:00","dateModified":"2023-11-18T17:00:39+00:00","mainEntityOfPage":{"@id":"https:\/\/agradocosmetic.com\/de-vuelta-a-la-rutina-facial-guia-para-una-piel-radiante\/"},"wordCount":480,"commentCount":0,"publisher":{"@id":"https:\/\/agradocosmetic.com\/#organization"},"image":{"@id":"https:\/\/agradocosmetic.com\/de-vuelta-a-la-rutina-facial-guia-para-una-piel-radiante\/#primaryimage"},"thumbnailUrl":"https:\/\/agradocosmetic.com\/wp-content\/uploads\/2023\/09\/rutina-facial-agrado.jpg","keywords":["gu\u00eda facial","orden productos faciales","piel radiante","rutina facial","vuelta a la rutina"],"articleSection":["Facial","Todos"],"inLanguage":"fr-FR","potentialAction":[{"@type":"CommentAction","name":"Comment","target":["https:\/\/agradocosmetic.com\/de-vuelta-a-la-rutina-facial-guia-para-una-piel-radiante\/#respond"]}]},{"@type":"WebPage","@id":"https:\/\/agradocosmetic.com\/de-vuelta-a-la-rutina-facial-guia-para-una-piel-radiante\/","url":"https:\/\/agradocosmetic.com\/de-vuelta-a-la-rutina-facial-guia-para-una-piel-radiante\/","name":"De vuelta a la rutina (facial): Tu gu\u00eda para una piel radiante - Agrado","isPartOf":{"@id":"https:\/\/agradocosmetic.com\/#website"},"primaryImageOfPage":{"@id":"https:\/\/agradocosmetic.com\/de-vuelta-a-la-rutina-facial-guia-para-una-piel-radiante\/#primaryimage"},"image":{"@id":"https:\/\/agradocosmetic.com\/de-vuelta-a-la-rutina-facial-guia-para-una-piel-radiante\/#primaryimage"},"thumbnailUrl":"https:\/\/agradocosmetic.com\/wp-content\/uploads\/2023\/09\/rutina-facial-agrado.jpg","datePublished":"2023-09-11T16:28:16+00:00","dateModified":"2023-11-18T17:00:39+00:00","description":"\u00bfC\u00f3mo mantener tu piel radiante en medio del ajetreo del d\u00eda a d\u00eda? Prepara tu espejo porque aqu\u00ed van nuestros mejores consejos.","breadcrumb":{"@id":"https:\/\/agradocosmetic.com\/de-vuelta-a-la-rutina-facial-guia-para-una-piel-radiante\/#breadcrumb"},"inLanguage":"fr-FR","potentialAction":[{"@type":"ReadAction","target":["https:\/\/agradocosmetic.com\/de-vuelta-a-la-rutina-facial-guia-para-una-piel-radiante\/"]}]},{"@type":"ImageObject","inLanguage":"fr-FR","@id":"https:\/\/agradocosmetic.com\/de-vuelta-a-la-rutina-facial-guia-para-una-piel-radiante\/#primaryimage","url":"https:\/\/agradocosmetic.com\/wp-content\/uploads\/2023\/09\/rutina-facial-agrado.jpg","contentUrl":"https:\/\/agradocosmetic.com\/wp-content\/uploads\/2023\/09\/rutina-facial-agrado.jpg","width":1200,"height":800},{"@type":"BreadcrumbList","@id":"https:\/\/agradocosmetic.com\/de-vuelta-a-la-rutina-facial-guia-para-una-piel-radiante\/#breadcrumb","itemListElement":[{"@type":"ListItem","position":1,"name":"Portada","item":"https:\/\/agradocosmetic.com\/"},{"@type":"ListItem","position":2,"name":"De vuelta a la rutina (facial): Tu gu\u00eda para una piel radiante"}]},{"@type":"WebSite","@id":"https:\/\/agradocosmetic.com\/#website","url":"https:\/\/agradocosmetic.com\/","name":"Aimer","description":"cosm\u00e9tique","publisher":{"@id":"https:\/\/agradocosmetic.com\/#organization"},"potentialAction":[{"@type":"SearchAction","target":{"@type":"EntryPoint","urlTemplate":"https:\/\/agradocosmetic.com\/?s={search_term_string}"},"query-input":{"@type":"PropertyValueSpecification","valueRequired":true,"valueName":"search_term_string"}}],"inLanguage":"fr-FR"},{"@type":"Organization","@id":"https:\/\/agradocosmetic.com\/#organization","name":"Aimer","url":"https:\/\/agradocosmetic.com\/","logo":{"@type":"ImageObject","inLanguage":"fr-FR","@id":"https:\/\/agradocosmetic.com\/#\/schema\/logo\/image\/","url":"https:\/\/agradocosmetic.com\/wp-content\/uploads\/2023\/07\/LOGO-AGRADO-WEB-01.png","contentUrl":"https:\/\/agradocosmetic.com\/wp-content\/uploads\/2023\/07\/LOGO-AGRADO-WEB-01.png","width":1632,"height":300,"caption":"Agrado"},"image":{"@id":"https:\/\/agradocosmetic.com\/#\/schema\/logo\/image\/"}},{"@type":"Person","@id":"https:\/\/agradocosmetic.com\/#\/schema\/person\/732e8d396022e25f9340196f83d6789d","name":"agradocosm\u00e9tique","image":{"@type":"ImageObject","inLanguage":"fr-FR","@id":"https:\/\/secure.gravatar.com\/avatar\/c6003e45301182b7e125463fcbec403b1980909c12edf09098526b9a15e779c0?s=96&d=mm&r=g","url":"https:\/\/secure.gravatar.com\/avatar\/c6003e45301182b7e125463fcbec403b1980909c12edf09098526b9a15e779c0?s=96&d=mm&r=g","contentUrl":"https:\/\/secure.gravatar.com\/avatar\/c6003e45301182b7e125463fcbec403b1980909c12edf09098526b9a15e779c0?s=96&d=mm&r=g","caption":"agradocosmetic"}}]}},"_links":{"self":[{"href":"https:\/\/agradocosmetic.com\/fr\/wp-json\/wp\/v2\/posts\/21145","targetHints":{"allow":["GET"]}}],"collection":[{"href":"https:\/\/agradocosmetic.com\/fr\/wp-json\/wp\/v2\/posts"}],"about":[{"href":"https:\/\/agradocosmetic.com\/fr\/wp-json\/wp\/v2\/types\/post"}],"author":[{"embeddable":true,"href":"https:\/\/agradocosmetic.com\/fr\/wp-json\/wp\/v2\/users\/9"}],"replies":[{"embeddable":true,"href":"https:\/\/agradocosmetic.com\/fr\/wp-json\/wp\/v2\/comments?post=21145"}],"version-history":[{"count":1,"href":"https:\/\/agradocosmetic.com\/fr\/wp-json\/wp\/v2\/posts\/21145\/revisions"}],"predecessor-version":[{"id":21170,"href":"https:\/\/agradocosmetic.com\/fr\/wp-json\/wp\/v2\/posts\/21145\/revisions\/21170"}],"wp:featuredmedia":[{"embeddable":true,"href":"https:\/\/agradocosmetic.com\/fr\/wp-json\/wp\/v2\/media\/21168"}],"wp:attachment":[{"href":"https:\/\/agradocosmetic.com\/fr\/wp-json\/wp\/v2\/media?parent=21145"}],"wp:term":[{"taxonomy":"category","embeddable":true,"href":"https:\/\/agradocosmetic.com\/fr\/wp-json\/wp\/v2\/categories?post=21145"},{"taxonomy":"post_tag","embeddable":true,"href":"https:\/\/agradocosmetic.com\/fr\/wp-json\/wp\/v2\/tags?post=21145"}],"curies":[{"name":"wp","href":"https:\/\/api.w.org\/{rel}","templated":true}]}}