{"id":2246,"date":"2018-06-26T11:21:03","date_gmt":"2018-06-26T10:21:03","guid":{"rendered":"https:\/\/www.agradocosmetic.com\/?p=2246"},"modified":"2023-11-18T16:58:56","modified_gmt":"2023-11-18T16:58:56","slug":"conoce-las-razones-por-las-que-debes-usar-after-sun-en-verano","status":"publish","type":"post","link":"https:\/\/agradocosmetic.com\/fr\/conoce-las-razones-por-las-que-debes-usar-after-sun-en-verano\/","title":{"rendered":"D\u00e9couvrez les raisons pour lesquelles vous devriez utiliser After Sun en \u00e9t\u00e9."},"content":{"rendered":"<p>L&#039;apr\u00e8s-soleil est plus important qu&#039;on ne le pense et doit \u00eatre utilis\u00e9 chaque fois que nous sommes expos\u00e9s au soleil, et pas seulement les jours o\u00f9 nous remarquons une irritation apr\u00e8s une longue journ\u00e9e \u00e0 la plage.<\/p>\n<p>Non seulement le soleil peut avoir des effets ind\u00e9sirables, mais l\u2019eau et le vent eux-m\u00eames peuvent dess\u00e9cher la peau, la rendant plus sensible et vuln\u00e9rable. L\u2019un de vos meilleurs alli\u00e9s pour combattre ces sympt\u00f4mes est justement un bon apr\u00e8s-soleil. Faites attention, car dans cet article nous allons vous montrer ses propri\u00e9t\u00e9s, ses avantages et d&#039;autres aspects g\u00e9n\u00e9raux de ce produit. On y va!<\/p>\n<h2><strong>Quelles propri\u00e9t\u00e9s doit avoir un bon apr\u00e8s-soleil ?<\/strong><\/h2>\n<p>L&#039;apr\u00e8s soleil est un lait corporel dont la formule doit contenir des agents hydratants, ainsi que des agents apaisants, rafra\u00eechissants et r\u00e9g\u00e9n\u00e9rants cutan\u00e9s. C&#039;est cette composition qui le rendra utile apr\u00e8s avoir \u00e9t\u00e9 \u00e0 l&#039;ext\u00e9rieur et expos\u00e9 au soleil.<\/p>\n<p>Lorsque nous recourons \u00e0 l&#039;apr\u00e8s-soleil, notre peau est endommag\u00e9e et a besoin d&#039;une r\u00e9g\u00e9n\u00e9ration cellulaire pour que la nouvelle peau puisse repousser rapidement, c&#039;est pourquoi nous avons besoin que notre produit contienne les principes actifs n\u00e9cessaires pour r\u00e9parer la peau de mani\u00e8re ad\u00e9quate et efficace.<\/p>\n<p>L&#039;Apr\u00e8s Soleil Hydrocalmant que vous retrouverez dans la nouvelle gamme solaire Agrado Cosmetic contient ces agents, en plus de l&#039;Extrait de Gingembre. De plus, son format spray le rend confortable et tr\u00e8s pratique pour l&#039;appliquer \u00e0 tout moment. Parce que parfois la paresse est le pire ennemi des soins du corps, non ?<\/p>\n<p><img fetchpriority=\"high\" decoding=\"async\" class=\"alignnone size-large wp-image-2266\" src=\"https:\/\/www.agradocosmetic.com\/wp-content\/uploads\/2018\/06\/foto-producto-1024x731.jpg\" alt=\"producto- after sun efecto hidrocalmante\" width=\"848\" height=\"605\" \/><\/p>\n<h2><strong>Quels sont les avantages que cela apporte ?<\/strong><\/h2>\n<p>Si vous vous habituez \u00e0 utiliser l&#039;apr\u00e8s-soleil, vous remarquerez que votre peau sera bien hydrat\u00e9e et b\u00e9n\u00e9ficiera d&#039;un bien-\u00eatre et d&#039;un confort suppl\u00e9mentaires. Une autre chose que vous remarquerez avec un bon apr\u00e8s-soleil est la sensation d&#039;une baisse de temp\u00e9rature de votre peau, lui laissant un effet de fra\u00eecheur imm\u00e9diat.<\/p>\n<h2><strong>Quand dois-je appliquer apr\u00e8s le soleil ? <\/strong><\/h2>\n<p>Comme son nom l\u2019indique, l\u2019apr\u00e8s soleil doit \u00eatre appliqu\u00e9 apr\u00e8s avoir \u00e9t\u00e9 expos\u00e9 au soleil. Id\u00e9alement, vous devriez appliquer une couche g\u00e9n\u00e9reuse sur tout votre corps apr\u00e8s la douche, comme vous le feriez avec d\u2019autres types de lotions.<\/p>\n<p>Un apr\u00e8s soleil peut \u00eatre r\u00e9appliqu\u00e9 autant de fois que vous le jugez n\u00e9cessaire, ce sera un plus pour hydrater et r\u00e9parer votre peau ! Bien entendu, gardez \u00e0 l\u2019esprit que si l\u2019irritation ou la br\u00fblure est prononc\u00e9e et ne dispara\u00eet pas, il est conseill\u00e9 de consulter un dermatologue pour \u00e9valuer les d\u00e9g\u00e2ts.<\/p>\n<p><img decoding=\"async\" class=\"alignnone size-large wp-image-2063\" src=\"https:\/\/www.agradocosmetic.com\/wp-content\/uploads\/2018\/04\/ni\u00f1os-jugando-en-la-playa-1024x731.jpg\" alt=\"ni\u00f1os-playa-proteccion-solar\" width=\"848\" height=\"605\" \/><\/p>\n<h2><strong>Puis-je l&#039;utiliser apr\u00e8s la saison estivale ?<\/strong><\/h2>\n<p>Bien s\u00fbr! Nous pouvons continuer \u00e0 l&#039;utiliser apr\u00e8s le soleil m\u00eame si la saison estivale est pass\u00e9e, lorsque nous allons \u00e0 la plage ou \u00e0 la piscine et prenons le soleil.<\/p>\n<p>Il contient des agents hydratants, r\u00e9g\u00e9n\u00e9rants et apaisants, il est donc bon pour la peau \u00e0 tout moment de l&#039;ann\u00e9e.<\/p>\n<p>&nbsp;<\/p>\n<p>Et rappelez-vous que vous devez TOUJOURS utiliser un facteur protecteur appropri\u00e9 afin de ne pas trop punir votre peau si vous comptez passer la journ\u00e9e au soleil. Essayez de le faire souffrir le moins possible et aidez-le \u00e0 s&#039;hydrater apr\u00e8s exposition avec un apr\u00e8s soleil.<\/p>\n<p>Jusqu&#039;au post d&#039;aujourd&#039;hui ! Nous esp\u00e9rons que vous savez un peu mieux ce qu\u2019est un apr\u00e8s-soleil, ainsi que ses propri\u00e9t\u00e9s et ses bienfaits. #Prot\u00e9gez et r\u00e9parez votre peau cet \u00e9t\u00e9. Qu&#039;avez-vous pens\u00e9 de ce post ? Laissez vos commentaires ici sur le blog.<\/p>","protected":false},"excerpt":{"rendered":"<p>El after sun es m\u00e1s importante de lo que pensamos y se deber\u00eda utilizar siempre que nos exponemos al sol, y no solo los d\u00edas en los que notamos irritaci\u00f3n despu\u00e9s de un largo d\u00eda en la playa. No s\u00f3lo el sol puede tener un efecto no deseado, el agua y el viento mismo pueden [&hellip;]<\/p>\n","protected":false},"author":9,"featured_media":21426,"comment_status":"open","ping_status":"closed","sticky":false,"template":"","format":"standard","meta":{"footnotes":"","_wp_rev_ctl_limit":""},"categories":[116,1],"tags":[270,271,126,137,150,151,205,272,273,225,145],"class_list":["post-2246","post","type-post","status-publish","format-standard","has-post-thumbnail","hentry","category-solar","category-todos","tag-aerosol","tag-aftersun","tag-agrado","tag-agradocosmetic","tag-cosmetica","tag-crema","tag-hidratacion","tag-hidrocalmante","tag-locion","tag-proteccion","tag-spray"],"yoast_head":"<!-- This site is optimized with the Yoast SEO plugin v27.4 - https:\/\/yoast.com\/product\/yoast-seo-wordpress\/ -->\n<title>Conoce las razones por las que debes usar After Sun en verano. - Agrado<\/title>\n<meta name=\"robots\" content=\"index, follow, max-snippet:-1, max-image-preview:large, max-video-preview:-1\" \/>\n<link rel=\"canonical\" href=\"https:\/\/agradocosmetic.com\/fr\/conoce-las-razones-por-las-que-debes-usar-after-sun-en-verano\/\" \/>\n<meta property=\"og:locale\" content=\"fr_FR\" \/>\n<meta property=\"og:type\" content=\"article\" \/>\n<meta property=\"og:title\" content=\"Conoce las razones por las que debes usar After Sun en verano. - Agrado\" \/>\n<meta property=\"og:description\" content=\"El after sun es m\u00e1s importante de lo que pensamos y se deber\u00eda utilizar siempre que nos exponemos al sol, y no solo los d\u00edas en los que notamos irritaci\u00f3n despu\u00e9s de un largo d\u00eda en la playa. No s\u00f3lo el sol puede tener un efecto no deseado, el agua y el viento mismo pueden [&hellip;]\" \/>\n<meta property=\"og:url\" content=\"https:\/\/agradocosmetic.com\/fr\/conoce-las-razones-por-las-que-debes-usar-after-sun-en-verano\/\" \/>\n<meta property=\"og:site_name\" content=\"Agrado\" \/>\n<meta property=\"article:published_time\" content=\"2018-06-26T10:21:03+00:00\" \/>\n<meta property=\"article:modified_time\" content=\"2023-11-18T16:58:56+00:00\" \/>\n<meta property=\"og:image\" content=\"https:\/\/agradocosmetic.com\/wp-content\/uploads\/2018\/06\/after-sun-agrado.jpg\" \/>\n\t<meta property=\"og:image:width\" content=\"1200\" \/>\n\t<meta property=\"og:image:height\" content=\"800\" \/>\n\t<meta property=\"og:image:type\" content=\"image\/jpeg\" \/>\n<meta name=\"author\" content=\"agradocosmetic\" \/>\n<meta name=\"twitter:card\" content=\"summary_large_image\" \/>\n<meta name=\"twitter:label1\" content=\"\u00c9crit par\" \/>\n\t<meta name=\"twitter:data1\" content=\"agradocosmetic\" \/>\n\t<meta name=\"twitter:label2\" content=\"Dur\u00e9e de lecture estim\u00e9e\" \/>\n\t<meta name=\"twitter:data2\" content=\"3 minutes\" \/>\n<script type=\"application\/ld+json\" class=\"yoast-schema-graph\">{\"@context\":\"https:\\\/\\\/schema.org\",\"@graph\":[{\"@type\":\"Article\",\"@id\":\"https:\\\/\\\/agradocosmetic.com\\\/conoce-las-razones-por-las-que-debes-usar-after-sun-en-verano\\\/#article\",\"isPartOf\":{\"@id\":\"https:\\\/\\\/agradocosmetic.com\\\/conoce-las-razones-por-las-que-debes-usar-after-sun-en-verano\\\/\"},\"author\":{\"name\":\"agradocosmetic\",\"@id\":\"https:\\\/\\\/agradocosmetic.com\\\/#\\\/schema\\\/person\\\/732e8d396022e25f9340196f83d6789d\"},\"headline\":\"Conoce las razones por las que debes usar After Sun en verano.\",\"datePublished\":\"2018-06-26T10:21:03+00:00\",\"dateModified\":\"2023-11-18T16:58:56+00:00\",\"mainEntityOfPage\":{\"@id\":\"https:\\\/\\\/agradocosmetic.com\\\/conoce-las-razones-por-las-que-debes-usar-after-sun-en-verano\\\/\"},\"wordCount\":594,\"commentCount\":0,\"publisher\":{\"@id\":\"https:\\\/\\\/agradocosmetic.com\\\/#organization\"},\"image\":{\"@id\":\"https:\\\/\\\/agradocosmetic.com\\\/conoce-las-razones-por-las-que-debes-usar-after-sun-en-verano\\\/#primaryimage\"},\"thumbnailUrl\":\"https:\\\/\\\/agradocosmetic.com\\\/wp-content\\\/uploads\\\/2018\\\/06\\\/after-sun-agrado.jpg\",\"keywords\":[\"aerosol\",\"aftersun\",\"agrado\",\"agradocosmetic\",\"cosmetica\",\"crema\",\"hidrataci\u00f3n\",\"hidrocalmante\",\"locion\",\"proteccion\",\"spray\"],\"articleSection\":[\"Solar\",\"Todos\"],\"inLanguage\":\"fr-FR\",\"potentialAction\":[{\"@type\":\"CommentAction\",\"name\":\"Comment\",\"target\":[\"https:\\\/\\\/agradocosmetic.com\\\/conoce-las-razones-por-las-que-debes-usar-after-sun-en-verano\\\/#respond\"]}]},{\"@type\":\"WebPage\",\"@id\":\"https:\\\/\\\/agradocosmetic.com\\\/conoce-las-razones-por-las-que-debes-usar-after-sun-en-verano\\\/\",\"url\":\"https:\\\/\\\/agradocosmetic.com\\\/conoce-las-razones-por-las-que-debes-usar-after-sun-en-verano\\\/\",\"name\":\"Conoce las razones por las que debes usar After Sun en verano. - Agrado\",\"isPartOf\":{\"@id\":\"https:\\\/\\\/agradocosmetic.com\\\/#website\"},\"primaryImageOfPage\":{\"@id\":\"https:\\\/\\\/agradocosmetic.com\\\/conoce-las-razones-por-las-que-debes-usar-after-sun-en-verano\\\/#primaryimage\"},\"image\":{\"@id\":\"https:\\\/\\\/agradocosmetic.com\\\/conoce-las-razones-por-las-que-debes-usar-after-sun-en-verano\\\/#primaryimage\"},\"thumbnailUrl\":\"https:\\\/\\\/agradocosmetic.com\\\/wp-content\\\/uploads\\\/2018\\\/06\\\/after-sun-agrado.jpg\",\"datePublished\":\"2018-06-26T10:21:03+00:00\",\"dateModified\":\"2023-11-18T16:58:56+00:00\",\"breadcrumb\":{\"@id\":\"https:\\\/\\\/agradocosmetic.com\\\/conoce-las-razones-por-las-que-debes-usar-after-sun-en-verano\\\/#breadcrumb\"},\"inLanguage\":\"fr-FR\",\"potentialAction\":[{\"@type\":\"ReadAction\",\"target\":[\"https:\\\/\\\/agradocosmetic.com\\\/conoce-las-razones-por-las-que-debes-usar-after-sun-en-verano\\\/\"]}]},{\"@type\":\"ImageObject\",\"inLanguage\":\"fr-FR\",\"@id\":\"https:\\\/\\\/agradocosmetic.com\\\/conoce-las-razones-por-las-que-debes-usar-after-sun-en-verano\\\/#primaryimage\",\"url\":\"https:\\\/\\\/agradocosmetic.com\\\/wp-content\\\/uploads\\\/2018\\\/06\\\/after-sun-agrado.jpg\",\"contentUrl\":\"https:\\\/\\\/agradocosmetic.com\\\/wp-content\\\/uploads\\\/2018\\\/06\\\/after-sun-agrado.jpg\",\"width\":1200,\"height\":800},{\"@type\":\"BreadcrumbList\",\"@id\":\"https:\\\/\\\/agradocosmetic.com\\\/conoce-las-razones-por-las-que-debes-usar-after-sun-en-verano\\\/#breadcrumb\",\"itemListElement\":[{\"@type\":\"ListItem\",\"position\":1,\"name\":\"Portada\",\"item\":\"https:\\\/\\\/agradocosmetic.com\\\/\"},{\"@type\":\"ListItem\",\"position\":2,\"name\":\"Conoce las razones por las que debes usar After Sun en verano.\"}]},{\"@type\":\"WebSite\",\"@id\":\"https:\\\/\\\/agradocosmetic.com\\\/#website\",\"url\":\"https:\\\/\\\/agradocosmetic.com\\\/\",\"name\":\"Agrado\",\"description\":\"Cosmetic\",\"publisher\":{\"@id\":\"https:\\\/\\\/agradocosmetic.com\\\/#organization\"},\"potentialAction\":[{\"@type\":\"SearchAction\",\"target\":{\"@type\":\"EntryPoint\",\"urlTemplate\":\"https:\\\/\\\/agradocosmetic.com\\\/?s={search_term_string}\"},\"query-input\":{\"@type\":\"PropertyValueSpecification\",\"valueRequired\":true,\"valueName\":\"search_term_string\"}}],\"inLanguage\":\"fr-FR\"},{\"@type\":\"Organization\",\"@id\":\"https:\\\/\\\/agradocosmetic.com\\\/#organization\",\"name\":\"Agrado\",\"url\":\"https:\\\/\\\/agradocosmetic.com\\\/\",\"logo\":{\"@type\":\"ImageObject\",\"inLanguage\":\"fr-FR\",\"@id\":\"https:\\\/\\\/agradocosmetic.com\\\/#\\\/schema\\\/logo\\\/image\\\/\",\"url\":\"https:\\\/\\\/agradocosmetic.com\\\/wp-content\\\/uploads\\\/2023\\\/07\\\/LOGO-AGRADO-WEB-01.png\",\"contentUrl\":\"https:\\\/\\\/agradocosmetic.com\\\/wp-content\\\/uploads\\\/2023\\\/07\\\/LOGO-AGRADO-WEB-01.png\",\"width\":1632,\"height\":300,\"caption\":\"Agrado\"},\"image\":{\"@id\":\"https:\\\/\\\/agradocosmetic.com\\\/#\\\/schema\\\/logo\\\/image\\\/\"}},{\"@type\":\"Person\",\"@id\":\"https:\\\/\\\/agradocosmetic.com\\\/#\\\/schema\\\/person\\\/732e8d396022e25f9340196f83d6789d\",\"name\":\"agradocosmetic\",\"image\":{\"@type\":\"ImageObject\",\"inLanguage\":\"fr-FR\",\"@id\":\"https:\\\/\\\/secure.gravatar.com\\\/avatar\\\/c6003e45301182b7e125463fcbec403b1980909c12edf09098526b9a15e779c0?s=96&d=mm&r=g\",\"url\":\"https:\\\/\\\/secure.gravatar.com\\\/avatar\\\/c6003e45301182b7e125463fcbec403b1980909c12edf09098526b9a15e779c0?s=96&d=mm&r=g\",\"contentUrl\":\"https:\\\/\\\/secure.gravatar.com\\\/avatar\\\/c6003e45301182b7e125463fcbec403b1980909c12edf09098526b9a15e779c0?s=96&d=mm&r=g\",\"caption\":\"agradocosmetic\"}}]}<\/script>\n<!-- \/ Yoast SEO plugin. -->","yoast_head_json":{"title":"D\u00e9couvrez pourquoi vous devriez utiliser une lotion apr\u00e8s-soleil en \u00e9t\u00e9. - Agrado","robots":{"index":"index","follow":"follow","max-snippet":"max-snippet:-1","max-image-preview":"max-image-preview:large","max-video-preview":"max-video-preview:-1"},"canonical":"https:\/\/agradocosmetic.com\/fr\/conoce-las-razones-por-las-que-debes-usar-after-sun-en-verano\/","og_locale":"fr_FR","og_type":"article","og_title":"Conoce las razones por las que debes usar After Sun en verano. - Agrado","og_description":"El after sun es m\u00e1s importante de lo que pensamos y se deber\u00eda utilizar siempre que nos exponemos al sol, y no solo los d\u00edas en los que notamos irritaci\u00f3n despu\u00e9s de un largo d\u00eda en la playa. No s\u00f3lo el sol puede tener un efecto no deseado, el agua y el viento mismo pueden [&hellip;]","og_url":"https:\/\/agradocosmetic.com\/fr\/conoce-las-razones-por-las-que-debes-usar-after-sun-en-verano\/","og_site_name":"Agrado","article_published_time":"2018-06-26T10:21:03+00:00","article_modified_time":"2023-11-18T16:58:56+00:00","og_image":[{"width":1200,"height":800,"url":"https:\/\/agradocosmetic.com\/wp-content\/uploads\/2018\/06\/after-sun-agrado.jpg","type":"image\/jpeg"}],"author":"agradocosmetic","twitter_card":"summary_large_image","twitter_misc":{"\u00c9crit par":"agradocosmetic","Dur\u00e9e de lecture estim\u00e9e":"3 minutes"},"schema":{"@context":"https:\/\/schema.org","@graph":[{"@type":"Article","@id":"https:\/\/agradocosmetic.com\/conoce-las-razones-por-las-que-debes-usar-after-sun-en-verano\/#article","isPartOf":{"@id":"https:\/\/agradocosmetic.com\/conoce-las-razones-por-las-que-debes-usar-after-sun-en-verano\/"},"author":{"name":"agradocosmetic","@id":"https:\/\/agradocosmetic.com\/#\/schema\/person\/732e8d396022e25f9340196f83d6789d"},"headline":"Conoce las razones por las que debes usar After Sun en verano.","datePublished":"2018-06-26T10:21:03+00:00","dateModified":"2023-11-18T16:58:56+00:00","mainEntityOfPage":{"@id":"https:\/\/agradocosmetic.com\/conoce-las-razones-por-las-que-debes-usar-after-sun-en-verano\/"},"wordCount":594,"commentCount":0,"publisher":{"@id":"https:\/\/agradocosmetic.com\/#organization"},"image":{"@id":"https:\/\/agradocosmetic.com\/conoce-las-razones-por-las-que-debes-usar-after-sun-en-verano\/#primaryimage"},"thumbnailUrl":"https:\/\/agradocosmetic.com\/wp-content\/uploads\/2018\/06\/after-sun-agrado.jpg","keywords":["aerosol","aftersun","agrado","agradocosmetic","cosmetica","crema","hidrataci\u00f3n","hidrocalmante","locion","proteccion","spray"],"articleSection":["Solar","Todos"],"inLanguage":"fr-FR","potentialAction":[{"@type":"CommentAction","name":"Comment","target":["https:\/\/agradocosmetic.com\/conoce-las-razones-por-las-que-debes-usar-after-sun-en-verano\/#respond"]}]},{"@type":"WebPage","@id":"https:\/\/agradocosmetic.com\/conoce-las-razones-por-las-que-debes-usar-after-sun-en-verano\/","url":"https:\/\/agradocosmetic.com\/conoce-las-razones-por-las-que-debes-usar-after-sun-en-verano\/","name":"D\u00e9couvrez pourquoi vous devriez utiliser une lotion apr\u00e8s-soleil en \u00e9t\u00e9. - Agrado","isPartOf":{"@id":"https:\/\/agradocosmetic.com\/#website"},"primaryImageOfPage":{"@id":"https:\/\/agradocosmetic.com\/conoce-las-razones-por-las-que-debes-usar-after-sun-en-verano\/#primaryimage"},"image":{"@id":"https:\/\/agradocosmetic.com\/conoce-las-razones-por-las-que-debes-usar-after-sun-en-verano\/#primaryimage"},"thumbnailUrl":"https:\/\/agradocosmetic.com\/wp-content\/uploads\/2018\/06\/after-sun-agrado.jpg","datePublished":"2018-06-26T10:21:03+00:00","dateModified":"2023-11-18T16:58:56+00:00","breadcrumb":{"@id":"https:\/\/agradocosmetic.com\/conoce-las-razones-por-las-que-debes-usar-after-sun-en-verano\/#breadcrumb"},"inLanguage":"fr-FR","potentialAction":[{"@type":"ReadAction","target":["https:\/\/agradocosmetic.com\/conoce-las-razones-por-las-que-debes-usar-after-sun-en-verano\/"]}]},{"@type":"ImageObject","inLanguage":"fr-FR","@id":"https:\/\/agradocosmetic.com\/conoce-las-razones-por-las-que-debes-usar-after-sun-en-verano\/#primaryimage","url":"https:\/\/agradocosmetic.com\/wp-content\/uploads\/2018\/06\/after-sun-agrado.jpg","contentUrl":"https:\/\/agradocosmetic.com\/wp-content\/uploads\/2018\/06\/after-sun-agrado.jpg","width":1200,"height":800},{"@type":"BreadcrumbList","@id":"https:\/\/agradocosmetic.com\/conoce-las-razones-por-las-que-debes-usar-after-sun-en-verano\/#breadcrumb","itemListElement":[{"@type":"ListItem","position":1,"name":"Portada","item":"https:\/\/agradocosmetic.com\/"},{"@type":"ListItem","position":2,"name":"Conoce las razones por las que debes usar After Sun en verano."}]},{"@type":"WebSite","@id":"https:\/\/agradocosmetic.com\/#website","url":"https:\/\/agradocosmetic.com\/","name":"Aimer","description":"cosm\u00e9tique","publisher":{"@id":"https:\/\/agradocosmetic.com\/#organization"},"potentialAction":[{"@type":"SearchAction","target":{"@type":"EntryPoint","urlTemplate":"https:\/\/agradocosmetic.com\/?s={search_term_string}"},"query-input":{"@type":"PropertyValueSpecification","valueRequired":true,"valueName":"search_term_string"}}],"inLanguage":"fr-FR"},{"@type":"Organization","@id":"https:\/\/agradocosmetic.com\/#organization","name":"Aimer","url":"https:\/\/agradocosmetic.com\/","logo":{"@type":"ImageObject","inLanguage":"fr-FR","@id":"https:\/\/agradocosmetic.com\/#\/schema\/logo\/image\/","url":"https:\/\/agradocosmetic.com\/wp-content\/uploads\/2023\/07\/LOGO-AGRADO-WEB-01.png","contentUrl":"https:\/\/agradocosmetic.com\/wp-content\/uploads\/2023\/07\/LOGO-AGRADO-WEB-01.png","width":1632,"height":300,"caption":"Agrado"},"image":{"@id":"https:\/\/agradocosmetic.com\/#\/schema\/logo\/image\/"}},{"@type":"Person","@id":"https:\/\/agradocosmetic.com\/#\/schema\/person\/732e8d396022e25f9340196f83d6789d","name":"agradocosm\u00e9tique","image":{"@type":"ImageObject","inLanguage":"fr-FR","@id":"https:\/\/secure.gravatar.com\/avatar\/c6003e45301182b7e125463fcbec403b1980909c12edf09098526b9a15e779c0?s=96&d=mm&r=g","url":"https:\/\/secure.gravatar.com\/avatar\/c6003e45301182b7e125463fcbec403b1980909c12edf09098526b9a15e779c0?s=96&d=mm&r=g","contentUrl":"https:\/\/secure.gravatar.com\/avatar\/c6003e45301182b7e125463fcbec403b1980909c12edf09098526b9a15e779c0?s=96&d=mm&r=g","caption":"agradocosmetic"}}]}},"_links":{"self":[{"href":"https:\/\/agradocosmetic.com\/fr\/wp-json\/wp\/v2\/posts\/2246","targetHints":{"allow":["GET"]}}],"collection":[{"href":"https:\/\/agradocosmetic.com\/fr\/wp-json\/wp\/v2\/posts"}],"about":[{"href":"https:\/\/agradocosmetic.com\/fr\/wp-json\/wp\/v2\/types\/post"}],"author":[{"embeddable":true,"href":"https:\/\/agradocosmetic.com\/fr\/wp-json\/wp\/v2\/users\/9"}],"replies":[{"embeddable":true,"href":"https:\/\/agradocosmetic.com\/fr\/wp-json\/wp\/v2\/comments?post=2246"}],"version-history":[{"count":1,"href":"https:\/\/agradocosmetic.com\/fr\/wp-json\/wp\/v2\/posts\/2246\/revisions"}],"predecessor-version":[{"id":21427,"href":"https:\/\/agradocosmetic.com\/fr\/wp-json\/wp\/v2\/posts\/2246\/revisions\/21427"}],"wp:featuredmedia":[{"embeddable":true,"href":"https:\/\/agradocosmetic.com\/fr\/wp-json\/wp\/v2\/media\/21426"}],"wp:attachment":[{"href":"https:\/\/agradocosmetic.com\/fr\/wp-json\/wp\/v2\/media?parent=2246"}],"wp:term":[{"taxonomy":"category","embeddable":true,"href":"https:\/\/agradocosmetic.com\/fr\/wp-json\/wp\/v2\/categories?post=2246"},{"taxonomy":"post_tag","embeddable":true,"href":"https:\/\/agradocosmetic.com\/fr\/wp-json\/wp\/v2\/tags?post=2246"}],"curies":[{"name":"wp","href":"https:\/\/api.w.org\/{rel}","templated":true}]}}