{"id":24975,"date":"2024-02-11T11:41:09","date_gmt":"2024-02-11T11:41:09","guid":{"rendered":"https:\/\/agradocosmetic.com\/?p=24975"},"modified":"2024-02-15T11:41:45","modified_gmt":"2024-02-15T11:41:45","slug":"el-secreto-de-un-pelo-fantasia-duradero-la-linea-colorterapia","status":"publish","type":"post","link":"https:\/\/agradocosmetic.com\/fr\/el-secreto-de-un-pelo-fantasia-duradero-la-linea-colorterapia\/","title":{"rendered":"Le secret d&#039;une chevelure fantaisie longue tenue : la Ligne Colorth\u00e9rapie"},"content":{"rendered":"<p><span style=\"font-weight: 400\">Pour les amateurs de couleurs vives et audacieuses dans leurs cheveux, nous savons que conserver ce ton de r\u00eave peut devenir tout un d\u00e9fi. Mais n\u2019ayez crainte, car aujourd\u2019hui nous partageons avec vous le secret d\u2019une chevelure fantaisie longue tenue : <\/span><a href=\"https:\/\/agradocosmetic.com\/fr\/categoria-de-producto\/cabbellos-tenido\/\"><b>Ligne de chromoth\u00e9rapie professionnelle Agrado<\/b><\/a><span style=\"font-weight: 400\">.<\/span><\/p>\n<p><span style=\"font-weight: 400\">Lorsque nous d\u00e9cidons d\u2019ajouter une touche de couleur \u00e0 nos cheveux, nous cherchons un moyen d\u2019exprimer notre personnalit\u00e9 et notre cr\u00e9ativit\u00e9. Cependant, ces nuances vibrantes et uniques s\u2019estompent souvent rapidement si elles ne sont pas correctement entretenues. C&#039;est l\u00e0 qu&#039;entre en jeu la ligne professionnelle de chromoth\u00e9rapie d&#039;Agrado, un trio de produits compos\u00e9 d&#039;un shampooing, d&#039;un apr\u00e8s-shampooing et d&#039;un masque con\u00e7us sp\u00e9cifiquement pour les cheveux teints avec des couleurs fantaisie.<\/span><\/p>\n<h2><span style=\"font-weight: 400\">Caract\u00e9ristiques de la Ligne Professionnelle de Colorth\u00e9rapie.<\/span><\/h2>\n<p><b>Filtre UV.<\/b><\/p>\n<p><span style=\"font-weight: 400\">Prot\u00e9gez vos cheveux des dommages et de la d\u00e9coloration caus\u00e9s par les rayons du soleil, en gardant une couleur \u00e9clatante plus longtemps.<\/span><\/p>\n<p><b>Provitamine B5.<\/b><\/p>\n<p><span style=\"font-weight: 400\">Soigne et adoucit vos cheveux, leur apportant hydratation et brillance sans ternir la couleur.<\/span><\/p>\n<h3><span style=\"font-weight: 400\">Conseils pour des cheveux fantaisie longue dur\u00e9e.<\/span><\/h3>\n<ol>\n<li><span style=\"font-weight: 400\"> \u00c9vitez les lavages fr\u00e9quents : L\u2019eau peut \u00eatre le plus grand ennemi de votre couleur. Essayez d\u2019espacer vos lavages et utilisez de l\u2019eau froide lorsque vous le faites.<\/span><\/li>\n<li><span style=\"font-weight: 400\"> Protection thermique : avant d&#039;utiliser des outils thermiques, appliquez toujours un protecteur thermique pour \u00e9viter les dommages et la d\u00e9coloration.<\/span><\/li>\n<li><span style=\"font-weight: 400\"> Nutrition profonde : Une fois par semaine, prenez le temps de nourrir vos cheveux avec un masque hydratant. L\u2019hydratation est essentielle pour garder une couleur \u00e9clatante.<\/span><\/li>\n<\/ol>\n<p><span style=\"font-weight: 400\">Avec ces conseils et l&#039;aide du <\/span><a href=\"https:\/\/agradocosmetic.com\/fr\/categoria-de-producto\/cabbellos-tenido\/\"><b>Ligne de chromoth\u00e9rapie professionnelle Agrado<\/b><\/a><span style=\"font-weight: 400\">, dire adieu aux couleurs ternes et sans vie appartiendra au pass\u00e9. Prenez soin de vos cheveux avec amour et profitez de cheveux fantaisie durables et \u00e9blouissants. Osez briller avec la couleur de vos r\u00eaves !<\/span><\/p>","protected":false},"excerpt":{"rendered":"<p>Para lxs amantes de los colores vibrantes y atrevidos en su melena, sabemos que mantener ese tono de ensue\u00f1o puede convertirse en todo un desaf\u00edo. Pero no tem\u00e1is, porque hoy compartimos con vosotrxs el secreto para un pelo fantas\u00eda duradero: la L\u00ednea Profesional Colorterapia de Agrado. Cuando decidimos a\u00f1adir un pop de color a nuestro [&hellip;]<\/p>\n","protected":false},"author":11,"featured_media":24976,"comment_status":"open","ping_status":"closed","sticky":false,"template":"","format":"standard","meta":{"footnotes":"","_wp_rev_ctl_limit":""},"categories":[509],"tags":[126,274,693,698,699,307,691,387,695,696,281,700,697,694,690],"class_list":["post-24975","post","type-post","status-publish","format-standard","has-post-thumbnail","hentry","category-capilar-en","tag-agrado","tag-agrado-cosmetic","tag-cabello-fantasia","tag-cabello-fantasia-duradero","tag-como-hacer-que-el-tinte-dure-mas","tag-consejos","tag-cuida-tu-pelo","tag-cuidado-capilar","tag-cuidado-de-mechas","tag-cuidado-de-tinte","tag-linea-colorterapia","tag-pelo-cuidado","tag-pelo-fantasia","tag-pelo-tenido","tag-rutina-de-cuidado-capilar"],"yoast_head":"<!-- This site is optimized with the Yoast SEO plugin v27.4 - https:\/\/yoast.com\/product\/yoast-seo-wordpress\/ -->\n<title>El secreto de un pelo fantas\u00eda duradero: la L\u00ednea Colorterapia - Agrado<\/title>\n<meta name=\"description\" content=\"Sabemos que mantener tonos vibrantes en tu cabello puede ser todo un desaf\u00edo. Pero tenemos el secreto para un pelo fantas\u00eda duradero.\" \/>\n<meta name=\"robots\" content=\"index, follow, max-snippet:-1, max-image-preview:large, max-video-preview:-1\" \/>\n<link rel=\"canonical\" href=\"https:\/\/agradocosmetic.com\/fr\/el-secreto-de-un-pelo-fantasia-duradero-la-linea-colorterapia\/\" \/>\n<meta property=\"og:locale\" content=\"fr_FR\" \/>\n<meta property=\"og:type\" content=\"article\" \/>\n<meta property=\"og:title\" content=\"El secreto de un pelo fantas\u00eda duradero: la L\u00ednea Colorterapia - Agrado\" \/>\n<meta property=\"og:description\" content=\"Sabemos que mantener tonos vibrantes en tu cabello puede ser todo un desaf\u00edo. Pero tenemos el secreto para un pelo fantas\u00eda duradero.\" \/>\n<meta property=\"og:url\" content=\"https:\/\/agradocosmetic.com\/fr\/el-secreto-de-un-pelo-fantasia-duradero-la-linea-colorterapia\/\" \/>\n<meta property=\"og:site_name\" content=\"Agrado\" \/>\n<meta property=\"article:published_time\" content=\"2024-02-11T11:41:09+00:00\" \/>\n<meta property=\"article:modified_time\" content=\"2024-02-15T11:41:45+00:00\" \/>\n<meta property=\"og:image\" content=\"https:\/\/agradocosmetic.com\/wp-content\/uploads\/2024\/02\/8.02-blog-colorterapia.png\" \/>\n\t<meta property=\"og:image:width\" content=\"1140\" \/>\n\t<meta property=\"og:image:height\" content=\"600\" \/>\n\t<meta property=\"og:image:type\" content=\"image\/png\" \/>\n<meta name=\"author\" content=\"carmen\" \/>\n<meta name=\"twitter:card\" content=\"summary_large_image\" \/>\n<meta name=\"twitter:label1\" content=\"\u00c9crit par\" \/>\n\t<meta name=\"twitter:data1\" content=\"carmen\" \/>\n\t<meta name=\"twitter:label2\" content=\"Dur\u00e9e de lecture estim\u00e9e\" \/>\n\t<meta name=\"twitter:data2\" content=\"2 minutes\" \/>\n<script type=\"application\/ld+json\" class=\"yoast-schema-graph\">{\"@context\":\"https:\\\/\\\/schema.org\",\"@graph\":[{\"@type\":\"Article\",\"@id\":\"https:\\\/\\\/agradocosmetic.com\\\/el-secreto-de-un-pelo-fantasia-duradero-la-linea-colorterapia\\\/#article\",\"isPartOf\":{\"@id\":\"https:\\\/\\\/agradocosmetic.com\\\/el-secreto-de-un-pelo-fantasia-duradero-la-linea-colorterapia\\\/\"},\"author\":{\"name\":\"carmen\",\"@id\":\"https:\\\/\\\/agradocosmetic.com\\\/#\\\/schema\\\/person\\\/59124921013b50f80959d84fc7219096\"},\"headline\":\"El secreto de un pelo fantas\u00eda duradero: la L\u00ednea Colorterapia\",\"datePublished\":\"2024-02-11T11:41:09+00:00\",\"dateModified\":\"2024-02-15T11:41:45+00:00\",\"mainEntityOfPage\":{\"@id\":\"https:\\\/\\\/agradocosmetic.com\\\/el-secreto-de-un-pelo-fantasia-duradero-la-linea-colorterapia\\\/\"},\"wordCount\":327,\"commentCount\":0,\"publisher\":{\"@id\":\"https:\\\/\\\/agradocosmetic.com\\\/#organization\"},\"image\":{\"@id\":\"https:\\\/\\\/agradocosmetic.com\\\/el-secreto-de-un-pelo-fantasia-duradero-la-linea-colorterapia\\\/#primaryimage\"},\"thumbnailUrl\":\"https:\\\/\\\/agradocosmetic.com\\\/wp-content\\\/uploads\\\/2024\\\/02\\\/8.02-blog-colorterapia.png\",\"keywords\":[\"agrado\",\"agrado cosmetic\",\"cabello fantas\u00eda\",\"cabello fantas\u00eda duradero\",\"c\u00f3mo hacer que el tinte dure m\u00e1s\",\"consejos\",\"cuida tu pelo\",\"cuidado capilar\",\"cuidado de mechas\",\"cuidado de tinte\",\"linea colorterapia\",\"pelo cuidado\",\"pelo fantas\u00eda\",\"pelo te\u00f1ido\",\"rutina de cuidado capilar\"],\"articleSection\":[\"Capilar\"],\"inLanguage\":\"fr-FR\",\"potentialAction\":[{\"@type\":\"CommentAction\",\"name\":\"Comment\",\"target\":[\"https:\\\/\\\/agradocosmetic.com\\\/el-secreto-de-un-pelo-fantasia-duradero-la-linea-colorterapia\\\/#respond\"]}]},{\"@type\":\"WebPage\",\"@id\":\"https:\\\/\\\/agradocosmetic.com\\\/el-secreto-de-un-pelo-fantasia-duradero-la-linea-colorterapia\\\/\",\"url\":\"https:\\\/\\\/agradocosmetic.com\\\/el-secreto-de-un-pelo-fantasia-duradero-la-linea-colorterapia\\\/\",\"name\":\"El secreto de un pelo fantas\u00eda duradero: la L\u00ednea Colorterapia - Agrado\",\"isPartOf\":{\"@id\":\"https:\\\/\\\/agradocosmetic.com\\\/#website\"},\"primaryImageOfPage\":{\"@id\":\"https:\\\/\\\/agradocosmetic.com\\\/el-secreto-de-un-pelo-fantasia-duradero-la-linea-colorterapia\\\/#primaryimage\"},\"image\":{\"@id\":\"https:\\\/\\\/agradocosmetic.com\\\/el-secreto-de-un-pelo-fantasia-duradero-la-linea-colorterapia\\\/#primaryimage\"},\"thumbnailUrl\":\"https:\\\/\\\/agradocosmetic.com\\\/wp-content\\\/uploads\\\/2024\\\/02\\\/8.02-blog-colorterapia.png\",\"datePublished\":\"2024-02-11T11:41:09+00:00\",\"dateModified\":\"2024-02-15T11:41:45+00:00\",\"description\":\"Sabemos que mantener tonos vibrantes en tu cabello puede ser todo un desaf\u00edo. Pero tenemos el secreto para un pelo fantas\u00eda duradero.\",\"breadcrumb\":{\"@id\":\"https:\\\/\\\/agradocosmetic.com\\\/el-secreto-de-un-pelo-fantasia-duradero-la-linea-colorterapia\\\/#breadcrumb\"},\"inLanguage\":\"fr-FR\",\"potentialAction\":[{\"@type\":\"ReadAction\",\"target\":[\"https:\\\/\\\/agradocosmetic.com\\\/el-secreto-de-un-pelo-fantasia-duradero-la-linea-colorterapia\\\/\"]}]},{\"@type\":\"ImageObject\",\"inLanguage\":\"fr-FR\",\"@id\":\"https:\\\/\\\/agradocosmetic.com\\\/el-secreto-de-un-pelo-fantasia-duradero-la-linea-colorterapia\\\/#primaryimage\",\"url\":\"https:\\\/\\\/agradocosmetic.com\\\/wp-content\\\/uploads\\\/2024\\\/02\\\/8.02-blog-colorterapia.png\",\"contentUrl\":\"https:\\\/\\\/agradocosmetic.com\\\/wp-content\\\/uploads\\\/2024\\\/02\\\/8.02-blog-colorterapia.png\",\"width\":1140,\"height\":600,\"caption\":\"pelo fantas\u00eda duradero\"},{\"@type\":\"BreadcrumbList\",\"@id\":\"https:\\\/\\\/agradocosmetic.com\\\/el-secreto-de-un-pelo-fantasia-duradero-la-linea-colorterapia\\\/#breadcrumb\",\"itemListElement\":[{\"@type\":\"ListItem\",\"position\":1,\"name\":\"Portada\",\"item\":\"https:\\\/\\\/agradocosmetic.com\\\/\"},{\"@type\":\"ListItem\",\"position\":2,\"name\":\"El secreto de un pelo fantas\u00eda duradero: la L\u00ednea Colorterapia\"}]},{\"@type\":\"WebSite\",\"@id\":\"https:\\\/\\\/agradocosmetic.com\\\/#website\",\"url\":\"https:\\\/\\\/agradocosmetic.com\\\/\",\"name\":\"Agrado\",\"description\":\"Cosmetic\",\"publisher\":{\"@id\":\"https:\\\/\\\/agradocosmetic.com\\\/#organization\"},\"potentialAction\":[{\"@type\":\"SearchAction\",\"target\":{\"@type\":\"EntryPoint\",\"urlTemplate\":\"https:\\\/\\\/agradocosmetic.com\\\/?s={search_term_string}\"},\"query-input\":{\"@type\":\"PropertyValueSpecification\",\"valueRequired\":true,\"valueName\":\"search_term_string\"}}],\"inLanguage\":\"fr-FR\"},{\"@type\":\"Organization\",\"@id\":\"https:\\\/\\\/agradocosmetic.com\\\/#organization\",\"name\":\"Agrado\",\"url\":\"https:\\\/\\\/agradocosmetic.com\\\/\",\"logo\":{\"@type\":\"ImageObject\",\"inLanguage\":\"fr-FR\",\"@id\":\"https:\\\/\\\/agradocosmetic.com\\\/#\\\/schema\\\/logo\\\/image\\\/\",\"url\":\"https:\\\/\\\/agradocosmetic.com\\\/wp-content\\\/uploads\\\/2023\\\/07\\\/LOGO-AGRADO-WEB-01.png\",\"contentUrl\":\"https:\\\/\\\/agradocosmetic.com\\\/wp-content\\\/uploads\\\/2023\\\/07\\\/LOGO-AGRADO-WEB-01.png\",\"width\":1632,\"height\":300,\"caption\":\"Agrado\"},\"image\":{\"@id\":\"https:\\\/\\\/agradocosmetic.com\\\/#\\\/schema\\\/logo\\\/image\\\/\"}},{\"@type\":\"Person\",\"@id\":\"https:\\\/\\\/agradocosmetic.com\\\/#\\\/schema\\\/person\\\/59124921013b50f80959d84fc7219096\",\"name\":\"carmen\",\"image\":{\"@type\":\"ImageObject\",\"inLanguage\":\"fr-FR\",\"@id\":\"https:\\\/\\\/secure.gravatar.com\\\/avatar\\\/2036bf58c019bb0a3f94937a2ed7cab76ae6ebe239f705f7c62ea5c48f93531f?s=96&d=mm&r=g\",\"url\":\"https:\\\/\\\/secure.gravatar.com\\\/avatar\\\/2036bf58c019bb0a3f94937a2ed7cab76ae6ebe239f705f7c62ea5c48f93531f?s=96&d=mm&r=g\",\"contentUrl\":\"https:\\\/\\\/secure.gravatar.com\\\/avatar\\\/2036bf58c019bb0a3f94937a2ed7cab76ae6ebe239f705f7c62ea5c48f93531f?s=96&d=mm&r=g\",\"caption\":\"carmen\"}}]}<\/script>\n<!-- \/ Yoast SEO plugin. -->","yoast_head_json":{"title":"El secreto de un pelo fantas\u00eda duradero: la L\u00ednea Colorterapia - Agrado","description":"Sabemos que mantener tonos vibrantes en tu cabello puede ser todo un desaf\u00edo. Pero tenemos el secreto para un pelo fantas\u00eda duradero.","robots":{"index":"index","follow":"follow","max-snippet":"max-snippet:-1","max-image-preview":"max-image-preview:large","max-video-preview":"max-video-preview:-1"},"canonical":"https:\/\/agradocosmetic.com\/fr\/el-secreto-de-un-pelo-fantasia-duradero-la-linea-colorterapia\/","og_locale":"fr_FR","og_type":"article","og_title":"El secreto de un pelo fantas\u00eda duradero: la L\u00ednea Colorterapia - Agrado","og_description":"Sabemos que mantener tonos vibrantes en tu cabello puede ser todo un desaf\u00edo. Pero tenemos el secreto para un pelo fantas\u00eda duradero.","og_url":"https:\/\/agradocosmetic.com\/fr\/el-secreto-de-un-pelo-fantasia-duradero-la-linea-colorterapia\/","og_site_name":"Agrado","article_published_time":"2024-02-11T11:41:09+00:00","article_modified_time":"2024-02-15T11:41:45+00:00","og_image":[{"width":1140,"height":600,"url":"https:\/\/agradocosmetic.com\/wp-content\/uploads\/2024\/02\/8.02-blog-colorterapia.png","type":"image\/png"}],"author":"carmen","twitter_card":"summary_large_image","twitter_misc":{"\u00c9crit par":"carmen","Dur\u00e9e de lecture estim\u00e9e":"2 minutes"},"schema":{"@context":"https:\/\/schema.org","@graph":[{"@type":"Article","@id":"https:\/\/agradocosmetic.com\/el-secreto-de-un-pelo-fantasia-duradero-la-linea-colorterapia\/#article","isPartOf":{"@id":"https:\/\/agradocosmetic.com\/el-secreto-de-un-pelo-fantasia-duradero-la-linea-colorterapia\/"},"author":{"name":"carmen","@id":"https:\/\/agradocosmetic.com\/#\/schema\/person\/59124921013b50f80959d84fc7219096"},"headline":"El secreto de un pelo fantas\u00eda duradero: la L\u00ednea Colorterapia","datePublished":"2024-02-11T11:41:09+00:00","dateModified":"2024-02-15T11:41:45+00:00","mainEntityOfPage":{"@id":"https:\/\/agradocosmetic.com\/el-secreto-de-un-pelo-fantasia-duradero-la-linea-colorterapia\/"},"wordCount":327,"commentCount":0,"publisher":{"@id":"https:\/\/agradocosmetic.com\/#organization"},"image":{"@id":"https:\/\/agradocosmetic.com\/el-secreto-de-un-pelo-fantasia-duradero-la-linea-colorterapia\/#primaryimage"},"thumbnailUrl":"https:\/\/agradocosmetic.com\/wp-content\/uploads\/2024\/02\/8.02-blog-colorterapia.png","keywords":["agrado","agrado cosmetic","cabello fantas\u00eda","cabello fantas\u00eda duradero","c\u00f3mo hacer que el tinte dure m\u00e1s","consejos","cuida tu pelo","cuidado capilar","cuidado de mechas","cuidado de tinte","linea colorterapia","pelo cuidado","pelo fantas\u00eda","pelo te\u00f1ido","rutina de cuidado capilar"],"articleSection":["Capilar"],"inLanguage":"fr-FR","potentialAction":[{"@type":"CommentAction","name":"Comment","target":["https:\/\/agradocosmetic.com\/el-secreto-de-un-pelo-fantasia-duradero-la-linea-colorterapia\/#respond"]}]},{"@type":"WebPage","@id":"https:\/\/agradocosmetic.com\/el-secreto-de-un-pelo-fantasia-duradero-la-linea-colorterapia\/","url":"https:\/\/agradocosmetic.com\/el-secreto-de-un-pelo-fantasia-duradero-la-linea-colorterapia\/","name":"El secreto de un pelo fantas\u00eda duradero: la L\u00ednea Colorterapia - Agrado","isPartOf":{"@id":"https:\/\/agradocosmetic.com\/#website"},"primaryImageOfPage":{"@id":"https:\/\/agradocosmetic.com\/el-secreto-de-un-pelo-fantasia-duradero-la-linea-colorterapia\/#primaryimage"},"image":{"@id":"https:\/\/agradocosmetic.com\/el-secreto-de-un-pelo-fantasia-duradero-la-linea-colorterapia\/#primaryimage"},"thumbnailUrl":"https:\/\/agradocosmetic.com\/wp-content\/uploads\/2024\/02\/8.02-blog-colorterapia.png","datePublished":"2024-02-11T11:41:09+00:00","dateModified":"2024-02-15T11:41:45+00:00","description":"Sabemos que mantener tonos vibrantes en tu cabello puede ser todo un desaf\u00edo. Pero tenemos el secreto para un pelo fantas\u00eda duradero.","breadcrumb":{"@id":"https:\/\/agradocosmetic.com\/el-secreto-de-un-pelo-fantasia-duradero-la-linea-colorterapia\/#breadcrumb"},"inLanguage":"fr-FR","potentialAction":[{"@type":"ReadAction","target":["https:\/\/agradocosmetic.com\/el-secreto-de-un-pelo-fantasia-duradero-la-linea-colorterapia\/"]}]},{"@type":"ImageObject","inLanguage":"fr-FR","@id":"https:\/\/agradocosmetic.com\/el-secreto-de-un-pelo-fantasia-duradero-la-linea-colorterapia\/#primaryimage","url":"https:\/\/agradocosmetic.com\/wp-content\/uploads\/2024\/02\/8.02-blog-colorterapia.png","contentUrl":"https:\/\/agradocosmetic.com\/wp-content\/uploads\/2024\/02\/8.02-blog-colorterapia.png","width":1140,"height":600,"caption":"pelo fantas\u00eda duradero"},{"@type":"BreadcrumbList","@id":"https:\/\/agradocosmetic.com\/el-secreto-de-un-pelo-fantasia-duradero-la-linea-colorterapia\/#breadcrumb","itemListElement":[{"@type":"ListItem","position":1,"name":"Portada","item":"https:\/\/agradocosmetic.com\/"},{"@type":"ListItem","position":2,"name":"El secreto de un pelo fantas\u00eda duradero: la L\u00ednea Colorterapia"}]},{"@type":"WebSite","@id":"https:\/\/agradocosmetic.com\/#website","url":"https:\/\/agradocosmetic.com\/","name":"Aimer","description":"cosm\u00e9tique","publisher":{"@id":"https:\/\/agradocosmetic.com\/#organization"},"potentialAction":[{"@type":"SearchAction","target":{"@type":"EntryPoint","urlTemplate":"https:\/\/agradocosmetic.com\/?s={search_term_string}"},"query-input":{"@type":"PropertyValueSpecification","valueRequired":true,"valueName":"search_term_string"}}],"inLanguage":"fr-FR"},{"@type":"Organization","@id":"https:\/\/agradocosmetic.com\/#organization","name":"Aimer","url":"https:\/\/agradocosmetic.com\/","logo":{"@type":"ImageObject","inLanguage":"fr-FR","@id":"https:\/\/agradocosmetic.com\/#\/schema\/logo\/image\/","url":"https:\/\/agradocosmetic.com\/wp-content\/uploads\/2023\/07\/LOGO-AGRADO-WEB-01.png","contentUrl":"https:\/\/agradocosmetic.com\/wp-content\/uploads\/2023\/07\/LOGO-AGRADO-WEB-01.png","width":1632,"height":300,"caption":"Agrado"},"image":{"@id":"https:\/\/agradocosmetic.com\/#\/schema\/logo\/image\/"}},{"@type":"Person","@id":"https:\/\/agradocosmetic.com\/#\/schema\/person\/59124921013b50f80959d84fc7219096","name":"Carmen","image":{"@type":"ImageObject","inLanguage":"fr-FR","@id":"https:\/\/secure.gravatar.com\/avatar\/2036bf58c019bb0a3f94937a2ed7cab76ae6ebe239f705f7c62ea5c48f93531f?s=96&d=mm&r=g","url":"https:\/\/secure.gravatar.com\/avatar\/2036bf58c019bb0a3f94937a2ed7cab76ae6ebe239f705f7c62ea5c48f93531f?s=96&d=mm&r=g","contentUrl":"https:\/\/secure.gravatar.com\/avatar\/2036bf58c019bb0a3f94937a2ed7cab76ae6ebe239f705f7c62ea5c48f93531f?s=96&d=mm&r=g","caption":"carmen"}}]}},"_links":{"self":[{"href":"https:\/\/agradocosmetic.com\/fr\/wp-json\/wp\/v2\/posts\/24975","targetHints":{"allow":["GET"]}}],"collection":[{"href":"https:\/\/agradocosmetic.com\/fr\/wp-json\/wp\/v2\/posts"}],"about":[{"href":"https:\/\/agradocosmetic.com\/fr\/wp-json\/wp\/v2\/types\/post"}],"author":[{"embeddable":true,"href":"https:\/\/agradocosmetic.com\/fr\/wp-json\/wp\/v2\/users\/11"}],"replies":[{"embeddable":true,"href":"https:\/\/agradocosmetic.com\/fr\/wp-json\/wp\/v2\/comments?post=24975"}],"version-history":[{"count":1,"href":"https:\/\/agradocosmetic.com\/fr\/wp-json\/wp\/v2\/posts\/24975\/revisions"}],"predecessor-version":[{"id":24977,"href":"https:\/\/agradocosmetic.com\/fr\/wp-json\/wp\/v2\/posts\/24975\/revisions\/24977"}],"wp:featuredmedia":[{"embeddable":true,"href":"https:\/\/agradocosmetic.com\/fr\/wp-json\/wp\/v2\/media\/24976"}],"wp:attachment":[{"href":"https:\/\/agradocosmetic.com\/fr\/wp-json\/wp\/v2\/media?parent=24975"}],"wp:term":[{"taxonomy":"category","embeddable":true,"href":"https:\/\/agradocosmetic.com\/fr\/wp-json\/wp\/v2\/categories?post=24975"},{"taxonomy":"post_tag","embeddable":true,"href":"https:\/\/agradocosmetic.com\/fr\/wp-json\/wp\/v2\/tags?post=24975"}],"curies":[{"name":"wp","href":"https:\/\/api.w.org\/{rel}","templated":true}]}}